{"id":97640,"date":"2022-09-14T14:38:53","date_gmt":"2022-09-14T17:38:53","guid":{"rendered":"http:\/\/infoecos.com.ar\/?p=97640"},"modified":"2022-09-14T14:45:22","modified_gmt":"2022-09-14T17:45:22","slug":"valentin-miranda-y-german-lauro-promueven-una-ley-de-mecenazgo-deportivo","status":"publish","type":"post","link":"https:\/\/infoecos.com.ar\/index.php\/valentin-miranda-y-german-lauro-promueven-una-ley-de-mecenazgo-deportivo\/","title":{"rendered":"Valent\u00edn Miranda y Germ\u00e1n Lauro promueven una ley de \u00abMecenazgo Deportivo\u00bb"},"content":{"rendered":"\n<p>El diputado provincial de Juntos, Valent\u00edn Miranda, y el atleta ol\u00edmpico nacional, Germ\u00e1n Lauro, recorrieron distritos bonaerenses y mantuvieron una serie de reuniones con intercambios sobre el proyecto de ley que crea un r\u00e9gimen especial para incentivar el deporte amateur y potenciar el semillero de cada localidad.<\/p>\n\n\n\n<figure class=\"wp-block-image aligncenter size-large is-resized\"><img loading=\"lazy\" decoding=\"async\" src=\"http:\/\/infoecos.com.ar\/wp-content\/uploads\/2022\/09\/WhatsApp-Image-2022-09-14-at-9.28.14-AM-690x920.jpeg\" alt=\"\" class=\"wp-image-97641\" width=\"390\" height=\"520\" srcset=\"https:\/\/infoecos.com.ar\/wp-content\/uploads\/2022\/09\/WhatsApp-Image-2022-09-14-at-9.28.14-AM-690x920.jpeg 690w, https:\/\/infoecos.com.ar\/wp-content\/uploads\/2022\/09\/WhatsApp-Image-2022-09-14-at-9.28.14-AM-345x460.jpeg 345w, https:\/\/infoecos.com.ar\/wp-content\/uploads\/2022\/09\/WhatsApp-Image-2022-09-14-at-9.28.14-AM-768x1024.jpeg 768w, https:\/\/infoecos.com.ar\/wp-content\/uploads\/2022\/09\/WhatsApp-Image-2022-09-14-at-9.28.14-AM-1152x1536.jpeg 1152w, https:\/\/infoecos.com.ar\/wp-content\/uploads\/2022\/09\/WhatsApp-Image-2022-09-14-at-9.28.14-AM-1024x1365.jpeg 1024w, https:\/\/infoecos.com.ar\/wp-content\/uploads\/2022\/09\/WhatsApp-Image-2022-09-14-at-9.28.14-AM.jpeg 1200w\" sizes=\"(max-width: 390px) 100vw, 390px\" \/><figcaption>Miranda y Lauro <\/figcaption><\/figure>\n\n\n\n<p>Adem\u00e1s, en la ciudad de Mar del Plata, y recibidos por autoridades municipales, fueron parte de una Cl\u00ednica Deportiva para ni\u00f1os y j\u00f3venes de distintos barrios.<\/p>\n\n\n\n<p>All\u00ed Lauro, como la reconocida figura nacional en la que se convirti\u00f3 gracias a los logros en su carrera, disert\u00f3 ante un atento p\u00fablico sobre sus experiencias y an\u00e9cdotas al m\u00e1ximo nivel de elite deportiva buscando inspirarlos y motivarlos.<\/p>\n\n\n\n<figure class=\"wp-block-image aligncenter size-large is-resized\"><img loading=\"lazy\" decoding=\"async\" src=\"http:\/\/infoecos.com.ar\/wp-content\/uploads\/2022\/09\/IMG_93177-706x920.jpg\" alt=\"\" class=\"wp-image-97642\" width=\"331\" height=\"431\" srcset=\"https:\/\/infoecos.com.ar\/wp-content\/uploads\/2022\/09\/IMG_93177-706x920.jpg 706w, https:\/\/infoecos.com.ar\/wp-content\/uploads\/2022\/09\/IMG_93177-353x460.jpg 353w, https:\/\/infoecos.com.ar\/wp-content\/uploads\/2022\/09\/IMG_93177-768x1001.jpg 768w, https:\/\/infoecos.com.ar\/wp-content\/uploads\/2022\/09\/IMG_93177-1179x1536.jpg 1179w, https:\/\/infoecos.com.ar\/wp-content\/uploads\/2022\/09\/IMG_93177-1572x2048.jpg 1572w, https:\/\/infoecos.com.ar\/wp-content\/uploads\/2022\/09\/IMG_93177-1024x1334.jpg 1024w, https:\/\/infoecos.com.ar\/wp-content\/uploads\/2022\/09\/IMG_93177-scaled.jpg 1965w\" sizes=\"(max-width: 331px) 100vw, 331px\" \/><figcaption>Miranda y Lauro <\/figcaption><\/figure>\n\n\n\n<p>El proyecto de ley de \u201cMecenazgo Deportivo\u201d tambi\u00e9n fue presentado en Lober\u00eda en una reuni\u00f3n concretada en el recinto del Concejo Deliberante.<\/p>\n\n\n\n<p>Tanto Lauro como Miranda buscaron en este recorrido transmitir la importancia del deporte y el significado del sacrificio y el compromiso para seguir adelante en pos de lograr objetivos personales y colectivos.<\/p>\n","protected":false},"excerpt":{"rendered":"<p>Proyecto de ley que crea un r\u00e9gimen especial para incentivar el deporte amateur y potenciar el semillero de cada localidad<\/p>\n","protected":false},"author":2,"featured_media":97645,"comment_status":"closed","ping_status":"open","sticky":false,"template":"","format":"standard","meta":{"footnotes":""},"categories":[29],"tags":[6754],"class_list":["post-97640","post","type-post","status-publish","format-standard","has-post-thumbnail","hentry","category-c2nota1","tag-mar-del-plata-y-loberia"],"yoast_head":"<!-- This site is optimized with the Yoast SEO plugin v23.4 - https:\/\/yoast.com\/wordpress\/plugins\/seo\/ -->\n<title>Valent\u00edn Miranda y Germ\u00e1n Lauro promueven una ley de &quot;Mecenazgo Deportivo&quot; - Infoecos<\/title>\n<meta name=\"robots\" content=\"index, follow, max-snippet:-1, max-image-preview:large, max-video-preview:-1\" \/>\n<link rel=\"canonical\" href=\"https:\/\/infoecos.com.ar\/index.php\/valentin-miranda-y-german-lauro-promueven-una-ley-de-mecenazgo-deportivo\/\" \/>\n<meta property=\"og:locale\" content=\"es_ES\" \/>\n<meta property=\"og:type\" content=\"article\" \/>\n<meta property=\"og:title\" content=\"Valent\u00edn Miranda y Germ\u00e1n Lauro promueven una ley de &quot;Mecenazgo Deportivo&quot; - Infoecos\" \/>\n<meta property=\"og:description\" content=\"Proyecto de ley que crea un r\u00e9gimen especial para incentivar el deporte amateur y potenciar el semillero de cada localidad\" \/>\n<meta property=\"og:url\" content=\"https:\/\/infoecos.com.ar\/index.php\/valentin-miranda-y-german-lauro-promueven-una-ley-de-mecenazgo-deportivo\/\" \/>\n<meta property=\"og:site_name\" content=\"Infoecos\" \/>\n<meta property=\"article:publisher\" content=\"https:\/\/www.facebook.com\/profile.php?id=100063200290284\" \/>\n<meta property=\"article:published_time\" content=\"2022-09-14T17:38:53+00:00\" \/>\n<meta property=\"article:modified_time\" content=\"2022-09-14T17:45:22+00:00\" \/>\n<meta property=\"og:image\" content=\"https:\/\/infoecos.com.ar\/wp-content\/uploads\/2022\/09\/mirandalauro.jpg\" \/>\n\t<meta property=\"og:image:width\" content=\"1561\" \/>\n\t<meta property=\"og:image:height\" content=\"926\" \/>\n\t<meta property=\"og:image:type\" content=\"image\/jpeg\" \/>\n<meta name=\"author\" content=\"Jorge Matheus\" \/>\n<meta name=\"twitter:card\" content=\"summary_large_image\" \/>\n<meta name=\"twitter:creator\" content=\"@infoecos\" \/>\n<meta name=\"twitter:site\" content=\"@infoecos\" \/>\n<meta name=\"twitter:label1\" content=\"Escrito por\" \/>\n\t<meta name=\"twitter:data1\" content=\"Jorge Matheus\" \/>\n\t<meta name=\"twitter:label2\" content=\"Tiempo de lectura\" \/>\n\t<meta name=\"twitter:data2\" content=\"1 minuto\" \/>\n<script type=\"application\/ld+json\" class=\"yoast-schema-graph\">{\"@context\":\"https:\/\/schema.org\",\"@graph\":[{\"@type\":\"Article\",\"@id\":\"https:\/\/infoecos.com.ar\/index.php\/valentin-miranda-y-german-lauro-promueven-una-ley-de-mecenazgo-deportivo\/#article\",\"isPartOf\":{\"@id\":\"https:\/\/infoecos.com.ar\/index.php\/valentin-miranda-y-german-lauro-promueven-una-ley-de-mecenazgo-deportivo\/\"},\"author\":{\"name\":\"Jorge Matheus\",\"@id\":\"https:\/\/infoecos.com.ar\/#\/schema\/person\/8f5ace5ce73b4b4aac4b7245aee6f191\"},\"headline\":\"Valent\u00edn Miranda y Germ\u00e1n Lauro promueven una ley de \u00abMecenazgo Deportivo\u00bb\",\"datePublished\":\"2022-09-14T17:38:53+00:00\",\"dateModified\":\"2022-09-14T17:45:22+00:00\",\"mainEntityOfPage\":{\"@id\":\"https:\/\/infoecos.com.ar\/index.php\/valentin-miranda-y-german-lauro-promueven-una-ley-de-mecenazgo-deportivo\/\"},\"wordCount\":199,\"publisher\":{\"@id\":\"https:\/\/infoecos.com.ar\/#organization\"},\"image\":{\"@id\":\"https:\/\/infoecos.com.ar\/index.php\/valentin-miranda-y-german-lauro-promueven-una-ley-de-mecenazgo-deportivo\/#primaryimage\"},\"thumbnailUrl\":\"https:\/\/infoecos.com.ar\/wp-content\/uploads\/2022\/09\/mirandalauro.jpg\",\"keywords\":[\"MAR DEL PLATA Y LOBER\u00cdA\"],\"articleSection\":[\"C2 nota 1\"],\"inLanguage\":\"es\"},{\"@type\":\"WebPage\",\"@id\":\"https:\/\/infoecos.com.ar\/index.php\/valentin-miranda-y-german-lauro-promueven-una-ley-de-mecenazgo-deportivo\/\",\"url\":\"https:\/\/infoecos.com.ar\/index.php\/valentin-miranda-y-german-lauro-promueven-una-ley-de-mecenazgo-deportivo\/\",\"name\":\"Valent\u00edn Miranda y Germ\u00e1n Lauro promueven una ley de \\\"Mecenazgo Deportivo\\\" - Infoecos\",\"isPartOf\":{\"@id\":\"https:\/\/infoecos.com.ar\/#website\"},\"primaryImageOfPage\":{\"@id\":\"https:\/\/infoecos.com.ar\/index.php\/valentin-miranda-y-german-lauro-promueven-una-ley-de-mecenazgo-deportivo\/#primaryimage\"},\"image\":{\"@id\":\"https:\/\/infoecos.com.ar\/index.php\/valentin-miranda-y-german-lauro-promueven-una-ley-de-mecenazgo-deportivo\/#primaryimage\"},\"thumbnailUrl\":\"https:\/\/infoecos.com.ar\/wp-content\/uploads\/2022\/09\/mirandalauro.jpg\",\"datePublished\":\"2022-09-14T17:38:53+00:00\",\"dateModified\":\"2022-09-14T17:45:22+00:00\",\"breadcrumb\":{\"@id\":\"https:\/\/infoecos.com.ar\/index.php\/valentin-miranda-y-german-lauro-promueven-una-ley-de-mecenazgo-deportivo\/#breadcrumb\"},\"inLanguage\":\"es\",\"potentialAction\":[{\"@type\":\"ReadAction\",\"target\":[\"https:\/\/infoecos.com.ar\/index.php\/valentin-miranda-y-german-lauro-promueven-una-ley-de-mecenazgo-deportivo\/\"]}]},{\"@type\":\"ImageObject\",\"inLanguage\":\"es\",\"@id\":\"https:\/\/infoecos.com.ar\/index.php\/valentin-miranda-y-german-lauro-promueven-una-ley-de-mecenazgo-deportivo\/#primaryimage\",\"url\":\"https:\/\/infoecos.com.ar\/wp-content\/uploads\/2022\/09\/mirandalauro.jpg\",\"contentUrl\":\"https:\/\/infoecos.com.ar\/wp-content\/uploads\/2022\/09\/mirandalauro.jpg\",\"width\":1561,\"height\":926},{\"@type\":\"BreadcrumbList\",\"@id\":\"https:\/\/infoecos.com.ar\/index.php\/valentin-miranda-y-german-lauro-promueven-una-ley-de-mecenazgo-deportivo\/#breadcrumb\",\"itemListElement\":[{\"@type\":\"ListItem\",\"position\":1,\"name\":\"Portada\",\"item\":\"https:\/\/infoecos.com.ar\/\"},{\"@type\":\"ListItem\",\"position\":2,\"name\":\"Valent\u00edn Miranda y Germ\u00e1n Lauro promueven una ley de \u00abMecenazgo Deportivo\u00bb\"}]},{\"@type\":\"WebSite\",\"@id\":\"https:\/\/infoecos.com.ar\/#website\",\"url\":\"https:\/\/infoecos.com.ar\/\",\"name\":\"Infoecos\",\"description\":\"Noticias de trenque lauquen y la zona\",\"publisher\":{\"@id\":\"https:\/\/infoecos.com.ar\/#organization\"},\"alternateName\":\"Noticias\",\"potentialAction\":[{\"@type\":\"SearchAction\",\"target\":{\"@type\":\"EntryPoint\",\"urlTemplate\":\"https:\/\/infoecos.com.ar\/?s={search_term_string}\"},\"query-input\":{\"@type\":\"PropertyValueSpecification\",\"valueRequired\":true,\"valueName\":\"search_term_string\"}}],\"inLanguage\":\"es\"},{\"@type\":\"Organization\",\"@id\":\"https:\/\/infoecos.com.ar\/#organization\",\"name\":\"Infoecos\",\"alternateName\":\"Noticias\",\"url\":\"https:\/\/infoecos.com.ar\/\",\"logo\":{\"@type\":\"ImageObject\",\"inLanguage\":\"es\",\"@id\":\"https:\/\/infoecos.com.ar\/#\/schema\/logo\/image\/\",\"url\":\"https:\/\/infoecos.com.ar\/wp-content\/uploads\/2024\/03\/cropped-logo.png\",\"contentUrl\":\"https:\/\/infoecos.com.ar\/wp-content\/uploads\/2024\/03\/cropped-logo.png\",\"width\":374,\"height\":90,\"caption\":\"Infoecos\"},\"image\":{\"@id\":\"https:\/\/infoecos.com.ar\/#\/schema\/logo\/image\/\"},\"sameAs\":[\"https:\/\/www.facebook.com\/profile.php?id=100063200290284\",\"https:\/\/x.com\/infoecos\"]},{\"@type\":\"Person\",\"@id\":\"https:\/\/infoecos.com.ar\/#\/schema\/person\/8f5ace5ce73b4b4aac4b7245aee6f191\",\"name\":\"Jorge Matheus\",\"url\":\"https:\/\/infoecos.com.ar\/index.php\/author\/jomatheus\/\"}]}<\/script>\n<!-- \/ Yoast SEO plugin. -->","yoast_head_json":{"title":"Valent\u00edn Miranda y Germ\u00e1n Lauro promueven una ley de \"Mecenazgo Deportivo\" - Infoecos","robots":{"index":"index","follow":"follow","max-snippet":"max-snippet:-1","max-image-preview":"max-image-preview:large","max-video-preview":"max-video-preview:-1"},"canonical":"https:\/\/infoecos.com.ar\/index.php\/valentin-miranda-y-german-lauro-promueven-una-ley-de-mecenazgo-deportivo\/","og_locale":"es_ES","og_type":"article","og_title":"Valent\u00edn Miranda y Germ\u00e1n Lauro promueven una ley de \"Mecenazgo Deportivo\" - Infoecos","og_description":"Proyecto de ley que crea un r\u00e9gimen especial para incentivar el deporte amateur y potenciar el semillero de cada localidad","og_url":"https:\/\/infoecos.com.ar\/index.php\/valentin-miranda-y-german-lauro-promueven-una-ley-de-mecenazgo-deportivo\/","og_site_name":"Infoecos","article_publisher":"https:\/\/www.facebook.com\/profile.php?id=100063200290284","article_published_time":"2022-09-14T17:38:53+00:00","article_modified_time":"2022-09-14T17:45:22+00:00","og_image":[{"width":1561,"height":926,"url":"https:\/\/infoecos.com.ar\/wp-content\/uploads\/2022\/09\/mirandalauro.jpg","type":"image\/jpeg"}],"author":"Jorge Matheus","twitter_card":"summary_large_image","twitter_creator":"@infoecos","twitter_site":"@infoecos","twitter_misc":{"Escrito por":"Jorge Matheus","Tiempo de lectura":"1 minuto"},"schema":{"@context":"https:\/\/schema.org","@graph":[{"@type":"Article","@id":"https:\/\/infoecos.com.ar\/index.php\/valentin-miranda-y-german-lauro-promueven-una-ley-de-mecenazgo-deportivo\/#article","isPartOf":{"@id":"https:\/\/infoecos.com.ar\/index.php\/valentin-miranda-y-german-lauro-promueven-una-ley-de-mecenazgo-deportivo\/"},"author":{"name":"Jorge Matheus","@id":"https:\/\/infoecos.com.ar\/#\/schema\/person\/8f5ace5ce73b4b4aac4b7245aee6f191"},"headline":"Valent\u00edn Miranda y Germ\u00e1n Lauro promueven una ley de \u00abMecenazgo Deportivo\u00bb","datePublished":"2022-09-14T17:38:53+00:00","dateModified":"2022-09-14T17:45:22+00:00","mainEntityOfPage":{"@id":"https:\/\/infoecos.com.ar\/index.php\/valentin-miranda-y-german-lauro-promueven-una-ley-de-mecenazgo-deportivo\/"},"wordCount":199,"publisher":{"@id":"https:\/\/infoecos.com.ar\/#organization"},"image":{"@id":"https:\/\/infoecos.com.ar\/index.php\/valentin-miranda-y-german-lauro-promueven-una-ley-de-mecenazgo-deportivo\/#primaryimage"},"thumbnailUrl":"https:\/\/infoecos.com.ar\/wp-content\/uploads\/2022\/09\/mirandalauro.jpg","keywords":["MAR DEL PLATA Y LOBER\u00cdA"],"articleSection":["C2 nota 1"],"inLanguage":"es"},{"@type":"WebPage","@id":"https:\/\/infoecos.com.ar\/index.php\/valentin-miranda-y-german-lauro-promueven-una-ley-de-mecenazgo-deportivo\/","url":"https:\/\/infoecos.com.ar\/index.php\/valentin-miranda-y-german-lauro-promueven-una-ley-de-mecenazgo-deportivo\/","name":"Valent\u00edn Miranda y Germ\u00e1n Lauro promueven una ley de \"Mecenazgo Deportivo\" - Infoecos","isPartOf":{"@id":"https:\/\/infoecos.com.ar\/#website"},"primaryImageOfPage":{"@id":"https:\/\/infoecos.com.ar\/index.php\/valentin-miranda-y-german-lauro-promueven-una-ley-de-mecenazgo-deportivo\/#primaryimage"},"image":{"@id":"https:\/\/infoecos.com.ar\/index.php\/valentin-miranda-y-german-lauro-promueven-una-ley-de-mecenazgo-deportivo\/#primaryimage"},"thumbnailUrl":"https:\/\/infoecos.com.ar\/wp-content\/uploads\/2022\/09\/mirandalauro.jpg","datePublished":"2022-09-14T17:38:53+00:00","dateModified":"2022-09-14T17:45:22+00:00","breadcrumb":{"@id":"https:\/\/infoecos.com.ar\/index.php\/valentin-miranda-y-german-lauro-promueven-una-ley-de-mecenazgo-deportivo\/#breadcrumb"},"inLanguage":"es","potentialAction":[{"@type":"ReadAction","target":["https:\/\/infoecos.com.ar\/index.php\/valentin-miranda-y-german-lauro-promueven-una-ley-de-mecenazgo-deportivo\/"]}]},{"@type":"ImageObject","inLanguage":"es","@id":"https:\/\/infoecos.com.ar\/index.php\/valentin-miranda-y-german-lauro-promueven-una-ley-de-mecenazgo-deportivo\/#primaryimage","url":"https:\/\/infoecos.com.ar\/wp-content\/uploads\/2022\/09\/mirandalauro.jpg","contentUrl":"https:\/\/infoecos.com.ar\/wp-content\/uploads\/2022\/09\/mirandalauro.jpg","width":1561,"height":926},{"@type":"BreadcrumbList","@id":"https:\/\/infoecos.com.ar\/index.php\/valentin-miranda-y-german-lauro-promueven-una-ley-de-mecenazgo-deportivo\/#breadcrumb","itemListElement":[{"@type":"ListItem","position":1,"name":"Portada","item":"https:\/\/infoecos.com.ar\/"},{"@type":"ListItem","position":2,"name":"Valent\u00edn Miranda y Germ\u00e1n Lauro promueven una ley de \u00abMecenazgo Deportivo\u00bb"}]},{"@type":"WebSite","@id":"https:\/\/infoecos.com.ar\/#website","url":"https:\/\/infoecos.com.ar\/","name":"Infoecos","description":"Noticias de trenque lauquen y la zona","publisher":{"@id":"https:\/\/infoecos.com.ar\/#organization"},"alternateName":"Noticias","potentialAction":[{"@type":"SearchAction","target":{"@type":"EntryPoint","urlTemplate":"https:\/\/infoecos.com.ar\/?s={search_term_string}"},"query-input":{"@type":"PropertyValueSpecification","valueRequired":true,"valueName":"search_term_string"}}],"inLanguage":"es"},{"@type":"Organization","@id":"https:\/\/infoecos.com.ar\/#organization","name":"Infoecos","alternateName":"Noticias","url":"https:\/\/infoecos.com.ar\/","logo":{"@type":"ImageObject","inLanguage":"es","@id":"https:\/\/infoecos.com.ar\/#\/schema\/logo\/image\/","url":"https:\/\/infoecos.com.ar\/wp-content\/uploads\/2024\/03\/cropped-logo.png","contentUrl":"https:\/\/infoecos.com.ar\/wp-content\/uploads\/2024\/03\/cropped-logo.png","width":374,"height":90,"caption":"Infoecos"},"image":{"@id":"https:\/\/infoecos.com.ar\/#\/schema\/logo\/image\/"},"sameAs":["https:\/\/www.facebook.com\/profile.php?id=100063200290284","https:\/\/x.com\/infoecos"]},{"@type":"Person","@id":"https:\/\/infoecos.com.ar\/#\/schema\/person\/8f5ace5ce73b4b4aac4b7245aee6f191","name":"Jorge Matheus","url":"https:\/\/infoecos.com.ar\/index.php\/author\/jomatheus\/"}]}},"featured_image_urls":{"full":["https:\/\/infoecos.com.ar\/wp-content\/uploads\/2022\/09\/mirandalauro.jpg",1561,926,false],"thumbnail":["https:\/\/infoecos.com.ar\/wp-content\/uploads\/2022\/09\/mirandalauro-150x150.jpg",150,150,true],"medium":["https:\/\/infoecos.com.ar\/wp-content\/uploads\/2022\/09\/mirandalauro-460x273.jpg",460,273,true],"medium_large":["https:\/\/infoecos.com.ar\/wp-content\/uploads\/2022\/09\/mirandalauro-768x456.jpg",640,380,true],"large":["https:\/\/infoecos.com.ar\/wp-content\/uploads\/2022\/09\/mirandalauro-920x546.jpg",640,380,true],"1536x1536":["https:\/\/infoecos.com.ar\/wp-content\/uploads\/2022\/09\/mirandalauro-1536x911.jpg",1536,911,true],"2048x2048":["https:\/\/infoecos.com.ar\/wp-content\/uploads\/2022\/09\/mirandalauro.jpg",1561,926,false],"covernews-slider-full":["https:\/\/infoecos.com.ar\/wp-content\/uploads\/2022\/09\/mirandalauro-1536x926.jpg",1115,672,true],"covernews-slider-center":["https:\/\/infoecos.com.ar\/wp-content\/uploads\/2022\/09\/mirandalauro-936x897.jpg",522,500,true],"covernews-featured":["https:\/\/infoecos.com.ar\/wp-content\/uploads\/2022\/09\/mirandalauro-1024x607.jpg",1024,607,true],"covernews-medium":["https:\/\/infoecos.com.ar\/wp-content\/uploads\/2022\/09\/mirandalauro-720x380.jpg",540,285,true],"covernews-medium-square":["https:\/\/infoecos.com.ar\/wp-content\/uploads\/2022\/09\/mirandalauro-675x450.jpg",375,250,true]},"author_info":{"info":["Jorge Matheus"]},"category_info":"<a href=\"https:\/\/infoecos.com.ar\/index.php\/category\/c2nota1\/\" rel=\"category tag\">C2 nota 1<\/a>","tag_info":"C2 nota 1","comment_count":"0","_links":{"self":[{"href":"https:\/\/infoecos.com.ar\/index.php\/wp-json\/wp\/v2\/posts\/97640"}],"collection":[{"href":"https:\/\/infoecos.com.ar\/index.php\/wp-json\/wp\/v2\/posts"}],"about":[{"href":"https:\/\/infoecos.com.ar\/index.php\/wp-json\/wp\/v2\/types\/post"}],"author":[{"embeddable":true,"href":"https:\/\/infoecos.com.ar\/index.php\/wp-json\/wp\/v2\/users\/2"}],"replies":[{"embeddable":true,"href":"https:\/\/infoecos.com.ar\/index.php\/wp-json\/wp\/v2\/comments?post=97640"}],"version-history":[{"count":1,"href":"https:\/\/infoecos.com.ar\/index.php\/wp-json\/wp\/v2\/posts\/97640\/revisions"}],"predecessor-version":[{"id":97644,"href":"https:\/\/infoecos.com.ar\/index.php\/wp-json\/wp\/v2\/posts\/97640\/revisions\/97644"}],"wp:featuredmedia":[{"embeddable":true,"href":"https:\/\/infoecos.com.ar\/index.php\/wp-json\/wp\/v2\/media\/97645"}],"wp:attachment":[{"href":"https:\/\/infoecos.com.ar\/index.php\/wp-json\/wp\/v2\/media?parent=97640"}],"wp:term":[{"taxonomy":"category","embeddable":true,"href":"https:\/\/infoecos.com.ar\/index.php\/wp-json\/wp\/v2\/categories?post=97640"},{"taxonomy":"post_tag","embeddable":true,"href":"https:\/\/infoecos.com.ar\/index.php\/wp-json\/wp\/v2\/tags?post=97640"}],"curies":[{"name":"wp","href":"https:\/\/api.w.org\/{rel}","templated":true}]}}