{"id":97649,"date":"2022-09-14T15:31:38","date_gmt":"2022-09-14T18:31:38","guid":{"rendered":"http:\/\/infoecos.com.ar\/?p=97649"},"modified":"2022-09-14T15:32:23","modified_gmt":"2022-09-14T18:32:23","slug":"gran-premio-de-pintura-del-banco-provincia-rodolfo-marques-gisela-banzer-y-jacqueline-charrua","status":"publish","type":"post","link":"https:\/\/infoecos.com.ar\/index.php\/gran-premio-de-pintura-del-banco-provincia-rodolfo-marques-gisela-banzer-y-jacqueline-charrua\/","title":{"rendered":"Gran Premio de Pintura del Banco Provincia: Rodolfo Marqu\u00e9s, Gisela Banzer y Jacqueline Charr\u00faa"},"content":{"rendered":"\n<p>Con la presencia de su presidente, Juan Cuattromo, y su gerente general, Rub\u00e9n Gonz\u00e1lez Ocantos, Banco Provincia anunci\u00f3 a las y los artistas ganadores de su Gran Premio de Pintura, el segundo de los tres concursos que organiz\u00f3 como parte de las celebraciones por sus 200 a\u00f1os, que se cumplieron el martes 6 de septiembre.<\/p>\n\n\n\n<figure class=\"wp-block-image aligncenter size-large is-resized\"><img loading=\"lazy\" decoding=\"async\" src=\"http:\/\/infoecos.com.ar\/wp-content\/uploads\/2022\/09\/image-67-920x613.png\" alt=\"\" class=\"wp-image-97650\" width=\"503\" height=\"334\" srcset=\"https:\/\/infoecos.com.ar\/wp-content\/uploads\/2022\/09\/image-67-920x613.png 920w, https:\/\/infoecos.com.ar\/wp-content\/uploads\/2022\/09\/image-67-768x512.png 768w, https:\/\/infoecos.com.ar\/wp-content\/uploads\/2022\/09\/image-67-1536x1020.png 1536w, https:\/\/infoecos.com.ar\/wp-content\/uploads\/2022\/09\/image-67-1024x683.png 1024w, https:\/\/infoecos.com.ar\/wp-content\/uploads\/2022\/09\/image-67-675x450.png 675w, https:\/\/infoecos.com.ar\/wp-content\/uploads\/2022\/09\/image-67.png 1920w\" sizes=\"(max-width: 503px) 100vw, 503px\" \/><figcaption>Banzer, Marqu\u00e9s, Cuattromo, Gonz\u00e1lez Ocantos y Jacqueline Charr\u00faa<\/figcaption><\/figure>\n\n\n\n<p>\u201cQueremos que el Bicentenario sea tambi\u00e9n una celebraci\u00f3n de las mejores tradiciones de Banco Provincia, y una de ellas es el apoyo al arte y la cultura, que es propia de nuestra identidad. Por eso el tema de los tres concursos fue la identidad bonaerense\u201d, expres\u00f3 Cuattromo. Y a\u00f1adi\u00f3: \u201cNosotros tenemos como mensaje del Banco la frase \u201cAc\u00e1 se produce\u201d, una idea que hace referencia a nuestra manera de estar presentes, de pensarnos en nuestra provincia y de proyectarnos al futuro\u201d.<\/p>\n\n\n\n<figure class=\"wp-block-image aligncenter size-large is-resized\"><img loading=\"lazy\" decoding=\"async\" src=\"http:\/\/infoecos.com.ar\/wp-content\/uploads\/2022\/09\/image-68-920x613.png\" alt=\"\" class=\"wp-image-97651\" width=\"522\" height=\"347\" srcset=\"https:\/\/infoecos.com.ar\/wp-content\/uploads\/2022\/09\/image-68-920x613.png 920w, https:\/\/infoecos.com.ar\/wp-content\/uploads\/2022\/09\/image-68-460x307.png 460w, https:\/\/infoecos.com.ar\/wp-content\/uploads\/2022\/09\/image-68-768x512.png 768w, https:\/\/infoecos.com.ar\/wp-content\/uploads\/2022\/09\/image-68-1536x1020.png 1536w, https:\/\/infoecos.com.ar\/wp-content\/uploads\/2022\/09\/image-68-1024x683.png 1024w, https:\/\/infoecos.com.ar\/wp-content\/uploads\/2022\/09\/image-68-675x450.png 675w, https:\/\/infoecos.com.ar\/wp-content\/uploads\/2022\/09\/image-68.png 1920w\" sizes=\"(max-width: 522px) 100vw, 522px\" \/><figcaption>Cuattromo recorriendo la muestra <\/figcaption><\/figure>\n\n\n\n<p><strong>El Gran Premio fue para Rodolfo Marqu\u00e9s<\/strong>&nbsp;<strong>por su obra&nbsp;<em>Carreta estancada<\/em><\/strong>, quien recibi\u00f3 un reconocimiento econ\u00f3mico de 700 mil pesos. Marqu\u00e9s naci\u00f3 en San Antonio de Padua en 1982. Actualmente vive en Buenos Aires, donde trabaja como artista visual y docente en la Universidad Nacional de las Artes (UNA). Sus obras han sido expuestas en M\u00fanich y Nueva York.&nbsp;<\/p>\n\n\n\n<p><strong>El segundo premio<\/strong>, con un reconocimiento econ\u00f3mico de 400 mil pesos, l<strong>o obtuvo la platense Gisela Banzer con&nbsp;<em>El matadero de Pringles<\/em><\/strong>, una pintura de su serie Circo Mitol\u00f3gico en la que aborda la tem\u00e1tica del maltrato animal y la extinci\u00f3n, a trav\u00e9s de la representaci\u00f3n de animales como figuras antropomorfas situadas en lugares de conflicto: circos, &nbsp;zool\u00f3gicos, el h\u00e1bitat modificado, bosques incendiados, o en antiguos edificios como el viejo matadero de Coronel Pringles, una obra del c\u00e9lebre arquitecto Francisco Salamone.&nbsp;<\/p>\n\n\n\n<figure class=\"wp-block-image aligncenter size-large is-resized\"><img loading=\"lazy\" decoding=\"async\" src=\"http:\/\/infoecos.com.ar\/wp-content\/uploads\/2022\/09\/image-69-920x613.png\" alt=\"\" class=\"wp-image-97652\" width=\"506\" height=\"336\" srcset=\"https:\/\/infoecos.com.ar\/wp-content\/uploads\/2022\/09\/image-69-920x613.png 920w, https:\/\/infoecos.com.ar\/wp-content\/uploads\/2022\/09\/image-69-768x512.png 768w, https:\/\/infoecos.com.ar\/wp-content\/uploads\/2022\/09\/image-69-1536x1020.png 1536w, https:\/\/infoecos.com.ar\/wp-content\/uploads\/2022\/09\/image-69-1024x683.png 1024w, https:\/\/infoecos.com.ar\/wp-content\/uploads\/2022\/09\/image-69-675x450.png 675w, https:\/\/infoecos.com.ar\/wp-content\/uploads\/2022\/09\/image-69.png 1920w\" sizes=\"(max-width: 506px) 100vw, 506px\" \/><figcaption>Gran Premio de Pintura Banco Provincia<\/figcaption><\/figure>\n\n\n\n<p><strong>El premio est\u00edmulo para artistas menores de 35 a\u00f1os fue para Jacqueline Charr\u00faa<\/strong>, una artista visual que trabaja como muralista, pintora e ilustradora. Sus trabajos est\u00e1n inspirados por la naturaleza y los animales, tem\u00e1ticas que aborda oscilando entre el mundo real y el fant\u00e1stico. Por su obra&nbsp;<em>La incertidumbre<\/em>&nbsp;recibi\u00f3 un reconocimiento econ\u00f3mico de 250 mil pesos.<\/p>\n\n\n\n<p>Las tres obras pasaron a formar parte de la Colecci\u00f3n de Arte que Banco Provincia inici\u00f3 en 1874, cuando comenz\u00f3 a adquirir cuadros con escenas hist\u00f3ricas. Permanecer\u00e1n en exhibici\u00f3n en el Museo Banco Provincia hasta el 6 de octubre junto a otros 20 trabajos seleccionados. En este grupo se destacan las tres menciones de Honor: Estanislao Florido,&nbsp;<em>Ba\u00f1istas en el R\u00edo Luj\u00e1n &#8211; apropiaci\u00f3n de Prilidiano Pueyrred\u00f3n<\/em>; Karin Godnic,&nbsp;<em>Temporada baja<\/em>; y Santiago Poggio,&nbsp;<em>Pintura 179<\/em>; y la Menci\u00f3n de Honor Est\u00edmulo otorgada a Lautaro Micucci por su obra&nbsp;<em>Nuestro Buenos Aires<\/em>.<\/p>\n\n\n\n<p>El jurado estuvo integrado por: Graciela Arbolave, directora Museo de Arte Tigre; Carlos Bissolino, profesor de la Universidad Nacional de las Artes; Diana Dowek, acad\u00e9mica de n\u00famero de la Academia Nacional de Bellas Artes; Andr\u00e9s Duprat, director del Museo Nacional de Bellas Artes y Julio Pulzoni, director del Museo Banco Provincia.&nbsp;<\/p>\n\n\n\n<figure class=\"wp-block-image aligncenter size-large is-resized\"><img loading=\"lazy\" decoding=\"async\" src=\"http:\/\/infoecos.com.ar\/wp-content\/uploads\/2022\/09\/image-70-920x613.png\" alt=\"\" class=\"wp-image-97653\" width=\"535\" height=\"355\" srcset=\"https:\/\/infoecos.com.ar\/wp-content\/uploads\/2022\/09\/image-70-920x613.png 920w, https:\/\/infoecos.com.ar\/wp-content\/uploads\/2022\/09\/image-70-1536x1020.png 1536w\" sizes=\"(max-width: 535px) 100vw, 535px\" \/><figcaption>Gran Premio de Pintura Banco Provincia<\/figcaption><\/figure>\n\n\n\n<p><strong>El mecenazgo de la producci\u00f3n art\u00edstica y cultural bonaerense es una tradici\u00f3n de Banco Provincia que en 1903 cre\u00f3 su Archivo y Museo Hist\u00f3rico<\/strong>, el primer museo bancario de la Argentina, actualmente ubicado en Sarmiento 364, CABA.<\/p>\n\n\n\n<p>Entre los cientos de obras que Banco Provincia adquiri\u00f3 a trav\u00e9s de los tres siglos que atraviesa su historia hay prestigiosos artistas de diferentes disciplinas, entre los que se destacan: Juan Batlle Planas, Augusto Bellerini, Antonio Berni, Florencia Blanco, Ernesto Bertani, Juan Castagnino, Pio Collivadino, Fernando Fader, Pedro Figari, Raquel Forner, Lola Frexas, Carlos Gorriarena, Fortunato Lac\u00e1mera, Enrique de Larra\u00f1aga, Alberto Lagos, Mar\u00eda Martorell, Luis Marzoratti, Marta Minuj\u00edn, Claudio Perrotta, Alejandro Puente, Ces\u00e1reo de Quir\u00f3s, Tulio de Sagastiz\u00e1bal, Ra\u00fal Soldi, Lino Spilimbergo, Clorindo Testa, por citar s\u00f3lo algunos nombres.<\/p>\n\n\n\n<p><a href=\"https:\/\/www.bancoprovincia.com.ar\/BuscadorSucursales\"><\/a><a href=\"https:\/\/www.bancoprovincia.com.ar\/BuscadorSucursales\"><\/a><\/p>\n\n\n\n<p><\/p>\n\n\n\n<p><a href=\"https:\/\/www.bancoprovincia.com.ar\/web\/informacion_de_utilidad\"><\/a><a href=\"https:\/\/www.bancoprovincia.com.ar\/web\/informacion_de_utilidad\"><\/a><a href=\"https:\/\/www.bancoprovincia.com.ar\/web\/informacion_de_utilidad\"><\/a><\/p>\n","protected":false},"excerpt":{"rendered":"<p>El segundo de los tres concursos que organiz\u00f3 como parte de las celebraciones por sus 200 a\u00f1os, que se cumplieron el martes 6 de septiembre<\/p>\n","protected":false},"author":2,"featured_media":97650,"comment_status":"closed","ping_status":"open","sticky":false,"template":"","format":"standard","meta":{"footnotes":""},"categories":[48],"tags":[6756],"class_list":["post-97649","post","type-post","status-publish","format-standard","has-post-thumbnail","hentry","category-c2nota3","tag-bicentenario-del-banco"],"yoast_head":"<!-- This site is optimized with the Yoast SEO plugin v23.4 - https:\/\/yoast.com\/wordpress\/plugins\/seo\/ -->\n<title>Gran Premio de Pintura del Banco Provincia: Rodolfo Marqu\u00e9s, Gisela Banzer y Jacqueline Charr\u00faa - Infoecos<\/title>\n<meta name=\"robots\" content=\"index, follow, max-snippet:-1, max-image-preview:large, max-video-preview:-1\" \/>\n<link rel=\"canonical\" href=\"https:\/\/infoecos.com.ar\/index.php\/gran-premio-de-pintura-del-banco-provincia-rodolfo-marques-gisela-banzer-y-jacqueline-charrua\/\" \/>\n<meta property=\"og:locale\" content=\"es_ES\" \/>\n<meta property=\"og:type\" content=\"article\" \/>\n<meta property=\"og:title\" content=\"Gran Premio de Pintura del Banco Provincia: Rodolfo Marqu\u00e9s, Gisela Banzer y Jacqueline Charr\u00faa - Infoecos\" \/>\n<meta property=\"og:description\" content=\"El segundo de los tres concursos que organiz\u00f3 como parte de las celebraciones por sus 200 a\u00f1os, que se cumplieron el martes 6 de septiembre\" \/>\n<meta property=\"og:url\" content=\"https:\/\/infoecos.com.ar\/index.php\/gran-premio-de-pintura-del-banco-provincia-rodolfo-marques-gisela-banzer-y-jacqueline-charrua\/\" \/>\n<meta property=\"og:site_name\" content=\"Infoecos\" \/>\n<meta property=\"article:publisher\" content=\"https:\/\/www.facebook.com\/profile.php?id=100063200290284\" \/>\n<meta property=\"article:published_time\" content=\"2022-09-14T18:31:38+00:00\" \/>\n<meta property=\"article:modified_time\" content=\"2022-09-14T18:32:23+00:00\" \/>\n<meta property=\"og:image\" content=\"https:\/\/infoecos.com.ar\/wp-content\/uploads\/2022\/09\/image-67-920x613.png\" \/>\n\t<meta property=\"og:image:width\" content=\"920\" \/>\n\t<meta property=\"og:image:height\" content=\"613\" \/>\n\t<meta property=\"og:image:type\" content=\"image\/png\" \/>\n<meta name=\"author\" content=\"Jorge Matheus\" \/>\n<meta name=\"twitter:card\" content=\"summary_large_image\" \/>\n<meta name=\"twitter:creator\" content=\"@infoecos\" \/>\n<meta name=\"twitter:site\" content=\"@infoecos\" \/>\n<meta name=\"twitter:label1\" content=\"Escrito por\" \/>\n\t<meta name=\"twitter:data1\" content=\"Jorge Matheus\" \/>\n\t<meta name=\"twitter:label2\" content=\"Tiempo de lectura\" \/>\n\t<meta name=\"twitter:data2\" content=\"3 minutos\" \/>\n<script type=\"application\/ld+json\" class=\"yoast-schema-graph\">{\"@context\":\"https:\/\/schema.org\",\"@graph\":[{\"@type\":\"Article\",\"@id\":\"https:\/\/infoecos.com.ar\/index.php\/gran-premio-de-pintura-del-banco-provincia-rodolfo-marques-gisela-banzer-y-jacqueline-charrua\/#article\",\"isPartOf\":{\"@id\":\"https:\/\/infoecos.com.ar\/index.php\/gran-premio-de-pintura-del-banco-provincia-rodolfo-marques-gisela-banzer-y-jacqueline-charrua\/\"},\"author\":{\"name\":\"Jorge Matheus\",\"@id\":\"https:\/\/infoecos.com.ar\/#\/schema\/person\/8f5ace5ce73b4b4aac4b7245aee6f191\"},\"headline\":\"Gran Premio de Pintura del Banco Provincia: Rodolfo Marqu\u00e9s, Gisela Banzer y Jacqueline Charr\u00faa\",\"datePublished\":\"2022-09-14T18:31:38+00:00\",\"dateModified\":\"2022-09-14T18:32:23+00:00\",\"mainEntityOfPage\":{\"@id\":\"https:\/\/infoecos.com.ar\/index.php\/gran-premio-de-pintura-del-banco-provincia-rodolfo-marques-gisela-banzer-y-jacqueline-charrua\/\"},\"wordCount\":700,\"publisher\":{\"@id\":\"https:\/\/infoecos.com.ar\/#organization\"},\"image\":{\"@id\":\"https:\/\/infoecos.com.ar\/index.php\/gran-premio-de-pintura-del-banco-provincia-rodolfo-marques-gisela-banzer-y-jacqueline-charrua\/#primaryimage\"},\"thumbnailUrl\":\"https:\/\/infoecos.com.ar\/wp-content\/uploads\/2022\/09\/image-67.png\",\"keywords\":[\"BICENTENARIO DEL BANCO\"],\"articleSection\":[\"C2 N3\"],\"inLanguage\":\"es\"},{\"@type\":\"WebPage\",\"@id\":\"https:\/\/infoecos.com.ar\/index.php\/gran-premio-de-pintura-del-banco-provincia-rodolfo-marques-gisela-banzer-y-jacqueline-charrua\/\",\"url\":\"https:\/\/infoecos.com.ar\/index.php\/gran-premio-de-pintura-del-banco-provincia-rodolfo-marques-gisela-banzer-y-jacqueline-charrua\/\",\"name\":\"Gran Premio de Pintura del Banco Provincia: Rodolfo Marqu\u00e9s, Gisela Banzer y Jacqueline Charr\u00faa - Infoecos\",\"isPartOf\":{\"@id\":\"https:\/\/infoecos.com.ar\/#website\"},\"primaryImageOfPage\":{\"@id\":\"https:\/\/infoecos.com.ar\/index.php\/gran-premio-de-pintura-del-banco-provincia-rodolfo-marques-gisela-banzer-y-jacqueline-charrua\/#primaryimage\"},\"image\":{\"@id\":\"https:\/\/infoecos.com.ar\/index.php\/gran-premio-de-pintura-del-banco-provincia-rodolfo-marques-gisela-banzer-y-jacqueline-charrua\/#primaryimage\"},\"thumbnailUrl\":\"https:\/\/infoecos.com.ar\/wp-content\/uploads\/2022\/09\/image-67.png\",\"datePublished\":\"2022-09-14T18:31:38+00:00\",\"dateModified\":\"2022-09-14T18:32:23+00:00\",\"breadcrumb\":{\"@id\":\"https:\/\/infoecos.com.ar\/index.php\/gran-premio-de-pintura-del-banco-provincia-rodolfo-marques-gisela-banzer-y-jacqueline-charrua\/#breadcrumb\"},\"inLanguage\":\"es\",\"potentialAction\":[{\"@type\":\"ReadAction\",\"target\":[\"https:\/\/infoecos.com.ar\/index.php\/gran-premio-de-pintura-del-banco-provincia-rodolfo-marques-gisela-banzer-y-jacqueline-charrua\/\"]}]},{\"@type\":\"ImageObject\",\"inLanguage\":\"es\",\"@id\":\"https:\/\/infoecos.com.ar\/index.php\/gran-premio-de-pintura-del-banco-provincia-rodolfo-marques-gisela-banzer-y-jacqueline-charrua\/#primaryimage\",\"url\":\"https:\/\/infoecos.com.ar\/wp-content\/uploads\/2022\/09\/image-67.png\",\"contentUrl\":\"https:\/\/infoecos.com.ar\/wp-content\/uploads\/2022\/09\/image-67.png\",\"width\":1920,\"height\":1280},{\"@type\":\"BreadcrumbList\",\"@id\":\"https:\/\/infoecos.com.ar\/index.php\/gran-premio-de-pintura-del-banco-provincia-rodolfo-marques-gisela-banzer-y-jacqueline-charrua\/#breadcrumb\",\"itemListElement\":[{\"@type\":\"ListItem\",\"position\":1,\"name\":\"Portada\",\"item\":\"https:\/\/infoecos.com.ar\/\"},{\"@type\":\"ListItem\",\"position\":2,\"name\":\"Gran Premio de Pintura del Banco Provincia: Rodolfo Marqu\u00e9s, Gisela Banzer y Jacqueline Charr\u00faa\"}]},{\"@type\":\"WebSite\",\"@id\":\"https:\/\/infoecos.com.ar\/#website\",\"url\":\"https:\/\/infoecos.com.ar\/\",\"name\":\"Infoecos\",\"description\":\"Noticias de trenque lauquen y la zona\",\"publisher\":{\"@id\":\"https:\/\/infoecos.com.ar\/#organization\"},\"alternateName\":\"Noticias\",\"potentialAction\":[{\"@type\":\"SearchAction\",\"target\":{\"@type\":\"EntryPoint\",\"urlTemplate\":\"https:\/\/infoecos.com.ar\/?s={search_term_string}\"},\"query-input\":{\"@type\":\"PropertyValueSpecification\",\"valueRequired\":true,\"valueName\":\"search_term_string\"}}],\"inLanguage\":\"es\"},{\"@type\":\"Organization\",\"@id\":\"https:\/\/infoecos.com.ar\/#organization\",\"name\":\"Infoecos\",\"alternateName\":\"Noticias\",\"url\":\"https:\/\/infoecos.com.ar\/\",\"logo\":{\"@type\":\"ImageObject\",\"inLanguage\":\"es\",\"@id\":\"https:\/\/infoecos.com.ar\/#\/schema\/logo\/image\/\",\"url\":\"https:\/\/infoecos.com.ar\/wp-content\/uploads\/2024\/03\/cropped-logo.png\",\"contentUrl\":\"https:\/\/infoecos.com.ar\/wp-content\/uploads\/2024\/03\/cropped-logo.png\",\"width\":374,\"height\":90,\"caption\":\"Infoecos\"},\"image\":{\"@id\":\"https:\/\/infoecos.com.ar\/#\/schema\/logo\/image\/\"},\"sameAs\":[\"https:\/\/www.facebook.com\/profile.php?id=100063200290284\",\"https:\/\/x.com\/infoecos\"]},{\"@type\":\"Person\",\"@id\":\"https:\/\/infoecos.com.ar\/#\/schema\/person\/8f5ace5ce73b4b4aac4b7245aee6f191\",\"name\":\"Jorge Matheus\",\"url\":\"https:\/\/infoecos.com.ar\/index.php\/author\/jomatheus\/\"}]}<\/script>\n<!-- \/ Yoast SEO plugin. -->","yoast_head_json":{"title":"Gran Premio de Pintura del Banco Provincia: Rodolfo Marqu\u00e9s, Gisela Banzer y Jacqueline Charr\u00faa - Infoecos","robots":{"index":"index","follow":"follow","max-snippet":"max-snippet:-1","max-image-preview":"max-image-preview:large","max-video-preview":"max-video-preview:-1"},"canonical":"https:\/\/infoecos.com.ar\/index.php\/gran-premio-de-pintura-del-banco-provincia-rodolfo-marques-gisela-banzer-y-jacqueline-charrua\/","og_locale":"es_ES","og_type":"article","og_title":"Gran Premio de Pintura del Banco Provincia: Rodolfo Marqu\u00e9s, Gisela Banzer y Jacqueline Charr\u00faa - Infoecos","og_description":"El segundo de los tres concursos que organiz\u00f3 como parte de las celebraciones por sus 200 a\u00f1os, que se cumplieron el martes 6 de septiembre","og_url":"https:\/\/infoecos.com.ar\/index.php\/gran-premio-de-pintura-del-banco-provincia-rodolfo-marques-gisela-banzer-y-jacqueline-charrua\/","og_site_name":"Infoecos","article_publisher":"https:\/\/www.facebook.com\/profile.php?id=100063200290284","article_published_time":"2022-09-14T18:31:38+00:00","article_modified_time":"2022-09-14T18:32:23+00:00","og_image":[{"width":920,"height":613,"url":"https:\/\/infoecos.com.ar\/wp-content\/uploads\/2022\/09\/image-67-920x613.png","type":"image\/png"}],"author":"Jorge Matheus","twitter_card":"summary_large_image","twitter_creator":"@infoecos","twitter_site":"@infoecos","twitter_misc":{"Escrito por":"Jorge Matheus","Tiempo de lectura":"3 minutos"},"schema":{"@context":"https:\/\/schema.org","@graph":[{"@type":"Article","@id":"https:\/\/infoecos.com.ar\/index.php\/gran-premio-de-pintura-del-banco-provincia-rodolfo-marques-gisela-banzer-y-jacqueline-charrua\/#article","isPartOf":{"@id":"https:\/\/infoecos.com.ar\/index.php\/gran-premio-de-pintura-del-banco-provincia-rodolfo-marques-gisela-banzer-y-jacqueline-charrua\/"},"author":{"name":"Jorge Matheus","@id":"https:\/\/infoecos.com.ar\/#\/schema\/person\/8f5ace5ce73b4b4aac4b7245aee6f191"},"headline":"Gran Premio de Pintura del Banco Provincia: Rodolfo Marqu\u00e9s, Gisela Banzer y Jacqueline Charr\u00faa","datePublished":"2022-09-14T18:31:38+00:00","dateModified":"2022-09-14T18:32:23+00:00","mainEntityOfPage":{"@id":"https:\/\/infoecos.com.ar\/index.php\/gran-premio-de-pintura-del-banco-provincia-rodolfo-marques-gisela-banzer-y-jacqueline-charrua\/"},"wordCount":700,"publisher":{"@id":"https:\/\/infoecos.com.ar\/#organization"},"image":{"@id":"https:\/\/infoecos.com.ar\/index.php\/gran-premio-de-pintura-del-banco-provincia-rodolfo-marques-gisela-banzer-y-jacqueline-charrua\/#primaryimage"},"thumbnailUrl":"https:\/\/infoecos.com.ar\/wp-content\/uploads\/2022\/09\/image-67.png","keywords":["BICENTENARIO DEL BANCO"],"articleSection":["C2 N3"],"inLanguage":"es"},{"@type":"WebPage","@id":"https:\/\/infoecos.com.ar\/index.php\/gran-premio-de-pintura-del-banco-provincia-rodolfo-marques-gisela-banzer-y-jacqueline-charrua\/","url":"https:\/\/infoecos.com.ar\/index.php\/gran-premio-de-pintura-del-banco-provincia-rodolfo-marques-gisela-banzer-y-jacqueline-charrua\/","name":"Gran Premio de Pintura del Banco Provincia: Rodolfo Marqu\u00e9s, Gisela Banzer y Jacqueline Charr\u00faa - Infoecos","isPartOf":{"@id":"https:\/\/infoecos.com.ar\/#website"},"primaryImageOfPage":{"@id":"https:\/\/infoecos.com.ar\/index.php\/gran-premio-de-pintura-del-banco-provincia-rodolfo-marques-gisela-banzer-y-jacqueline-charrua\/#primaryimage"},"image":{"@id":"https:\/\/infoecos.com.ar\/index.php\/gran-premio-de-pintura-del-banco-provincia-rodolfo-marques-gisela-banzer-y-jacqueline-charrua\/#primaryimage"},"thumbnailUrl":"https:\/\/infoecos.com.ar\/wp-content\/uploads\/2022\/09\/image-67.png","datePublished":"2022-09-14T18:31:38+00:00","dateModified":"2022-09-14T18:32:23+00:00","breadcrumb":{"@id":"https:\/\/infoecos.com.ar\/index.php\/gran-premio-de-pintura-del-banco-provincia-rodolfo-marques-gisela-banzer-y-jacqueline-charrua\/#breadcrumb"},"inLanguage":"es","potentialAction":[{"@type":"ReadAction","target":["https:\/\/infoecos.com.ar\/index.php\/gran-premio-de-pintura-del-banco-provincia-rodolfo-marques-gisela-banzer-y-jacqueline-charrua\/"]}]},{"@type":"ImageObject","inLanguage":"es","@id":"https:\/\/infoecos.com.ar\/index.php\/gran-premio-de-pintura-del-banco-provincia-rodolfo-marques-gisela-banzer-y-jacqueline-charrua\/#primaryimage","url":"https:\/\/infoecos.com.ar\/wp-content\/uploads\/2022\/09\/image-67.png","contentUrl":"https:\/\/infoecos.com.ar\/wp-content\/uploads\/2022\/09\/image-67.png","width":1920,"height":1280},{"@type":"BreadcrumbList","@id":"https:\/\/infoecos.com.ar\/index.php\/gran-premio-de-pintura-del-banco-provincia-rodolfo-marques-gisela-banzer-y-jacqueline-charrua\/#breadcrumb","itemListElement":[{"@type":"ListItem","position":1,"name":"Portada","item":"https:\/\/infoecos.com.ar\/"},{"@type":"ListItem","position":2,"name":"Gran Premio de Pintura del Banco Provincia: Rodolfo Marqu\u00e9s, Gisela Banzer y Jacqueline Charr\u00faa"}]},{"@type":"WebSite","@id":"https:\/\/infoecos.com.ar\/#website","url":"https:\/\/infoecos.com.ar\/","name":"Infoecos","description":"Noticias de trenque lauquen y la zona","publisher":{"@id":"https:\/\/infoecos.com.ar\/#organization"},"alternateName":"Noticias","potentialAction":[{"@type":"SearchAction","target":{"@type":"EntryPoint","urlTemplate":"https:\/\/infoecos.com.ar\/?s={search_term_string}"},"query-input":{"@type":"PropertyValueSpecification","valueRequired":true,"valueName":"search_term_string"}}],"inLanguage":"es"},{"@type":"Organization","@id":"https:\/\/infoecos.com.ar\/#organization","name":"Infoecos","alternateName":"Noticias","url":"https:\/\/infoecos.com.ar\/","logo":{"@type":"ImageObject","inLanguage":"es","@id":"https:\/\/infoecos.com.ar\/#\/schema\/logo\/image\/","url":"https:\/\/infoecos.com.ar\/wp-content\/uploads\/2024\/03\/cropped-logo.png","contentUrl":"https:\/\/infoecos.com.ar\/wp-content\/uploads\/2024\/03\/cropped-logo.png","width":374,"height":90,"caption":"Infoecos"},"image":{"@id":"https:\/\/infoecos.com.ar\/#\/schema\/logo\/image\/"},"sameAs":["https:\/\/www.facebook.com\/profile.php?id=100063200290284","https:\/\/x.com\/infoecos"]},{"@type":"Person","@id":"https:\/\/infoecos.com.ar\/#\/schema\/person\/8f5ace5ce73b4b4aac4b7245aee6f191","name":"Jorge Matheus","url":"https:\/\/infoecos.com.ar\/index.php\/author\/jomatheus\/"}]}},"featured_image_urls":{"full":["https:\/\/infoecos.com.ar\/wp-content\/uploads\/2022\/09\/image-67.png",1920,1280,false],"thumbnail":["https:\/\/infoecos.com.ar\/wp-content\/uploads\/2022\/09\/image-67-150x150.png",150,150,true],"medium":["https:\/\/infoecos.com.ar\/wp-content\/uploads\/2022\/09\/image-67-460x307.png",460,307,true],"medium_large":["https:\/\/infoecos.com.ar\/wp-content\/uploads\/2022\/09\/image-67-768x512.png",640,427,true],"large":["https:\/\/infoecos.com.ar\/wp-content\/uploads\/2022\/09\/image-67-920x613.png",640,426,true],"1536x1536":["https:\/\/infoecos.com.ar\/wp-content\/uploads\/2022\/09\/image-67-1536x1024.png",1536,1024,true],"2048x2048":["https:\/\/infoecos.com.ar\/wp-content\/uploads\/2022\/09\/image-67.png",1920,1280,false],"covernews-slider-full":["https:\/\/infoecos.com.ar\/wp-content\/uploads\/2022\/09\/image-67-1536x1020.png",1077,715,true],"covernews-slider-center":["https:\/\/infoecos.com.ar\/wp-content\/uploads\/2022\/09\/image-67-936x897.png",522,500,true],"covernews-featured":["https:\/\/infoecos.com.ar\/wp-content\/uploads\/2022\/09\/image-67-1024x683.png",1024,683,true],"covernews-medium":["https:\/\/infoecos.com.ar\/wp-content\/uploads\/2022\/09\/image-67-720x380.png",540,285,true],"covernews-medium-square":["https:\/\/infoecos.com.ar\/wp-content\/uploads\/2022\/09\/image-67-675x450.png",375,250,true]},"author_info":{"info":["Jorge Matheus"]},"category_info":"<a href=\"https:\/\/infoecos.com.ar\/index.php\/category\/c2nota3\/\" rel=\"category tag\">C2 N3<\/a>","tag_info":"C2 N3","comment_count":"0","_links":{"self":[{"href":"https:\/\/infoecos.com.ar\/index.php\/wp-json\/wp\/v2\/posts\/97649"}],"collection":[{"href":"https:\/\/infoecos.com.ar\/index.php\/wp-json\/wp\/v2\/posts"}],"about":[{"href":"https:\/\/infoecos.com.ar\/index.php\/wp-json\/wp\/v2\/types\/post"}],"author":[{"embeddable":true,"href":"https:\/\/infoecos.com.ar\/index.php\/wp-json\/wp\/v2\/users\/2"}],"replies":[{"embeddable":true,"href":"https:\/\/infoecos.com.ar\/index.php\/wp-json\/wp\/v2\/comments?post=97649"}],"version-history":[{"count":2,"href":"https:\/\/infoecos.com.ar\/index.php\/wp-json\/wp\/v2\/posts\/97649\/revisions"}],"predecessor-version":[{"id":97655,"href":"https:\/\/infoecos.com.ar\/index.php\/wp-json\/wp\/v2\/posts\/97649\/revisions\/97655"}],"wp:featuredmedia":[{"embeddable":true,"href":"https:\/\/infoecos.com.ar\/index.php\/wp-json\/wp\/v2\/media\/97650"}],"wp:attachment":[{"href":"https:\/\/infoecos.com.ar\/index.php\/wp-json\/wp\/v2\/media?parent=97649"}],"wp:term":[{"taxonomy":"category","embeddable":true,"href":"https:\/\/infoecos.com.ar\/index.php\/wp-json\/wp\/v2\/categories?post=97649"},{"taxonomy":"post_tag","embeddable":true,"href":"https:\/\/infoecos.com.ar\/index.php\/wp-json\/wp\/v2\/tags?post=97649"}],"curies":[{"name":"wp","href":"https:\/\/api.w.org\/{rel}","templated":true}]}}