{"id":97693,"date":"2022-09-15T02:23:01","date_gmt":"2022-09-15T05:23:01","guid":{"rendered":"http:\/\/infoecos.com.ar\/?p=97693"},"modified":"2022-09-15T02:23:20","modified_gmt":"2022-09-15T05:23:20","slug":"desde-ayer-esta-en-tres-lomas-el-ministro-de-la-produccion-de-buenos-aires-augusto-costa","status":"publish","type":"post","link":"https:\/\/infoecos.com.ar\/index.php\/desde-ayer-esta-en-tres-lomas-el-ministro-de-la-produccion-de-buenos-aires-augusto-costa\/","title":{"rendered":"Desde ayer est\u00e1 en Tres Lomas el ministro de la Producci\u00f3n de Buenos Aires, Augusto Costa"},"content":{"rendered":"\n<p>El Ministro de Producci\u00f3n, Ciencia e Innovaci\u00f3n Tecnol\u00f3gica de la Provincia de Buenos Aires, Augusto Costa, se encuentra en Tres Lomas.<\/p>\n\n\n\n<figure class=\"wp-block-image aligncenter size-large is-resized\"><img loading=\"lazy\" decoding=\"async\" src=\"http:\/\/infoecos.com.ar\/wp-content\/uploads\/2022\/09\/Visita-Costa-920x690.jpg\" alt=\"\" class=\"wp-image-97694\" width=\"628\" height=\"471\" srcset=\"https:\/\/infoecos.com.ar\/wp-content\/uploads\/2022\/09\/Visita-Costa-920x690.jpg 920w, https:\/\/infoecos.com.ar\/wp-content\/uploads\/2022\/09\/Visita-Costa-460x345.jpg 460w, https:\/\/infoecos.com.ar\/wp-content\/uploads\/2022\/09\/Visita-Costa-768x576.jpg 768w, https:\/\/infoecos.com.ar\/wp-content\/uploads\/2022\/09\/Visita-Costa-1536x1152.jpg 1536w, https:\/\/infoecos.com.ar\/wp-content\/uploads\/2022\/09\/Visita-Costa-1024x768.jpg 1024w, https:\/\/infoecos.com.ar\/wp-content\/uploads\/2022\/09\/Visita-Costa.jpg 2048w\" sizes=\"(max-width: 628px) 100vw, 628px\" \/><\/figure>\n\n\n\n<p>En el d\u00eda de ayer, junto al intendente Jorge Carrera y funcionarios recorri\u00f3 varios emprendimientos productivos. <\/p>\n\n\n\n<p>Visit\u00f3 el desarrollo hidrop\u00f3nico de Tres Lomas, el matadero municipal, que en un futuro albergar\u00e1 a la Secretar\u00eda de Producci\u00f3n local, luego la f\u00e1brica de cerveza artesanal \u201cMarblos\u201d y las nuevas instalaciones de \u201cAluminios Tres Lomas\u201d, para finalmente dirigirse al Museo Hist\u00f3rico Municipal y a las instalaciones de la Cooperativa Textil.<\/p>\n\n\n\n<p>Hoy firmar\u00e1 un convenio junto al Intendente Municipal, para impulsar el programa \u201cProducci\u00f3n Bonaerense\u201d. M\u00e1s tarde, mantendr\u00e1 un encuentro con comerciantes y representantes de la C\u00e1mara de Comercio local.<\/p>\n\n\n\n<p><\/p>\n","protected":false},"excerpt":{"rendered":"<p>En el d\u00eda de ayer, junto al intendente Jorge Carrera y funcionarios recorri\u00f3 varios emprendimientos productivos. Hoy firmar\u00e1 un convenio para impulsar el programa \u201cProducci\u00f3n Bonaerense\u201d<\/p>\n","protected":false},"author":2,"featured_media":97694,"comment_status":"closed","ping_status":"open","sticky":false,"template":"","format":"standard","meta":{"footnotes":""},"categories":[25],"tags":[6763],"class_list":["post-97693","post","type-post","status-publish","format-standard","has-post-thumbnail","hentry","category-c3nota1","tag-permanecera-hasta-media-manana"],"yoast_head":"<!-- This site is optimized with the Yoast SEO plugin v23.4 - https:\/\/yoast.com\/wordpress\/plugins\/seo\/ -->\n<title>Desde ayer est\u00e1 en Tres Lomas el ministro de la Producci\u00f3n de Buenos Aires, Augusto Costa - Infoecos<\/title>\n<meta name=\"robots\" content=\"index, follow, max-snippet:-1, max-image-preview:large, max-video-preview:-1\" \/>\n<link rel=\"canonical\" href=\"https:\/\/infoecos.com.ar\/index.php\/desde-ayer-esta-en-tres-lomas-el-ministro-de-la-produccion-de-buenos-aires-augusto-costa\/\" \/>\n<meta property=\"og:locale\" content=\"es_ES\" \/>\n<meta property=\"og:type\" content=\"article\" \/>\n<meta property=\"og:title\" content=\"Desde ayer est\u00e1 en Tres Lomas el ministro de la Producci\u00f3n de Buenos Aires, Augusto Costa - Infoecos\" \/>\n<meta property=\"og:description\" content=\"En el d\u00eda de ayer, junto al intendente Jorge Carrera y funcionarios recorri\u00f3 varios emprendimientos productivos. Hoy firmar\u00e1 un convenio para impulsar el programa \u201cProducci\u00f3n Bonaerense\u201d\" \/>\n<meta property=\"og:url\" content=\"https:\/\/infoecos.com.ar\/index.php\/desde-ayer-esta-en-tres-lomas-el-ministro-de-la-produccion-de-buenos-aires-augusto-costa\/\" \/>\n<meta property=\"og:site_name\" content=\"Infoecos\" \/>\n<meta property=\"article:publisher\" content=\"https:\/\/www.facebook.com\/profile.php?id=100063200290284\" \/>\n<meta property=\"article:published_time\" content=\"2022-09-15T05:23:01+00:00\" \/>\n<meta property=\"article:modified_time\" content=\"2022-09-15T05:23:20+00:00\" \/>\n<meta property=\"og:image\" content=\"https:\/\/infoecos.com.ar\/wp-content\/uploads\/2022\/09\/Visita-Costa.jpg\" \/>\n\t<meta property=\"og:image:width\" content=\"2048\" \/>\n\t<meta property=\"og:image:height\" content=\"1536\" \/>\n\t<meta property=\"og:image:type\" content=\"image\/jpeg\" \/>\n<meta name=\"author\" content=\"Jorge Matheus\" \/>\n<meta name=\"twitter:card\" content=\"summary_large_image\" \/>\n<meta name=\"twitter:creator\" content=\"@infoecos\" \/>\n<meta name=\"twitter:site\" content=\"@infoecos\" \/>\n<meta name=\"twitter:label1\" content=\"Escrito por\" \/>\n\t<meta name=\"twitter:data1\" content=\"Jorge Matheus\" \/>\n\t<meta name=\"twitter:label2\" content=\"Tiempo de lectura\" \/>\n\t<meta name=\"twitter:data2\" content=\"1 minuto\" \/>\n<script type=\"application\/ld+json\" class=\"yoast-schema-graph\">{\"@context\":\"https:\/\/schema.org\",\"@graph\":[{\"@type\":\"Article\",\"@id\":\"https:\/\/infoecos.com.ar\/index.php\/desde-ayer-esta-en-tres-lomas-el-ministro-de-la-produccion-de-buenos-aires-augusto-costa\/#article\",\"isPartOf\":{\"@id\":\"https:\/\/infoecos.com.ar\/index.php\/desde-ayer-esta-en-tres-lomas-el-ministro-de-la-produccion-de-buenos-aires-augusto-costa\/\"},\"author\":{\"name\":\"Jorge Matheus\",\"@id\":\"https:\/\/infoecos.com.ar\/#\/schema\/person\/8f5ace5ce73b4b4aac4b7245aee6f191\"},\"headline\":\"Desde ayer est\u00e1 en Tres Lomas el ministro de la Producci\u00f3n de Buenos Aires, Augusto Costa\",\"datePublished\":\"2022-09-15T05:23:01+00:00\",\"dateModified\":\"2022-09-15T05:23:20+00:00\",\"mainEntityOfPage\":{\"@id\":\"https:\/\/infoecos.com.ar\/index.php\/desde-ayer-esta-en-tres-lomas-el-ministro-de-la-produccion-de-buenos-aires-augusto-costa\/\"},\"wordCount\":146,\"publisher\":{\"@id\":\"https:\/\/infoecos.com.ar\/#organization\"},\"image\":{\"@id\":\"https:\/\/infoecos.com.ar\/index.php\/desde-ayer-esta-en-tres-lomas-el-ministro-de-la-produccion-de-buenos-aires-augusto-costa\/#primaryimage\"},\"thumbnailUrl\":\"https:\/\/infoecos.com.ar\/wp-content\/uploads\/2022\/09\/Visita-Costa.jpg\",\"keywords\":[\"permanecer\u00e1 hasta media ma\u00f1ana\"],\"articleSection\":[\"C3 N1\"],\"inLanguage\":\"es\"},{\"@type\":\"WebPage\",\"@id\":\"https:\/\/infoecos.com.ar\/index.php\/desde-ayer-esta-en-tres-lomas-el-ministro-de-la-produccion-de-buenos-aires-augusto-costa\/\",\"url\":\"https:\/\/infoecos.com.ar\/index.php\/desde-ayer-esta-en-tres-lomas-el-ministro-de-la-produccion-de-buenos-aires-augusto-costa\/\",\"name\":\"Desde ayer est\u00e1 en Tres Lomas el ministro de la Producci\u00f3n de Buenos Aires, Augusto Costa - Infoecos\",\"isPartOf\":{\"@id\":\"https:\/\/infoecos.com.ar\/#website\"},\"primaryImageOfPage\":{\"@id\":\"https:\/\/infoecos.com.ar\/index.php\/desde-ayer-esta-en-tres-lomas-el-ministro-de-la-produccion-de-buenos-aires-augusto-costa\/#primaryimage\"},\"image\":{\"@id\":\"https:\/\/infoecos.com.ar\/index.php\/desde-ayer-esta-en-tres-lomas-el-ministro-de-la-produccion-de-buenos-aires-augusto-costa\/#primaryimage\"},\"thumbnailUrl\":\"https:\/\/infoecos.com.ar\/wp-content\/uploads\/2022\/09\/Visita-Costa.jpg\",\"datePublished\":\"2022-09-15T05:23:01+00:00\",\"dateModified\":\"2022-09-15T05:23:20+00:00\",\"breadcrumb\":{\"@id\":\"https:\/\/infoecos.com.ar\/index.php\/desde-ayer-esta-en-tres-lomas-el-ministro-de-la-produccion-de-buenos-aires-augusto-costa\/#breadcrumb\"},\"inLanguage\":\"es\",\"potentialAction\":[{\"@type\":\"ReadAction\",\"target\":[\"https:\/\/infoecos.com.ar\/index.php\/desde-ayer-esta-en-tres-lomas-el-ministro-de-la-produccion-de-buenos-aires-augusto-costa\/\"]}]},{\"@type\":\"ImageObject\",\"inLanguage\":\"es\",\"@id\":\"https:\/\/infoecos.com.ar\/index.php\/desde-ayer-esta-en-tres-lomas-el-ministro-de-la-produccion-de-buenos-aires-augusto-costa\/#primaryimage\",\"url\":\"https:\/\/infoecos.com.ar\/wp-content\/uploads\/2022\/09\/Visita-Costa.jpg\",\"contentUrl\":\"https:\/\/infoecos.com.ar\/wp-content\/uploads\/2022\/09\/Visita-Costa.jpg\",\"width\":2048,\"height\":1536},{\"@type\":\"BreadcrumbList\",\"@id\":\"https:\/\/infoecos.com.ar\/index.php\/desde-ayer-esta-en-tres-lomas-el-ministro-de-la-produccion-de-buenos-aires-augusto-costa\/#breadcrumb\",\"itemListElement\":[{\"@type\":\"ListItem\",\"position\":1,\"name\":\"Portada\",\"item\":\"https:\/\/infoecos.com.ar\/\"},{\"@type\":\"ListItem\",\"position\":2,\"name\":\"Desde ayer est\u00e1 en Tres Lomas el ministro de la Producci\u00f3n de Buenos Aires, Augusto Costa\"}]},{\"@type\":\"WebSite\",\"@id\":\"https:\/\/infoecos.com.ar\/#website\",\"url\":\"https:\/\/infoecos.com.ar\/\",\"name\":\"Infoecos\",\"description\":\"Noticias de trenque lauquen y la zona\",\"publisher\":{\"@id\":\"https:\/\/infoecos.com.ar\/#organization\"},\"alternateName\":\"Noticias\",\"potentialAction\":[{\"@type\":\"SearchAction\",\"target\":{\"@type\":\"EntryPoint\",\"urlTemplate\":\"https:\/\/infoecos.com.ar\/?s={search_term_string}\"},\"query-input\":{\"@type\":\"PropertyValueSpecification\",\"valueRequired\":true,\"valueName\":\"search_term_string\"}}],\"inLanguage\":\"es\"},{\"@type\":\"Organization\",\"@id\":\"https:\/\/infoecos.com.ar\/#organization\",\"name\":\"Infoecos\",\"alternateName\":\"Noticias\",\"url\":\"https:\/\/infoecos.com.ar\/\",\"logo\":{\"@type\":\"ImageObject\",\"inLanguage\":\"es\",\"@id\":\"https:\/\/infoecos.com.ar\/#\/schema\/logo\/image\/\",\"url\":\"https:\/\/infoecos.com.ar\/wp-content\/uploads\/2024\/03\/cropped-logo.png\",\"contentUrl\":\"https:\/\/infoecos.com.ar\/wp-content\/uploads\/2024\/03\/cropped-logo.png\",\"width\":374,\"height\":90,\"caption\":\"Infoecos\"},\"image\":{\"@id\":\"https:\/\/infoecos.com.ar\/#\/schema\/logo\/image\/\"},\"sameAs\":[\"https:\/\/www.facebook.com\/profile.php?id=100063200290284\",\"https:\/\/x.com\/infoecos\"]},{\"@type\":\"Person\",\"@id\":\"https:\/\/infoecos.com.ar\/#\/schema\/person\/8f5ace5ce73b4b4aac4b7245aee6f191\",\"name\":\"Jorge Matheus\",\"url\":\"https:\/\/infoecos.com.ar\/index.php\/author\/jomatheus\/\"}]}<\/script>\n<!-- \/ Yoast SEO plugin. -->","yoast_head_json":{"title":"Desde ayer est\u00e1 en Tres Lomas el ministro de la Producci\u00f3n de Buenos Aires, Augusto Costa - Infoecos","robots":{"index":"index","follow":"follow","max-snippet":"max-snippet:-1","max-image-preview":"max-image-preview:large","max-video-preview":"max-video-preview:-1"},"canonical":"https:\/\/infoecos.com.ar\/index.php\/desde-ayer-esta-en-tres-lomas-el-ministro-de-la-produccion-de-buenos-aires-augusto-costa\/","og_locale":"es_ES","og_type":"article","og_title":"Desde ayer est\u00e1 en Tres Lomas el ministro de la Producci\u00f3n de Buenos Aires, Augusto Costa - Infoecos","og_description":"En el d\u00eda de ayer, junto al intendente Jorge Carrera y funcionarios recorri\u00f3 varios emprendimientos productivos. Hoy firmar\u00e1 un convenio para impulsar el programa \u201cProducci\u00f3n Bonaerense\u201d","og_url":"https:\/\/infoecos.com.ar\/index.php\/desde-ayer-esta-en-tres-lomas-el-ministro-de-la-produccion-de-buenos-aires-augusto-costa\/","og_site_name":"Infoecos","article_publisher":"https:\/\/www.facebook.com\/profile.php?id=100063200290284","article_published_time":"2022-09-15T05:23:01+00:00","article_modified_time":"2022-09-15T05:23:20+00:00","og_image":[{"width":2048,"height":1536,"url":"https:\/\/infoecos.com.ar\/wp-content\/uploads\/2022\/09\/Visita-Costa.jpg","type":"image\/jpeg"}],"author":"Jorge Matheus","twitter_card":"summary_large_image","twitter_creator":"@infoecos","twitter_site":"@infoecos","twitter_misc":{"Escrito por":"Jorge Matheus","Tiempo de lectura":"1 minuto"},"schema":{"@context":"https:\/\/schema.org","@graph":[{"@type":"Article","@id":"https:\/\/infoecos.com.ar\/index.php\/desde-ayer-esta-en-tres-lomas-el-ministro-de-la-produccion-de-buenos-aires-augusto-costa\/#article","isPartOf":{"@id":"https:\/\/infoecos.com.ar\/index.php\/desde-ayer-esta-en-tres-lomas-el-ministro-de-la-produccion-de-buenos-aires-augusto-costa\/"},"author":{"name":"Jorge Matheus","@id":"https:\/\/infoecos.com.ar\/#\/schema\/person\/8f5ace5ce73b4b4aac4b7245aee6f191"},"headline":"Desde ayer est\u00e1 en Tres Lomas el ministro de la Producci\u00f3n de Buenos Aires, Augusto Costa","datePublished":"2022-09-15T05:23:01+00:00","dateModified":"2022-09-15T05:23:20+00:00","mainEntityOfPage":{"@id":"https:\/\/infoecos.com.ar\/index.php\/desde-ayer-esta-en-tres-lomas-el-ministro-de-la-produccion-de-buenos-aires-augusto-costa\/"},"wordCount":146,"publisher":{"@id":"https:\/\/infoecos.com.ar\/#organization"},"image":{"@id":"https:\/\/infoecos.com.ar\/index.php\/desde-ayer-esta-en-tres-lomas-el-ministro-de-la-produccion-de-buenos-aires-augusto-costa\/#primaryimage"},"thumbnailUrl":"https:\/\/infoecos.com.ar\/wp-content\/uploads\/2022\/09\/Visita-Costa.jpg","keywords":["permanecer\u00e1 hasta media ma\u00f1ana"],"articleSection":["C3 N1"],"inLanguage":"es"},{"@type":"WebPage","@id":"https:\/\/infoecos.com.ar\/index.php\/desde-ayer-esta-en-tres-lomas-el-ministro-de-la-produccion-de-buenos-aires-augusto-costa\/","url":"https:\/\/infoecos.com.ar\/index.php\/desde-ayer-esta-en-tres-lomas-el-ministro-de-la-produccion-de-buenos-aires-augusto-costa\/","name":"Desde ayer est\u00e1 en Tres Lomas el ministro de la Producci\u00f3n de Buenos Aires, Augusto Costa - Infoecos","isPartOf":{"@id":"https:\/\/infoecos.com.ar\/#website"},"primaryImageOfPage":{"@id":"https:\/\/infoecos.com.ar\/index.php\/desde-ayer-esta-en-tres-lomas-el-ministro-de-la-produccion-de-buenos-aires-augusto-costa\/#primaryimage"},"image":{"@id":"https:\/\/infoecos.com.ar\/index.php\/desde-ayer-esta-en-tres-lomas-el-ministro-de-la-produccion-de-buenos-aires-augusto-costa\/#primaryimage"},"thumbnailUrl":"https:\/\/infoecos.com.ar\/wp-content\/uploads\/2022\/09\/Visita-Costa.jpg","datePublished":"2022-09-15T05:23:01+00:00","dateModified":"2022-09-15T05:23:20+00:00","breadcrumb":{"@id":"https:\/\/infoecos.com.ar\/index.php\/desde-ayer-esta-en-tres-lomas-el-ministro-de-la-produccion-de-buenos-aires-augusto-costa\/#breadcrumb"},"inLanguage":"es","potentialAction":[{"@type":"ReadAction","target":["https:\/\/infoecos.com.ar\/index.php\/desde-ayer-esta-en-tres-lomas-el-ministro-de-la-produccion-de-buenos-aires-augusto-costa\/"]}]},{"@type":"ImageObject","inLanguage":"es","@id":"https:\/\/infoecos.com.ar\/index.php\/desde-ayer-esta-en-tres-lomas-el-ministro-de-la-produccion-de-buenos-aires-augusto-costa\/#primaryimage","url":"https:\/\/infoecos.com.ar\/wp-content\/uploads\/2022\/09\/Visita-Costa.jpg","contentUrl":"https:\/\/infoecos.com.ar\/wp-content\/uploads\/2022\/09\/Visita-Costa.jpg","width":2048,"height":1536},{"@type":"BreadcrumbList","@id":"https:\/\/infoecos.com.ar\/index.php\/desde-ayer-esta-en-tres-lomas-el-ministro-de-la-produccion-de-buenos-aires-augusto-costa\/#breadcrumb","itemListElement":[{"@type":"ListItem","position":1,"name":"Portada","item":"https:\/\/infoecos.com.ar\/"},{"@type":"ListItem","position":2,"name":"Desde ayer est\u00e1 en Tres Lomas el ministro de la Producci\u00f3n de Buenos Aires, Augusto Costa"}]},{"@type":"WebSite","@id":"https:\/\/infoecos.com.ar\/#website","url":"https:\/\/infoecos.com.ar\/","name":"Infoecos","description":"Noticias de trenque lauquen y la zona","publisher":{"@id":"https:\/\/infoecos.com.ar\/#organization"},"alternateName":"Noticias","potentialAction":[{"@type":"SearchAction","target":{"@type":"EntryPoint","urlTemplate":"https:\/\/infoecos.com.ar\/?s={search_term_string}"},"query-input":{"@type":"PropertyValueSpecification","valueRequired":true,"valueName":"search_term_string"}}],"inLanguage":"es"},{"@type":"Organization","@id":"https:\/\/infoecos.com.ar\/#organization","name":"Infoecos","alternateName":"Noticias","url":"https:\/\/infoecos.com.ar\/","logo":{"@type":"ImageObject","inLanguage":"es","@id":"https:\/\/infoecos.com.ar\/#\/schema\/logo\/image\/","url":"https:\/\/infoecos.com.ar\/wp-content\/uploads\/2024\/03\/cropped-logo.png","contentUrl":"https:\/\/infoecos.com.ar\/wp-content\/uploads\/2024\/03\/cropped-logo.png","width":374,"height":90,"caption":"Infoecos"},"image":{"@id":"https:\/\/infoecos.com.ar\/#\/schema\/logo\/image\/"},"sameAs":["https:\/\/www.facebook.com\/profile.php?id=100063200290284","https:\/\/x.com\/infoecos"]},{"@type":"Person","@id":"https:\/\/infoecos.com.ar\/#\/schema\/person\/8f5ace5ce73b4b4aac4b7245aee6f191","name":"Jorge Matheus","url":"https:\/\/infoecos.com.ar\/index.php\/author\/jomatheus\/"}]}},"featured_image_urls":{"full":["https:\/\/infoecos.com.ar\/wp-content\/uploads\/2022\/09\/Visita-Costa.jpg",2048,1536,false],"thumbnail":["https:\/\/infoecos.com.ar\/wp-content\/uploads\/2022\/09\/Visita-Costa-150x150.jpg",150,150,true],"medium":["https:\/\/infoecos.com.ar\/wp-content\/uploads\/2022\/09\/Visita-Costa-460x345.jpg",460,345,true],"medium_large":["https:\/\/infoecos.com.ar\/wp-content\/uploads\/2022\/09\/Visita-Costa-768x576.jpg",640,480,true],"large":["https:\/\/infoecos.com.ar\/wp-content\/uploads\/2022\/09\/Visita-Costa-920x690.jpg",640,480,true],"1536x1536":["https:\/\/infoecos.com.ar\/wp-content\/uploads\/2022\/09\/Visita-Costa-1536x1152.jpg",1536,1152,true],"2048x2048":["https:\/\/infoecos.com.ar\/wp-content\/uploads\/2022\/09\/Visita-Costa.jpg",2048,1536,false],"covernews-slider-full":["https:\/\/infoecos.com.ar\/wp-content\/uploads\/2022\/09\/Visita-Costa-1536x1020.jpg",1077,715,true],"covernews-slider-center":["https:\/\/infoecos.com.ar\/wp-content\/uploads\/2022\/09\/Visita-Costa-936x897.jpg",522,500,true],"covernews-featured":["https:\/\/infoecos.com.ar\/wp-content\/uploads\/2022\/09\/Visita-Costa-1024x768.jpg",1024,768,true],"covernews-medium":["https:\/\/infoecos.com.ar\/wp-content\/uploads\/2022\/09\/Visita-Costa-720x380.jpg",540,285,true],"covernews-medium-square":["https:\/\/infoecos.com.ar\/wp-content\/uploads\/2022\/09\/Visita-Costa-675x450.jpg",375,250,true]},"author_info":{"info":["Jorge Matheus"]},"category_info":"<a href=\"https:\/\/infoecos.com.ar\/index.php\/category\/c3nota1\/\" rel=\"category tag\">C3 N1<\/a>","tag_info":"C3 N1","comment_count":"0","_links":{"self":[{"href":"https:\/\/infoecos.com.ar\/index.php\/wp-json\/wp\/v2\/posts\/97693"}],"collection":[{"href":"https:\/\/infoecos.com.ar\/index.php\/wp-json\/wp\/v2\/posts"}],"about":[{"href":"https:\/\/infoecos.com.ar\/index.php\/wp-json\/wp\/v2\/types\/post"}],"author":[{"embeddable":true,"href":"https:\/\/infoecos.com.ar\/index.php\/wp-json\/wp\/v2\/users\/2"}],"replies":[{"embeddable":true,"href":"https:\/\/infoecos.com.ar\/index.php\/wp-json\/wp\/v2\/comments?post=97693"}],"version-history":[{"count":2,"href":"https:\/\/infoecos.com.ar\/index.php\/wp-json\/wp\/v2\/posts\/97693\/revisions"}],"predecessor-version":[{"id":97696,"href":"https:\/\/infoecos.com.ar\/index.php\/wp-json\/wp\/v2\/posts\/97693\/revisions\/97696"}],"wp:featuredmedia":[{"embeddable":true,"href":"https:\/\/infoecos.com.ar\/index.php\/wp-json\/wp\/v2\/media\/97694"}],"wp:attachment":[{"href":"https:\/\/infoecos.com.ar\/index.php\/wp-json\/wp\/v2\/media?parent=97693"}],"wp:term":[{"taxonomy":"category","embeddable":true,"href":"https:\/\/infoecos.com.ar\/index.php\/wp-json\/wp\/v2\/categories?post=97693"},{"taxonomy":"post_tag","embeddable":true,"href":"https:\/\/infoecos.com.ar\/index.php\/wp-json\/wp\/v2\/tags?post=97693"}],"curies":[{"name":"wp","href":"https:\/\/api.w.org\/{rel}","templated":true}]}}