{"id":97699,"date":"2022-09-19T00:55:57","date_gmt":"2022-09-19T03:55:57","guid":{"rendered":"http:\/\/infoecos.com.ar\/?p=97699"},"modified":"2022-09-21T03:25:31","modified_gmt":"2022-09-21T06:25:31","slug":"jorge-lezcano-del-fdt-de-la-pampa-considero-que-a-las-paso-no-hay-que-suprimirlas","status":"publish","type":"post","link":"https:\/\/infoecos.com.ar\/index.php\/jorge-lezcano-del-fdt-de-la-pampa-considero-que-a-las-paso-no-hay-que-suprimirlas\/","title":{"rendered":"Jorge Lezcano del FdT de La Pampa consider\u00f3 que a las Paso no hay que suprimirlas"},"content":{"rendered":"\n<p>El referente de Identidad Peronista de La Pampa y presidente del <strong>Instituto Provincial Aut\u00e1rquico de Vivienda (IPAV)<\/strong>, Jorge Lezcano afirm\u00f3 que \u00abhay que fortalecer la pol\u00edtica. Las PASO no debemos suprimirlas\u00bb.<\/p>\n\n\n\n<figure class=\"wp-block-image aligncenter size-full is-resized\"><img loading=\"lazy\" decoding=\"async\" src=\"http:\/\/infoecos.com.ar\/wp-content\/uploads\/2022\/09\/image-77.png\" alt=\"\" class=\"wp-image-97700\" width=\"517\" height=\"271\" srcset=\"https:\/\/infoecos.com.ar\/wp-content\/uploads\/2022\/09\/image-77.png 860w, https:\/\/infoecos.com.ar\/wp-content\/uploads\/2022\/09\/image-77-460x242.png 460w, https:\/\/infoecos.com.ar\/wp-content\/uploads\/2022\/09\/image-77-768x404.png 768w\" sizes=\"(max-width: 517px) 100vw, 517px\" \/><\/figure>\n\n\n\n<p>Lezcano dijo que la actividad de Identidad Peronista tienen el objetivo de \u00abfortalecer el Frente de Todos. Las pol\u00edticas del FdT fueron existosas y hay que defenderlas\u00bb.<\/p>\n\n\n\n<p>En declaraciones a <strong>El Diario de La Pampa<\/strong> consider\u00f3 que \u00abrecuperarmos muchas cosas. Pero hay una macroeconom\u00eda y factores mundiales que no nos permiten disfrutarlas\u00bb.<\/p>\n\n\n\n<p>En algunas provincias se eliminaron las PASO (Primarias Abiertas Simult\u00e1neas y Olbigatorias) lo que puso en alerta a sectores del peronismo y de la oposici\u00f3n a nivel nacional. Lezcano fue categ\u00f3rico y defendi\u00f3 esa herramienta electoral.<\/p>\n","protected":false},"excerpt":{"rendered":"<p>Lezcano fue categ\u00f3rico y defendi\u00f3 esa herramienta electoral<\/p>\n","protected":false},"author":2,"featured_media":97700,"comment_status":"closed","ping_status":"open","sticky":false,"template":"","format":"standard","meta":{"footnotes":""},"categories":[1331],"tags":[6765],"class_list":["post-97699","post","type-post","status-publish","format-standard","has-post-thumbnail","hentry","category-inferior11","tag-politica-2023"],"yoast_head":"<!-- This site is optimized with the Yoast SEO plugin v23.4 - https:\/\/yoast.com\/wordpress\/plugins\/seo\/ -->\n<title>Jorge Lezcano del FdT de La Pampa consider\u00f3 que a las Paso no hay que suprimirlas - Infoecos<\/title>\n<meta name=\"robots\" content=\"index, follow, max-snippet:-1, max-image-preview:large, max-video-preview:-1\" \/>\n<link rel=\"canonical\" href=\"https:\/\/infoecos.com.ar\/index.php\/jorge-lezcano-del-fdt-de-la-pampa-considero-que-a-las-paso-no-hay-que-suprimirlas\/\" \/>\n<meta property=\"og:locale\" content=\"es_ES\" \/>\n<meta property=\"og:type\" content=\"article\" \/>\n<meta property=\"og:title\" content=\"Jorge Lezcano del FdT de La Pampa consider\u00f3 que a las Paso no hay que suprimirlas - Infoecos\" \/>\n<meta property=\"og:description\" content=\"Lezcano fue categ\u00f3rico y defendi\u00f3 esa herramienta electoral\" \/>\n<meta property=\"og:url\" content=\"https:\/\/infoecos.com.ar\/index.php\/jorge-lezcano-del-fdt-de-la-pampa-considero-que-a-las-paso-no-hay-que-suprimirlas\/\" \/>\n<meta property=\"og:site_name\" content=\"Infoecos\" \/>\n<meta property=\"article:publisher\" content=\"https:\/\/www.facebook.com\/profile.php?id=100063200290284\" \/>\n<meta property=\"article:published_time\" content=\"2022-09-19T03:55:57+00:00\" \/>\n<meta property=\"article:modified_time\" content=\"2022-09-21T06:25:31+00:00\" \/>\n<meta property=\"og:image\" content=\"https:\/\/infoecos.com.ar\/wp-content\/uploads\/2022\/09\/image-77.png\" \/>\n\t<meta property=\"og:image:width\" content=\"860\" \/>\n\t<meta property=\"og:image:height\" content=\"452\" \/>\n\t<meta property=\"og:image:type\" content=\"image\/png\" \/>\n<meta name=\"author\" content=\"Jorge Matheus\" \/>\n<meta name=\"twitter:card\" content=\"summary_large_image\" \/>\n<meta name=\"twitter:creator\" content=\"@infoecos\" \/>\n<meta name=\"twitter:site\" content=\"@infoecos\" \/>\n<meta name=\"twitter:label1\" content=\"Escrito por\" \/>\n\t<meta name=\"twitter:data1\" content=\"Jorge Matheus\" \/>\n\t<meta name=\"twitter:label2\" content=\"Tiempo de lectura\" \/>\n\t<meta name=\"twitter:data2\" content=\"1 minuto\" \/>\n<script type=\"application\/ld+json\" class=\"yoast-schema-graph\">{\"@context\":\"https:\/\/schema.org\",\"@graph\":[{\"@type\":\"Article\",\"@id\":\"https:\/\/infoecos.com.ar\/index.php\/jorge-lezcano-del-fdt-de-la-pampa-considero-que-a-las-paso-no-hay-que-suprimirlas\/#article\",\"isPartOf\":{\"@id\":\"https:\/\/infoecos.com.ar\/index.php\/jorge-lezcano-del-fdt-de-la-pampa-considero-que-a-las-paso-no-hay-que-suprimirlas\/\"},\"author\":{\"name\":\"Jorge Matheus\",\"@id\":\"https:\/\/infoecos.com.ar\/#\/schema\/person\/8f5ace5ce73b4b4aac4b7245aee6f191\"},\"headline\":\"Jorge Lezcano del FdT de La Pampa consider\u00f3 que a las Paso no hay que suprimirlas\",\"datePublished\":\"2022-09-19T03:55:57+00:00\",\"dateModified\":\"2022-09-21T06:25:31+00:00\",\"mainEntityOfPage\":{\"@id\":\"https:\/\/infoecos.com.ar\/index.php\/jorge-lezcano-del-fdt-de-la-pampa-considero-que-a-las-paso-no-hay-que-suprimirlas\/\"},\"wordCount\":142,\"publisher\":{\"@id\":\"https:\/\/infoecos.com.ar\/#organization\"},\"image\":{\"@id\":\"https:\/\/infoecos.com.ar\/index.php\/jorge-lezcano-del-fdt-de-la-pampa-considero-que-a-las-paso-no-hay-que-suprimirlas\/#primaryimage\"},\"thumbnailUrl\":\"https:\/\/infoecos.com.ar\/wp-content\/uploads\/2022\/09\/image-77.png\",\"keywords\":[\"Pol\u00edtica 2023\"],\"articleSection\":[\"Bloque inferior - 11\"],\"inLanguage\":\"es\"},{\"@type\":\"WebPage\",\"@id\":\"https:\/\/infoecos.com.ar\/index.php\/jorge-lezcano-del-fdt-de-la-pampa-considero-que-a-las-paso-no-hay-que-suprimirlas\/\",\"url\":\"https:\/\/infoecos.com.ar\/index.php\/jorge-lezcano-del-fdt-de-la-pampa-considero-que-a-las-paso-no-hay-que-suprimirlas\/\",\"name\":\"Jorge Lezcano del FdT de La Pampa consider\u00f3 que a las Paso no hay que suprimirlas - Infoecos\",\"isPartOf\":{\"@id\":\"https:\/\/infoecos.com.ar\/#website\"},\"primaryImageOfPage\":{\"@id\":\"https:\/\/infoecos.com.ar\/index.php\/jorge-lezcano-del-fdt-de-la-pampa-considero-que-a-las-paso-no-hay-que-suprimirlas\/#primaryimage\"},\"image\":{\"@id\":\"https:\/\/infoecos.com.ar\/index.php\/jorge-lezcano-del-fdt-de-la-pampa-considero-que-a-las-paso-no-hay-que-suprimirlas\/#primaryimage\"},\"thumbnailUrl\":\"https:\/\/infoecos.com.ar\/wp-content\/uploads\/2022\/09\/image-77.png\",\"datePublished\":\"2022-09-19T03:55:57+00:00\",\"dateModified\":\"2022-09-21T06:25:31+00:00\",\"breadcrumb\":{\"@id\":\"https:\/\/infoecos.com.ar\/index.php\/jorge-lezcano-del-fdt-de-la-pampa-considero-que-a-las-paso-no-hay-que-suprimirlas\/#breadcrumb\"},\"inLanguage\":\"es\",\"potentialAction\":[{\"@type\":\"ReadAction\",\"target\":[\"https:\/\/infoecos.com.ar\/index.php\/jorge-lezcano-del-fdt-de-la-pampa-considero-que-a-las-paso-no-hay-que-suprimirlas\/\"]}]},{\"@type\":\"ImageObject\",\"inLanguage\":\"es\",\"@id\":\"https:\/\/infoecos.com.ar\/index.php\/jorge-lezcano-del-fdt-de-la-pampa-considero-que-a-las-paso-no-hay-que-suprimirlas\/#primaryimage\",\"url\":\"https:\/\/infoecos.com.ar\/wp-content\/uploads\/2022\/09\/image-77.png\",\"contentUrl\":\"https:\/\/infoecos.com.ar\/wp-content\/uploads\/2022\/09\/image-77.png\",\"width\":860,\"height\":452},{\"@type\":\"BreadcrumbList\",\"@id\":\"https:\/\/infoecos.com.ar\/index.php\/jorge-lezcano-del-fdt-de-la-pampa-considero-que-a-las-paso-no-hay-que-suprimirlas\/#breadcrumb\",\"itemListElement\":[{\"@type\":\"ListItem\",\"position\":1,\"name\":\"Portada\",\"item\":\"https:\/\/infoecos.com.ar\/\"},{\"@type\":\"ListItem\",\"position\":2,\"name\":\"Jorge Lezcano del FdT de La Pampa consider\u00f3 que a las Paso no hay que suprimirlas\"}]},{\"@type\":\"WebSite\",\"@id\":\"https:\/\/infoecos.com.ar\/#website\",\"url\":\"https:\/\/infoecos.com.ar\/\",\"name\":\"Infoecos\",\"description\":\"Noticias de trenque lauquen y la zona\",\"publisher\":{\"@id\":\"https:\/\/infoecos.com.ar\/#organization\"},\"alternateName\":\"Noticias\",\"potentialAction\":[{\"@type\":\"SearchAction\",\"target\":{\"@type\":\"EntryPoint\",\"urlTemplate\":\"https:\/\/infoecos.com.ar\/?s={search_term_string}\"},\"query-input\":{\"@type\":\"PropertyValueSpecification\",\"valueRequired\":true,\"valueName\":\"search_term_string\"}}],\"inLanguage\":\"es\"},{\"@type\":\"Organization\",\"@id\":\"https:\/\/infoecos.com.ar\/#organization\",\"name\":\"Infoecos\",\"alternateName\":\"Noticias\",\"url\":\"https:\/\/infoecos.com.ar\/\",\"logo\":{\"@type\":\"ImageObject\",\"inLanguage\":\"es\",\"@id\":\"https:\/\/infoecos.com.ar\/#\/schema\/logo\/image\/\",\"url\":\"https:\/\/infoecos.com.ar\/wp-content\/uploads\/2024\/03\/cropped-logo.png\",\"contentUrl\":\"https:\/\/infoecos.com.ar\/wp-content\/uploads\/2024\/03\/cropped-logo.png\",\"width\":374,\"height\":90,\"caption\":\"Infoecos\"},\"image\":{\"@id\":\"https:\/\/infoecos.com.ar\/#\/schema\/logo\/image\/\"},\"sameAs\":[\"https:\/\/www.facebook.com\/profile.php?id=100063200290284\",\"https:\/\/x.com\/infoecos\"]},{\"@type\":\"Person\",\"@id\":\"https:\/\/infoecos.com.ar\/#\/schema\/person\/8f5ace5ce73b4b4aac4b7245aee6f191\",\"name\":\"Jorge Matheus\",\"url\":\"https:\/\/infoecos.com.ar\/index.php\/author\/jomatheus\/\"}]}<\/script>\n<!-- \/ Yoast SEO plugin. -->","yoast_head_json":{"title":"Jorge Lezcano del FdT de La Pampa consider\u00f3 que a las Paso no hay que suprimirlas - Infoecos","robots":{"index":"index","follow":"follow","max-snippet":"max-snippet:-1","max-image-preview":"max-image-preview:large","max-video-preview":"max-video-preview:-1"},"canonical":"https:\/\/infoecos.com.ar\/index.php\/jorge-lezcano-del-fdt-de-la-pampa-considero-que-a-las-paso-no-hay-que-suprimirlas\/","og_locale":"es_ES","og_type":"article","og_title":"Jorge Lezcano del FdT de La Pampa consider\u00f3 que a las Paso no hay que suprimirlas - Infoecos","og_description":"Lezcano fue categ\u00f3rico y defendi\u00f3 esa herramienta electoral","og_url":"https:\/\/infoecos.com.ar\/index.php\/jorge-lezcano-del-fdt-de-la-pampa-considero-que-a-las-paso-no-hay-que-suprimirlas\/","og_site_name":"Infoecos","article_publisher":"https:\/\/www.facebook.com\/profile.php?id=100063200290284","article_published_time":"2022-09-19T03:55:57+00:00","article_modified_time":"2022-09-21T06:25:31+00:00","og_image":[{"width":860,"height":452,"url":"https:\/\/infoecos.com.ar\/wp-content\/uploads\/2022\/09\/image-77.png","type":"image\/png"}],"author":"Jorge Matheus","twitter_card":"summary_large_image","twitter_creator":"@infoecos","twitter_site":"@infoecos","twitter_misc":{"Escrito por":"Jorge Matheus","Tiempo de lectura":"1 minuto"},"schema":{"@context":"https:\/\/schema.org","@graph":[{"@type":"Article","@id":"https:\/\/infoecos.com.ar\/index.php\/jorge-lezcano-del-fdt-de-la-pampa-considero-que-a-las-paso-no-hay-que-suprimirlas\/#article","isPartOf":{"@id":"https:\/\/infoecos.com.ar\/index.php\/jorge-lezcano-del-fdt-de-la-pampa-considero-que-a-las-paso-no-hay-que-suprimirlas\/"},"author":{"name":"Jorge Matheus","@id":"https:\/\/infoecos.com.ar\/#\/schema\/person\/8f5ace5ce73b4b4aac4b7245aee6f191"},"headline":"Jorge Lezcano del FdT de La Pampa consider\u00f3 que a las Paso no hay que suprimirlas","datePublished":"2022-09-19T03:55:57+00:00","dateModified":"2022-09-21T06:25:31+00:00","mainEntityOfPage":{"@id":"https:\/\/infoecos.com.ar\/index.php\/jorge-lezcano-del-fdt-de-la-pampa-considero-que-a-las-paso-no-hay-que-suprimirlas\/"},"wordCount":142,"publisher":{"@id":"https:\/\/infoecos.com.ar\/#organization"},"image":{"@id":"https:\/\/infoecos.com.ar\/index.php\/jorge-lezcano-del-fdt-de-la-pampa-considero-que-a-las-paso-no-hay-que-suprimirlas\/#primaryimage"},"thumbnailUrl":"https:\/\/infoecos.com.ar\/wp-content\/uploads\/2022\/09\/image-77.png","keywords":["Pol\u00edtica 2023"],"articleSection":["Bloque inferior - 11"],"inLanguage":"es"},{"@type":"WebPage","@id":"https:\/\/infoecos.com.ar\/index.php\/jorge-lezcano-del-fdt-de-la-pampa-considero-que-a-las-paso-no-hay-que-suprimirlas\/","url":"https:\/\/infoecos.com.ar\/index.php\/jorge-lezcano-del-fdt-de-la-pampa-considero-que-a-las-paso-no-hay-que-suprimirlas\/","name":"Jorge Lezcano del FdT de La Pampa consider\u00f3 que a las Paso no hay que suprimirlas - Infoecos","isPartOf":{"@id":"https:\/\/infoecos.com.ar\/#website"},"primaryImageOfPage":{"@id":"https:\/\/infoecos.com.ar\/index.php\/jorge-lezcano-del-fdt-de-la-pampa-considero-que-a-las-paso-no-hay-que-suprimirlas\/#primaryimage"},"image":{"@id":"https:\/\/infoecos.com.ar\/index.php\/jorge-lezcano-del-fdt-de-la-pampa-considero-que-a-las-paso-no-hay-que-suprimirlas\/#primaryimage"},"thumbnailUrl":"https:\/\/infoecos.com.ar\/wp-content\/uploads\/2022\/09\/image-77.png","datePublished":"2022-09-19T03:55:57+00:00","dateModified":"2022-09-21T06:25:31+00:00","breadcrumb":{"@id":"https:\/\/infoecos.com.ar\/index.php\/jorge-lezcano-del-fdt-de-la-pampa-considero-que-a-las-paso-no-hay-que-suprimirlas\/#breadcrumb"},"inLanguage":"es","potentialAction":[{"@type":"ReadAction","target":["https:\/\/infoecos.com.ar\/index.php\/jorge-lezcano-del-fdt-de-la-pampa-considero-que-a-las-paso-no-hay-que-suprimirlas\/"]}]},{"@type":"ImageObject","inLanguage":"es","@id":"https:\/\/infoecos.com.ar\/index.php\/jorge-lezcano-del-fdt-de-la-pampa-considero-que-a-las-paso-no-hay-que-suprimirlas\/#primaryimage","url":"https:\/\/infoecos.com.ar\/wp-content\/uploads\/2022\/09\/image-77.png","contentUrl":"https:\/\/infoecos.com.ar\/wp-content\/uploads\/2022\/09\/image-77.png","width":860,"height":452},{"@type":"BreadcrumbList","@id":"https:\/\/infoecos.com.ar\/index.php\/jorge-lezcano-del-fdt-de-la-pampa-considero-que-a-las-paso-no-hay-que-suprimirlas\/#breadcrumb","itemListElement":[{"@type":"ListItem","position":1,"name":"Portada","item":"https:\/\/infoecos.com.ar\/"},{"@type":"ListItem","position":2,"name":"Jorge Lezcano del FdT de La Pampa consider\u00f3 que a las Paso no hay que suprimirlas"}]},{"@type":"WebSite","@id":"https:\/\/infoecos.com.ar\/#website","url":"https:\/\/infoecos.com.ar\/","name":"Infoecos","description":"Noticias de trenque lauquen y la zona","publisher":{"@id":"https:\/\/infoecos.com.ar\/#organization"},"alternateName":"Noticias","potentialAction":[{"@type":"SearchAction","target":{"@type":"EntryPoint","urlTemplate":"https:\/\/infoecos.com.ar\/?s={search_term_string}"},"query-input":{"@type":"PropertyValueSpecification","valueRequired":true,"valueName":"search_term_string"}}],"inLanguage":"es"},{"@type":"Organization","@id":"https:\/\/infoecos.com.ar\/#organization","name":"Infoecos","alternateName":"Noticias","url":"https:\/\/infoecos.com.ar\/","logo":{"@type":"ImageObject","inLanguage":"es","@id":"https:\/\/infoecos.com.ar\/#\/schema\/logo\/image\/","url":"https:\/\/infoecos.com.ar\/wp-content\/uploads\/2024\/03\/cropped-logo.png","contentUrl":"https:\/\/infoecos.com.ar\/wp-content\/uploads\/2024\/03\/cropped-logo.png","width":374,"height":90,"caption":"Infoecos"},"image":{"@id":"https:\/\/infoecos.com.ar\/#\/schema\/logo\/image\/"},"sameAs":["https:\/\/www.facebook.com\/profile.php?id=100063200290284","https:\/\/x.com\/infoecos"]},{"@type":"Person","@id":"https:\/\/infoecos.com.ar\/#\/schema\/person\/8f5ace5ce73b4b4aac4b7245aee6f191","name":"Jorge Matheus","url":"https:\/\/infoecos.com.ar\/index.php\/author\/jomatheus\/"}]}},"featured_image_urls":{"full":["https:\/\/infoecos.com.ar\/wp-content\/uploads\/2022\/09\/image-77.png",860,452,false],"thumbnail":["https:\/\/infoecos.com.ar\/wp-content\/uploads\/2022\/09\/image-77-150x150.png",150,150,true],"medium":["https:\/\/infoecos.com.ar\/wp-content\/uploads\/2022\/09\/image-77-460x242.png",460,242,true],"medium_large":["https:\/\/infoecos.com.ar\/wp-content\/uploads\/2022\/09\/image-77-768x404.png",640,337,true],"large":["https:\/\/infoecos.com.ar\/wp-content\/uploads\/2022\/09\/image-77.png",640,336,false],"1536x1536":["https:\/\/infoecos.com.ar\/wp-content\/uploads\/2022\/09\/image-77.png",860,452,false],"2048x2048":["https:\/\/infoecos.com.ar\/wp-content\/uploads\/2022\/09\/image-77.png",860,452,false],"covernews-slider-full":["https:\/\/infoecos.com.ar\/wp-content\/uploads\/2022\/09\/image-77.png",860,452,false],"covernews-slider-center":["https:\/\/infoecos.com.ar\/wp-content\/uploads\/2022\/09\/image-77.png",800,420,false],"covernews-featured":["https:\/\/infoecos.com.ar\/wp-content\/uploads\/2022\/09\/image-77.png",860,452,false],"covernews-medium":["https:\/\/infoecos.com.ar\/wp-content\/uploads\/2022\/09\/image-77-720x380.png",540,285,true],"covernews-medium-square":["https:\/\/infoecos.com.ar\/wp-content\/uploads\/2022\/09\/image-77-675x450.png",375,250,true]},"author_info":{"info":["Jorge Matheus"]},"category_info":"<a href=\"https:\/\/infoecos.com.ar\/index.php\/category\/inferior11\/\" rel=\"category tag\">Bloque inferior - 11<\/a>","tag_info":"Bloque inferior - 11","comment_count":"0","_links":{"self":[{"href":"https:\/\/infoecos.com.ar\/index.php\/wp-json\/wp\/v2\/posts\/97699"}],"collection":[{"href":"https:\/\/infoecos.com.ar\/index.php\/wp-json\/wp\/v2\/posts"}],"about":[{"href":"https:\/\/infoecos.com.ar\/index.php\/wp-json\/wp\/v2\/types\/post"}],"author":[{"embeddable":true,"href":"https:\/\/infoecos.com.ar\/index.php\/wp-json\/wp\/v2\/users\/2"}],"replies":[{"embeddable":true,"href":"https:\/\/infoecos.com.ar\/index.php\/wp-json\/wp\/v2\/comments?post=97699"}],"version-history":[{"count":1,"href":"https:\/\/infoecos.com.ar\/index.php\/wp-json\/wp\/v2\/posts\/97699\/revisions"}],"predecessor-version":[{"id":97701,"href":"https:\/\/infoecos.com.ar\/index.php\/wp-json\/wp\/v2\/posts\/97699\/revisions\/97701"}],"wp:featuredmedia":[{"embeddable":true,"href":"https:\/\/infoecos.com.ar\/index.php\/wp-json\/wp\/v2\/media\/97700"}],"wp:attachment":[{"href":"https:\/\/infoecos.com.ar\/index.php\/wp-json\/wp\/v2\/media?parent=97699"}],"wp:term":[{"taxonomy":"category","embeddable":true,"href":"https:\/\/infoecos.com.ar\/index.php\/wp-json\/wp\/v2\/categories?post=97699"},{"taxonomy":"post_tag","embeddable":true,"href":"https:\/\/infoecos.com.ar\/index.php\/wp-json\/wp\/v2\/tags?post=97699"}],"curies":[{"name":"wp","href":"https:\/\/api.w.org\/{rel}","templated":true}]}}