{"id":97716,"date":"2022-09-19T02:07:43","date_gmt":"2022-09-19T05:07:43","guid":{"rendered":"http:\/\/infoecos.com.ar\/?p=97716"},"modified":"2022-09-21T03:22:05","modified_gmt":"2022-09-21T06:22:05","slug":"un-jurado-en-los-torneos-bonaerenses-discrimino-a-un-nino-de-tres-algarrobos","status":"publish","type":"post","link":"https:\/\/infoecos.com.ar\/index.php\/un-jurado-en-los-torneos-bonaerenses-discrimino-a-un-nino-de-tres-algarrobos\/","title":{"rendered":"Un jurado en los Torneos Bonaerenses discrimin\u00f3 a un ni\u00f1o de Tres Algarrobos"},"content":{"rendered":"\n<p>La discriminaci\u00f3n a un ni\u00f1o de la localidad de Tres Algarrobos por parte del jurado en la ciudad de Tres Lomas durante la final clasificatoria de los Torneos Bonaerenses, tom\u00f3 estado p\u00fablico la semana anterior a trav\u00e9s de los medios del distrito de Carlos Tejedor, especialmente <strong>RADIO FM LASER 91.3 LRI 989 Carlos Tejedor<\/strong> que se hizo eco de lo escrito en <strong>Tres Algarrobos On Line<\/strong>. A trav\u00e9s de ese medio se public\u00f3 una nota bajo el t\u00edtulo \u00abImperdonable discriminaci\u00f3n a un ni\u00f1o de Tres Algarrobos en Torneos Bonaerenses\u00bb.<\/p>\n\n\n\n<figure class=\"wp-block-image aligncenter size-full\"><img loading=\"lazy\" decoding=\"async\" width=\"620\" height=\"300\" src=\"http:\/\/infoecos.com.ar\/wp-content\/uploads\/2022\/09\/image-81.png\" alt=\"\" class=\"wp-image-97717\" srcset=\"https:\/\/infoecos.com.ar\/wp-content\/uploads\/2022\/09\/image-81.png 620w, https:\/\/infoecos.com.ar\/wp-content\/uploads\/2022\/09\/image-81-460x223.png 460w\" sizes=\"(max-width: 620px) 100vw, 620px\" \/><\/figure>\n\n\n\n<p>El desarrollo de la misma que fue tomada por la cuenta<strong> FM TOP de Tres Lomas<\/strong> es el siguiente:<\/p>\n\n\n\n<p><strong>Fue inaceptable la determinaci\u00f3n del jurado de los torneos bonaerenses descalificando al grupo de teatro de Tres Algarrobos por la condici\u00f3n f\u00edsica de uno de los chicos que integraban el elenco.<\/strong><\/p>\n\n\n\n<p><strong>En su tercera participaci\u00f3n como Director y escritor de la obra, Marcelo Sosa nunca imagin\u00f3 lo que iba a vivir. \u201cDesde que llegamos todo fue muy raro\u201d, cont\u00f3 Sosa. \u201cLa obra sali\u00f3 perfecta, no hubo errores\u201d, ampli\u00f3.<\/strong><\/p>\n\n\n\n<p><strong>La obra trataba un tema muy actual como es el bullying. La misma era actuada por chicos que sufren este tipo de acoso, \u201cuno por alumno aplicado, y el otro por su condici\u00f3n de ciego\u201d.<\/strong><\/p>\n\n\n\n<p><strong>Una vez concluida la presentaci\u00f3n de todas las puestas en escena, Sosa fue llamado por el jurado para una devoluci\u00f3n, \u201cmenos mal que invit\u00e9 para escuchar la devoluci\u00f3n a los chicos y a la mam\u00e1 de Diago\u201d.<\/strong><\/p>\n\n\n\n<p><strong>Marcelo con sorpresa recibi\u00f3 el primer cachetazo discriminatorio cuando el jurado le pregunt\u00f3 \u201c\u00bfpara qu\u00e9 trajiste a ese nene?\u201d, por Diago. \u201cMi respuesta fue: es de mi grupo de teatro\u201d. El jurado fundament\u00f3, olvid\u00e1ndose de la inclusi\u00f3n e igualdad, \u201cyo no puedo juzgar a un chico no vidente con un chico vidente\u201d. A partir de ah\u00ed se dio un interrogatorio para intentar descalificar al grupo, pero todo estaba dentro del reglamento establecido para este tipo de certamen. \u201cPero buscaron por el lugar de la condici\u00f3n de Diago y nos descalificaron. No \u00edbamos a estar ni en la lista\u201d<\/strong>.<\/p>\n\n\n\n<p><strong>El momento vivido por todo el grupo fue muy triste. \u201cSe mezclaron muchos sentimientos. Masticamos mucha bronca\u201d. Fue deplorable el mensaje que dio el jurado delante de los chicos. Podr\u00edan haber utilizado cualquier estrategia, pero eligi\u00f3 la peor, descalificarlo. Esto hizo sentir a Diago culpable, sin serlo, solo por el hecho de ser ciego.<\/strong><\/p>\n\n\n\n<p><strong>Luego de algunos minutos el jurado recapacit\u00f3, advirti\u00f3 que hab\u00eda cometido un acto discrimatorio grave contra un ni\u00f1o, y decidi\u00f3 darle una posici\u00f3n clasificatoria. Ubicaron en el tercer lugar a la obra. A pesar del intento de enmendar el error, el da\u00f1o ya hab\u00eda sido causado. El mal momento que vivieron Diago y su mam\u00e1 no se los saca nada ni nadie. Una pena que existan, a\u00fan hoy, a\u00f1o 2022 personas que piensen y act\u00faen de la manera que lo hizo este jurado.<\/strong><\/p>\n\n\n\n<p><strong>La instancia regional se desarroll\u00f3 en Tres Lomas. La evaluaci\u00f3n estuvo a cargo de un representante de Tres Lomas, uno de Carlos Tejedor y uno de General Villegas.<\/strong><\/p>\n\n\n\n<p><\/p>\n","protected":false},"excerpt":{"rendered":"<p>La instancia regional se desarroll\u00f3 en Tres Lomas. La evaluaci\u00f3n estuvo a cargo de un representante de Tres Lomas, uno de Carlos Tejedor y uno de General Villegas<\/p>\n","protected":false},"author":2,"featured_media":97717,"comment_status":"closed","ping_status":"open","sticky":false,"template":"","format":"standard","meta":{"footnotes":""},"categories":[44],"tags":[6769],"class_list":["post-97716","post","type-post","status-publish","format-standard","has-post-thumbnail","hentry","category-inferior5","tag-bulllying"],"yoast_head":"<!-- This site is optimized with the Yoast SEO plugin v23.4 - https:\/\/yoast.com\/wordpress\/plugins\/seo\/ -->\n<title>Un jurado en los Torneos Bonaerenses discrimin\u00f3 a un ni\u00f1o de Tres Algarrobos - Infoecos<\/title>\n<meta name=\"robots\" content=\"index, follow, max-snippet:-1, max-image-preview:large, max-video-preview:-1\" \/>\n<link rel=\"canonical\" href=\"https:\/\/infoecos.com.ar\/index.php\/un-jurado-en-los-torneos-bonaerenses-discrimino-a-un-nino-de-tres-algarrobos\/\" \/>\n<meta property=\"og:locale\" content=\"es_ES\" \/>\n<meta property=\"og:type\" content=\"article\" \/>\n<meta property=\"og:title\" content=\"Un jurado en los Torneos Bonaerenses discrimin\u00f3 a un ni\u00f1o de Tres Algarrobos - Infoecos\" \/>\n<meta property=\"og:description\" content=\"La instancia regional se desarroll\u00f3 en Tres Lomas. La evaluaci\u00f3n estuvo a cargo de un representante de Tres Lomas, uno de Carlos Tejedor y uno de General Villegas\" \/>\n<meta property=\"og:url\" content=\"https:\/\/infoecos.com.ar\/index.php\/un-jurado-en-los-torneos-bonaerenses-discrimino-a-un-nino-de-tres-algarrobos\/\" \/>\n<meta property=\"og:site_name\" content=\"Infoecos\" \/>\n<meta property=\"article:publisher\" content=\"https:\/\/www.facebook.com\/profile.php?id=100063200290284\" \/>\n<meta property=\"article:published_time\" content=\"2022-09-19T05:07:43+00:00\" \/>\n<meta property=\"article:modified_time\" content=\"2022-09-21T06:22:05+00:00\" \/>\n<meta property=\"og:image\" content=\"https:\/\/infoecos.com.ar\/wp-content\/uploads\/2022\/09\/image-81.png\" \/>\n\t<meta property=\"og:image:width\" content=\"620\" \/>\n\t<meta property=\"og:image:height\" content=\"300\" \/>\n\t<meta property=\"og:image:type\" content=\"image\/png\" \/>\n<meta name=\"author\" content=\"Jorge Matheus\" \/>\n<meta name=\"twitter:card\" content=\"summary_large_image\" \/>\n<meta name=\"twitter:creator\" content=\"@infoecos\" \/>\n<meta name=\"twitter:site\" content=\"@infoecos\" \/>\n<meta name=\"twitter:label1\" content=\"Escrito por\" \/>\n\t<meta name=\"twitter:data1\" content=\"Jorge Matheus\" \/>\n\t<meta name=\"twitter:label2\" content=\"Tiempo de lectura\" \/>\n\t<meta name=\"twitter:data2\" content=\"3 minutos\" \/>\n<script type=\"application\/ld+json\" class=\"yoast-schema-graph\">{\"@context\":\"https:\/\/schema.org\",\"@graph\":[{\"@type\":\"Article\",\"@id\":\"https:\/\/infoecos.com.ar\/index.php\/un-jurado-en-los-torneos-bonaerenses-discrimino-a-un-nino-de-tres-algarrobos\/#article\",\"isPartOf\":{\"@id\":\"https:\/\/infoecos.com.ar\/index.php\/un-jurado-en-los-torneos-bonaerenses-discrimino-a-un-nino-de-tres-algarrobos\/\"},\"author\":{\"name\":\"Jorge Matheus\",\"@id\":\"https:\/\/infoecos.com.ar\/#\/schema\/person\/8f5ace5ce73b4b4aac4b7245aee6f191\"},\"headline\":\"Un jurado en los Torneos Bonaerenses discrimin\u00f3 a un ni\u00f1o de Tres Algarrobos\",\"datePublished\":\"2022-09-19T05:07:43+00:00\",\"dateModified\":\"2022-09-21T06:22:05+00:00\",\"mainEntityOfPage\":{\"@id\":\"https:\/\/infoecos.com.ar\/index.php\/un-jurado-en-los-torneos-bonaerenses-discrimino-a-un-nino-de-tres-algarrobos\/\"},\"wordCount\":551,\"publisher\":{\"@id\":\"https:\/\/infoecos.com.ar\/#organization\"},\"image\":{\"@id\":\"https:\/\/infoecos.com.ar\/index.php\/un-jurado-en-los-torneos-bonaerenses-discrimino-a-un-nino-de-tres-algarrobos\/#primaryimage\"},\"thumbnailUrl\":\"https:\/\/infoecos.com.ar\/wp-content\/uploads\/2022\/09\/image-81.png\",\"keywords\":[\"BULLLYING\"],\"articleSection\":[\"Bloque inferior - 5\"],\"inLanguage\":\"es\"},{\"@type\":\"WebPage\",\"@id\":\"https:\/\/infoecos.com.ar\/index.php\/un-jurado-en-los-torneos-bonaerenses-discrimino-a-un-nino-de-tres-algarrobos\/\",\"url\":\"https:\/\/infoecos.com.ar\/index.php\/un-jurado-en-los-torneos-bonaerenses-discrimino-a-un-nino-de-tres-algarrobos\/\",\"name\":\"Un jurado en los Torneos Bonaerenses discrimin\u00f3 a un ni\u00f1o de Tres Algarrobos - Infoecos\",\"isPartOf\":{\"@id\":\"https:\/\/infoecos.com.ar\/#website\"},\"primaryImageOfPage\":{\"@id\":\"https:\/\/infoecos.com.ar\/index.php\/un-jurado-en-los-torneos-bonaerenses-discrimino-a-un-nino-de-tres-algarrobos\/#primaryimage\"},\"image\":{\"@id\":\"https:\/\/infoecos.com.ar\/index.php\/un-jurado-en-los-torneos-bonaerenses-discrimino-a-un-nino-de-tres-algarrobos\/#primaryimage\"},\"thumbnailUrl\":\"https:\/\/infoecos.com.ar\/wp-content\/uploads\/2022\/09\/image-81.png\",\"datePublished\":\"2022-09-19T05:07:43+00:00\",\"dateModified\":\"2022-09-21T06:22:05+00:00\",\"breadcrumb\":{\"@id\":\"https:\/\/infoecos.com.ar\/index.php\/un-jurado-en-los-torneos-bonaerenses-discrimino-a-un-nino-de-tres-algarrobos\/#breadcrumb\"},\"inLanguage\":\"es\",\"potentialAction\":[{\"@type\":\"ReadAction\",\"target\":[\"https:\/\/infoecos.com.ar\/index.php\/un-jurado-en-los-torneos-bonaerenses-discrimino-a-un-nino-de-tres-algarrobos\/\"]}]},{\"@type\":\"ImageObject\",\"inLanguage\":\"es\",\"@id\":\"https:\/\/infoecos.com.ar\/index.php\/un-jurado-en-los-torneos-bonaerenses-discrimino-a-un-nino-de-tres-algarrobos\/#primaryimage\",\"url\":\"https:\/\/infoecos.com.ar\/wp-content\/uploads\/2022\/09\/image-81.png\",\"contentUrl\":\"https:\/\/infoecos.com.ar\/wp-content\/uploads\/2022\/09\/image-81.png\",\"width\":620,\"height\":300},{\"@type\":\"BreadcrumbList\",\"@id\":\"https:\/\/infoecos.com.ar\/index.php\/un-jurado-en-los-torneos-bonaerenses-discrimino-a-un-nino-de-tres-algarrobos\/#breadcrumb\",\"itemListElement\":[{\"@type\":\"ListItem\",\"position\":1,\"name\":\"Portada\",\"item\":\"https:\/\/infoecos.com.ar\/\"},{\"@type\":\"ListItem\",\"position\":2,\"name\":\"Un jurado en los Torneos Bonaerenses discrimin\u00f3 a un ni\u00f1o de Tres Algarrobos\"}]},{\"@type\":\"WebSite\",\"@id\":\"https:\/\/infoecos.com.ar\/#website\",\"url\":\"https:\/\/infoecos.com.ar\/\",\"name\":\"Infoecos\",\"description\":\"Noticias de trenque lauquen y la zona\",\"publisher\":{\"@id\":\"https:\/\/infoecos.com.ar\/#organization\"},\"alternateName\":\"Noticias\",\"potentialAction\":[{\"@type\":\"SearchAction\",\"target\":{\"@type\":\"EntryPoint\",\"urlTemplate\":\"https:\/\/infoecos.com.ar\/?s={search_term_string}\"},\"query-input\":{\"@type\":\"PropertyValueSpecification\",\"valueRequired\":true,\"valueName\":\"search_term_string\"}}],\"inLanguage\":\"es\"},{\"@type\":\"Organization\",\"@id\":\"https:\/\/infoecos.com.ar\/#organization\",\"name\":\"Infoecos\",\"alternateName\":\"Noticias\",\"url\":\"https:\/\/infoecos.com.ar\/\",\"logo\":{\"@type\":\"ImageObject\",\"inLanguage\":\"es\",\"@id\":\"https:\/\/infoecos.com.ar\/#\/schema\/logo\/image\/\",\"url\":\"https:\/\/infoecos.com.ar\/wp-content\/uploads\/2024\/03\/cropped-logo.png\",\"contentUrl\":\"https:\/\/infoecos.com.ar\/wp-content\/uploads\/2024\/03\/cropped-logo.png\",\"width\":374,\"height\":90,\"caption\":\"Infoecos\"},\"image\":{\"@id\":\"https:\/\/infoecos.com.ar\/#\/schema\/logo\/image\/\"},\"sameAs\":[\"https:\/\/www.facebook.com\/profile.php?id=100063200290284\",\"https:\/\/x.com\/infoecos\"]},{\"@type\":\"Person\",\"@id\":\"https:\/\/infoecos.com.ar\/#\/schema\/person\/8f5ace5ce73b4b4aac4b7245aee6f191\",\"name\":\"Jorge Matheus\",\"url\":\"https:\/\/infoecos.com.ar\/index.php\/author\/jomatheus\/\"}]}<\/script>\n<!-- \/ Yoast SEO plugin. -->","yoast_head_json":{"title":"Un jurado en los Torneos Bonaerenses discrimin\u00f3 a un ni\u00f1o de Tres Algarrobos - Infoecos","robots":{"index":"index","follow":"follow","max-snippet":"max-snippet:-1","max-image-preview":"max-image-preview:large","max-video-preview":"max-video-preview:-1"},"canonical":"https:\/\/infoecos.com.ar\/index.php\/un-jurado-en-los-torneos-bonaerenses-discrimino-a-un-nino-de-tres-algarrobos\/","og_locale":"es_ES","og_type":"article","og_title":"Un jurado en los Torneos Bonaerenses discrimin\u00f3 a un ni\u00f1o de Tres Algarrobos - Infoecos","og_description":"La instancia regional se desarroll\u00f3 en Tres Lomas. La evaluaci\u00f3n estuvo a cargo de un representante de Tres Lomas, uno de Carlos Tejedor y uno de General Villegas","og_url":"https:\/\/infoecos.com.ar\/index.php\/un-jurado-en-los-torneos-bonaerenses-discrimino-a-un-nino-de-tres-algarrobos\/","og_site_name":"Infoecos","article_publisher":"https:\/\/www.facebook.com\/profile.php?id=100063200290284","article_published_time":"2022-09-19T05:07:43+00:00","article_modified_time":"2022-09-21T06:22:05+00:00","og_image":[{"width":620,"height":300,"url":"https:\/\/infoecos.com.ar\/wp-content\/uploads\/2022\/09\/image-81.png","type":"image\/png"}],"author":"Jorge Matheus","twitter_card":"summary_large_image","twitter_creator":"@infoecos","twitter_site":"@infoecos","twitter_misc":{"Escrito por":"Jorge Matheus","Tiempo de lectura":"3 minutos"},"schema":{"@context":"https:\/\/schema.org","@graph":[{"@type":"Article","@id":"https:\/\/infoecos.com.ar\/index.php\/un-jurado-en-los-torneos-bonaerenses-discrimino-a-un-nino-de-tres-algarrobos\/#article","isPartOf":{"@id":"https:\/\/infoecos.com.ar\/index.php\/un-jurado-en-los-torneos-bonaerenses-discrimino-a-un-nino-de-tres-algarrobos\/"},"author":{"name":"Jorge Matheus","@id":"https:\/\/infoecos.com.ar\/#\/schema\/person\/8f5ace5ce73b4b4aac4b7245aee6f191"},"headline":"Un jurado en los Torneos Bonaerenses discrimin\u00f3 a un ni\u00f1o de Tres Algarrobos","datePublished":"2022-09-19T05:07:43+00:00","dateModified":"2022-09-21T06:22:05+00:00","mainEntityOfPage":{"@id":"https:\/\/infoecos.com.ar\/index.php\/un-jurado-en-los-torneos-bonaerenses-discrimino-a-un-nino-de-tres-algarrobos\/"},"wordCount":551,"publisher":{"@id":"https:\/\/infoecos.com.ar\/#organization"},"image":{"@id":"https:\/\/infoecos.com.ar\/index.php\/un-jurado-en-los-torneos-bonaerenses-discrimino-a-un-nino-de-tres-algarrobos\/#primaryimage"},"thumbnailUrl":"https:\/\/infoecos.com.ar\/wp-content\/uploads\/2022\/09\/image-81.png","keywords":["BULLLYING"],"articleSection":["Bloque inferior - 5"],"inLanguage":"es"},{"@type":"WebPage","@id":"https:\/\/infoecos.com.ar\/index.php\/un-jurado-en-los-torneos-bonaerenses-discrimino-a-un-nino-de-tres-algarrobos\/","url":"https:\/\/infoecos.com.ar\/index.php\/un-jurado-en-los-torneos-bonaerenses-discrimino-a-un-nino-de-tres-algarrobos\/","name":"Un jurado en los Torneos Bonaerenses discrimin\u00f3 a un ni\u00f1o de Tres Algarrobos - Infoecos","isPartOf":{"@id":"https:\/\/infoecos.com.ar\/#website"},"primaryImageOfPage":{"@id":"https:\/\/infoecos.com.ar\/index.php\/un-jurado-en-los-torneos-bonaerenses-discrimino-a-un-nino-de-tres-algarrobos\/#primaryimage"},"image":{"@id":"https:\/\/infoecos.com.ar\/index.php\/un-jurado-en-los-torneos-bonaerenses-discrimino-a-un-nino-de-tres-algarrobos\/#primaryimage"},"thumbnailUrl":"https:\/\/infoecos.com.ar\/wp-content\/uploads\/2022\/09\/image-81.png","datePublished":"2022-09-19T05:07:43+00:00","dateModified":"2022-09-21T06:22:05+00:00","breadcrumb":{"@id":"https:\/\/infoecos.com.ar\/index.php\/un-jurado-en-los-torneos-bonaerenses-discrimino-a-un-nino-de-tres-algarrobos\/#breadcrumb"},"inLanguage":"es","potentialAction":[{"@type":"ReadAction","target":["https:\/\/infoecos.com.ar\/index.php\/un-jurado-en-los-torneos-bonaerenses-discrimino-a-un-nino-de-tres-algarrobos\/"]}]},{"@type":"ImageObject","inLanguage":"es","@id":"https:\/\/infoecos.com.ar\/index.php\/un-jurado-en-los-torneos-bonaerenses-discrimino-a-un-nino-de-tres-algarrobos\/#primaryimage","url":"https:\/\/infoecos.com.ar\/wp-content\/uploads\/2022\/09\/image-81.png","contentUrl":"https:\/\/infoecos.com.ar\/wp-content\/uploads\/2022\/09\/image-81.png","width":620,"height":300},{"@type":"BreadcrumbList","@id":"https:\/\/infoecos.com.ar\/index.php\/un-jurado-en-los-torneos-bonaerenses-discrimino-a-un-nino-de-tres-algarrobos\/#breadcrumb","itemListElement":[{"@type":"ListItem","position":1,"name":"Portada","item":"https:\/\/infoecos.com.ar\/"},{"@type":"ListItem","position":2,"name":"Un jurado en los Torneos Bonaerenses discrimin\u00f3 a un ni\u00f1o de Tres Algarrobos"}]},{"@type":"WebSite","@id":"https:\/\/infoecos.com.ar\/#website","url":"https:\/\/infoecos.com.ar\/","name":"Infoecos","description":"Noticias de trenque lauquen y la zona","publisher":{"@id":"https:\/\/infoecos.com.ar\/#organization"},"alternateName":"Noticias","potentialAction":[{"@type":"SearchAction","target":{"@type":"EntryPoint","urlTemplate":"https:\/\/infoecos.com.ar\/?s={search_term_string}"},"query-input":{"@type":"PropertyValueSpecification","valueRequired":true,"valueName":"search_term_string"}}],"inLanguage":"es"},{"@type":"Organization","@id":"https:\/\/infoecos.com.ar\/#organization","name":"Infoecos","alternateName":"Noticias","url":"https:\/\/infoecos.com.ar\/","logo":{"@type":"ImageObject","inLanguage":"es","@id":"https:\/\/infoecos.com.ar\/#\/schema\/logo\/image\/","url":"https:\/\/infoecos.com.ar\/wp-content\/uploads\/2024\/03\/cropped-logo.png","contentUrl":"https:\/\/infoecos.com.ar\/wp-content\/uploads\/2024\/03\/cropped-logo.png","width":374,"height":90,"caption":"Infoecos"},"image":{"@id":"https:\/\/infoecos.com.ar\/#\/schema\/logo\/image\/"},"sameAs":["https:\/\/www.facebook.com\/profile.php?id=100063200290284","https:\/\/x.com\/infoecos"]},{"@type":"Person","@id":"https:\/\/infoecos.com.ar\/#\/schema\/person\/8f5ace5ce73b4b4aac4b7245aee6f191","name":"Jorge Matheus","url":"https:\/\/infoecos.com.ar\/index.php\/author\/jomatheus\/"}]}},"featured_image_urls":{"full":["https:\/\/infoecos.com.ar\/wp-content\/uploads\/2022\/09\/image-81.png",620,300,false],"thumbnail":["https:\/\/infoecos.com.ar\/wp-content\/uploads\/2022\/09\/image-81-150x150.png",150,150,true],"medium":["https:\/\/infoecos.com.ar\/wp-content\/uploads\/2022\/09\/image-81-460x223.png",460,223,true],"medium_large":["https:\/\/infoecos.com.ar\/wp-content\/uploads\/2022\/09\/image-81.png",620,300,false],"large":["https:\/\/infoecos.com.ar\/wp-content\/uploads\/2022\/09\/image-81.png",620,300,false],"1536x1536":["https:\/\/infoecos.com.ar\/wp-content\/uploads\/2022\/09\/image-81.png",620,300,false],"2048x2048":["https:\/\/infoecos.com.ar\/wp-content\/uploads\/2022\/09\/image-81.png",620,300,false],"covernews-slider-full":["https:\/\/infoecos.com.ar\/wp-content\/uploads\/2022\/09\/image-81.png",620,300,false],"covernews-slider-center":["https:\/\/infoecos.com.ar\/wp-content\/uploads\/2022\/09\/image-81.png",620,300,false],"covernews-featured":["https:\/\/infoecos.com.ar\/wp-content\/uploads\/2022\/09\/image-81.png",620,300,false],"covernews-medium":["https:\/\/infoecos.com.ar\/wp-content\/uploads\/2022\/09\/image-81.png",540,261,false],"covernews-medium-square":["https:\/\/infoecos.com.ar\/wp-content\/uploads\/2022\/09\/image-81.png",400,194,false]},"author_info":{"info":["Jorge Matheus"]},"category_info":"<a href=\"https:\/\/infoecos.com.ar\/index.php\/category\/inferior5\/\" rel=\"category tag\">Bloque inferior - 5<\/a>","tag_info":"Bloque inferior - 5","comment_count":"0","_links":{"self":[{"href":"https:\/\/infoecos.com.ar\/index.php\/wp-json\/wp\/v2\/posts\/97716"}],"collection":[{"href":"https:\/\/infoecos.com.ar\/index.php\/wp-json\/wp\/v2\/posts"}],"about":[{"href":"https:\/\/infoecos.com.ar\/index.php\/wp-json\/wp\/v2\/types\/post"}],"author":[{"embeddable":true,"href":"https:\/\/infoecos.com.ar\/index.php\/wp-json\/wp\/v2\/users\/2"}],"replies":[{"embeddable":true,"href":"https:\/\/infoecos.com.ar\/index.php\/wp-json\/wp\/v2\/comments?post=97716"}],"version-history":[{"count":1,"href":"https:\/\/infoecos.com.ar\/index.php\/wp-json\/wp\/v2\/posts\/97716\/revisions"}],"predecessor-version":[{"id":97718,"href":"https:\/\/infoecos.com.ar\/index.php\/wp-json\/wp\/v2\/posts\/97716\/revisions\/97718"}],"wp:featuredmedia":[{"embeddable":true,"href":"https:\/\/infoecos.com.ar\/index.php\/wp-json\/wp\/v2\/media\/97717"}],"wp:attachment":[{"href":"https:\/\/infoecos.com.ar\/index.php\/wp-json\/wp\/v2\/media?parent=97716"}],"wp:term":[{"taxonomy":"category","embeddable":true,"href":"https:\/\/infoecos.com.ar\/index.php\/wp-json\/wp\/v2\/categories?post=97716"},{"taxonomy":"post_tag","embeddable":true,"href":"https:\/\/infoecos.com.ar\/index.php\/wp-json\/wp\/v2\/tags?post=97716"}],"curies":[{"name":"wp","href":"https:\/\/api.w.org\/{rel}","templated":true}]}}