{"id":97719,"date":"2022-09-19T02:16:18","date_gmt":"2022-09-19T05:16:18","guid":{"rendered":"http:\/\/infoecos.com.ar\/?p=97719"},"modified":"2022-09-21T03:22:40","modified_gmt":"2022-09-21T06:22:40","slug":"las-repercusiones-de-la-discriminacion-al-nino-de-tres-algarrobos-en-torneos-bonaerenses","status":"publish","type":"post","link":"https:\/\/infoecos.com.ar\/index.php\/las-repercusiones-de-la-discriminacion-al-nino-de-tres-algarrobos-en-torneos-bonaerenses\/","title":{"rendered":"Las repercusiones de la discriminaci\u00f3n al ni\u00f1o de Tres Algarrobos en Torneos Bonaerenses"},"content":{"rendered":"\n<p>En una entrevista en el programa radial Punto y Aparte el docente y profesor de teatro de Tres Algarrobos Marcelo Sosa brind\u00f3 detalles de lo que vivieron el pasado 26 de agosto en Tres Lomas cuando participaron de la etapa regional de los Torneos Bonaerenses con la obra teatral \u201cTr\u00e1tame Igual\u201d.<\/p>\n\n\n\n<figure class=\"wp-block-image aligncenter size-full is-resized\"><img loading=\"lazy\" decoding=\"async\" src=\"http:\/\/infoecos.com.ar\/wp-content\/uploads\/2022\/09\/image-82.png\" alt=\"\" class=\"wp-image-97720\" width=\"533\" height=\"298\"\/><\/figure>\n\n\n\n<p>La puesta teatral escrita por Sosa es interpretada por Mat\u00edas de 12 y Diago de 15 a\u00f1os y busca combatir el bullying, situaci\u00f3n que ambos protagonistas vivieron en su vida particular, Mat\u00edas por ser estudioso y Diago por ser ciego.<\/p>\n\n\n\n<p>\u201cEl teatro es un espacio para denunciar y es por eso que eleg\u00ed escribir una obra sobre bullying. Me pareci\u00f3 interesante que Diago pudiera participar ri\u00e9ndose de su discapacidad. Ganamos la etapa local y cuando fuimos a Tres Lomas luego de la presentaci\u00f3n que sali\u00f3 excelente el jurado nos llam\u00f3 para hacernos una devoluci\u00f3n\u201d cont\u00f3 Sosa.<\/p>\n\n\n\n<p><mark style=\"background-color:rgba(0, 0, 0, 0)\" class=\"has-inline-color has-vivid-red-color\"><strong>Fue en ese momento cuando uno de los jurados, oriundo de Villegas, lo primero que me dijo fue porqu\u00e9 llevamos a un nene no vidente para ser parte de la obra, que no pod\u00edan calificar a un nene vidente contra un no vidente. Adem\u00e1s que era imposible que est\u00e9n por encima de grupos que hace tiempo vienen trabajando.<\/strong><\/mark><\/p>\n\n\n\n<p>\u201cMe gener\u00f3 una gran impotencia, la obra sali\u00f3 perfecta, Diago y Mat\u00edas la interpretaron muy bien, tuvimos la mejor obra y puesta en escena\u201d coment\u00f3 Sosa y explic\u00f3 que fueron descalificados.<\/p>\n\n\n\n<figure class=\"wp-block-embed is-type-video is-provider-youtube wp-block-embed-youtube wp-embed-aspect-16-9 wp-has-aspect-ratio\"><div class=\"wp-block-embed__wrapper\">\n<iframe loading=\"lazy\" title=\"Marcelo Sosa, profesor de Teatro.\" width=\"640\" height=\"360\" src=\"https:\/\/www.youtube.com\/embed\/dsQKs2w3ccA?feature=oembed\" frameborder=\"0\" allow=\"accelerometer; autoplay; clipboard-write; encrypted-media; gyroscope; picture-in-picture; web-share\" referrerpolicy=\"strict-origin-when-cross-origin\" allowfullscreen><\/iframe>\n<\/div><\/figure>\n","protected":false},"excerpt":{"rendered":"<p>\u201cMe gener\u00f3 una gran impotencia, la obra sali\u00f3 perfecta, Diago y Mat\u00edas la interpretaron muy bien, tuvimos la mejor obra y puesta en escena\u201d, coment\u00f3 el director de la obra<\/p>\n","protected":false},"author":2,"featured_media":97720,"comment_status":"closed","ping_status":"open","sticky":false,"template":"","format":"standard","meta":{"footnotes":""},"categories":[26],"tags":[6770],"class_list":["post-97719","post","type-post","status-publish","format-standard","has-post-thumbnail","hentry","category-inferior6","tag-rivadaviaonline-com-ar"],"yoast_head":"<!-- This site is optimized with the Yoast SEO plugin v23.4 - https:\/\/yoast.com\/wordpress\/plugins\/seo\/ -->\n<title>Las repercusiones de la discriminaci\u00f3n al ni\u00f1o de Tres Algarrobos en Torneos Bonaerenses - Infoecos<\/title>\n<meta name=\"robots\" content=\"index, follow, max-snippet:-1, max-image-preview:large, max-video-preview:-1\" \/>\n<link rel=\"canonical\" href=\"https:\/\/infoecos.com.ar\/index.php\/las-repercusiones-de-la-discriminacion-al-nino-de-tres-algarrobos-en-torneos-bonaerenses\/\" \/>\n<meta property=\"og:locale\" content=\"es_ES\" \/>\n<meta property=\"og:type\" content=\"article\" \/>\n<meta property=\"og:title\" content=\"Las repercusiones de la discriminaci\u00f3n al ni\u00f1o de Tres Algarrobos en Torneos Bonaerenses - Infoecos\" \/>\n<meta property=\"og:description\" content=\"\u201cMe gener\u00f3 una gran impotencia, la obra sali\u00f3 perfecta, Diago y Mat\u00edas la interpretaron muy bien, tuvimos la mejor obra y puesta en escena\u201d, coment\u00f3 el director de la obra\" \/>\n<meta property=\"og:url\" content=\"https:\/\/infoecos.com.ar\/index.php\/las-repercusiones-de-la-discriminacion-al-nino-de-tres-algarrobos-en-torneos-bonaerenses\/\" \/>\n<meta property=\"og:site_name\" content=\"Infoecos\" \/>\n<meta property=\"article:publisher\" content=\"https:\/\/www.facebook.com\/profile.php?id=100063200290284\" \/>\n<meta property=\"article:published_time\" content=\"2022-09-19T05:16:18+00:00\" \/>\n<meta property=\"article:modified_time\" content=\"2022-09-21T06:22:40+00:00\" \/>\n<meta property=\"og:image\" content=\"https:\/\/infoecos.com.ar\/wp-content\/uploads\/2022\/09\/image-82.png\" \/>\n\t<meta property=\"og:image:width\" content=\"300\" \/>\n\t<meta property=\"og:image:height\" content=\"168\" \/>\n\t<meta property=\"og:image:type\" content=\"image\/png\" \/>\n<meta name=\"author\" content=\"Jorge Matheus\" \/>\n<meta name=\"twitter:card\" content=\"summary_large_image\" \/>\n<meta name=\"twitter:creator\" content=\"@infoecos\" \/>\n<meta name=\"twitter:site\" content=\"@infoecos\" \/>\n<meta name=\"twitter:label1\" content=\"Escrito por\" \/>\n\t<meta name=\"twitter:data1\" content=\"Jorge Matheus\" \/>\n\t<meta name=\"twitter:label2\" content=\"Tiempo de lectura\" \/>\n\t<meta name=\"twitter:data2\" content=\"1 minuto\" \/>\n<script type=\"application\/ld+json\" class=\"yoast-schema-graph\">{\"@context\":\"https:\/\/schema.org\",\"@graph\":[{\"@type\":\"Article\",\"@id\":\"https:\/\/infoecos.com.ar\/index.php\/las-repercusiones-de-la-discriminacion-al-nino-de-tres-algarrobos-en-torneos-bonaerenses\/#article\",\"isPartOf\":{\"@id\":\"https:\/\/infoecos.com.ar\/index.php\/las-repercusiones-de-la-discriminacion-al-nino-de-tres-algarrobos-en-torneos-bonaerenses\/\"},\"author\":{\"name\":\"Jorge Matheus\",\"@id\":\"https:\/\/infoecos.com.ar\/#\/schema\/person\/8f5ace5ce73b4b4aac4b7245aee6f191\"},\"headline\":\"Las repercusiones de la discriminaci\u00f3n al ni\u00f1o de Tres Algarrobos en Torneos Bonaerenses\",\"datePublished\":\"2022-09-19T05:16:18+00:00\",\"dateModified\":\"2022-09-21T06:22:40+00:00\",\"mainEntityOfPage\":{\"@id\":\"https:\/\/infoecos.com.ar\/index.php\/las-repercusiones-de-la-discriminacion-al-nino-de-tres-algarrobos-en-torneos-bonaerenses\/\"},\"wordCount\":273,\"publisher\":{\"@id\":\"https:\/\/infoecos.com.ar\/#organization\"},\"image\":{\"@id\":\"https:\/\/infoecos.com.ar\/index.php\/las-repercusiones-de-la-discriminacion-al-nino-de-tres-algarrobos-en-torneos-bonaerenses\/#primaryimage\"},\"thumbnailUrl\":\"https:\/\/infoecos.com.ar\/wp-content\/uploads\/2022\/09\/image-82.png\",\"keywords\":[\"RIVADAVIAONLINE.COM.AR\"],\"articleSection\":[\"Bloque inferior - 6\"],\"inLanguage\":\"es\"},{\"@type\":\"WebPage\",\"@id\":\"https:\/\/infoecos.com.ar\/index.php\/las-repercusiones-de-la-discriminacion-al-nino-de-tres-algarrobos-en-torneos-bonaerenses\/\",\"url\":\"https:\/\/infoecos.com.ar\/index.php\/las-repercusiones-de-la-discriminacion-al-nino-de-tres-algarrobos-en-torneos-bonaerenses\/\",\"name\":\"Las repercusiones de la discriminaci\u00f3n al ni\u00f1o de Tres Algarrobos en Torneos Bonaerenses - Infoecos\",\"isPartOf\":{\"@id\":\"https:\/\/infoecos.com.ar\/#website\"},\"primaryImageOfPage\":{\"@id\":\"https:\/\/infoecos.com.ar\/index.php\/las-repercusiones-de-la-discriminacion-al-nino-de-tres-algarrobos-en-torneos-bonaerenses\/#primaryimage\"},\"image\":{\"@id\":\"https:\/\/infoecos.com.ar\/index.php\/las-repercusiones-de-la-discriminacion-al-nino-de-tres-algarrobos-en-torneos-bonaerenses\/#primaryimage\"},\"thumbnailUrl\":\"https:\/\/infoecos.com.ar\/wp-content\/uploads\/2022\/09\/image-82.png\",\"datePublished\":\"2022-09-19T05:16:18+00:00\",\"dateModified\":\"2022-09-21T06:22:40+00:00\",\"breadcrumb\":{\"@id\":\"https:\/\/infoecos.com.ar\/index.php\/las-repercusiones-de-la-discriminacion-al-nino-de-tres-algarrobos-en-torneos-bonaerenses\/#breadcrumb\"},\"inLanguage\":\"es\",\"potentialAction\":[{\"@type\":\"ReadAction\",\"target\":[\"https:\/\/infoecos.com.ar\/index.php\/las-repercusiones-de-la-discriminacion-al-nino-de-tres-algarrobos-en-torneos-bonaerenses\/\"]}]},{\"@type\":\"ImageObject\",\"inLanguage\":\"es\",\"@id\":\"https:\/\/infoecos.com.ar\/index.php\/las-repercusiones-de-la-discriminacion-al-nino-de-tres-algarrobos-en-torneos-bonaerenses\/#primaryimage\",\"url\":\"https:\/\/infoecos.com.ar\/wp-content\/uploads\/2022\/09\/image-82.png\",\"contentUrl\":\"https:\/\/infoecos.com.ar\/wp-content\/uploads\/2022\/09\/image-82.png\",\"width\":300,\"height\":168},{\"@type\":\"BreadcrumbList\",\"@id\":\"https:\/\/infoecos.com.ar\/index.php\/las-repercusiones-de-la-discriminacion-al-nino-de-tres-algarrobos-en-torneos-bonaerenses\/#breadcrumb\",\"itemListElement\":[{\"@type\":\"ListItem\",\"position\":1,\"name\":\"Portada\",\"item\":\"https:\/\/infoecos.com.ar\/\"},{\"@type\":\"ListItem\",\"position\":2,\"name\":\"Las repercusiones de la discriminaci\u00f3n al ni\u00f1o de Tres Algarrobos en Torneos Bonaerenses\"}]},{\"@type\":\"WebSite\",\"@id\":\"https:\/\/infoecos.com.ar\/#website\",\"url\":\"https:\/\/infoecos.com.ar\/\",\"name\":\"Infoecos\",\"description\":\"Noticias de trenque lauquen y la zona\",\"publisher\":{\"@id\":\"https:\/\/infoecos.com.ar\/#organization\"},\"alternateName\":\"Noticias\",\"potentialAction\":[{\"@type\":\"SearchAction\",\"target\":{\"@type\":\"EntryPoint\",\"urlTemplate\":\"https:\/\/infoecos.com.ar\/?s={search_term_string}\"},\"query-input\":{\"@type\":\"PropertyValueSpecification\",\"valueRequired\":true,\"valueName\":\"search_term_string\"}}],\"inLanguage\":\"es\"},{\"@type\":\"Organization\",\"@id\":\"https:\/\/infoecos.com.ar\/#organization\",\"name\":\"Infoecos\",\"alternateName\":\"Noticias\",\"url\":\"https:\/\/infoecos.com.ar\/\",\"logo\":{\"@type\":\"ImageObject\",\"inLanguage\":\"es\",\"@id\":\"https:\/\/infoecos.com.ar\/#\/schema\/logo\/image\/\",\"url\":\"https:\/\/infoecos.com.ar\/wp-content\/uploads\/2024\/03\/cropped-logo.png\",\"contentUrl\":\"https:\/\/infoecos.com.ar\/wp-content\/uploads\/2024\/03\/cropped-logo.png\",\"width\":374,\"height\":90,\"caption\":\"Infoecos\"},\"image\":{\"@id\":\"https:\/\/infoecos.com.ar\/#\/schema\/logo\/image\/\"},\"sameAs\":[\"https:\/\/www.facebook.com\/profile.php?id=100063200290284\",\"https:\/\/x.com\/infoecos\"]},{\"@type\":\"Person\",\"@id\":\"https:\/\/infoecos.com.ar\/#\/schema\/person\/8f5ace5ce73b4b4aac4b7245aee6f191\",\"name\":\"Jorge Matheus\",\"url\":\"https:\/\/infoecos.com.ar\/index.php\/author\/jomatheus\/\"}]}<\/script>\n<!-- \/ Yoast SEO plugin. -->","yoast_head_json":{"title":"Las repercusiones de la discriminaci\u00f3n al ni\u00f1o de Tres Algarrobos en Torneos Bonaerenses - Infoecos","robots":{"index":"index","follow":"follow","max-snippet":"max-snippet:-1","max-image-preview":"max-image-preview:large","max-video-preview":"max-video-preview:-1"},"canonical":"https:\/\/infoecos.com.ar\/index.php\/las-repercusiones-de-la-discriminacion-al-nino-de-tres-algarrobos-en-torneos-bonaerenses\/","og_locale":"es_ES","og_type":"article","og_title":"Las repercusiones de la discriminaci\u00f3n al ni\u00f1o de Tres Algarrobos en Torneos Bonaerenses - Infoecos","og_description":"\u201cMe gener\u00f3 una gran impotencia, la obra sali\u00f3 perfecta, Diago y Mat\u00edas la interpretaron muy bien, tuvimos la mejor obra y puesta en escena\u201d, coment\u00f3 el director de la obra","og_url":"https:\/\/infoecos.com.ar\/index.php\/las-repercusiones-de-la-discriminacion-al-nino-de-tres-algarrobos-en-torneos-bonaerenses\/","og_site_name":"Infoecos","article_publisher":"https:\/\/www.facebook.com\/profile.php?id=100063200290284","article_published_time":"2022-09-19T05:16:18+00:00","article_modified_time":"2022-09-21T06:22:40+00:00","og_image":[{"width":300,"height":168,"url":"https:\/\/infoecos.com.ar\/wp-content\/uploads\/2022\/09\/image-82.png","type":"image\/png"}],"author":"Jorge Matheus","twitter_card":"summary_large_image","twitter_creator":"@infoecos","twitter_site":"@infoecos","twitter_misc":{"Escrito por":"Jorge Matheus","Tiempo de lectura":"1 minuto"},"schema":{"@context":"https:\/\/schema.org","@graph":[{"@type":"Article","@id":"https:\/\/infoecos.com.ar\/index.php\/las-repercusiones-de-la-discriminacion-al-nino-de-tres-algarrobos-en-torneos-bonaerenses\/#article","isPartOf":{"@id":"https:\/\/infoecos.com.ar\/index.php\/las-repercusiones-de-la-discriminacion-al-nino-de-tres-algarrobos-en-torneos-bonaerenses\/"},"author":{"name":"Jorge Matheus","@id":"https:\/\/infoecos.com.ar\/#\/schema\/person\/8f5ace5ce73b4b4aac4b7245aee6f191"},"headline":"Las repercusiones de la discriminaci\u00f3n al ni\u00f1o de Tres Algarrobos en Torneos Bonaerenses","datePublished":"2022-09-19T05:16:18+00:00","dateModified":"2022-09-21T06:22:40+00:00","mainEntityOfPage":{"@id":"https:\/\/infoecos.com.ar\/index.php\/las-repercusiones-de-la-discriminacion-al-nino-de-tres-algarrobos-en-torneos-bonaerenses\/"},"wordCount":273,"publisher":{"@id":"https:\/\/infoecos.com.ar\/#organization"},"image":{"@id":"https:\/\/infoecos.com.ar\/index.php\/las-repercusiones-de-la-discriminacion-al-nino-de-tres-algarrobos-en-torneos-bonaerenses\/#primaryimage"},"thumbnailUrl":"https:\/\/infoecos.com.ar\/wp-content\/uploads\/2022\/09\/image-82.png","keywords":["RIVADAVIAONLINE.COM.AR"],"articleSection":["Bloque inferior - 6"],"inLanguage":"es"},{"@type":"WebPage","@id":"https:\/\/infoecos.com.ar\/index.php\/las-repercusiones-de-la-discriminacion-al-nino-de-tres-algarrobos-en-torneos-bonaerenses\/","url":"https:\/\/infoecos.com.ar\/index.php\/las-repercusiones-de-la-discriminacion-al-nino-de-tres-algarrobos-en-torneos-bonaerenses\/","name":"Las repercusiones de la discriminaci\u00f3n al ni\u00f1o de Tres Algarrobos en Torneos Bonaerenses - Infoecos","isPartOf":{"@id":"https:\/\/infoecos.com.ar\/#website"},"primaryImageOfPage":{"@id":"https:\/\/infoecos.com.ar\/index.php\/las-repercusiones-de-la-discriminacion-al-nino-de-tres-algarrobos-en-torneos-bonaerenses\/#primaryimage"},"image":{"@id":"https:\/\/infoecos.com.ar\/index.php\/las-repercusiones-de-la-discriminacion-al-nino-de-tres-algarrobos-en-torneos-bonaerenses\/#primaryimage"},"thumbnailUrl":"https:\/\/infoecos.com.ar\/wp-content\/uploads\/2022\/09\/image-82.png","datePublished":"2022-09-19T05:16:18+00:00","dateModified":"2022-09-21T06:22:40+00:00","breadcrumb":{"@id":"https:\/\/infoecos.com.ar\/index.php\/las-repercusiones-de-la-discriminacion-al-nino-de-tres-algarrobos-en-torneos-bonaerenses\/#breadcrumb"},"inLanguage":"es","potentialAction":[{"@type":"ReadAction","target":["https:\/\/infoecos.com.ar\/index.php\/las-repercusiones-de-la-discriminacion-al-nino-de-tres-algarrobos-en-torneos-bonaerenses\/"]}]},{"@type":"ImageObject","inLanguage":"es","@id":"https:\/\/infoecos.com.ar\/index.php\/las-repercusiones-de-la-discriminacion-al-nino-de-tres-algarrobos-en-torneos-bonaerenses\/#primaryimage","url":"https:\/\/infoecos.com.ar\/wp-content\/uploads\/2022\/09\/image-82.png","contentUrl":"https:\/\/infoecos.com.ar\/wp-content\/uploads\/2022\/09\/image-82.png","width":300,"height":168},{"@type":"BreadcrumbList","@id":"https:\/\/infoecos.com.ar\/index.php\/las-repercusiones-de-la-discriminacion-al-nino-de-tres-algarrobos-en-torneos-bonaerenses\/#breadcrumb","itemListElement":[{"@type":"ListItem","position":1,"name":"Portada","item":"https:\/\/infoecos.com.ar\/"},{"@type":"ListItem","position":2,"name":"Las repercusiones de la discriminaci\u00f3n al ni\u00f1o de Tres Algarrobos en Torneos Bonaerenses"}]},{"@type":"WebSite","@id":"https:\/\/infoecos.com.ar\/#website","url":"https:\/\/infoecos.com.ar\/","name":"Infoecos","description":"Noticias de trenque lauquen y la zona","publisher":{"@id":"https:\/\/infoecos.com.ar\/#organization"},"alternateName":"Noticias","potentialAction":[{"@type":"SearchAction","target":{"@type":"EntryPoint","urlTemplate":"https:\/\/infoecos.com.ar\/?s={search_term_string}"},"query-input":{"@type":"PropertyValueSpecification","valueRequired":true,"valueName":"search_term_string"}}],"inLanguage":"es"},{"@type":"Organization","@id":"https:\/\/infoecos.com.ar\/#organization","name":"Infoecos","alternateName":"Noticias","url":"https:\/\/infoecos.com.ar\/","logo":{"@type":"ImageObject","inLanguage":"es","@id":"https:\/\/infoecos.com.ar\/#\/schema\/logo\/image\/","url":"https:\/\/infoecos.com.ar\/wp-content\/uploads\/2024\/03\/cropped-logo.png","contentUrl":"https:\/\/infoecos.com.ar\/wp-content\/uploads\/2024\/03\/cropped-logo.png","width":374,"height":90,"caption":"Infoecos"},"image":{"@id":"https:\/\/infoecos.com.ar\/#\/schema\/logo\/image\/"},"sameAs":["https:\/\/www.facebook.com\/profile.php?id=100063200290284","https:\/\/x.com\/infoecos"]},{"@type":"Person","@id":"https:\/\/infoecos.com.ar\/#\/schema\/person\/8f5ace5ce73b4b4aac4b7245aee6f191","name":"Jorge Matheus","url":"https:\/\/infoecos.com.ar\/index.php\/author\/jomatheus\/"}]}},"featured_image_urls":{"full":["https:\/\/infoecos.com.ar\/wp-content\/uploads\/2022\/09\/image-82.png",300,168,false],"thumbnail":["https:\/\/infoecos.com.ar\/wp-content\/uploads\/2022\/09\/image-82-150x150.png",150,150,true],"medium":["https:\/\/infoecos.com.ar\/wp-content\/uploads\/2022\/09\/image-82.png",300,168,false],"medium_large":["https:\/\/infoecos.com.ar\/wp-content\/uploads\/2022\/09\/image-82.png",300,168,false],"large":["https:\/\/infoecos.com.ar\/wp-content\/uploads\/2022\/09\/image-82.png",300,168,false],"1536x1536":["https:\/\/infoecos.com.ar\/wp-content\/uploads\/2022\/09\/image-82.png",300,168,false],"2048x2048":["https:\/\/infoecos.com.ar\/wp-content\/uploads\/2022\/09\/image-82.png",300,168,false],"covernews-slider-full":["https:\/\/infoecos.com.ar\/wp-content\/uploads\/2022\/09\/image-82.png",300,168,false],"covernews-slider-center":["https:\/\/infoecos.com.ar\/wp-content\/uploads\/2022\/09\/image-82.png",300,168,false],"covernews-featured":["https:\/\/infoecos.com.ar\/wp-content\/uploads\/2022\/09\/image-82.png",300,168,false],"covernews-medium":["https:\/\/infoecos.com.ar\/wp-content\/uploads\/2022\/09\/image-82.png",300,168,false],"covernews-medium-square":["https:\/\/infoecos.com.ar\/wp-content\/uploads\/2022\/09\/image-82.png",300,168,false]},"author_info":{"info":["Jorge Matheus"]},"category_info":"<a href=\"https:\/\/infoecos.com.ar\/index.php\/category\/inferior6\/\" rel=\"category tag\">Bloque inferior - 6<\/a>","tag_info":"Bloque inferior - 6","comment_count":"0","_links":{"self":[{"href":"https:\/\/infoecos.com.ar\/index.php\/wp-json\/wp\/v2\/posts\/97719"}],"collection":[{"href":"https:\/\/infoecos.com.ar\/index.php\/wp-json\/wp\/v2\/posts"}],"about":[{"href":"https:\/\/infoecos.com.ar\/index.php\/wp-json\/wp\/v2\/types\/post"}],"author":[{"embeddable":true,"href":"https:\/\/infoecos.com.ar\/index.php\/wp-json\/wp\/v2\/users\/2"}],"replies":[{"embeddable":true,"href":"https:\/\/infoecos.com.ar\/index.php\/wp-json\/wp\/v2\/comments?post=97719"}],"version-history":[{"count":2,"href":"https:\/\/infoecos.com.ar\/index.php\/wp-json\/wp\/v2\/posts\/97719\/revisions"}],"predecessor-version":[{"id":97723,"href":"https:\/\/infoecos.com.ar\/index.php\/wp-json\/wp\/v2\/posts\/97719\/revisions\/97723"}],"wp:featuredmedia":[{"embeddable":true,"href":"https:\/\/infoecos.com.ar\/index.php\/wp-json\/wp\/v2\/media\/97720"}],"wp:attachment":[{"href":"https:\/\/infoecos.com.ar\/index.php\/wp-json\/wp\/v2\/media?parent=97719"}],"wp:term":[{"taxonomy":"category","embeddable":true,"href":"https:\/\/infoecos.com.ar\/index.php\/wp-json\/wp\/v2\/categories?post=97719"},{"taxonomy":"post_tag","embeddable":true,"href":"https:\/\/infoecos.com.ar\/index.php\/wp-json\/wp\/v2\/tags?post=97719"}],"curies":[{"name":"wp","href":"https:\/\/api.w.org\/{rel}","templated":true}]}}