{"id":97746,"date":"2022-09-19T03:00:08","date_gmt":"2022-09-19T06:00:08","guid":{"rendered":"http:\/\/infoecos.com.ar\/?p=97746"},"modified":"2022-09-20T13:27:27","modified_gmt":"2022-09-20T16:27:27","slug":"funcionarios-y-legisladores-de-trenque-lauquen-asistieron-al-congreso-crea","status":"publish","type":"post","link":"https:\/\/infoecos.com.ar\/index.php\/funcionarios-y-legisladores-de-trenque-lauquen-asistieron-al-congreso-crea\/","title":{"rendered":"Funcionarios y legisladores de Trenque Lauquen asistieron al Congreso CREA"},"content":{"rendered":"\n<p>Dirigentes y funcionarios de Trenque Lauquen participaron del Congreso CREA que se desarroll\u00f3 en la Ciudad Aut\u00f3noma de Buenos Aires.<\/p>\n\n\n\n<figure class=\"wp-block-image aligncenter size-large is-resized\"><img loading=\"lazy\" decoding=\"async\" src=\"http:\/\/infoecos.com.ar\/wp-content\/uploads\/2022\/09\/306618350_496813308936055_9099551497622448498_n-920x690.jpg\" alt=\"\" class=\"wp-image-97747\" width=\"623\" height=\"467\" srcset=\"https:\/\/infoecos.com.ar\/wp-content\/uploads\/2022\/09\/306618350_496813308936055_9099551497622448498_n-920x690.jpg 920w, https:\/\/infoecos.com.ar\/wp-content\/uploads\/2022\/09\/306618350_496813308936055_9099551497622448498_n-460x345.jpg 460w, https:\/\/infoecos.com.ar\/wp-content\/uploads\/2022\/09\/306618350_496813308936055_9099551497622448498_n-768x576.jpg 768w, https:\/\/infoecos.com.ar\/wp-content\/uploads\/2022\/09\/306618350_496813308936055_9099551497622448498_n-1024x768.jpg 1024w, https:\/\/infoecos.com.ar\/wp-content\/uploads\/2022\/09\/306618350_496813308936055_9099551497622448498_n.jpg 1440w\" sizes=\"(max-width: 623px) 100vw, 623px\" \/><\/figure>\n\n\n\n<p>Del Departamento Ejecutivo asistieron Germana Cuniberti, Mart\u00edn Borraz\u00e1s y Marcelo Ferreyra, mientras que tambi\u00e9n lo hicieron Francisco Recoulat y Valent\u00edn Miranda, responsable del \u00e1rea de pol\u00edtica ambiental, subsecretario de gobierno, titular del \u00e1rea de tecnolog\u00eda municipal, concejal municipal y diputado provincial, respectivamente.<\/p>\n\n\n\n<figure class=\"wp-block-image aligncenter size-large is-resized\"><img loading=\"lazy\" decoding=\"async\" src=\"http:\/\/infoecos.com.ar\/wp-content\/uploads\/2022\/09\/306512272_496813298936056_6864161559353504314_n-843x920.jpg\" alt=\"\" class=\"wp-image-97748\" width=\"602\" height=\"656\" srcset=\"https:\/\/infoecos.com.ar\/wp-content\/uploads\/2022\/09\/306512272_496813298936056_6864161559353504314_n-843x920.jpg 843w, https:\/\/infoecos.com.ar\/wp-content\/uploads\/2022\/09\/306512272_496813298936056_6864161559353504314_n-421x460.jpg 421w, https:\/\/infoecos.com.ar\/wp-content\/uploads\/2022\/09\/306512272_496813298936056_6864161559353504314_n-768x838.jpg 768w, https:\/\/infoecos.com.ar\/wp-content\/uploads\/2022\/09\/306512272_496813298936056_6864161559353504314_n-1024x1118.jpg 1024w, https:\/\/infoecos.com.ar\/wp-content\/uploads\/2022\/09\/306512272_496813298936056_6864161559353504314_n.jpg 1200w\" sizes=\"(max-width: 602px) 100vw, 602px\" \/><\/figure>\n\n\n\n<p>En sus cuentas de redes sociales el legislador provincial por la cuarta secci\u00f3n electoral de Juntos, se\u00f1ala que <strong>fue un gran evento que nos permite conocer y aprender m\u00e1s sobre el campo, ampliando nuestra mirada y resaltando la innovaci\u00f3n constante del sector<\/strong>.<\/p>\n\n\n\n<p>Puntualiza tambi\u00e9n Valent\u00edn Miranda que <strong>debemos trabajar para potenciar el sector agropecuario, pilar principal de nuestra provincia y de nuestro pa\u00eds<\/strong>.<\/p>\n","protected":false},"excerpt":{"rendered":"<p>Del Departamento Ejecutivo asistieron Germana Cuniberti, Mart\u00edn Borraz\u00e1s y Marcelo Ferreyra, mientras que tambi\u00e9n lo hicieron Francisco Recoulat y Valent\u00edn Miranda<\/p>\n","protected":false},"author":2,"featured_media":97747,"comment_status":"closed","ping_status":"open","sticky":false,"template":"","format":"standard","meta":{"footnotes":""},"categories":[41],"tags":[6774],"class_list":["post-97746","post","type-post","status-publish","format-standard","has-post-thumbnail","hentry","category-inferior2","tag-destacaron-su-importancia"],"yoast_head":"<!-- This site is optimized with the Yoast SEO plugin v23.4 - https:\/\/yoast.com\/wordpress\/plugins\/seo\/ -->\n<title>Funcionarios y legisladores de Trenque Lauquen asistieron al Congreso CREA - Infoecos<\/title>\n<meta name=\"robots\" content=\"index, follow, max-snippet:-1, max-image-preview:large, max-video-preview:-1\" \/>\n<link rel=\"canonical\" href=\"https:\/\/infoecos.com.ar\/index.php\/funcionarios-y-legisladores-de-trenque-lauquen-asistieron-al-congreso-crea\/\" \/>\n<meta property=\"og:locale\" content=\"es_ES\" \/>\n<meta property=\"og:type\" content=\"article\" \/>\n<meta property=\"og:title\" content=\"Funcionarios y legisladores de Trenque Lauquen asistieron al Congreso CREA - Infoecos\" \/>\n<meta property=\"og:description\" content=\"Del Departamento Ejecutivo asistieron Germana Cuniberti, Mart\u00edn Borraz\u00e1s y Marcelo Ferreyra, mientras que tambi\u00e9n lo hicieron Francisco Recoulat y Valent\u00edn Miranda\" \/>\n<meta property=\"og:url\" content=\"https:\/\/infoecos.com.ar\/index.php\/funcionarios-y-legisladores-de-trenque-lauquen-asistieron-al-congreso-crea\/\" \/>\n<meta property=\"og:site_name\" content=\"Infoecos\" \/>\n<meta property=\"article:publisher\" content=\"https:\/\/www.facebook.com\/profile.php?id=100063200290284\" \/>\n<meta property=\"article:published_time\" content=\"2022-09-19T06:00:08+00:00\" \/>\n<meta property=\"article:modified_time\" content=\"2022-09-20T16:27:27+00:00\" \/>\n<meta property=\"og:image\" content=\"https:\/\/infoecos.com.ar\/wp-content\/uploads\/2022\/09\/306618350_496813308936055_9099551497622448498_n.jpg\" \/>\n\t<meta property=\"og:image:width\" content=\"1440\" \/>\n\t<meta property=\"og:image:height\" content=\"1080\" \/>\n\t<meta property=\"og:image:type\" content=\"image\/jpeg\" \/>\n<meta name=\"author\" content=\"Jorge Matheus\" \/>\n<meta name=\"twitter:card\" content=\"summary_large_image\" \/>\n<meta name=\"twitter:creator\" content=\"@infoecos\" \/>\n<meta name=\"twitter:site\" content=\"@infoecos\" \/>\n<meta name=\"twitter:label1\" content=\"Escrito por\" \/>\n\t<meta name=\"twitter:data1\" content=\"Jorge Matheus\" \/>\n\t<meta name=\"twitter:label2\" content=\"Tiempo de lectura\" \/>\n\t<meta name=\"twitter:data2\" content=\"1 minuto\" \/>\n<script type=\"application\/ld+json\" class=\"yoast-schema-graph\">{\"@context\":\"https:\/\/schema.org\",\"@graph\":[{\"@type\":\"Article\",\"@id\":\"https:\/\/infoecos.com.ar\/index.php\/funcionarios-y-legisladores-de-trenque-lauquen-asistieron-al-congreso-crea\/#article\",\"isPartOf\":{\"@id\":\"https:\/\/infoecos.com.ar\/index.php\/funcionarios-y-legisladores-de-trenque-lauquen-asistieron-al-congreso-crea\/\"},\"author\":{\"name\":\"Jorge Matheus\",\"@id\":\"https:\/\/infoecos.com.ar\/#\/schema\/person\/8f5ace5ce73b4b4aac4b7245aee6f191\"},\"headline\":\"Funcionarios y legisladores de Trenque Lauquen asistieron al Congreso CREA\",\"datePublished\":\"2022-09-19T06:00:08+00:00\",\"dateModified\":\"2022-09-20T16:27:27+00:00\",\"mainEntityOfPage\":{\"@id\":\"https:\/\/infoecos.com.ar\/index.php\/funcionarios-y-legisladores-de-trenque-lauquen-asistieron-al-congreso-crea\/\"},\"wordCount\":149,\"publisher\":{\"@id\":\"https:\/\/infoecos.com.ar\/#organization\"},\"image\":{\"@id\":\"https:\/\/infoecos.com.ar\/index.php\/funcionarios-y-legisladores-de-trenque-lauquen-asistieron-al-congreso-crea\/#primaryimage\"},\"thumbnailUrl\":\"https:\/\/infoecos.com.ar\/wp-content\/uploads\/2022\/09\/306618350_496813308936055_9099551497622448498_n.jpg\",\"keywords\":[\"DESTACARON SU IMPORTANCIA\"],\"articleSection\":[\"Bloque inferior - 2\"],\"inLanguage\":\"es\"},{\"@type\":\"WebPage\",\"@id\":\"https:\/\/infoecos.com.ar\/index.php\/funcionarios-y-legisladores-de-trenque-lauquen-asistieron-al-congreso-crea\/\",\"url\":\"https:\/\/infoecos.com.ar\/index.php\/funcionarios-y-legisladores-de-trenque-lauquen-asistieron-al-congreso-crea\/\",\"name\":\"Funcionarios y legisladores de Trenque Lauquen asistieron al Congreso CREA - Infoecos\",\"isPartOf\":{\"@id\":\"https:\/\/infoecos.com.ar\/#website\"},\"primaryImageOfPage\":{\"@id\":\"https:\/\/infoecos.com.ar\/index.php\/funcionarios-y-legisladores-de-trenque-lauquen-asistieron-al-congreso-crea\/#primaryimage\"},\"image\":{\"@id\":\"https:\/\/infoecos.com.ar\/index.php\/funcionarios-y-legisladores-de-trenque-lauquen-asistieron-al-congreso-crea\/#primaryimage\"},\"thumbnailUrl\":\"https:\/\/infoecos.com.ar\/wp-content\/uploads\/2022\/09\/306618350_496813308936055_9099551497622448498_n.jpg\",\"datePublished\":\"2022-09-19T06:00:08+00:00\",\"dateModified\":\"2022-09-20T16:27:27+00:00\",\"breadcrumb\":{\"@id\":\"https:\/\/infoecos.com.ar\/index.php\/funcionarios-y-legisladores-de-trenque-lauquen-asistieron-al-congreso-crea\/#breadcrumb\"},\"inLanguage\":\"es\",\"potentialAction\":[{\"@type\":\"ReadAction\",\"target\":[\"https:\/\/infoecos.com.ar\/index.php\/funcionarios-y-legisladores-de-trenque-lauquen-asistieron-al-congreso-crea\/\"]}]},{\"@type\":\"ImageObject\",\"inLanguage\":\"es\",\"@id\":\"https:\/\/infoecos.com.ar\/index.php\/funcionarios-y-legisladores-de-trenque-lauquen-asistieron-al-congreso-crea\/#primaryimage\",\"url\":\"https:\/\/infoecos.com.ar\/wp-content\/uploads\/2022\/09\/306618350_496813308936055_9099551497622448498_n.jpg\",\"contentUrl\":\"https:\/\/infoecos.com.ar\/wp-content\/uploads\/2022\/09\/306618350_496813308936055_9099551497622448498_n.jpg\",\"width\":1440,\"height\":1080},{\"@type\":\"BreadcrumbList\",\"@id\":\"https:\/\/infoecos.com.ar\/index.php\/funcionarios-y-legisladores-de-trenque-lauquen-asistieron-al-congreso-crea\/#breadcrumb\",\"itemListElement\":[{\"@type\":\"ListItem\",\"position\":1,\"name\":\"Portada\",\"item\":\"https:\/\/infoecos.com.ar\/\"},{\"@type\":\"ListItem\",\"position\":2,\"name\":\"Funcionarios y legisladores de Trenque Lauquen asistieron al Congreso CREA\"}]},{\"@type\":\"WebSite\",\"@id\":\"https:\/\/infoecos.com.ar\/#website\",\"url\":\"https:\/\/infoecos.com.ar\/\",\"name\":\"Infoecos\",\"description\":\"Noticias de trenque lauquen y la zona\",\"publisher\":{\"@id\":\"https:\/\/infoecos.com.ar\/#organization\"},\"alternateName\":\"Noticias\",\"potentialAction\":[{\"@type\":\"SearchAction\",\"target\":{\"@type\":\"EntryPoint\",\"urlTemplate\":\"https:\/\/infoecos.com.ar\/?s={search_term_string}\"},\"query-input\":{\"@type\":\"PropertyValueSpecification\",\"valueRequired\":true,\"valueName\":\"search_term_string\"}}],\"inLanguage\":\"es\"},{\"@type\":\"Organization\",\"@id\":\"https:\/\/infoecos.com.ar\/#organization\",\"name\":\"Infoecos\",\"alternateName\":\"Noticias\",\"url\":\"https:\/\/infoecos.com.ar\/\",\"logo\":{\"@type\":\"ImageObject\",\"inLanguage\":\"es\",\"@id\":\"https:\/\/infoecos.com.ar\/#\/schema\/logo\/image\/\",\"url\":\"https:\/\/infoecos.com.ar\/wp-content\/uploads\/2024\/03\/cropped-logo.png\",\"contentUrl\":\"https:\/\/infoecos.com.ar\/wp-content\/uploads\/2024\/03\/cropped-logo.png\",\"width\":374,\"height\":90,\"caption\":\"Infoecos\"},\"image\":{\"@id\":\"https:\/\/infoecos.com.ar\/#\/schema\/logo\/image\/\"},\"sameAs\":[\"https:\/\/www.facebook.com\/profile.php?id=100063200290284\",\"https:\/\/x.com\/infoecos\"]},{\"@type\":\"Person\",\"@id\":\"https:\/\/infoecos.com.ar\/#\/schema\/person\/8f5ace5ce73b4b4aac4b7245aee6f191\",\"name\":\"Jorge Matheus\",\"url\":\"https:\/\/infoecos.com.ar\/index.php\/author\/jomatheus\/\"}]}<\/script>\n<!-- \/ Yoast SEO plugin. -->","yoast_head_json":{"title":"Funcionarios y legisladores de Trenque Lauquen asistieron al Congreso CREA - Infoecos","robots":{"index":"index","follow":"follow","max-snippet":"max-snippet:-1","max-image-preview":"max-image-preview:large","max-video-preview":"max-video-preview:-1"},"canonical":"https:\/\/infoecos.com.ar\/index.php\/funcionarios-y-legisladores-de-trenque-lauquen-asistieron-al-congreso-crea\/","og_locale":"es_ES","og_type":"article","og_title":"Funcionarios y legisladores de Trenque Lauquen asistieron al Congreso CREA - Infoecos","og_description":"Del Departamento Ejecutivo asistieron Germana Cuniberti, Mart\u00edn Borraz\u00e1s y Marcelo Ferreyra, mientras que tambi\u00e9n lo hicieron Francisco Recoulat y Valent\u00edn Miranda","og_url":"https:\/\/infoecos.com.ar\/index.php\/funcionarios-y-legisladores-de-trenque-lauquen-asistieron-al-congreso-crea\/","og_site_name":"Infoecos","article_publisher":"https:\/\/www.facebook.com\/profile.php?id=100063200290284","article_published_time":"2022-09-19T06:00:08+00:00","article_modified_time":"2022-09-20T16:27:27+00:00","og_image":[{"width":1440,"height":1080,"url":"https:\/\/infoecos.com.ar\/wp-content\/uploads\/2022\/09\/306618350_496813308936055_9099551497622448498_n.jpg","type":"image\/jpeg"}],"author":"Jorge Matheus","twitter_card":"summary_large_image","twitter_creator":"@infoecos","twitter_site":"@infoecos","twitter_misc":{"Escrito por":"Jorge Matheus","Tiempo de lectura":"1 minuto"},"schema":{"@context":"https:\/\/schema.org","@graph":[{"@type":"Article","@id":"https:\/\/infoecos.com.ar\/index.php\/funcionarios-y-legisladores-de-trenque-lauquen-asistieron-al-congreso-crea\/#article","isPartOf":{"@id":"https:\/\/infoecos.com.ar\/index.php\/funcionarios-y-legisladores-de-trenque-lauquen-asistieron-al-congreso-crea\/"},"author":{"name":"Jorge Matheus","@id":"https:\/\/infoecos.com.ar\/#\/schema\/person\/8f5ace5ce73b4b4aac4b7245aee6f191"},"headline":"Funcionarios y legisladores de Trenque Lauquen asistieron al Congreso CREA","datePublished":"2022-09-19T06:00:08+00:00","dateModified":"2022-09-20T16:27:27+00:00","mainEntityOfPage":{"@id":"https:\/\/infoecos.com.ar\/index.php\/funcionarios-y-legisladores-de-trenque-lauquen-asistieron-al-congreso-crea\/"},"wordCount":149,"publisher":{"@id":"https:\/\/infoecos.com.ar\/#organization"},"image":{"@id":"https:\/\/infoecos.com.ar\/index.php\/funcionarios-y-legisladores-de-trenque-lauquen-asistieron-al-congreso-crea\/#primaryimage"},"thumbnailUrl":"https:\/\/infoecos.com.ar\/wp-content\/uploads\/2022\/09\/306618350_496813308936055_9099551497622448498_n.jpg","keywords":["DESTACARON SU IMPORTANCIA"],"articleSection":["Bloque inferior - 2"],"inLanguage":"es"},{"@type":"WebPage","@id":"https:\/\/infoecos.com.ar\/index.php\/funcionarios-y-legisladores-de-trenque-lauquen-asistieron-al-congreso-crea\/","url":"https:\/\/infoecos.com.ar\/index.php\/funcionarios-y-legisladores-de-trenque-lauquen-asistieron-al-congreso-crea\/","name":"Funcionarios y legisladores de Trenque Lauquen asistieron al Congreso CREA - Infoecos","isPartOf":{"@id":"https:\/\/infoecos.com.ar\/#website"},"primaryImageOfPage":{"@id":"https:\/\/infoecos.com.ar\/index.php\/funcionarios-y-legisladores-de-trenque-lauquen-asistieron-al-congreso-crea\/#primaryimage"},"image":{"@id":"https:\/\/infoecos.com.ar\/index.php\/funcionarios-y-legisladores-de-trenque-lauquen-asistieron-al-congreso-crea\/#primaryimage"},"thumbnailUrl":"https:\/\/infoecos.com.ar\/wp-content\/uploads\/2022\/09\/306618350_496813308936055_9099551497622448498_n.jpg","datePublished":"2022-09-19T06:00:08+00:00","dateModified":"2022-09-20T16:27:27+00:00","breadcrumb":{"@id":"https:\/\/infoecos.com.ar\/index.php\/funcionarios-y-legisladores-de-trenque-lauquen-asistieron-al-congreso-crea\/#breadcrumb"},"inLanguage":"es","potentialAction":[{"@type":"ReadAction","target":["https:\/\/infoecos.com.ar\/index.php\/funcionarios-y-legisladores-de-trenque-lauquen-asistieron-al-congreso-crea\/"]}]},{"@type":"ImageObject","inLanguage":"es","@id":"https:\/\/infoecos.com.ar\/index.php\/funcionarios-y-legisladores-de-trenque-lauquen-asistieron-al-congreso-crea\/#primaryimage","url":"https:\/\/infoecos.com.ar\/wp-content\/uploads\/2022\/09\/306618350_496813308936055_9099551497622448498_n.jpg","contentUrl":"https:\/\/infoecos.com.ar\/wp-content\/uploads\/2022\/09\/306618350_496813308936055_9099551497622448498_n.jpg","width":1440,"height":1080},{"@type":"BreadcrumbList","@id":"https:\/\/infoecos.com.ar\/index.php\/funcionarios-y-legisladores-de-trenque-lauquen-asistieron-al-congreso-crea\/#breadcrumb","itemListElement":[{"@type":"ListItem","position":1,"name":"Portada","item":"https:\/\/infoecos.com.ar\/"},{"@type":"ListItem","position":2,"name":"Funcionarios y legisladores de Trenque Lauquen asistieron al Congreso CREA"}]},{"@type":"WebSite","@id":"https:\/\/infoecos.com.ar\/#website","url":"https:\/\/infoecos.com.ar\/","name":"Infoecos","description":"Noticias de trenque lauquen y la zona","publisher":{"@id":"https:\/\/infoecos.com.ar\/#organization"},"alternateName":"Noticias","potentialAction":[{"@type":"SearchAction","target":{"@type":"EntryPoint","urlTemplate":"https:\/\/infoecos.com.ar\/?s={search_term_string}"},"query-input":{"@type":"PropertyValueSpecification","valueRequired":true,"valueName":"search_term_string"}}],"inLanguage":"es"},{"@type":"Organization","@id":"https:\/\/infoecos.com.ar\/#organization","name":"Infoecos","alternateName":"Noticias","url":"https:\/\/infoecos.com.ar\/","logo":{"@type":"ImageObject","inLanguage":"es","@id":"https:\/\/infoecos.com.ar\/#\/schema\/logo\/image\/","url":"https:\/\/infoecos.com.ar\/wp-content\/uploads\/2024\/03\/cropped-logo.png","contentUrl":"https:\/\/infoecos.com.ar\/wp-content\/uploads\/2024\/03\/cropped-logo.png","width":374,"height":90,"caption":"Infoecos"},"image":{"@id":"https:\/\/infoecos.com.ar\/#\/schema\/logo\/image\/"},"sameAs":["https:\/\/www.facebook.com\/profile.php?id=100063200290284","https:\/\/x.com\/infoecos"]},{"@type":"Person","@id":"https:\/\/infoecos.com.ar\/#\/schema\/person\/8f5ace5ce73b4b4aac4b7245aee6f191","name":"Jorge Matheus","url":"https:\/\/infoecos.com.ar\/index.php\/author\/jomatheus\/"}]}},"featured_image_urls":{"full":["https:\/\/infoecos.com.ar\/wp-content\/uploads\/2022\/09\/306618350_496813308936055_9099551497622448498_n.jpg",1440,1080,false],"thumbnail":["https:\/\/infoecos.com.ar\/wp-content\/uploads\/2022\/09\/306618350_496813308936055_9099551497622448498_n-150x150.jpg",150,150,true],"medium":["https:\/\/infoecos.com.ar\/wp-content\/uploads\/2022\/09\/306618350_496813308936055_9099551497622448498_n-460x345.jpg",460,345,true],"medium_large":["https:\/\/infoecos.com.ar\/wp-content\/uploads\/2022\/09\/306618350_496813308936055_9099551497622448498_n-768x576.jpg",640,480,true],"large":["https:\/\/infoecos.com.ar\/wp-content\/uploads\/2022\/09\/306618350_496813308936055_9099551497622448498_n-920x690.jpg",640,480,true],"1536x1536":["https:\/\/infoecos.com.ar\/wp-content\/uploads\/2022\/09\/306618350_496813308936055_9099551497622448498_n.jpg",1440,1080,false],"2048x2048":["https:\/\/infoecos.com.ar\/wp-content\/uploads\/2022\/09\/306618350_496813308936055_9099551497622448498_n.jpg",1440,1080,false],"covernews-slider-full":["https:\/\/infoecos.com.ar\/wp-content\/uploads\/2022\/09\/306618350_496813308936055_9099551497622448498_n-1440x1020.jpg",1009,715,true],"covernews-slider-center":["https:\/\/infoecos.com.ar\/wp-content\/uploads\/2022\/09\/306618350_496813308936055_9099551497622448498_n-936x897.jpg",522,500,true],"covernews-featured":["https:\/\/infoecos.com.ar\/wp-content\/uploads\/2022\/09\/306618350_496813308936055_9099551497622448498_n-1024x768.jpg",1024,768,true],"covernews-medium":["https:\/\/infoecos.com.ar\/wp-content\/uploads\/2022\/09\/306618350_496813308936055_9099551497622448498_n-720x380.jpg",540,285,true],"covernews-medium-square":["https:\/\/infoecos.com.ar\/wp-content\/uploads\/2022\/09\/306618350_496813308936055_9099551497622448498_n-675x450.jpg",375,250,true]},"author_info":{"info":["Jorge Matheus"]},"category_info":"<a href=\"https:\/\/infoecos.com.ar\/index.php\/category\/inferior2\/\" rel=\"category tag\">Bloque inferior - 2<\/a>","tag_info":"Bloque inferior - 2","comment_count":"0","_links":{"self":[{"href":"https:\/\/infoecos.com.ar\/index.php\/wp-json\/wp\/v2\/posts\/97746"}],"collection":[{"href":"https:\/\/infoecos.com.ar\/index.php\/wp-json\/wp\/v2\/posts"}],"about":[{"href":"https:\/\/infoecos.com.ar\/index.php\/wp-json\/wp\/v2\/types\/post"}],"author":[{"embeddable":true,"href":"https:\/\/infoecos.com.ar\/index.php\/wp-json\/wp\/v2\/users\/2"}],"replies":[{"embeddable":true,"href":"https:\/\/infoecos.com.ar\/index.php\/wp-json\/wp\/v2\/comments?post=97746"}],"version-history":[{"count":1,"href":"https:\/\/infoecos.com.ar\/index.php\/wp-json\/wp\/v2\/posts\/97746\/revisions"}],"predecessor-version":[{"id":97749,"href":"https:\/\/infoecos.com.ar\/index.php\/wp-json\/wp\/v2\/posts\/97746\/revisions\/97749"}],"wp:featuredmedia":[{"embeddable":true,"href":"https:\/\/infoecos.com.ar\/index.php\/wp-json\/wp\/v2\/media\/97747"}],"wp:attachment":[{"href":"https:\/\/infoecos.com.ar\/index.php\/wp-json\/wp\/v2\/media?parent=97746"}],"wp:term":[{"taxonomy":"category","embeddable":true,"href":"https:\/\/infoecos.com.ar\/index.php\/wp-json\/wp\/v2\/categories?post=97746"},{"taxonomy":"post_tag","embeddable":true,"href":"https:\/\/infoecos.com.ar\/index.php\/wp-json\/wp\/v2\/tags?post=97746"}],"curies":[{"name":"wp","href":"https:\/\/api.w.org\/{rel}","templated":true}]}}