{"id":97807,"date":"2022-09-20T03:54:57","date_gmt":"2022-09-20T06:54:57","guid":{"rendered":"http:\/\/infoecos.com.ar\/?p=97807"},"modified":"2022-09-21T03:17:23","modified_gmt":"2022-09-21T06:17:23","slug":"aumento-salarial-por-los-empleados-municipales-de-guamini","status":"publish","type":"post","link":"https:\/\/infoecos.com.ar\/index.php\/aumento-salarial-por-los-empleados-municipales-de-guamini\/","title":{"rendered":"Aumento salarial por los empleados municipales de Guamin\u00ed"},"content":{"rendered":"\n<p>El gobierno municipal de Guamin\u00ed inform\u00f3 que se acord\u00f3 un aumento que garantiza un salario m\u00ednimo de 55 mil pesos mensuales netos para los agentes que acrediten hasta un a\u00f1o de antig\u00fcedad. <\/p>\n\n\n\n<figure class=\"wp-block-image aligncenter size-large\"><img loading=\"lazy\" decoding=\"async\" width=\"610\" height=\"920\" src=\"http:\/\/infoecos.com.ar\/wp-content\/uploads\/2022\/07\/guamini-610x920.jpg\" alt=\"\" class=\"wp-image-95341\" srcset=\"https:\/\/infoecos.com.ar\/wp-content\/uploads\/2022\/07\/guamini-610x920.jpg 610w, https:\/\/infoecos.com.ar\/wp-content\/uploads\/2022\/07\/guamini-305x460.jpg 305w, https:\/\/infoecos.com.ar\/wp-content\/uploads\/2022\/07\/guamini-768x1159.jpg 768w, https:\/\/infoecos.com.ar\/wp-content\/uploads\/2022\/07\/guamini-1018x1536.jpg 1018w, https:\/\/infoecos.com.ar\/wp-content\/uploads\/2022\/07\/guamini-1024x1545.jpg 1024w, https:\/\/infoecos.com.ar\/wp-content\/uploads\/2022\/07\/guamini.jpg 1357w\" sizes=\"(max-width: 610px) 100vw, 610px\" \/><\/figure>\n\n\n\n<p>Se estableci\u00f3 un piso de 70 mil pesos mensuales netos en septiembre y de 75 mil a partir de octubre para quienes acrediten m\u00e1s de un a\u00f1o de antig\u00fcedad. <\/p>\n\n\n\n<p>Estos beneficio, se indica, alcanzar\u00e1n a aquellos agentes cuyos salarios se encuentren debajo de los mencionados importes.<\/p>\n\n\n\n<p>Finalmente se comunic\u00f3 que en Octubre se aumentar\u00e1 un 15 por ciento a los b\u00e1sicos de todo el personal. <\/p>\n\n\n\n<p><\/p>\n","protected":false},"excerpt":{"rendered":"<p>Un aumento que garantiza un salario m\u00ednimo de 55 mil pesos mensuales netos para los agentes que acrediten hasta un a\u00f1o de antig\u00fcedad<\/p>\n","protected":false},"author":2,"featured_media":95341,"comment_status":"closed","ping_status":"open","sticky":false,"template":"","format":"standard","meta":{"footnotes":""},"categories":[1341],"tags":[6784],"class_list":["post-97807","post","type-post","status-publish","format-standard","has-post-thumbnail","hentry","category-c1nota7","tag-acuerdo"],"yoast_head":"<!-- This site is optimized with the Yoast SEO plugin v23.4 - https:\/\/yoast.com\/wordpress\/plugins\/seo\/ -->\n<title>Aumento salarial por los empleados municipales de Guamin\u00ed - Infoecos<\/title>\n<meta name=\"robots\" content=\"index, follow, max-snippet:-1, max-image-preview:large, max-video-preview:-1\" \/>\n<link rel=\"canonical\" href=\"https:\/\/infoecos.com.ar\/index.php\/aumento-salarial-por-los-empleados-municipales-de-guamini\/\" \/>\n<meta property=\"og:locale\" content=\"es_ES\" \/>\n<meta property=\"og:type\" content=\"article\" \/>\n<meta property=\"og:title\" content=\"Aumento salarial por los empleados municipales de Guamin\u00ed - Infoecos\" \/>\n<meta property=\"og:description\" content=\"Un aumento que garantiza un salario m\u00ednimo de 55 mil pesos mensuales netos para los agentes que acrediten hasta un a\u00f1o de antig\u00fcedad\" \/>\n<meta property=\"og:url\" content=\"https:\/\/infoecos.com.ar\/index.php\/aumento-salarial-por-los-empleados-municipales-de-guamini\/\" \/>\n<meta property=\"og:site_name\" content=\"Infoecos\" \/>\n<meta property=\"article:publisher\" content=\"https:\/\/www.facebook.com\/profile.php?id=100063200290284\" \/>\n<meta property=\"article:published_time\" content=\"2022-09-20T06:54:57+00:00\" \/>\n<meta property=\"article:modified_time\" content=\"2022-09-21T06:17:23+00:00\" \/>\n<meta property=\"og:image\" content=\"https:\/\/infoecos.com.ar\/wp-content\/uploads\/2022\/07\/guamini.jpg\" \/>\n\t<meta property=\"og:image:width\" content=\"1357\" \/>\n\t<meta property=\"og:image:height\" content=\"2048\" \/>\n\t<meta property=\"og:image:type\" content=\"image\/jpeg\" \/>\n<meta name=\"author\" content=\"Jorge Matheus\" \/>\n<meta name=\"twitter:card\" content=\"summary_large_image\" \/>\n<meta name=\"twitter:creator\" content=\"@infoecos\" \/>\n<meta name=\"twitter:site\" content=\"@infoecos\" \/>\n<meta name=\"twitter:label1\" content=\"Escrito por\" \/>\n\t<meta name=\"twitter:data1\" content=\"Jorge Matheus\" \/>\n\t<meta name=\"twitter:label2\" content=\"Tiempo de lectura\" \/>\n\t<meta name=\"twitter:data2\" content=\"1 minuto\" \/>\n<script type=\"application\/ld+json\" class=\"yoast-schema-graph\">{\"@context\":\"https:\/\/schema.org\",\"@graph\":[{\"@type\":\"Article\",\"@id\":\"https:\/\/infoecos.com.ar\/index.php\/aumento-salarial-por-los-empleados-municipales-de-guamini\/#article\",\"isPartOf\":{\"@id\":\"https:\/\/infoecos.com.ar\/index.php\/aumento-salarial-por-los-empleados-municipales-de-guamini\/\"},\"author\":{\"name\":\"Jorge Matheus\",\"@id\":\"https:\/\/infoecos.com.ar\/#\/schema\/person\/8f5ace5ce73b4b4aac4b7245aee6f191\"},\"headline\":\"Aumento salarial por los empleados municipales de Guamin\u00ed\",\"datePublished\":\"2022-09-20T06:54:57+00:00\",\"dateModified\":\"2022-09-21T06:17:23+00:00\",\"mainEntityOfPage\":{\"@id\":\"https:\/\/infoecos.com.ar\/index.php\/aumento-salarial-por-los-empleados-municipales-de-guamini\/\"},\"wordCount\":109,\"publisher\":{\"@id\":\"https:\/\/infoecos.com.ar\/#organization\"},\"image\":{\"@id\":\"https:\/\/infoecos.com.ar\/index.php\/aumento-salarial-por-los-empleados-municipales-de-guamini\/#primaryimage\"},\"thumbnailUrl\":\"https:\/\/infoecos.com.ar\/wp-content\/uploads\/2022\/07\/guamini.jpg\",\"keywords\":[\"ACUERDO\"],\"articleSection\":[\"C1 nota 7\"],\"inLanguage\":\"es\"},{\"@type\":\"WebPage\",\"@id\":\"https:\/\/infoecos.com.ar\/index.php\/aumento-salarial-por-los-empleados-municipales-de-guamini\/\",\"url\":\"https:\/\/infoecos.com.ar\/index.php\/aumento-salarial-por-los-empleados-municipales-de-guamini\/\",\"name\":\"Aumento salarial por los empleados municipales de Guamin\u00ed - Infoecos\",\"isPartOf\":{\"@id\":\"https:\/\/infoecos.com.ar\/#website\"},\"primaryImageOfPage\":{\"@id\":\"https:\/\/infoecos.com.ar\/index.php\/aumento-salarial-por-los-empleados-municipales-de-guamini\/#primaryimage\"},\"image\":{\"@id\":\"https:\/\/infoecos.com.ar\/index.php\/aumento-salarial-por-los-empleados-municipales-de-guamini\/#primaryimage\"},\"thumbnailUrl\":\"https:\/\/infoecos.com.ar\/wp-content\/uploads\/2022\/07\/guamini.jpg\",\"datePublished\":\"2022-09-20T06:54:57+00:00\",\"dateModified\":\"2022-09-21T06:17:23+00:00\",\"breadcrumb\":{\"@id\":\"https:\/\/infoecos.com.ar\/index.php\/aumento-salarial-por-los-empleados-municipales-de-guamini\/#breadcrumb\"},\"inLanguage\":\"es\",\"potentialAction\":[{\"@type\":\"ReadAction\",\"target\":[\"https:\/\/infoecos.com.ar\/index.php\/aumento-salarial-por-los-empleados-municipales-de-guamini\/\"]}]},{\"@type\":\"ImageObject\",\"inLanguage\":\"es\",\"@id\":\"https:\/\/infoecos.com.ar\/index.php\/aumento-salarial-por-los-empleados-municipales-de-guamini\/#primaryimage\",\"url\":\"https:\/\/infoecos.com.ar\/wp-content\/uploads\/2022\/07\/guamini.jpg\",\"contentUrl\":\"https:\/\/infoecos.com.ar\/wp-content\/uploads\/2022\/07\/guamini.jpg\",\"width\":1357,\"height\":2048},{\"@type\":\"BreadcrumbList\",\"@id\":\"https:\/\/infoecos.com.ar\/index.php\/aumento-salarial-por-los-empleados-municipales-de-guamini\/#breadcrumb\",\"itemListElement\":[{\"@type\":\"ListItem\",\"position\":1,\"name\":\"Portada\",\"item\":\"https:\/\/infoecos.com.ar\/\"},{\"@type\":\"ListItem\",\"position\":2,\"name\":\"Aumento salarial por los empleados municipales de Guamin\u00ed\"}]},{\"@type\":\"WebSite\",\"@id\":\"https:\/\/infoecos.com.ar\/#website\",\"url\":\"https:\/\/infoecos.com.ar\/\",\"name\":\"Infoecos\",\"description\":\"Noticias de trenque lauquen y la zona\",\"publisher\":{\"@id\":\"https:\/\/infoecos.com.ar\/#organization\"},\"alternateName\":\"Noticias\",\"potentialAction\":[{\"@type\":\"SearchAction\",\"target\":{\"@type\":\"EntryPoint\",\"urlTemplate\":\"https:\/\/infoecos.com.ar\/?s={search_term_string}\"},\"query-input\":{\"@type\":\"PropertyValueSpecification\",\"valueRequired\":true,\"valueName\":\"search_term_string\"}}],\"inLanguage\":\"es\"},{\"@type\":\"Organization\",\"@id\":\"https:\/\/infoecos.com.ar\/#organization\",\"name\":\"Infoecos\",\"alternateName\":\"Noticias\",\"url\":\"https:\/\/infoecos.com.ar\/\",\"logo\":{\"@type\":\"ImageObject\",\"inLanguage\":\"es\",\"@id\":\"https:\/\/infoecos.com.ar\/#\/schema\/logo\/image\/\",\"url\":\"https:\/\/infoecos.com.ar\/wp-content\/uploads\/2024\/03\/cropped-logo.png\",\"contentUrl\":\"https:\/\/infoecos.com.ar\/wp-content\/uploads\/2024\/03\/cropped-logo.png\",\"width\":374,\"height\":90,\"caption\":\"Infoecos\"},\"image\":{\"@id\":\"https:\/\/infoecos.com.ar\/#\/schema\/logo\/image\/\"},\"sameAs\":[\"https:\/\/www.facebook.com\/profile.php?id=100063200290284\",\"https:\/\/x.com\/infoecos\"]},{\"@type\":\"Person\",\"@id\":\"https:\/\/infoecos.com.ar\/#\/schema\/person\/8f5ace5ce73b4b4aac4b7245aee6f191\",\"name\":\"Jorge Matheus\",\"url\":\"https:\/\/infoecos.com.ar\/index.php\/author\/jomatheus\/\"}]}<\/script>\n<!-- \/ Yoast SEO plugin. -->","yoast_head_json":{"title":"Aumento salarial por los empleados municipales de Guamin\u00ed - Infoecos","robots":{"index":"index","follow":"follow","max-snippet":"max-snippet:-1","max-image-preview":"max-image-preview:large","max-video-preview":"max-video-preview:-1"},"canonical":"https:\/\/infoecos.com.ar\/index.php\/aumento-salarial-por-los-empleados-municipales-de-guamini\/","og_locale":"es_ES","og_type":"article","og_title":"Aumento salarial por los empleados municipales de Guamin\u00ed - Infoecos","og_description":"Un aumento que garantiza un salario m\u00ednimo de 55 mil pesos mensuales netos para los agentes que acrediten hasta un a\u00f1o de antig\u00fcedad","og_url":"https:\/\/infoecos.com.ar\/index.php\/aumento-salarial-por-los-empleados-municipales-de-guamini\/","og_site_name":"Infoecos","article_publisher":"https:\/\/www.facebook.com\/profile.php?id=100063200290284","article_published_time":"2022-09-20T06:54:57+00:00","article_modified_time":"2022-09-21T06:17:23+00:00","og_image":[{"width":1357,"height":2048,"url":"https:\/\/infoecos.com.ar\/wp-content\/uploads\/2022\/07\/guamini.jpg","type":"image\/jpeg"}],"author":"Jorge Matheus","twitter_card":"summary_large_image","twitter_creator":"@infoecos","twitter_site":"@infoecos","twitter_misc":{"Escrito por":"Jorge Matheus","Tiempo de lectura":"1 minuto"},"schema":{"@context":"https:\/\/schema.org","@graph":[{"@type":"Article","@id":"https:\/\/infoecos.com.ar\/index.php\/aumento-salarial-por-los-empleados-municipales-de-guamini\/#article","isPartOf":{"@id":"https:\/\/infoecos.com.ar\/index.php\/aumento-salarial-por-los-empleados-municipales-de-guamini\/"},"author":{"name":"Jorge Matheus","@id":"https:\/\/infoecos.com.ar\/#\/schema\/person\/8f5ace5ce73b4b4aac4b7245aee6f191"},"headline":"Aumento salarial por los empleados municipales de Guamin\u00ed","datePublished":"2022-09-20T06:54:57+00:00","dateModified":"2022-09-21T06:17:23+00:00","mainEntityOfPage":{"@id":"https:\/\/infoecos.com.ar\/index.php\/aumento-salarial-por-los-empleados-municipales-de-guamini\/"},"wordCount":109,"publisher":{"@id":"https:\/\/infoecos.com.ar\/#organization"},"image":{"@id":"https:\/\/infoecos.com.ar\/index.php\/aumento-salarial-por-los-empleados-municipales-de-guamini\/#primaryimage"},"thumbnailUrl":"https:\/\/infoecos.com.ar\/wp-content\/uploads\/2022\/07\/guamini.jpg","keywords":["ACUERDO"],"articleSection":["C1 nota 7"],"inLanguage":"es"},{"@type":"WebPage","@id":"https:\/\/infoecos.com.ar\/index.php\/aumento-salarial-por-los-empleados-municipales-de-guamini\/","url":"https:\/\/infoecos.com.ar\/index.php\/aumento-salarial-por-los-empleados-municipales-de-guamini\/","name":"Aumento salarial por los empleados municipales de Guamin\u00ed - Infoecos","isPartOf":{"@id":"https:\/\/infoecos.com.ar\/#website"},"primaryImageOfPage":{"@id":"https:\/\/infoecos.com.ar\/index.php\/aumento-salarial-por-los-empleados-municipales-de-guamini\/#primaryimage"},"image":{"@id":"https:\/\/infoecos.com.ar\/index.php\/aumento-salarial-por-los-empleados-municipales-de-guamini\/#primaryimage"},"thumbnailUrl":"https:\/\/infoecos.com.ar\/wp-content\/uploads\/2022\/07\/guamini.jpg","datePublished":"2022-09-20T06:54:57+00:00","dateModified":"2022-09-21T06:17:23+00:00","breadcrumb":{"@id":"https:\/\/infoecos.com.ar\/index.php\/aumento-salarial-por-los-empleados-municipales-de-guamini\/#breadcrumb"},"inLanguage":"es","potentialAction":[{"@type":"ReadAction","target":["https:\/\/infoecos.com.ar\/index.php\/aumento-salarial-por-los-empleados-municipales-de-guamini\/"]}]},{"@type":"ImageObject","inLanguage":"es","@id":"https:\/\/infoecos.com.ar\/index.php\/aumento-salarial-por-los-empleados-municipales-de-guamini\/#primaryimage","url":"https:\/\/infoecos.com.ar\/wp-content\/uploads\/2022\/07\/guamini.jpg","contentUrl":"https:\/\/infoecos.com.ar\/wp-content\/uploads\/2022\/07\/guamini.jpg","width":1357,"height":2048},{"@type":"BreadcrumbList","@id":"https:\/\/infoecos.com.ar\/index.php\/aumento-salarial-por-los-empleados-municipales-de-guamini\/#breadcrumb","itemListElement":[{"@type":"ListItem","position":1,"name":"Portada","item":"https:\/\/infoecos.com.ar\/"},{"@type":"ListItem","position":2,"name":"Aumento salarial por los empleados municipales de Guamin\u00ed"}]},{"@type":"WebSite","@id":"https:\/\/infoecos.com.ar\/#website","url":"https:\/\/infoecos.com.ar\/","name":"Infoecos","description":"Noticias de trenque lauquen y la zona","publisher":{"@id":"https:\/\/infoecos.com.ar\/#organization"},"alternateName":"Noticias","potentialAction":[{"@type":"SearchAction","target":{"@type":"EntryPoint","urlTemplate":"https:\/\/infoecos.com.ar\/?s={search_term_string}"},"query-input":{"@type":"PropertyValueSpecification","valueRequired":true,"valueName":"search_term_string"}}],"inLanguage":"es"},{"@type":"Organization","@id":"https:\/\/infoecos.com.ar\/#organization","name":"Infoecos","alternateName":"Noticias","url":"https:\/\/infoecos.com.ar\/","logo":{"@type":"ImageObject","inLanguage":"es","@id":"https:\/\/infoecos.com.ar\/#\/schema\/logo\/image\/","url":"https:\/\/infoecos.com.ar\/wp-content\/uploads\/2024\/03\/cropped-logo.png","contentUrl":"https:\/\/infoecos.com.ar\/wp-content\/uploads\/2024\/03\/cropped-logo.png","width":374,"height":90,"caption":"Infoecos"},"image":{"@id":"https:\/\/infoecos.com.ar\/#\/schema\/logo\/image\/"},"sameAs":["https:\/\/www.facebook.com\/profile.php?id=100063200290284","https:\/\/x.com\/infoecos"]},{"@type":"Person","@id":"https:\/\/infoecos.com.ar\/#\/schema\/person\/8f5ace5ce73b4b4aac4b7245aee6f191","name":"Jorge Matheus","url":"https:\/\/infoecos.com.ar\/index.php\/author\/jomatheus\/"}]}},"featured_image_urls":{"full":["https:\/\/infoecos.com.ar\/wp-content\/uploads\/2022\/07\/guamini.jpg",1357,2048,false],"thumbnail":["https:\/\/infoecos.com.ar\/wp-content\/uploads\/2022\/07\/guamini-150x150.jpg",150,150,true],"medium":["https:\/\/infoecos.com.ar\/wp-content\/uploads\/2022\/07\/guamini-305x460.jpg",305,460,true],"medium_large":["https:\/\/infoecos.com.ar\/wp-content\/uploads\/2022\/07\/guamini-768x1159.jpg",640,966,true],"large":["https:\/\/infoecos.com.ar\/wp-content\/uploads\/2022\/07\/guamini-610x920.jpg",610,920,true],"1536x1536":["https:\/\/infoecos.com.ar\/wp-content\/uploads\/2022\/07\/guamini-1018x1536.jpg",1018,1536,true],"2048x2048":["https:\/\/infoecos.com.ar\/wp-content\/uploads\/2022\/07\/guamini.jpg",1357,2048,false],"covernews-slider-full":["https:\/\/infoecos.com.ar\/wp-content\/uploads\/2022\/07\/guamini-1357x1020.jpg",951,715,true],"covernews-slider-center":["https:\/\/infoecos.com.ar\/wp-content\/uploads\/2022\/07\/guamini-936x897.jpg",522,500,true],"covernews-featured":["https:\/\/infoecos.com.ar\/wp-content\/uploads\/2022\/07\/guamini-1024x1545.jpg",1024,1545,true],"covernews-medium":["https:\/\/infoecos.com.ar\/wp-content\/uploads\/2022\/07\/guamini-720x380.jpg",540,285,true],"covernews-medium-square":["https:\/\/infoecos.com.ar\/wp-content\/uploads\/2022\/07\/guamini-675x450.jpg",375,250,true]},"author_info":{"info":["Jorge Matheus"]},"category_info":"<a href=\"https:\/\/infoecos.com.ar\/index.php\/category\/c1nota7\/\" rel=\"category tag\">C1 nota 7<\/a>","tag_info":"C1 nota 7","comment_count":"0","_links":{"self":[{"href":"https:\/\/infoecos.com.ar\/index.php\/wp-json\/wp\/v2\/posts\/97807"}],"collection":[{"href":"https:\/\/infoecos.com.ar\/index.php\/wp-json\/wp\/v2\/posts"}],"about":[{"href":"https:\/\/infoecos.com.ar\/index.php\/wp-json\/wp\/v2\/types\/post"}],"author":[{"embeddable":true,"href":"https:\/\/infoecos.com.ar\/index.php\/wp-json\/wp\/v2\/users\/2"}],"replies":[{"embeddable":true,"href":"https:\/\/infoecos.com.ar\/index.php\/wp-json\/wp\/v2\/comments?post=97807"}],"version-history":[{"count":1,"href":"https:\/\/infoecos.com.ar\/index.php\/wp-json\/wp\/v2\/posts\/97807\/revisions"}],"predecessor-version":[{"id":97808,"href":"https:\/\/infoecos.com.ar\/index.php\/wp-json\/wp\/v2\/posts\/97807\/revisions\/97808"}],"wp:featuredmedia":[{"embeddable":true,"href":"https:\/\/infoecos.com.ar\/index.php\/wp-json\/wp\/v2\/media\/95341"}],"wp:attachment":[{"href":"https:\/\/infoecos.com.ar\/index.php\/wp-json\/wp\/v2\/media?parent=97807"}],"wp:term":[{"taxonomy":"category","embeddable":true,"href":"https:\/\/infoecos.com.ar\/index.php\/wp-json\/wp\/v2\/categories?post=97807"},{"taxonomy":"post_tag","embeddable":true,"href":"https:\/\/infoecos.com.ar\/index.php\/wp-json\/wp\/v2\/tags?post=97807"}],"curies":[{"name":"wp","href":"https:\/\/api.w.org\/{rel}","templated":true}]}}