{"id":97847,"date":"2022-09-21T01:35:04","date_gmt":"2022-09-21T04:35:04","guid":{"rendered":"http:\/\/infoecos.com.ar\/?p=97847"},"modified":"2022-09-21T15:53:46","modified_gmt":"2022-09-21T18:53:46","slug":"las-fotos-de-mirta-yolanda-cabrera-y-hector-omar-mansilla-que-publican-medios-de-bs-as","status":"publish","type":"post","link":"https:\/\/infoecos.com.ar\/index.php\/las-fotos-de-mirta-yolanda-cabrera-y-hector-omar-mansilla-que-publican-medios-de-bs-as\/","title":{"rendered":"Las fotos de Mirta Yolanda Cabrera y H\u00e9ctor Omar Mansilla, que publican medios de Bs.As"},"content":{"rendered":"\n<p>Por cuestiones de ineficiencia period\u00edstica del interior, pruritos a la hora de informar hechos conmovedores \u00f3 bien por la siempre acentuada influencia de los medios de la Ciudad Aut\u00f3noma de Buenos Aires, la nota que publica el sitio Infobae.com relacionada con la muerte de dos vecinos de Tres Lomas es amplia e incluso contiene dos fotograf\u00edas que no est\u00e1n en medios de la regi\u00f3n. Quiz\u00e1, es posible, tambi\u00e9n se deba a la necesidad de notoriedad que se busca alcanzar por parte de personas vinculadas con los medios, la justicia, la polic\u00eda y los propios vecinos de estas comunidades. <\/p>\n\n\n\n<p>El t\u00edtulo de Infobae.com es <strong>Femicidio en Tres Lomas: mat\u00f3 a su esposa y luego muri\u00f3 al chocar su auto contra un cami\u00f3n en la ruta<\/strong> y el link el siguiente <strong>https:\/\/www.infobae.com\/sociedad\/policiales\/2022\/09\/21\/femicidio-en-tres-lomas-mato-a-su-esposa-y-luego-murio-al-chocar-su-auto-contra-un-camion-en-la-ruta\/<\/strong><\/p>\n\n\n\n<p>Las fotos son las siguientes: <\/p>\n\n\n\n<figure class=\"wp-block-image size-large\"><img loading=\"lazy\" decoding=\"async\" width=\"920\" height=\"518\" src=\"http:\/\/infoecos.com.ar\/wp-content\/uploads\/2022\/09\/image-93-920x518.png\" alt=\"\" class=\"wp-image-97848\" srcset=\"https:\/\/infoecos.com.ar\/wp-content\/uploads\/2022\/09\/image-93-920x518.png 920w, https:\/\/infoecos.com.ar\/wp-content\/uploads\/2022\/09\/image-93-460x259.png 460w, https:\/\/infoecos.com.ar\/wp-content\/uploads\/2022\/09\/image-93-768x432.png 768w, https:\/\/infoecos.com.ar\/wp-content\/uploads\/2022\/09\/image-93.png 992w\" sizes=\"(max-width: 920px) 100vw, 920px\" \/><figcaption>Mirta Yolanda Cabrera (57) y H\u00e9ctor Omar Mansilla (63) estaban casados hac\u00eda dos a\u00f1os<\/figcaption><\/figure>\n\n\n\n<figure class=\"wp-block-image size-large\"><img loading=\"lazy\" decoding=\"async\" width=\"690\" height=\"920\" src=\"http:\/\/infoecos.com.ar\/wp-content\/uploads\/2022\/09\/image-94-690x920.png\" alt=\"\" class=\"wp-image-97849\" srcset=\"https:\/\/infoecos.com.ar\/wp-content\/uploads\/2022\/09\/image-94-690x920.png 690w, https:\/\/infoecos.com.ar\/wp-content\/uploads\/2022\/09\/image-94-345x460.png 345w, https:\/\/infoecos.com.ar\/wp-content\/uploads\/2022\/09\/image-94-768x1024.png 768w, https:\/\/infoecos.com.ar\/wp-content\/uploads\/2022\/09\/image-94.png 992w\" sizes=\"(max-width: 690px) 100vw, 690px\" \/><figcaption>Mirta Cabrera fue asesinada de, al menos, tres pu\u00f1aladas <\/figcaption><\/figure>\n\n\n\n<p>El canal de noticias TN tambi\u00e9n brinda especial espacio al hecho y publica la fotograf\u00eda que est\u00e1 m\u00e1s arriba. Es una de las noticias m\u00e1s destacadas de su portal www.tn.com.ar <\/p>\n\n\n\n<p><a href=\"https:\/\/tn.com.ar\/policiales\/2022\/09\/20\/peleas-y-gritos-en-la-oscuridad-los-detalles-detras-del-femicidio-que-conmociona-a-tres-lomas\/\">https:\/\/tn.com.ar\/policiales\/2022\/09\/20\/peleas-y-gritos-en-la-oscuridad-los-detalles-detras-del-femicidio-que-conmociona-a-tres-lomas\/<\/a><\/p>\n","protected":false},"excerpt":{"rendered":"<p>Por cuestiones de ineficiencia period\u00edstica del interior, pruritos a la hora de informar hechos conmovedores \u00f3 bien por la siempre acentuada influencia de los medios de la Ciudad Aut\u00f3noma de Buenos Aires, la nota que publica el sitio Infobae.com relacionada con la muerte de dos vecinos de Tres Lomas es amplia e incluso contiene dos fotograf\u00edas que no est\u00e1n en medios de la regi\u00f3n<\/p>\n","protected":false},"author":2,"featured_media":97848,"comment_status":"closed","ping_status":"open","sticky":false,"template":"","format":"standard","meta":{"footnotes":""},"categories":[41],"tags":[6788],"class_list":["post-97847","post","type-post","status-publish","format-standard","has-post-thumbnail","hentry","category-inferior2","tag-femicidio-y-suicidio"],"yoast_head":"<!-- This site is optimized with the Yoast SEO plugin v23.4 - https:\/\/yoast.com\/wordpress\/plugins\/seo\/ -->\n<title>Las fotos de Mirta Yolanda Cabrera y H\u00e9ctor Omar Mansilla, que publican medios de Bs.As - Infoecos<\/title>\n<meta name=\"robots\" content=\"index, follow, max-snippet:-1, max-image-preview:large, max-video-preview:-1\" \/>\n<link rel=\"canonical\" href=\"https:\/\/infoecos.com.ar\/index.php\/las-fotos-de-mirta-yolanda-cabrera-y-hector-omar-mansilla-que-publican-medios-de-bs-as\/\" \/>\n<meta property=\"og:locale\" content=\"es_ES\" \/>\n<meta property=\"og:type\" content=\"article\" \/>\n<meta property=\"og:title\" content=\"Las fotos de Mirta Yolanda Cabrera y H\u00e9ctor Omar Mansilla, que publican medios de Bs.As - Infoecos\" \/>\n<meta property=\"og:description\" content=\"Por cuestiones de ineficiencia period\u00edstica del interior, pruritos a la hora de informar hechos conmovedores \u00f3 bien por la siempre acentuada influencia de los medios de la Ciudad Aut\u00f3noma de Buenos Aires, la nota que publica el sitio Infobae.com relacionada con la muerte de dos vecinos de Tres Lomas es amplia e incluso contiene dos fotograf\u00edas que no est\u00e1n en medios de la regi\u00f3n\" \/>\n<meta property=\"og:url\" content=\"https:\/\/infoecos.com.ar\/index.php\/las-fotos-de-mirta-yolanda-cabrera-y-hector-omar-mansilla-que-publican-medios-de-bs-as\/\" \/>\n<meta property=\"og:site_name\" content=\"Infoecos\" \/>\n<meta property=\"article:publisher\" content=\"https:\/\/www.facebook.com\/profile.php?id=100063200290284\" \/>\n<meta property=\"article:published_time\" content=\"2022-09-21T04:35:04+00:00\" \/>\n<meta property=\"article:modified_time\" content=\"2022-09-21T18:53:46+00:00\" \/>\n<meta property=\"og:image\" content=\"https:\/\/infoecos.com.ar\/wp-content\/uploads\/2022\/09\/image-93.png\" \/>\n\t<meta property=\"og:image:width\" content=\"992\" \/>\n\t<meta property=\"og:image:height\" content=\"558\" \/>\n\t<meta property=\"og:image:type\" content=\"image\/png\" \/>\n<meta name=\"author\" content=\"Jorge Matheus\" \/>\n<meta name=\"twitter:card\" content=\"summary_large_image\" \/>\n<meta name=\"twitter:creator\" content=\"@infoecos\" \/>\n<meta name=\"twitter:site\" content=\"@infoecos\" \/>\n<meta name=\"twitter:label1\" content=\"Escrito por\" \/>\n\t<meta name=\"twitter:data1\" content=\"Jorge Matheus\" \/>\n\t<meta name=\"twitter:label2\" content=\"Tiempo de lectura\" \/>\n\t<meta name=\"twitter:data2\" content=\"1 minuto\" \/>\n<script type=\"application\/ld+json\" class=\"yoast-schema-graph\">{\"@context\":\"https:\/\/schema.org\",\"@graph\":[{\"@type\":\"Article\",\"@id\":\"https:\/\/infoecos.com.ar\/index.php\/las-fotos-de-mirta-yolanda-cabrera-y-hector-omar-mansilla-que-publican-medios-de-bs-as\/#article\",\"isPartOf\":{\"@id\":\"https:\/\/infoecos.com.ar\/index.php\/las-fotos-de-mirta-yolanda-cabrera-y-hector-omar-mansilla-que-publican-medios-de-bs-as\/\"},\"author\":{\"name\":\"Jorge Matheus\",\"@id\":\"https:\/\/infoecos.com.ar\/#\/schema\/person\/8f5ace5ce73b4b4aac4b7245aee6f191\"},\"headline\":\"Las fotos de Mirta Yolanda Cabrera y H\u00e9ctor Omar Mansilla, que publican medios de Bs.As\",\"datePublished\":\"2022-09-21T04:35:04+00:00\",\"dateModified\":\"2022-09-21T18:53:46+00:00\",\"mainEntityOfPage\":{\"@id\":\"https:\/\/infoecos.com.ar\/index.php\/las-fotos-de-mirta-yolanda-cabrera-y-hector-omar-mansilla-que-publican-medios-de-bs-as\/\"},\"wordCount\":236,\"publisher\":{\"@id\":\"https:\/\/infoecos.com.ar\/#organization\"},\"image\":{\"@id\":\"https:\/\/infoecos.com.ar\/index.php\/las-fotos-de-mirta-yolanda-cabrera-y-hector-omar-mansilla-que-publican-medios-de-bs-as\/#primaryimage\"},\"thumbnailUrl\":\"https:\/\/infoecos.com.ar\/wp-content\/uploads\/2022\/09\/image-93.png\",\"keywords\":[\"FEMICIDIO Y SUICIDIO\"],\"articleSection\":[\"Bloque inferior - 2\"],\"inLanguage\":\"es\"},{\"@type\":\"WebPage\",\"@id\":\"https:\/\/infoecos.com.ar\/index.php\/las-fotos-de-mirta-yolanda-cabrera-y-hector-omar-mansilla-que-publican-medios-de-bs-as\/\",\"url\":\"https:\/\/infoecos.com.ar\/index.php\/las-fotos-de-mirta-yolanda-cabrera-y-hector-omar-mansilla-que-publican-medios-de-bs-as\/\",\"name\":\"Las fotos de Mirta Yolanda Cabrera y H\u00e9ctor Omar Mansilla, que publican medios de Bs.As - Infoecos\",\"isPartOf\":{\"@id\":\"https:\/\/infoecos.com.ar\/#website\"},\"primaryImageOfPage\":{\"@id\":\"https:\/\/infoecos.com.ar\/index.php\/las-fotos-de-mirta-yolanda-cabrera-y-hector-omar-mansilla-que-publican-medios-de-bs-as\/#primaryimage\"},\"image\":{\"@id\":\"https:\/\/infoecos.com.ar\/index.php\/las-fotos-de-mirta-yolanda-cabrera-y-hector-omar-mansilla-que-publican-medios-de-bs-as\/#primaryimage\"},\"thumbnailUrl\":\"https:\/\/infoecos.com.ar\/wp-content\/uploads\/2022\/09\/image-93.png\",\"datePublished\":\"2022-09-21T04:35:04+00:00\",\"dateModified\":\"2022-09-21T18:53:46+00:00\",\"breadcrumb\":{\"@id\":\"https:\/\/infoecos.com.ar\/index.php\/las-fotos-de-mirta-yolanda-cabrera-y-hector-omar-mansilla-que-publican-medios-de-bs-as\/#breadcrumb\"},\"inLanguage\":\"es\",\"potentialAction\":[{\"@type\":\"ReadAction\",\"target\":[\"https:\/\/infoecos.com.ar\/index.php\/las-fotos-de-mirta-yolanda-cabrera-y-hector-omar-mansilla-que-publican-medios-de-bs-as\/\"]}]},{\"@type\":\"ImageObject\",\"inLanguage\":\"es\",\"@id\":\"https:\/\/infoecos.com.ar\/index.php\/las-fotos-de-mirta-yolanda-cabrera-y-hector-omar-mansilla-que-publican-medios-de-bs-as\/#primaryimage\",\"url\":\"https:\/\/infoecos.com.ar\/wp-content\/uploads\/2022\/09\/image-93.png\",\"contentUrl\":\"https:\/\/infoecos.com.ar\/wp-content\/uploads\/2022\/09\/image-93.png\",\"width\":992,\"height\":558},{\"@type\":\"BreadcrumbList\",\"@id\":\"https:\/\/infoecos.com.ar\/index.php\/las-fotos-de-mirta-yolanda-cabrera-y-hector-omar-mansilla-que-publican-medios-de-bs-as\/#breadcrumb\",\"itemListElement\":[{\"@type\":\"ListItem\",\"position\":1,\"name\":\"Portada\",\"item\":\"https:\/\/infoecos.com.ar\/\"},{\"@type\":\"ListItem\",\"position\":2,\"name\":\"Las fotos de Mirta Yolanda Cabrera y H\u00e9ctor Omar Mansilla, que publican medios de Bs.As\"}]},{\"@type\":\"WebSite\",\"@id\":\"https:\/\/infoecos.com.ar\/#website\",\"url\":\"https:\/\/infoecos.com.ar\/\",\"name\":\"Infoecos\",\"description\":\"Noticias de trenque lauquen y la zona\",\"publisher\":{\"@id\":\"https:\/\/infoecos.com.ar\/#organization\"},\"alternateName\":\"Noticias\",\"potentialAction\":[{\"@type\":\"SearchAction\",\"target\":{\"@type\":\"EntryPoint\",\"urlTemplate\":\"https:\/\/infoecos.com.ar\/?s={search_term_string}\"},\"query-input\":{\"@type\":\"PropertyValueSpecification\",\"valueRequired\":true,\"valueName\":\"search_term_string\"}}],\"inLanguage\":\"es\"},{\"@type\":\"Organization\",\"@id\":\"https:\/\/infoecos.com.ar\/#organization\",\"name\":\"Infoecos\",\"alternateName\":\"Noticias\",\"url\":\"https:\/\/infoecos.com.ar\/\",\"logo\":{\"@type\":\"ImageObject\",\"inLanguage\":\"es\",\"@id\":\"https:\/\/infoecos.com.ar\/#\/schema\/logo\/image\/\",\"url\":\"https:\/\/infoecos.com.ar\/wp-content\/uploads\/2024\/03\/cropped-logo.png\",\"contentUrl\":\"https:\/\/infoecos.com.ar\/wp-content\/uploads\/2024\/03\/cropped-logo.png\",\"width\":374,\"height\":90,\"caption\":\"Infoecos\"},\"image\":{\"@id\":\"https:\/\/infoecos.com.ar\/#\/schema\/logo\/image\/\"},\"sameAs\":[\"https:\/\/www.facebook.com\/profile.php?id=100063200290284\",\"https:\/\/x.com\/infoecos\"]},{\"@type\":\"Person\",\"@id\":\"https:\/\/infoecos.com.ar\/#\/schema\/person\/8f5ace5ce73b4b4aac4b7245aee6f191\",\"name\":\"Jorge Matheus\",\"url\":\"https:\/\/infoecos.com.ar\/index.php\/author\/jomatheus\/\"}]}<\/script>\n<!-- \/ Yoast SEO plugin. -->","yoast_head_json":{"title":"Las fotos de Mirta Yolanda Cabrera y H\u00e9ctor Omar Mansilla, que publican medios de Bs.As - Infoecos","robots":{"index":"index","follow":"follow","max-snippet":"max-snippet:-1","max-image-preview":"max-image-preview:large","max-video-preview":"max-video-preview:-1"},"canonical":"https:\/\/infoecos.com.ar\/index.php\/las-fotos-de-mirta-yolanda-cabrera-y-hector-omar-mansilla-que-publican-medios-de-bs-as\/","og_locale":"es_ES","og_type":"article","og_title":"Las fotos de Mirta Yolanda Cabrera y H\u00e9ctor Omar Mansilla, que publican medios de Bs.As - Infoecos","og_description":"Por cuestiones de ineficiencia period\u00edstica del interior, pruritos a la hora de informar hechos conmovedores \u00f3 bien por la siempre acentuada influencia de los medios de la Ciudad Aut\u00f3noma de Buenos Aires, la nota que publica el sitio Infobae.com relacionada con la muerte de dos vecinos de Tres Lomas es amplia e incluso contiene dos fotograf\u00edas que no est\u00e1n en medios de la regi\u00f3n","og_url":"https:\/\/infoecos.com.ar\/index.php\/las-fotos-de-mirta-yolanda-cabrera-y-hector-omar-mansilla-que-publican-medios-de-bs-as\/","og_site_name":"Infoecos","article_publisher":"https:\/\/www.facebook.com\/profile.php?id=100063200290284","article_published_time":"2022-09-21T04:35:04+00:00","article_modified_time":"2022-09-21T18:53:46+00:00","og_image":[{"width":992,"height":558,"url":"https:\/\/infoecos.com.ar\/wp-content\/uploads\/2022\/09\/image-93.png","type":"image\/png"}],"author":"Jorge Matheus","twitter_card":"summary_large_image","twitter_creator":"@infoecos","twitter_site":"@infoecos","twitter_misc":{"Escrito por":"Jorge Matheus","Tiempo de lectura":"1 minuto"},"schema":{"@context":"https:\/\/schema.org","@graph":[{"@type":"Article","@id":"https:\/\/infoecos.com.ar\/index.php\/las-fotos-de-mirta-yolanda-cabrera-y-hector-omar-mansilla-que-publican-medios-de-bs-as\/#article","isPartOf":{"@id":"https:\/\/infoecos.com.ar\/index.php\/las-fotos-de-mirta-yolanda-cabrera-y-hector-omar-mansilla-que-publican-medios-de-bs-as\/"},"author":{"name":"Jorge Matheus","@id":"https:\/\/infoecos.com.ar\/#\/schema\/person\/8f5ace5ce73b4b4aac4b7245aee6f191"},"headline":"Las fotos de Mirta Yolanda Cabrera y H\u00e9ctor Omar Mansilla, que publican medios de Bs.As","datePublished":"2022-09-21T04:35:04+00:00","dateModified":"2022-09-21T18:53:46+00:00","mainEntityOfPage":{"@id":"https:\/\/infoecos.com.ar\/index.php\/las-fotos-de-mirta-yolanda-cabrera-y-hector-omar-mansilla-que-publican-medios-de-bs-as\/"},"wordCount":236,"publisher":{"@id":"https:\/\/infoecos.com.ar\/#organization"},"image":{"@id":"https:\/\/infoecos.com.ar\/index.php\/las-fotos-de-mirta-yolanda-cabrera-y-hector-omar-mansilla-que-publican-medios-de-bs-as\/#primaryimage"},"thumbnailUrl":"https:\/\/infoecos.com.ar\/wp-content\/uploads\/2022\/09\/image-93.png","keywords":["FEMICIDIO Y SUICIDIO"],"articleSection":["Bloque inferior - 2"],"inLanguage":"es"},{"@type":"WebPage","@id":"https:\/\/infoecos.com.ar\/index.php\/las-fotos-de-mirta-yolanda-cabrera-y-hector-omar-mansilla-que-publican-medios-de-bs-as\/","url":"https:\/\/infoecos.com.ar\/index.php\/las-fotos-de-mirta-yolanda-cabrera-y-hector-omar-mansilla-que-publican-medios-de-bs-as\/","name":"Las fotos de Mirta Yolanda Cabrera y H\u00e9ctor Omar Mansilla, que publican medios de Bs.As - Infoecos","isPartOf":{"@id":"https:\/\/infoecos.com.ar\/#website"},"primaryImageOfPage":{"@id":"https:\/\/infoecos.com.ar\/index.php\/las-fotos-de-mirta-yolanda-cabrera-y-hector-omar-mansilla-que-publican-medios-de-bs-as\/#primaryimage"},"image":{"@id":"https:\/\/infoecos.com.ar\/index.php\/las-fotos-de-mirta-yolanda-cabrera-y-hector-omar-mansilla-que-publican-medios-de-bs-as\/#primaryimage"},"thumbnailUrl":"https:\/\/infoecos.com.ar\/wp-content\/uploads\/2022\/09\/image-93.png","datePublished":"2022-09-21T04:35:04+00:00","dateModified":"2022-09-21T18:53:46+00:00","breadcrumb":{"@id":"https:\/\/infoecos.com.ar\/index.php\/las-fotos-de-mirta-yolanda-cabrera-y-hector-omar-mansilla-que-publican-medios-de-bs-as\/#breadcrumb"},"inLanguage":"es","potentialAction":[{"@type":"ReadAction","target":["https:\/\/infoecos.com.ar\/index.php\/las-fotos-de-mirta-yolanda-cabrera-y-hector-omar-mansilla-que-publican-medios-de-bs-as\/"]}]},{"@type":"ImageObject","inLanguage":"es","@id":"https:\/\/infoecos.com.ar\/index.php\/las-fotos-de-mirta-yolanda-cabrera-y-hector-omar-mansilla-que-publican-medios-de-bs-as\/#primaryimage","url":"https:\/\/infoecos.com.ar\/wp-content\/uploads\/2022\/09\/image-93.png","contentUrl":"https:\/\/infoecos.com.ar\/wp-content\/uploads\/2022\/09\/image-93.png","width":992,"height":558},{"@type":"BreadcrumbList","@id":"https:\/\/infoecos.com.ar\/index.php\/las-fotos-de-mirta-yolanda-cabrera-y-hector-omar-mansilla-que-publican-medios-de-bs-as\/#breadcrumb","itemListElement":[{"@type":"ListItem","position":1,"name":"Portada","item":"https:\/\/infoecos.com.ar\/"},{"@type":"ListItem","position":2,"name":"Las fotos de Mirta Yolanda Cabrera y H\u00e9ctor Omar Mansilla, que publican medios de Bs.As"}]},{"@type":"WebSite","@id":"https:\/\/infoecos.com.ar\/#website","url":"https:\/\/infoecos.com.ar\/","name":"Infoecos","description":"Noticias de trenque lauquen y la zona","publisher":{"@id":"https:\/\/infoecos.com.ar\/#organization"},"alternateName":"Noticias","potentialAction":[{"@type":"SearchAction","target":{"@type":"EntryPoint","urlTemplate":"https:\/\/infoecos.com.ar\/?s={search_term_string}"},"query-input":{"@type":"PropertyValueSpecification","valueRequired":true,"valueName":"search_term_string"}}],"inLanguage":"es"},{"@type":"Organization","@id":"https:\/\/infoecos.com.ar\/#organization","name":"Infoecos","alternateName":"Noticias","url":"https:\/\/infoecos.com.ar\/","logo":{"@type":"ImageObject","inLanguage":"es","@id":"https:\/\/infoecos.com.ar\/#\/schema\/logo\/image\/","url":"https:\/\/infoecos.com.ar\/wp-content\/uploads\/2024\/03\/cropped-logo.png","contentUrl":"https:\/\/infoecos.com.ar\/wp-content\/uploads\/2024\/03\/cropped-logo.png","width":374,"height":90,"caption":"Infoecos"},"image":{"@id":"https:\/\/infoecos.com.ar\/#\/schema\/logo\/image\/"},"sameAs":["https:\/\/www.facebook.com\/profile.php?id=100063200290284","https:\/\/x.com\/infoecos"]},{"@type":"Person","@id":"https:\/\/infoecos.com.ar\/#\/schema\/person\/8f5ace5ce73b4b4aac4b7245aee6f191","name":"Jorge Matheus","url":"https:\/\/infoecos.com.ar\/index.php\/author\/jomatheus\/"}]}},"featured_image_urls":{"full":["https:\/\/infoecos.com.ar\/wp-content\/uploads\/2022\/09\/image-93.png",992,558,false],"thumbnail":["https:\/\/infoecos.com.ar\/wp-content\/uploads\/2022\/09\/image-93-150x150.png",150,150,true],"medium":["https:\/\/infoecos.com.ar\/wp-content\/uploads\/2022\/09\/image-93-460x259.png",460,259,true],"medium_large":["https:\/\/infoecos.com.ar\/wp-content\/uploads\/2022\/09\/image-93-768x432.png",640,360,true],"large":["https:\/\/infoecos.com.ar\/wp-content\/uploads\/2022\/09\/image-93-920x518.png",640,360,true],"1536x1536":["https:\/\/infoecos.com.ar\/wp-content\/uploads\/2022\/09\/image-93.png",992,558,false],"2048x2048":["https:\/\/infoecos.com.ar\/wp-content\/uploads\/2022\/09\/image-93.png",992,558,false],"covernews-slider-full":["https:\/\/infoecos.com.ar\/wp-content\/uploads\/2022\/09\/image-93.png",992,558,false],"covernews-slider-center":["https:\/\/infoecos.com.ar\/wp-content\/uploads\/2022\/09\/image-93-936x558.png",800,477,true],"covernews-featured":["https:\/\/infoecos.com.ar\/wp-content\/uploads\/2022\/09\/image-93.png",992,558,false],"covernews-medium":["https:\/\/infoecos.com.ar\/wp-content\/uploads\/2022\/09\/image-93-720x380.png",540,285,true],"covernews-medium-square":["https:\/\/infoecos.com.ar\/wp-content\/uploads\/2022\/09\/image-93-675x450.png",375,250,true]},"author_info":{"info":["Jorge Matheus"]},"category_info":"<a href=\"https:\/\/infoecos.com.ar\/index.php\/category\/inferior2\/\" rel=\"category tag\">Bloque inferior - 2<\/a>","tag_info":"Bloque inferior - 2","comment_count":"0","_links":{"self":[{"href":"https:\/\/infoecos.com.ar\/index.php\/wp-json\/wp\/v2\/posts\/97847"}],"collection":[{"href":"https:\/\/infoecos.com.ar\/index.php\/wp-json\/wp\/v2\/posts"}],"about":[{"href":"https:\/\/infoecos.com.ar\/index.php\/wp-json\/wp\/v2\/types\/post"}],"author":[{"embeddable":true,"href":"https:\/\/infoecos.com.ar\/index.php\/wp-json\/wp\/v2\/users\/2"}],"replies":[{"embeddable":true,"href":"https:\/\/infoecos.com.ar\/index.php\/wp-json\/wp\/v2\/comments?post=97847"}],"version-history":[{"count":1,"href":"https:\/\/infoecos.com.ar\/index.php\/wp-json\/wp\/v2\/posts\/97847\/revisions"}],"predecessor-version":[{"id":97850,"href":"https:\/\/infoecos.com.ar\/index.php\/wp-json\/wp\/v2\/posts\/97847\/revisions\/97850"}],"wp:featuredmedia":[{"embeddable":true,"href":"https:\/\/infoecos.com.ar\/index.php\/wp-json\/wp\/v2\/media\/97848"}],"wp:attachment":[{"href":"https:\/\/infoecos.com.ar\/index.php\/wp-json\/wp\/v2\/media?parent=97847"}],"wp:term":[{"taxonomy":"category","embeddable":true,"href":"https:\/\/infoecos.com.ar\/index.php\/wp-json\/wp\/v2\/categories?post=97847"},{"taxonomy":"post_tag","embeddable":true,"href":"https:\/\/infoecos.com.ar\/index.php\/wp-json\/wp\/v2\/tags?post=97847"}],"curies":[{"name":"wp","href":"https:\/\/api.w.org\/{rel}","templated":true}]}}