{"id":97851,"date":"2022-09-21T01:53:18","date_gmt":"2022-09-21T04:53:18","guid":{"rendered":"http:\/\/infoecos.com.ar\/?p=97851"},"modified":"2022-09-22T03:17:22","modified_gmt":"2022-09-22T06:17:22","slug":"elecciones-paso-kicillof-no-se-expreso-ni-a-favor-ni-en-contra-de-la-suspension","status":"publish","type":"post","link":"https:\/\/infoecos.com.ar\/index.php\/elecciones-paso-kicillof-no-se-expreso-ni-a-favor-ni-en-contra-de-la-suspension\/","title":{"rendered":"Elecciones PASO: Kicillof no se expres\u00f3 ni a favor, ni en contra de la suspensi\u00f3n"},"content":{"rendered":"\n<p>El gobernador de la Provincia de Buenos Aires, Axel Kicillof, se refiri\u00f3 a la posibilidad de suspender las Primarias Abiertas, Simult\u00e1neas y Obligatorias en 2023. <\/p>\n\n\n\n<figure class=\"wp-block-image aligncenter size-large is-resized\"><img loading=\"lazy\" decoding=\"async\" src=\"http:\/\/infoecos.com.ar\/wp-content\/uploads\/2021\/12\/kicillofjpg-920x518.jpg\" alt=\"\" class=\"wp-image-89689\" width=\"610\" height=\"342\" srcset=\"https:\/\/infoecos.com.ar\/wp-content\/uploads\/2021\/12\/kicillofjpg-920x518.jpg 920w, https:\/\/infoecos.com.ar\/wp-content\/uploads\/2021\/12\/kicillofjpg-460x259.jpg 460w, https:\/\/infoecos.com.ar\/wp-content\/uploads\/2021\/12\/kicillofjpg-768x432.jpg 768w, https:\/\/infoecos.com.ar\/wp-content\/uploads\/2021\/12\/kicillofjpg-1024x576.jpg 1024w, https:\/\/infoecos.com.ar\/wp-content\/uploads\/2021\/12\/kicillofjpg.jpg 1200w\" sizes=\"(max-width: 610px) 100vw, 610px\" \/><\/figure>\n\n\n\n<p>En el marco de un acuerdo que firm\u00f3 la Provincia con Unicef y distintos municipios para reforzar la garant\u00eda de derechos de ni\u00f1os, ni\u00f1as y adolescentes, brind\u00f3 una rueda de prensa. <\/p>\n\n\n\n<p>\u201cNosotros venimos pegados al gobierno nacional, a la PASO nacional por nuestra ley, con lo cual es un debate que se tiene que dar en el Congreso de la Naci\u00f3n\u201d, manifest\u00f3 Axel Kicillof. Luego, remarc\u00f3 que \u201cah\u00ed ver\u00edamos qu\u00e9 ocurrir\u00eda si el Congreso decide suspender las PASO de este a\u00f1o, o lo que decida\u201d.<\/p>\n\n\n\n<p>Subray\u00f3 que \u201cno puede ser una decisi\u00f3n independiente de la Provincia\u201d. Se\u00f1al\u00f3 que \u201cVe\u00eda una declaraci\u00f3n de Macri que dec\u00eda que estaba en contra totalmente de las PASO\u201d. \u201cEvidentemente creo que es un debate que se est\u00e1 dando y hay que escucharlo en detalle\u201d.<\/p>\n\n\n\n<p>Remarc\u00f3 desde su posici\u00f3n pol\u00edtica que \u201cNo es un resorte de la provincia, espero que lo hagan nuestros diputados nacionales en el Congreso\u201d.<\/p>\n","protected":false},"excerpt":{"rendered":"<p>En el marco de un acuerdo que firm\u00f3 la Provincia con Unicef y distintos municipios para reforzar la garant\u00eda de derechos de ni\u00f1os, ni\u00f1as y adolescentes, brind\u00f3 una rueda de prensa<\/p>\n","protected":false},"author":2,"featured_media":89689,"comment_status":"closed","ping_status":"open","sticky":false,"template":"","format":"standard","meta":{"footnotes":""},"categories":[1614],"tags":[6789],"class_list":["post-97851","post","type-post","status-publish","format-standard","has-post-thumbnail","hentry","category-c2nota7","tag-elecciones-2023"],"yoast_head":"<!-- This site is optimized with the Yoast SEO plugin v23.4 - https:\/\/yoast.com\/wordpress\/plugins\/seo\/ -->\n<title>Elecciones PASO: Kicillof no se expres\u00f3 ni a favor, ni en contra de la suspensi\u00f3n - Infoecos<\/title>\n<meta name=\"robots\" content=\"index, follow, max-snippet:-1, max-image-preview:large, max-video-preview:-1\" \/>\n<link rel=\"canonical\" href=\"https:\/\/infoecos.com.ar\/index.php\/elecciones-paso-kicillof-no-se-expreso-ni-a-favor-ni-en-contra-de-la-suspension\/\" \/>\n<meta property=\"og:locale\" content=\"es_ES\" \/>\n<meta property=\"og:type\" content=\"article\" \/>\n<meta property=\"og:title\" content=\"Elecciones PASO: Kicillof no se expres\u00f3 ni a favor, ni en contra de la suspensi\u00f3n - Infoecos\" \/>\n<meta property=\"og:description\" content=\"En el marco de un acuerdo que firm\u00f3 la Provincia con Unicef y distintos municipios para reforzar la garant\u00eda de derechos de ni\u00f1os, ni\u00f1as y adolescentes, brind\u00f3 una rueda de prensa\" \/>\n<meta property=\"og:url\" content=\"https:\/\/infoecos.com.ar\/index.php\/elecciones-paso-kicillof-no-se-expreso-ni-a-favor-ni-en-contra-de-la-suspension\/\" \/>\n<meta property=\"og:site_name\" content=\"Infoecos\" \/>\n<meta property=\"article:publisher\" content=\"https:\/\/www.facebook.com\/profile.php?id=100063200290284\" \/>\n<meta property=\"article:published_time\" content=\"2022-09-21T04:53:18+00:00\" \/>\n<meta property=\"article:modified_time\" content=\"2022-09-22T06:17:22+00:00\" \/>\n<meta property=\"og:image\" content=\"https:\/\/infoecos.com.ar\/wp-content\/uploads\/2021\/12\/kicillofjpg.jpg\" \/>\n\t<meta property=\"og:image:width\" content=\"1200\" \/>\n\t<meta property=\"og:image:height\" content=\"675\" \/>\n\t<meta property=\"og:image:type\" content=\"image\/jpeg\" \/>\n<meta name=\"author\" content=\"Jorge Matheus\" \/>\n<meta name=\"twitter:card\" content=\"summary_large_image\" \/>\n<meta name=\"twitter:creator\" content=\"@infoecos\" \/>\n<meta name=\"twitter:site\" content=\"@infoecos\" \/>\n<meta name=\"twitter:label1\" content=\"Escrito por\" \/>\n\t<meta name=\"twitter:data1\" content=\"Jorge Matheus\" \/>\n\t<meta name=\"twitter:label2\" content=\"Tiempo de lectura\" \/>\n\t<meta name=\"twitter:data2\" content=\"1 minuto\" \/>\n<script type=\"application\/ld+json\" class=\"yoast-schema-graph\">{\"@context\":\"https:\/\/schema.org\",\"@graph\":[{\"@type\":\"Article\",\"@id\":\"https:\/\/infoecos.com.ar\/index.php\/elecciones-paso-kicillof-no-se-expreso-ni-a-favor-ni-en-contra-de-la-suspension\/#article\",\"isPartOf\":{\"@id\":\"https:\/\/infoecos.com.ar\/index.php\/elecciones-paso-kicillof-no-se-expreso-ni-a-favor-ni-en-contra-de-la-suspension\/\"},\"author\":{\"name\":\"Jorge Matheus\",\"@id\":\"https:\/\/infoecos.com.ar\/#\/schema\/person\/8f5ace5ce73b4b4aac4b7245aee6f191\"},\"headline\":\"Elecciones PASO: Kicillof no se expres\u00f3 ni a favor, ni en contra de la suspensi\u00f3n\",\"datePublished\":\"2022-09-21T04:53:18+00:00\",\"dateModified\":\"2022-09-22T06:17:22+00:00\",\"mainEntityOfPage\":{\"@id\":\"https:\/\/infoecos.com.ar\/index.php\/elecciones-paso-kicillof-no-se-expreso-ni-a-favor-ni-en-contra-de-la-suspension\/\"},\"wordCount\":207,\"publisher\":{\"@id\":\"https:\/\/infoecos.com.ar\/#organization\"},\"image\":{\"@id\":\"https:\/\/infoecos.com.ar\/index.php\/elecciones-paso-kicillof-no-se-expreso-ni-a-favor-ni-en-contra-de-la-suspension\/#primaryimage\"},\"thumbnailUrl\":\"https:\/\/infoecos.com.ar\/wp-content\/uploads\/2021\/12\/kicillofjpg.jpg\",\"keywords\":[\"elecciones 2023\"],\"articleSection\":[\"C2 N7\"],\"inLanguage\":\"es\"},{\"@type\":\"WebPage\",\"@id\":\"https:\/\/infoecos.com.ar\/index.php\/elecciones-paso-kicillof-no-se-expreso-ni-a-favor-ni-en-contra-de-la-suspension\/\",\"url\":\"https:\/\/infoecos.com.ar\/index.php\/elecciones-paso-kicillof-no-se-expreso-ni-a-favor-ni-en-contra-de-la-suspension\/\",\"name\":\"Elecciones PASO: Kicillof no se expres\u00f3 ni a favor, ni en contra de la suspensi\u00f3n - Infoecos\",\"isPartOf\":{\"@id\":\"https:\/\/infoecos.com.ar\/#website\"},\"primaryImageOfPage\":{\"@id\":\"https:\/\/infoecos.com.ar\/index.php\/elecciones-paso-kicillof-no-se-expreso-ni-a-favor-ni-en-contra-de-la-suspension\/#primaryimage\"},\"image\":{\"@id\":\"https:\/\/infoecos.com.ar\/index.php\/elecciones-paso-kicillof-no-se-expreso-ni-a-favor-ni-en-contra-de-la-suspension\/#primaryimage\"},\"thumbnailUrl\":\"https:\/\/infoecos.com.ar\/wp-content\/uploads\/2021\/12\/kicillofjpg.jpg\",\"datePublished\":\"2022-09-21T04:53:18+00:00\",\"dateModified\":\"2022-09-22T06:17:22+00:00\",\"breadcrumb\":{\"@id\":\"https:\/\/infoecos.com.ar\/index.php\/elecciones-paso-kicillof-no-se-expreso-ni-a-favor-ni-en-contra-de-la-suspension\/#breadcrumb\"},\"inLanguage\":\"es\",\"potentialAction\":[{\"@type\":\"ReadAction\",\"target\":[\"https:\/\/infoecos.com.ar\/index.php\/elecciones-paso-kicillof-no-se-expreso-ni-a-favor-ni-en-contra-de-la-suspension\/\"]}]},{\"@type\":\"ImageObject\",\"inLanguage\":\"es\",\"@id\":\"https:\/\/infoecos.com.ar\/index.php\/elecciones-paso-kicillof-no-se-expreso-ni-a-favor-ni-en-contra-de-la-suspension\/#primaryimage\",\"url\":\"https:\/\/infoecos.com.ar\/wp-content\/uploads\/2021\/12\/kicillofjpg.jpg\",\"contentUrl\":\"https:\/\/infoecos.com.ar\/wp-content\/uploads\/2021\/12\/kicillofjpg.jpg\",\"width\":1200,\"height\":675},{\"@type\":\"BreadcrumbList\",\"@id\":\"https:\/\/infoecos.com.ar\/index.php\/elecciones-paso-kicillof-no-se-expreso-ni-a-favor-ni-en-contra-de-la-suspension\/#breadcrumb\",\"itemListElement\":[{\"@type\":\"ListItem\",\"position\":1,\"name\":\"Portada\",\"item\":\"https:\/\/infoecos.com.ar\/\"},{\"@type\":\"ListItem\",\"position\":2,\"name\":\"Elecciones PASO: Kicillof no se expres\u00f3 ni a favor, ni en contra de la suspensi\u00f3n\"}]},{\"@type\":\"WebSite\",\"@id\":\"https:\/\/infoecos.com.ar\/#website\",\"url\":\"https:\/\/infoecos.com.ar\/\",\"name\":\"Infoecos\",\"description\":\"Noticias de trenque lauquen y la zona\",\"publisher\":{\"@id\":\"https:\/\/infoecos.com.ar\/#organization\"},\"alternateName\":\"Noticias\",\"potentialAction\":[{\"@type\":\"SearchAction\",\"target\":{\"@type\":\"EntryPoint\",\"urlTemplate\":\"https:\/\/infoecos.com.ar\/?s={search_term_string}\"},\"query-input\":{\"@type\":\"PropertyValueSpecification\",\"valueRequired\":true,\"valueName\":\"search_term_string\"}}],\"inLanguage\":\"es\"},{\"@type\":\"Organization\",\"@id\":\"https:\/\/infoecos.com.ar\/#organization\",\"name\":\"Infoecos\",\"alternateName\":\"Noticias\",\"url\":\"https:\/\/infoecos.com.ar\/\",\"logo\":{\"@type\":\"ImageObject\",\"inLanguage\":\"es\",\"@id\":\"https:\/\/infoecos.com.ar\/#\/schema\/logo\/image\/\",\"url\":\"https:\/\/infoecos.com.ar\/wp-content\/uploads\/2024\/03\/cropped-logo.png\",\"contentUrl\":\"https:\/\/infoecos.com.ar\/wp-content\/uploads\/2024\/03\/cropped-logo.png\",\"width\":374,\"height\":90,\"caption\":\"Infoecos\"},\"image\":{\"@id\":\"https:\/\/infoecos.com.ar\/#\/schema\/logo\/image\/\"},\"sameAs\":[\"https:\/\/www.facebook.com\/profile.php?id=100063200290284\",\"https:\/\/x.com\/infoecos\"]},{\"@type\":\"Person\",\"@id\":\"https:\/\/infoecos.com.ar\/#\/schema\/person\/8f5ace5ce73b4b4aac4b7245aee6f191\",\"name\":\"Jorge Matheus\",\"url\":\"https:\/\/infoecos.com.ar\/index.php\/author\/jomatheus\/\"}]}<\/script>\n<!-- \/ Yoast SEO plugin. -->","yoast_head_json":{"title":"Elecciones PASO: Kicillof no se expres\u00f3 ni a favor, ni en contra de la suspensi\u00f3n - Infoecos","robots":{"index":"index","follow":"follow","max-snippet":"max-snippet:-1","max-image-preview":"max-image-preview:large","max-video-preview":"max-video-preview:-1"},"canonical":"https:\/\/infoecos.com.ar\/index.php\/elecciones-paso-kicillof-no-se-expreso-ni-a-favor-ni-en-contra-de-la-suspension\/","og_locale":"es_ES","og_type":"article","og_title":"Elecciones PASO: Kicillof no se expres\u00f3 ni a favor, ni en contra de la suspensi\u00f3n - Infoecos","og_description":"En el marco de un acuerdo que firm\u00f3 la Provincia con Unicef y distintos municipios para reforzar la garant\u00eda de derechos de ni\u00f1os, ni\u00f1as y adolescentes, brind\u00f3 una rueda de prensa","og_url":"https:\/\/infoecos.com.ar\/index.php\/elecciones-paso-kicillof-no-se-expreso-ni-a-favor-ni-en-contra-de-la-suspension\/","og_site_name":"Infoecos","article_publisher":"https:\/\/www.facebook.com\/profile.php?id=100063200290284","article_published_time":"2022-09-21T04:53:18+00:00","article_modified_time":"2022-09-22T06:17:22+00:00","og_image":[{"width":1200,"height":675,"url":"https:\/\/infoecos.com.ar\/wp-content\/uploads\/2021\/12\/kicillofjpg.jpg","type":"image\/jpeg"}],"author":"Jorge Matheus","twitter_card":"summary_large_image","twitter_creator":"@infoecos","twitter_site":"@infoecos","twitter_misc":{"Escrito por":"Jorge Matheus","Tiempo de lectura":"1 minuto"},"schema":{"@context":"https:\/\/schema.org","@graph":[{"@type":"Article","@id":"https:\/\/infoecos.com.ar\/index.php\/elecciones-paso-kicillof-no-se-expreso-ni-a-favor-ni-en-contra-de-la-suspension\/#article","isPartOf":{"@id":"https:\/\/infoecos.com.ar\/index.php\/elecciones-paso-kicillof-no-se-expreso-ni-a-favor-ni-en-contra-de-la-suspension\/"},"author":{"name":"Jorge Matheus","@id":"https:\/\/infoecos.com.ar\/#\/schema\/person\/8f5ace5ce73b4b4aac4b7245aee6f191"},"headline":"Elecciones PASO: Kicillof no se expres\u00f3 ni a favor, ni en contra de la suspensi\u00f3n","datePublished":"2022-09-21T04:53:18+00:00","dateModified":"2022-09-22T06:17:22+00:00","mainEntityOfPage":{"@id":"https:\/\/infoecos.com.ar\/index.php\/elecciones-paso-kicillof-no-se-expreso-ni-a-favor-ni-en-contra-de-la-suspension\/"},"wordCount":207,"publisher":{"@id":"https:\/\/infoecos.com.ar\/#organization"},"image":{"@id":"https:\/\/infoecos.com.ar\/index.php\/elecciones-paso-kicillof-no-se-expreso-ni-a-favor-ni-en-contra-de-la-suspension\/#primaryimage"},"thumbnailUrl":"https:\/\/infoecos.com.ar\/wp-content\/uploads\/2021\/12\/kicillofjpg.jpg","keywords":["elecciones 2023"],"articleSection":["C2 N7"],"inLanguage":"es"},{"@type":"WebPage","@id":"https:\/\/infoecos.com.ar\/index.php\/elecciones-paso-kicillof-no-se-expreso-ni-a-favor-ni-en-contra-de-la-suspension\/","url":"https:\/\/infoecos.com.ar\/index.php\/elecciones-paso-kicillof-no-se-expreso-ni-a-favor-ni-en-contra-de-la-suspension\/","name":"Elecciones PASO: Kicillof no se expres\u00f3 ni a favor, ni en contra de la suspensi\u00f3n - Infoecos","isPartOf":{"@id":"https:\/\/infoecos.com.ar\/#website"},"primaryImageOfPage":{"@id":"https:\/\/infoecos.com.ar\/index.php\/elecciones-paso-kicillof-no-se-expreso-ni-a-favor-ni-en-contra-de-la-suspension\/#primaryimage"},"image":{"@id":"https:\/\/infoecos.com.ar\/index.php\/elecciones-paso-kicillof-no-se-expreso-ni-a-favor-ni-en-contra-de-la-suspension\/#primaryimage"},"thumbnailUrl":"https:\/\/infoecos.com.ar\/wp-content\/uploads\/2021\/12\/kicillofjpg.jpg","datePublished":"2022-09-21T04:53:18+00:00","dateModified":"2022-09-22T06:17:22+00:00","breadcrumb":{"@id":"https:\/\/infoecos.com.ar\/index.php\/elecciones-paso-kicillof-no-se-expreso-ni-a-favor-ni-en-contra-de-la-suspension\/#breadcrumb"},"inLanguage":"es","potentialAction":[{"@type":"ReadAction","target":["https:\/\/infoecos.com.ar\/index.php\/elecciones-paso-kicillof-no-se-expreso-ni-a-favor-ni-en-contra-de-la-suspension\/"]}]},{"@type":"ImageObject","inLanguage":"es","@id":"https:\/\/infoecos.com.ar\/index.php\/elecciones-paso-kicillof-no-se-expreso-ni-a-favor-ni-en-contra-de-la-suspension\/#primaryimage","url":"https:\/\/infoecos.com.ar\/wp-content\/uploads\/2021\/12\/kicillofjpg.jpg","contentUrl":"https:\/\/infoecos.com.ar\/wp-content\/uploads\/2021\/12\/kicillofjpg.jpg","width":1200,"height":675},{"@type":"BreadcrumbList","@id":"https:\/\/infoecos.com.ar\/index.php\/elecciones-paso-kicillof-no-se-expreso-ni-a-favor-ni-en-contra-de-la-suspension\/#breadcrumb","itemListElement":[{"@type":"ListItem","position":1,"name":"Portada","item":"https:\/\/infoecos.com.ar\/"},{"@type":"ListItem","position":2,"name":"Elecciones PASO: Kicillof no se expres\u00f3 ni a favor, ni en contra de la suspensi\u00f3n"}]},{"@type":"WebSite","@id":"https:\/\/infoecos.com.ar\/#website","url":"https:\/\/infoecos.com.ar\/","name":"Infoecos","description":"Noticias de trenque lauquen y la zona","publisher":{"@id":"https:\/\/infoecos.com.ar\/#organization"},"alternateName":"Noticias","potentialAction":[{"@type":"SearchAction","target":{"@type":"EntryPoint","urlTemplate":"https:\/\/infoecos.com.ar\/?s={search_term_string}"},"query-input":{"@type":"PropertyValueSpecification","valueRequired":true,"valueName":"search_term_string"}}],"inLanguage":"es"},{"@type":"Organization","@id":"https:\/\/infoecos.com.ar\/#organization","name":"Infoecos","alternateName":"Noticias","url":"https:\/\/infoecos.com.ar\/","logo":{"@type":"ImageObject","inLanguage":"es","@id":"https:\/\/infoecos.com.ar\/#\/schema\/logo\/image\/","url":"https:\/\/infoecos.com.ar\/wp-content\/uploads\/2024\/03\/cropped-logo.png","contentUrl":"https:\/\/infoecos.com.ar\/wp-content\/uploads\/2024\/03\/cropped-logo.png","width":374,"height":90,"caption":"Infoecos"},"image":{"@id":"https:\/\/infoecos.com.ar\/#\/schema\/logo\/image\/"},"sameAs":["https:\/\/www.facebook.com\/profile.php?id=100063200290284","https:\/\/x.com\/infoecos"]},{"@type":"Person","@id":"https:\/\/infoecos.com.ar\/#\/schema\/person\/8f5ace5ce73b4b4aac4b7245aee6f191","name":"Jorge Matheus","url":"https:\/\/infoecos.com.ar\/index.php\/author\/jomatheus\/"}]}},"featured_image_urls":{"full":["https:\/\/infoecos.com.ar\/wp-content\/uploads\/2021\/12\/kicillofjpg.jpg",1200,675,false],"thumbnail":["https:\/\/infoecos.com.ar\/wp-content\/uploads\/2021\/12\/kicillofjpg-150x150.jpg",150,150,true],"medium":["https:\/\/infoecos.com.ar\/wp-content\/uploads\/2021\/12\/kicillofjpg-460x259.jpg",460,259,true],"medium_large":["https:\/\/infoecos.com.ar\/wp-content\/uploads\/2021\/12\/kicillofjpg-768x432.jpg",640,360,true],"large":["https:\/\/infoecos.com.ar\/wp-content\/uploads\/2021\/12\/kicillofjpg-920x518.jpg",640,360,true],"1536x1536":["https:\/\/infoecos.com.ar\/wp-content\/uploads\/2021\/12\/kicillofjpg.jpg",1200,675,false],"2048x2048":["https:\/\/infoecos.com.ar\/wp-content\/uploads\/2021\/12\/kicillofjpg.jpg",1200,675,false],"covernews-slider-full":["https:\/\/infoecos.com.ar\/wp-content\/uploads\/2021\/12\/kicillofjpg.jpg",1115,627,false],"covernews-slider-center":["https:\/\/infoecos.com.ar\/wp-content\/uploads\/2021\/12\/kicillofjpg-936x675.jpg",693,500,true],"covernews-featured":["https:\/\/infoecos.com.ar\/wp-content\/uploads\/2021\/12\/kicillofjpg-1024x576.jpg",1024,576,true],"covernews-medium":["https:\/\/infoecos.com.ar\/wp-content\/uploads\/2021\/12\/kicillofjpg-720x380.jpg",540,285,true],"covernews-medium-square":["https:\/\/infoecos.com.ar\/wp-content\/uploads\/2021\/12\/kicillofjpg-675x450.jpg",375,250,true]},"author_info":{"info":["Jorge Matheus"]},"category_info":"<a href=\"https:\/\/infoecos.com.ar\/index.php\/category\/c2nota7\/\" rel=\"category tag\">C2 N7<\/a>","tag_info":"C2 N7","comment_count":"0","_links":{"self":[{"href":"https:\/\/infoecos.com.ar\/index.php\/wp-json\/wp\/v2\/posts\/97851"}],"collection":[{"href":"https:\/\/infoecos.com.ar\/index.php\/wp-json\/wp\/v2\/posts"}],"about":[{"href":"https:\/\/infoecos.com.ar\/index.php\/wp-json\/wp\/v2\/types\/post"}],"author":[{"embeddable":true,"href":"https:\/\/infoecos.com.ar\/index.php\/wp-json\/wp\/v2\/users\/2"}],"replies":[{"embeddable":true,"href":"https:\/\/infoecos.com.ar\/index.php\/wp-json\/wp\/v2\/comments?post=97851"}],"version-history":[{"count":1,"href":"https:\/\/infoecos.com.ar\/index.php\/wp-json\/wp\/v2\/posts\/97851\/revisions"}],"predecessor-version":[{"id":97852,"href":"https:\/\/infoecos.com.ar\/index.php\/wp-json\/wp\/v2\/posts\/97851\/revisions\/97852"}],"wp:featuredmedia":[{"embeddable":true,"href":"https:\/\/infoecos.com.ar\/index.php\/wp-json\/wp\/v2\/media\/89689"}],"wp:attachment":[{"href":"https:\/\/infoecos.com.ar\/index.php\/wp-json\/wp\/v2\/media?parent=97851"}],"wp:term":[{"taxonomy":"category","embeddable":true,"href":"https:\/\/infoecos.com.ar\/index.php\/wp-json\/wp\/v2\/categories?post=97851"},{"taxonomy":"post_tag","embeddable":true,"href":"https:\/\/infoecos.com.ar\/index.php\/wp-json\/wp\/v2\/tags?post=97851"}],"curies":[{"name":"wp","href":"https:\/\/api.w.org\/{rel}","templated":true}]}}