{"id":97860,"date":"2022-09-21T02:37:26","date_gmt":"2022-09-21T05:37:26","guid":{"rendered":"http:\/\/infoecos.com.ar\/?p=97860"},"modified":"2022-09-24T04:28:54","modified_gmt":"2022-09-24T07:28:54","slug":"lincoln-sigue-mostrando-su-potencial-en-produccion-de-quesos","status":"publish","type":"post","link":"https:\/\/infoecos.com.ar\/index.php\/lincoln-sigue-mostrando-su-potencial-en-produccion-de-quesos\/","title":{"rendered":"Lincoln sigue mostrando su potencial en producci\u00f3n de quesos"},"content":{"rendered":"\n<p>En la Ciudad Aut\u00f3noma de Buenos Aires (CABA), se realiz\u00f3 el lanzamiento del&nbsp;<strong>programa nacional&nbsp;GustAr<\/strong>.<\/p>\n\n\n\n<figure class=\"wp-block-image aligncenter size-large is-resized\"><img loading=\"lazy\" decoding=\"async\" src=\"http:\/\/infoecos.com.ar\/wp-content\/uploads\/2022\/09\/WhatsApp-Image-2022-09-19-at-8.32.35-PM-920x614.jpeg\" alt=\"\" class=\"wp-image-97861\" width=\"500\" height=\"333\" srcset=\"https:\/\/infoecos.com.ar\/wp-content\/uploads\/2022\/09\/WhatsApp-Image-2022-09-19-at-8.32.35-PM-920x614.jpeg 920w, https:\/\/infoecos.com.ar\/wp-content\/uploads\/2022\/09\/WhatsApp-Image-2022-09-19-at-8.32.35-PM-460x307.jpeg 460w, https:\/\/infoecos.com.ar\/wp-content\/uploads\/2022\/09\/WhatsApp-Image-2022-09-19-at-8.32.35-PM-768x512.jpeg 768w, https:\/\/infoecos.com.ar\/wp-content\/uploads\/2022\/09\/WhatsApp-Image-2022-09-19-at-8.32.35-PM-1536x1020.jpeg 1536w, https:\/\/infoecos.com.ar\/wp-content\/uploads\/2022\/09\/WhatsApp-Image-2022-09-19-at-8.32.35-PM-1024x683.jpeg 1024w, https:\/\/infoecos.com.ar\/wp-content\/uploads\/2022\/09\/WhatsApp-Image-2022-09-19-at-8.32.35-PM-675x450.jpeg 675w, https:\/\/infoecos.com.ar\/wp-content\/uploads\/2022\/09\/WhatsApp-Image-2022-09-19-at-8.32.35-PM.jpeg 1600w\" sizes=\"(max-width: 500px) 100vw, 500px\" \/><\/figure>\n\n\n\n<p>La presentaci\u00f3n de GustAr se llev\u00f3 a cabo en la Casa Patria Grande, integrando&nbsp;un proyecto del&nbsp;<strong>Ministerio de Turismo<\/strong>, el&nbsp;<strong>Ministerio de Cultura<\/strong>&nbsp;y la&nbsp;<strong>Secretar\u00eda de Agricultura, Pesca y Ganader\u00eda de la Naci\u00f3n<\/strong>, en conjunto con la Fundaci\u00f3n&nbsp;ArgenINTA y diversos gobiernos provinciales y municipios que se suman como articuladores de esta propuesta.<\/p>\n\n\n\n<figure class=\"wp-block-image aligncenter size-large is-resized\"><img loading=\"lazy\" decoding=\"async\" src=\"http:\/\/infoecos.com.ar\/wp-content\/uploads\/2022\/09\/WhatsApp-Image-2022-09-20-at-1.23.39-PM-920x613.jpeg\" alt=\"\" class=\"wp-image-97862\" width=\"491\" height=\"326\" srcset=\"https:\/\/infoecos.com.ar\/wp-content\/uploads\/2022\/09\/WhatsApp-Image-2022-09-20-at-1.23.39-PM-920x613.jpeg 920w, https:\/\/infoecos.com.ar\/wp-content\/uploads\/2022\/09\/WhatsApp-Image-2022-09-20-at-1.23.39-PM-460x306.jpeg 460w, https:\/\/infoecos.com.ar\/wp-content\/uploads\/2022\/09\/WhatsApp-Image-2022-09-20-at-1.23.39-PM-768x512.jpeg 768w, https:\/\/infoecos.com.ar\/wp-content\/uploads\/2022\/09\/WhatsApp-Image-2022-09-20-at-1.23.39-PM-1536x1020.jpeg 1536w, https:\/\/infoecos.com.ar\/wp-content\/uploads\/2022\/09\/WhatsApp-Image-2022-09-20-at-1.23.39-PM-1024x682.jpeg 1024w, https:\/\/infoecos.com.ar\/wp-content\/uploads\/2022\/09\/WhatsApp-Image-2022-09-20-at-1.23.39-PM-675x450.jpeg 675w, https:\/\/infoecos.com.ar\/wp-content\/uploads\/2022\/09\/WhatsApp-Image-2022-09-20-at-1.23.39-PM.jpeg 1600w\" sizes=\"(max-width: 491px) 100vw, 491px\" \/><\/figure>\n\n\n\n<p>En ese marco, con una gran variedad de productos de Lincoln dijo presente en este lanzamiento que reuni\u00f3 a productos regionales de todo el pa\u00eds en una gran degustaci\u00f3n para autoridades, periodistas y trabajadores del sector Hotelero y Gastron\u00f3mico. De este modo, la&nbsp;<strong>Subsecretar\u00eda de Turismo de la Municipalidad de Lincoln<\/strong>&nbsp;tambi\u00e9n present\u00f3 un adelanto de lo que ser\u00e1 la edici\u00f3n 2022 de la Expo Queso.&nbsp;&nbsp;<\/p>\n\n\n\n<p>Seg\u00fan indicaron, el programa&nbsp;GustAR&nbsp;\u201cpretende colaborar con la dinamizaci\u00f3n de las cadenas de valor de la producci\u00f3n al turismo, con la cultura gastron\u00f3mica como conector principal. Busca contribuir al desarrollo federal promocionando los destinos tur\u00edsticos, poniendo de manifiesto la diversidad productiva del pa\u00eds, sus alimentos y cocinas identitarias\u201d.&nbsp;<\/p>\n\n\n\n<figure class=\"wp-block-image aligncenter size-large is-resized\"><img loading=\"lazy\" decoding=\"async\" src=\"http:\/\/infoecos.com.ar\/wp-content\/uploads\/2022\/09\/WhatsApp-Image-2022-09-19-at-8.32.23-PM-920x614.jpeg\" alt=\"\" class=\"wp-image-97863\" width=\"483\" height=\"322\" srcset=\"https:\/\/infoecos.com.ar\/wp-content\/uploads\/2022\/09\/WhatsApp-Image-2022-09-19-at-8.32.23-PM-920x614.jpeg 920w, https:\/\/infoecos.com.ar\/wp-content\/uploads\/2022\/09\/WhatsApp-Image-2022-09-19-at-8.32.23-PM-460x307.jpeg 460w, https:\/\/infoecos.com.ar\/wp-content\/uploads\/2022\/09\/WhatsApp-Image-2022-09-19-at-8.32.23-PM-768x512.jpeg 768w, https:\/\/infoecos.com.ar\/wp-content\/uploads\/2022\/09\/WhatsApp-Image-2022-09-19-at-8.32.23-PM-1536x1020.jpeg 1536w, https:\/\/infoecos.com.ar\/wp-content\/uploads\/2022\/09\/WhatsApp-Image-2022-09-19-at-8.32.23-PM-1024x683.jpeg 1024w, https:\/\/infoecos.com.ar\/wp-content\/uploads\/2022\/09\/WhatsApp-Image-2022-09-19-at-8.32.23-PM-675x450.jpeg 675w, https:\/\/infoecos.com.ar\/wp-content\/uploads\/2022\/09\/WhatsApp-Image-2022-09-19-at-8.32.23-PM.jpeg 1600w\" sizes=\"(max-width: 483px) 100vw, 483px\" \/><\/figure>\n\n\n\n<p>Por su parte, desde la Subsecretar\u00eda de Turismo linque\u00f1a remarcaron la importancia de la participaci\u00f3n de Expo Queso en el lanzamiento de este programa nacional que \u201cpermite ser un medio de posicionamiento, alianzas y difusi\u00f3n de uno de los eventos m\u00e1s importantes de la ciudad que pone en valor la producci\u00f3n de nuestra cuenca l\u00e1ctea\u201d.&nbsp;&nbsp;<\/p>\n","protected":false},"excerpt":{"rendered":"<p>Con una gran variedad de productos de Lincoln dijo presente en este lanzamiento que reuni\u00f3 a productos regionales de todo el pa\u00eds en una gran degustaci\u00f3n para autoridades, periodistas y trabajadores del sector Hotelero y Gastron\u00f3mico<\/p>\n","protected":false},"author":2,"featured_media":97861,"comment_status":"closed","ping_status":"open","sticky":false,"template":"","format":"standard","meta":{"footnotes":""},"categories":[1331],"tags":[6792],"class_list":["post-97860","post","type-post","status-publish","format-standard","has-post-thumbnail","hentry","category-inferior11","tag-programa-nacional-gustar"],"yoast_head":"<!-- This site is optimized with the Yoast SEO plugin v23.4 - https:\/\/yoast.com\/wordpress\/plugins\/seo\/ -->\n<title>Lincoln sigue mostrando su potencial en producci\u00f3n de quesos - Infoecos<\/title>\n<meta name=\"robots\" content=\"index, follow, max-snippet:-1, max-image-preview:large, max-video-preview:-1\" \/>\n<link rel=\"canonical\" href=\"https:\/\/infoecos.com.ar\/index.php\/lincoln-sigue-mostrando-su-potencial-en-produccion-de-quesos\/\" \/>\n<meta property=\"og:locale\" content=\"es_ES\" \/>\n<meta property=\"og:type\" content=\"article\" \/>\n<meta property=\"og:title\" content=\"Lincoln sigue mostrando su potencial en producci\u00f3n de quesos - Infoecos\" \/>\n<meta property=\"og:description\" content=\"Con una gran variedad de productos de Lincoln dijo presente en este lanzamiento que reuni\u00f3 a productos regionales de todo el pa\u00eds en una gran degustaci\u00f3n para autoridades, periodistas y trabajadores del sector Hotelero y Gastron\u00f3mico\" \/>\n<meta property=\"og:url\" content=\"https:\/\/infoecos.com.ar\/index.php\/lincoln-sigue-mostrando-su-potencial-en-produccion-de-quesos\/\" \/>\n<meta property=\"og:site_name\" content=\"Infoecos\" \/>\n<meta property=\"article:publisher\" content=\"https:\/\/www.facebook.com\/profile.php?id=100063200290284\" \/>\n<meta property=\"article:published_time\" content=\"2022-09-21T05:37:26+00:00\" \/>\n<meta property=\"article:modified_time\" content=\"2022-09-24T07:28:54+00:00\" \/>\n<meta property=\"og:image\" content=\"https:\/\/infoecos.com.ar\/wp-content\/uploads\/2022\/09\/WhatsApp-Image-2022-09-19-at-8.32.35-PM.jpeg\" \/>\n\t<meta property=\"og:image:width\" content=\"1600\" \/>\n\t<meta property=\"og:image:height\" content=\"1067\" \/>\n\t<meta property=\"og:image:type\" content=\"image\/jpeg\" \/>\n<meta name=\"author\" content=\"Jorge Matheus\" \/>\n<meta name=\"twitter:card\" content=\"summary_large_image\" \/>\n<meta name=\"twitter:creator\" content=\"@infoecos\" \/>\n<meta name=\"twitter:site\" content=\"@infoecos\" \/>\n<meta name=\"twitter:label1\" content=\"Escrito por\" \/>\n\t<meta name=\"twitter:data1\" content=\"Jorge Matheus\" \/>\n\t<meta name=\"twitter:label2\" content=\"Tiempo de lectura\" \/>\n\t<meta name=\"twitter:data2\" content=\"1 minuto\" \/>\n<script type=\"application\/ld+json\" class=\"yoast-schema-graph\">{\"@context\":\"https:\/\/schema.org\",\"@graph\":[{\"@type\":\"Article\",\"@id\":\"https:\/\/infoecos.com.ar\/index.php\/lincoln-sigue-mostrando-su-potencial-en-produccion-de-quesos\/#article\",\"isPartOf\":{\"@id\":\"https:\/\/infoecos.com.ar\/index.php\/lincoln-sigue-mostrando-su-potencial-en-produccion-de-quesos\/\"},\"author\":{\"name\":\"Jorge Matheus\",\"@id\":\"https:\/\/infoecos.com.ar\/#\/schema\/person\/8f5ace5ce73b4b4aac4b7245aee6f191\"},\"headline\":\"Lincoln sigue mostrando su potencial en producci\u00f3n de quesos\",\"datePublished\":\"2022-09-21T05:37:26+00:00\",\"dateModified\":\"2022-09-24T07:28:54+00:00\",\"mainEntityOfPage\":{\"@id\":\"https:\/\/infoecos.com.ar\/index.php\/lincoln-sigue-mostrando-su-potencial-en-produccion-de-quesos\/\"},\"wordCount\":292,\"publisher\":{\"@id\":\"https:\/\/infoecos.com.ar\/#organization\"},\"image\":{\"@id\":\"https:\/\/infoecos.com.ar\/index.php\/lincoln-sigue-mostrando-su-potencial-en-produccion-de-quesos\/#primaryimage\"},\"thumbnailUrl\":\"https:\/\/infoecos.com.ar\/wp-content\/uploads\/2022\/09\/WhatsApp-Image-2022-09-19-at-8.32.35-PM.jpeg\",\"keywords\":[\"programa nacional GustAr\"],\"articleSection\":[\"Bloque inferior - 11\"],\"inLanguage\":\"es\"},{\"@type\":\"WebPage\",\"@id\":\"https:\/\/infoecos.com.ar\/index.php\/lincoln-sigue-mostrando-su-potencial-en-produccion-de-quesos\/\",\"url\":\"https:\/\/infoecos.com.ar\/index.php\/lincoln-sigue-mostrando-su-potencial-en-produccion-de-quesos\/\",\"name\":\"Lincoln sigue mostrando su potencial en producci\u00f3n de quesos - Infoecos\",\"isPartOf\":{\"@id\":\"https:\/\/infoecos.com.ar\/#website\"},\"primaryImageOfPage\":{\"@id\":\"https:\/\/infoecos.com.ar\/index.php\/lincoln-sigue-mostrando-su-potencial-en-produccion-de-quesos\/#primaryimage\"},\"image\":{\"@id\":\"https:\/\/infoecos.com.ar\/index.php\/lincoln-sigue-mostrando-su-potencial-en-produccion-de-quesos\/#primaryimage\"},\"thumbnailUrl\":\"https:\/\/infoecos.com.ar\/wp-content\/uploads\/2022\/09\/WhatsApp-Image-2022-09-19-at-8.32.35-PM.jpeg\",\"datePublished\":\"2022-09-21T05:37:26+00:00\",\"dateModified\":\"2022-09-24T07:28:54+00:00\",\"breadcrumb\":{\"@id\":\"https:\/\/infoecos.com.ar\/index.php\/lincoln-sigue-mostrando-su-potencial-en-produccion-de-quesos\/#breadcrumb\"},\"inLanguage\":\"es\",\"potentialAction\":[{\"@type\":\"ReadAction\",\"target\":[\"https:\/\/infoecos.com.ar\/index.php\/lincoln-sigue-mostrando-su-potencial-en-produccion-de-quesos\/\"]}]},{\"@type\":\"ImageObject\",\"inLanguage\":\"es\",\"@id\":\"https:\/\/infoecos.com.ar\/index.php\/lincoln-sigue-mostrando-su-potencial-en-produccion-de-quesos\/#primaryimage\",\"url\":\"https:\/\/infoecos.com.ar\/wp-content\/uploads\/2022\/09\/WhatsApp-Image-2022-09-19-at-8.32.35-PM.jpeg\",\"contentUrl\":\"https:\/\/infoecos.com.ar\/wp-content\/uploads\/2022\/09\/WhatsApp-Image-2022-09-19-at-8.32.35-PM.jpeg\",\"width\":1600,\"height\":1067},{\"@type\":\"BreadcrumbList\",\"@id\":\"https:\/\/infoecos.com.ar\/index.php\/lincoln-sigue-mostrando-su-potencial-en-produccion-de-quesos\/#breadcrumb\",\"itemListElement\":[{\"@type\":\"ListItem\",\"position\":1,\"name\":\"Portada\",\"item\":\"https:\/\/infoecos.com.ar\/\"},{\"@type\":\"ListItem\",\"position\":2,\"name\":\"Lincoln sigue mostrando su potencial en producci\u00f3n de quesos\"}]},{\"@type\":\"WebSite\",\"@id\":\"https:\/\/infoecos.com.ar\/#website\",\"url\":\"https:\/\/infoecos.com.ar\/\",\"name\":\"Infoecos\",\"description\":\"Noticias de trenque lauquen y la zona\",\"publisher\":{\"@id\":\"https:\/\/infoecos.com.ar\/#organization\"},\"alternateName\":\"Noticias\",\"potentialAction\":[{\"@type\":\"SearchAction\",\"target\":{\"@type\":\"EntryPoint\",\"urlTemplate\":\"https:\/\/infoecos.com.ar\/?s={search_term_string}\"},\"query-input\":{\"@type\":\"PropertyValueSpecification\",\"valueRequired\":true,\"valueName\":\"search_term_string\"}}],\"inLanguage\":\"es\"},{\"@type\":\"Organization\",\"@id\":\"https:\/\/infoecos.com.ar\/#organization\",\"name\":\"Infoecos\",\"alternateName\":\"Noticias\",\"url\":\"https:\/\/infoecos.com.ar\/\",\"logo\":{\"@type\":\"ImageObject\",\"inLanguage\":\"es\",\"@id\":\"https:\/\/infoecos.com.ar\/#\/schema\/logo\/image\/\",\"url\":\"https:\/\/infoecos.com.ar\/wp-content\/uploads\/2024\/03\/cropped-logo.png\",\"contentUrl\":\"https:\/\/infoecos.com.ar\/wp-content\/uploads\/2024\/03\/cropped-logo.png\",\"width\":374,\"height\":90,\"caption\":\"Infoecos\"},\"image\":{\"@id\":\"https:\/\/infoecos.com.ar\/#\/schema\/logo\/image\/\"},\"sameAs\":[\"https:\/\/www.facebook.com\/profile.php?id=100063200290284\",\"https:\/\/x.com\/infoecos\"]},{\"@type\":\"Person\",\"@id\":\"https:\/\/infoecos.com.ar\/#\/schema\/person\/8f5ace5ce73b4b4aac4b7245aee6f191\",\"name\":\"Jorge Matheus\",\"url\":\"https:\/\/infoecos.com.ar\/index.php\/author\/jomatheus\/\"}]}<\/script>\n<!-- \/ Yoast SEO plugin. -->","yoast_head_json":{"title":"Lincoln sigue mostrando su potencial en producci\u00f3n de quesos - Infoecos","robots":{"index":"index","follow":"follow","max-snippet":"max-snippet:-1","max-image-preview":"max-image-preview:large","max-video-preview":"max-video-preview:-1"},"canonical":"https:\/\/infoecos.com.ar\/index.php\/lincoln-sigue-mostrando-su-potencial-en-produccion-de-quesos\/","og_locale":"es_ES","og_type":"article","og_title":"Lincoln sigue mostrando su potencial en producci\u00f3n de quesos - Infoecos","og_description":"Con una gran variedad de productos de Lincoln dijo presente en este lanzamiento que reuni\u00f3 a productos regionales de todo el pa\u00eds en una gran degustaci\u00f3n para autoridades, periodistas y trabajadores del sector Hotelero y Gastron\u00f3mico","og_url":"https:\/\/infoecos.com.ar\/index.php\/lincoln-sigue-mostrando-su-potencial-en-produccion-de-quesos\/","og_site_name":"Infoecos","article_publisher":"https:\/\/www.facebook.com\/profile.php?id=100063200290284","article_published_time":"2022-09-21T05:37:26+00:00","article_modified_time":"2022-09-24T07:28:54+00:00","og_image":[{"width":1600,"height":1067,"url":"https:\/\/infoecos.com.ar\/wp-content\/uploads\/2022\/09\/WhatsApp-Image-2022-09-19-at-8.32.35-PM.jpeg","type":"image\/jpeg"}],"author":"Jorge Matheus","twitter_card":"summary_large_image","twitter_creator":"@infoecos","twitter_site":"@infoecos","twitter_misc":{"Escrito por":"Jorge Matheus","Tiempo de lectura":"1 minuto"},"schema":{"@context":"https:\/\/schema.org","@graph":[{"@type":"Article","@id":"https:\/\/infoecos.com.ar\/index.php\/lincoln-sigue-mostrando-su-potencial-en-produccion-de-quesos\/#article","isPartOf":{"@id":"https:\/\/infoecos.com.ar\/index.php\/lincoln-sigue-mostrando-su-potencial-en-produccion-de-quesos\/"},"author":{"name":"Jorge Matheus","@id":"https:\/\/infoecos.com.ar\/#\/schema\/person\/8f5ace5ce73b4b4aac4b7245aee6f191"},"headline":"Lincoln sigue mostrando su potencial en producci\u00f3n de quesos","datePublished":"2022-09-21T05:37:26+00:00","dateModified":"2022-09-24T07:28:54+00:00","mainEntityOfPage":{"@id":"https:\/\/infoecos.com.ar\/index.php\/lincoln-sigue-mostrando-su-potencial-en-produccion-de-quesos\/"},"wordCount":292,"publisher":{"@id":"https:\/\/infoecos.com.ar\/#organization"},"image":{"@id":"https:\/\/infoecos.com.ar\/index.php\/lincoln-sigue-mostrando-su-potencial-en-produccion-de-quesos\/#primaryimage"},"thumbnailUrl":"https:\/\/infoecos.com.ar\/wp-content\/uploads\/2022\/09\/WhatsApp-Image-2022-09-19-at-8.32.35-PM.jpeg","keywords":["programa nacional GustAr"],"articleSection":["Bloque inferior - 11"],"inLanguage":"es"},{"@type":"WebPage","@id":"https:\/\/infoecos.com.ar\/index.php\/lincoln-sigue-mostrando-su-potencial-en-produccion-de-quesos\/","url":"https:\/\/infoecos.com.ar\/index.php\/lincoln-sigue-mostrando-su-potencial-en-produccion-de-quesos\/","name":"Lincoln sigue mostrando su potencial en producci\u00f3n de quesos - Infoecos","isPartOf":{"@id":"https:\/\/infoecos.com.ar\/#website"},"primaryImageOfPage":{"@id":"https:\/\/infoecos.com.ar\/index.php\/lincoln-sigue-mostrando-su-potencial-en-produccion-de-quesos\/#primaryimage"},"image":{"@id":"https:\/\/infoecos.com.ar\/index.php\/lincoln-sigue-mostrando-su-potencial-en-produccion-de-quesos\/#primaryimage"},"thumbnailUrl":"https:\/\/infoecos.com.ar\/wp-content\/uploads\/2022\/09\/WhatsApp-Image-2022-09-19-at-8.32.35-PM.jpeg","datePublished":"2022-09-21T05:37:26+00:00","dateModified":"2022-09-24T07:28:54+00:00","breadcrumb":{"@id":"https:\/\/infoecos.com.ar\/index.php\/lincoln-sigue-mostrando-su-potencial-en-produccion-de-quesos\/#breadcrumb"},"inLanguage":"es","potentialAction":[{"@type":"ReadAction","target":["https:\/\/infoecos.com.ar\/index.php\/lincoln-sigue-mostrando-su-potencial-en-produccion-de-quesos\/"]}]},{"@type":"ImageObject","inLanguage":"es","@id":"https:\/\/infoecos.com.ar\/index.php\/lincoln-sigue-mostrando-su-potencial-en-produccion-de-quesos\/#primaryimage","url":"https:\/\/infoecos.com.ar\/wp-content\/uploads\/2022\/09\/WhatsApp-Image-2022-09-19-at-8.32.35-PM.jpeg","contentUrl":"https:\/\/infoecos.com.ar\/wp-content\/uploads\/2022\/09\/WhatsApp-Image-2022-09-19-at-8.32.35-PM.jpeg","width":1600,"height":1067},{"@type":"BreadcrumbList","@id":"https:\/\/infoecos.com.ar\/index.php\/lincoln-sigue-mostrando-su-potencial-en-produccion-de-quesos\/#breadcrumb","itemListElement":[{"@type":"ListItem","position":1,"name":"Portada","item":"https:\/\/infoecos.com.ar\/"},{"@type":"ListItem","position":2,"name":"Lincoln sigue mostrando su potencial en producci\u00f3n de quesos"}]},{"@type":"WebSite","@id":"https:\/\/infoecos.com.ar\/#website","url":"https:\/\/infoecos.com.ar\/","name":"Infoecos","description":"Noticias de trenque lauquen y la zona","publisher":{"@id":"https:\/\/infoecos.com.ar\/#organization"},"alternateName":"Noticias","potentialAction":[{"@type":"SearchAction","target":{"@type":"EntryPoint","urlTemplate":"https:\/\/infoecos.com.ar\/?s={search_term_string}"},"query-input":{"@type":"PropertyValueSpecification","valueRequired":true,"valueName":"search_term_string"}}],"inLanguage":"es"},{"@type":"Organization","@id":"https:\/\/infoecos.com.ar\/#organization","name":"Infoecos","alternateName":"Noticias","url":"https:\/\/infoecos.com.ar\/","logo":{"@type":"ImageObject","inLanguage":"es","@id":"https:\/\/infoecos.com.ar\/#\/schema\/logo\/image\/","url":"https:\/\/infoecos.com.ar\/wp-content\/uploads\/2024\/03\/cropped-logo.png","contentUrl":"https:\/\/infoecos.com.ar\/wp-content\/uploads\/2024\/03\/cropped-logo.png","width":374,"height":90,"caption":"Infoecos"},"image":{"@id":"https:\/\/infoecos.com.ar\/#\/schema\/logo\/image\/"},"sameAs":["https:\/\/www.facebook.com\/profile.php?id=100063200290284","https:\/\/x.com\/infoecos"]},{"@type":"Person","@id":"https:\/\/infoecos.com.ar\/#\/schema\/person\/8f5ace5ce73b4b4aac4b7245aee6f191","name":"Jorge Matheus","url":"https:\/\/infoecos.com.ar\/index.php\/author\/jomatheus\/"}]}},"featured_image_urls":{"full":["https:\/\/infoecos.com.ar\/wp-content\/uploads\/2022\/09\/WhatsApp-Image-2022-09-19-at-8.32.35-PM.jpeg",1600,1067,false],"thumbnail":["https:\/\/infoecos.com.ar\/wp-content\/uploads\/2022\/09\/WhatsApp-Image-2022-09-19-at-8.32.35-PM-150x150.jpeg",150,150,true],"medium":["https:\/\/infoecos.com.ar\/wp-content\/uploads\/2022\/09\/WhatsApp-Image-2022-09-19-at-8.32.35-PM-460x307.jpeg",460,307,true],"medium_large":["https:\/\/infoecos.com.ar\/wp-content\/uploads\/2022\/09\/WhatsApp-Image-2022-09-19-at-8.32.35-PM-768x512.jpeg",640,427,true],"large":["https:\/\/infoecos.com.ar\/wp-content\/uploads\/2022\/09\/WhatsApp-Image-2022-09-19-at-8.32.35-PM-920x614.jpeg",640,427,true],"1536x1536":["https:\/\/infoecos.com.ar\/wp-content\/uploads\/2022\/09\/WhatsApp-Image-2022-09-19-at-8.32.35-PM-1536x1024.jpeg",1536,1024,true],"2048x2048":["https:\/\/infoecos.com.ar\/wp-content\/uploads\/2022\/09\/WhatsApp-Image-2022-09-19-at-8.32.35-PM.jpeg",1600,1067,false],"covernews-slider-full":["https:\/\/infoecos.com.ar\/wp-content\/uploads\/2022\/09\/WhatsApp-Image-2022-09-19-at-8.32.35-PM-1536x1020.jpeg",1077,715,true],"covernews-slider-center":["https:\/\/infoecos.com.ar\/wp-content\/uploads\/2022\/09\/WhatsApp-Image-2022-09-19-at-8.32.35-PM-936x897.jpeg",522,500,true],"covernews-featured":["https:\/\/infoecos.com.ar\/wp-content\/uploads\/2022\/09\/WhatsApp-Image-2022-09-19-at-8.32.35-PM-1024x683.jpeg",1024,683,true],"covernews-medium":["https:\/\/infoecos.com.ar\/wp-content\/uploads\/2022\/09\/WhatsApp-Image-2022-09-19-at-8.32.35-PM-720x380.jpeg",540,285,true],"covernews-medium-square":["https:\/\/infoecos.com.ar\/wp-content\/uploads\/2022\/09\/WhatsApp-Image-2022-09-19-at-8.32.35-PM-675x450.jpeg",375,250,true]},"author_info":{"info":["Jorge Matheus"]},"category_info":"<a href=\"https:\/\/infoecos.com.ar\/index.php\/category\/inferior11\/\" rel=\"category tag\">Bloque inferior - 11<\/a>","tag_info":"Bloque inferior - 11","comment_count":"0","_links":{"self":[{"href":"https:\/\/infoecos.com.ar\/index.php\/wp-json\/wp\/v2\/posts\/97860"}],"collection":[{"href":"https:\/\/infoecos.com.ar\/index.php\/wp-json\/wp\/v2\/posts"}],"about":[{"href":"https:\/\/infoecos.com.ar\/index.php\/wp-json\/wp\/v2\/types\/post"}],"author":[{"embeddable":true,"href":"https:\/\/infoecos.com.ar\/index.php\/wp-json\/wp\/v2\/users\/2"}],"replies":[{"embeddable":true,"href":"https:\/\/infoecos.com.ar\/index.php\/wp-json\/wp\/v2\/comments?post=97860"}],"version-history":[{"count":2,"href":"https:\/\/infoecos.com.ar\/index.php\/wp-json\/wp\/v2\/posts\/97860\/revisions"}],"predecessor-version":[{"id":98034,"href":"https:\/\/infoecos.com.ar\/index.php\/wp-json\/wp\/v2\/posts\/97860\/revisions\/98034"}],"wp:featuredmedia":[{"embeddable":true,"href":"https:\/\/infoecos.com.ar\/index.php\/wp-json\/wp\/v2\/media\/97861"}],"wp:attachment":[{"href":"https:\/\/infoecos.com.ar\/index.php\/wp-json\/wp\/v2\/media?parent=97860"}],"wp:term":[{"taxonomy":"category","embeddable":true,"href":"https:\/\/infoecos.com.ar\/index.php\/wp-json\/wp\/v2\/categories?post=97860"},{"taxonomy":"post_tag","embeddable":true,"href":"https:\/\/infoecos.com.ar\/index.php\/wp-json\/wp\/v2\/tags?post=97860"}],"curies":[{"name":"wp","href":"https:\/\/api.w.org\/{rel}","templated":true}]}}