{"id":97943,"date":"2022-09-22T01:48:48","date_gmt":"2022-09-22T04:48:48","guid":{"rendered":"http:\/\/infoecos.com.ar\/?p=97943"},"modified":"2022-09-24T04:24:25","modified_gmt":"2022-09-24T07:24:25","slug":"el-enargas-autorizo-a-camuzzi-para-el-inicio-del-gasoducto-trenque-lauquen-america","status":"publish","type":"post","link":"https:\/\/infoecos.com.ar\/index.php\/el-enargas-autorizo-a-camuzzi-para-el-inicio-del-gasoducto-trenque-lauquen-america\/","title":{"rendered":"El ENARGAS autoriz\u00f3 a Camuzzi para el inicio del gasoducto Trenque Lauquen-Am\u00e9rica"},"content":{"rendered":"\n<p>El senador por la IV Secci\u00f3n electoral, el rivadaviese Juan Alberto \u201cJuanci\u201d Mart\u00ednez, se reuni\u00f3 con el titular de ENARGAS, Osvaldo Pitrau. Dialog\u00f3 sobre los avances del proyecto de Gasoducto que unir\u00e1 Trenque Lauquen con la capital de su distrito, Am\u00e9rica.  <\/p>\n\n\n\n<figure class=\"wp-block-image aligncenter size-large is-resized\"><img loading=\"lazy\" decoding=\"async\" src=\"http:\/\/infoecos.com.ar\/wp-content\/uploads\/2022\/09\/martinezpresidentenargas-920x690.jpg\" alt=\"\" class=\"wp-image-97944\" width=\"523\" height=\"392\" srcset=\"https:\/\/infoecos.com.ar\/wp-content\/uploads\/2022\/09\/martinezpresidentenargas-920x690.jpg 920w, https:\/\/infoecos.com.ar\/wp-content\/uploads\/2022\/09\/martinezpresidentenargas-460x345.jpg 460w, https:\/\/infoecos.com.ar\/wp-content\/uploads\/2022\/09\/martinezpresidentenargas-768x576.jpg 768w, https:\/\/infoecos.com.ar\/wp-content\/uploads\/2022\/09\/martinezpresidentenargas.jpg 1024w\" sizes=\"(max-width: 523px) 100vw, 523px\" \/><figcaption>Juan Alberto \u201cJuanci\u201d Mart\u00ednez y Osvaldo Pitrau<\/figcaption><\/figure>\n\n\n\n<p>Finalizada la reuni\u00f3n Mart\u00ednez confirm\u00f3 que ENARGAS autoriz\u00f3 a la empresa CAMUZZI para el inicio de la obra, que demandar\u00e1 una inversi\u00f3n superior a los $1.5000 millones y demorar\u00e1 un plazo aproximado de 270 d\u00edas para su ejecuci\u00f3n total.<br>&nbsp;<br>El legislador a trav\u00e9s de un parte de prensa expres\u00f3 que \u201chay muy buena predisposici\u00f3n de todas las partes para que esta obra se inicie y se termine en poco tiempo. Esto va a permitir que m\u00e1s de 3600 vecinos tengan acceso al gas de red, y las empresas puedan incrementar su producci\u00f3n. Tambi\u00e9n liberar\u00e1 capacidad para que las localidades mejoren su servicio\u201d.<\/p>\n\n\n\n<p><\/p>\n","protected":false},"excerpt":{"rendered":"<p>Finalizada la reuni\u00f3n Mart\u00ednez confirm\u00f3 que ENARGAS autoriz\u00f3 a la empresa CAMUZZI para el inicio de la obra, que demandar\u00e1 una inversi\u00f3n superior a los $1.5000 millones<\/p>\n","protected":false},"author":2,"featured_media":97944,"comment_status":"closed","ping_status":"open","sticky":false,"template":"","format":"standard","meta":{"footnotes":""},"categories":[41],"tags":[6727],"class_list":["post-97943","post","type-post","status-publish","format-standard","has-post-thumbnail","hentry","category-inferior2","tag-senador-juanci-martinez"],"yoast_head":"<!-- This site is optimized with the Yoast SEO plugin v23.4 - https:\/\/yoast.com\/wordpress\/plugins\/seo\/ -->\n<title>El ENARGAS autoriz\u00f3 a Camuzzi para el inicio del gasoducto Trenque Lauquen-Am\u00e9rica - Infoecos<\/title>\n<meta name=\"robots\" content=\"index, follow, max-snippet:-1, max-image-preview:large, max-video-preview:-1\" \/>\n<link rel=\"canonical\" href=\"https:\/\/infoecos.com.ar\/index.php\/el-enargas-autorizo-a-camuzzi-para-el-inicio-del-gasoducto-trenque-lauquen-america\/\" \/>\n<meta property=\"og:locale\" content=\"es_ES\" \/>\n<meta property=\"og:type\" content=\"article\" \/>\n<meta property=\"og:title\" content=\"El ENARGAS autoriz\u00f3 a Camuzzi para el inicio del gasoducto Trenque Lauquen-Am\u00e9rica - Infoecos\" \/>\n<meta property=\"og:description\" content=\"Finalizada la reuni\u00f3n Mart\u00ednez confirm\u00f3 que ENARGAS autoriz\u00f3 a la empresa CAMUZZI para el inicio de la obra, que demandar\u00e1 una inversi\u00f3n superior a los $1.5000 millones\" \/>\n<meta property=\"og:url\" content=\"https:\/\/infoecos.com.ar\/index.php\/el-enargas-autorizo-a-camuzzi-para-el-inicio-del-gasoducto-trenque-lauquen-america\/\" \/>\n<meta property=\"og:site_name\" content=\"Infoecos\" \/>\n<meta property=\"article:publisher\" content=\"https:\/\/www.facebook.com\/profile.php?id=100063200290284\" \/>\n<meta property=\"article:published_time\" content=\"2022-09-22T04:48:48+00:00\" \/>\n<meta property=\"article:modified_time\" content=\"2022-09-24T07:24:25+00:00\" \/>\n<meta property=\"og:image\" content=\"https:\/\/infoecos.com.ar\/wp-content\/uploads\/2022\/09\/martinezpresidentenargas.jpg\" \/>\n\t<meta property=\"og:image:width\" content=\"1024\" \/>\n\t<meta property=\"og:image:height\" content=\"768\" \/>\n\t<meta property=\"og:image:type\" content=\"image\/jpeg\" \/>\n<meta name=\"author\" content=\"Jorge Matheus\" \/>\n<meta name=\"twitter:card\" content=\"summary_large_image\" \/>\n<meta name=\"twitter:creator\" content=\"@infoecos\" \/>\n<meta name=\"twitter:site\" content=\"@infoecos\" \/>\n<meta name=\"twitter:label1\" content=\"Escrito por\" \/>\n\t<meta name=\"twitter:data1\" content=\"Jorge Matheus\" \/>\n\t<meta name=\"twitter:label2\" content=\"Tiempo de lectura\" \/>\n\t<meta name=\"twitter:data2\" content=\"1 minuto\" \/>\n<script type=\"application\/ld+json\" class=\"yoast-schema-graph\">{\"@context\":\"https:\/\/schema.org\",\"@graph\":[{\"@type\":\"Article\",\"@id\":\"https:\/\/infoecos.com.ar\/index.php\/el-enargas-autorizo-a-camuzzi-para-el-inicio-del-gasoducto-trenque-lauquen-america\/#article\",\"isPartOf\":{\"@id\":\"https:\/\/infoecos.com.ar\/index.php\/el-enargas-autorizo-a-camuzzi-para-el-inicio-del-gasoducto-trenque-lauquen-america\/\"},\"author\":{\"name\":\"Jorge Matheus\",\"@id\":\"https:\/\/infoecos.com.ar\/#\/schema\/person\/8f5ace5ce73b4b4aac4b7245aee6f191\"},\"headline\":\"El ENARGAS autoriz\u00f3 a Camuzzi para el inicio del gasoducto Trenque Lauquen-Am\u00e9rica\",\"datePublished\":\"2022-09-22T04:48:48+00:00\",\"dateModified\":\"2022-09-24T07:24:25+00:00\",\"mainEntityOfPage\":{\"@id\":\"https:\/\/infoecos.com.ar\/index.php\/el-enargas-autorizo-a-camuzzi-para-el-inicio-del-gasoducto-trenque-lauquen-america\/\"},\"wordCount\":175,\"publisher\":{\"@id\":\"https:\/\/infoecos.com.ar\/#organization\"},\"image\":{\"@id\":\"https:\/\/infoecos.com.ar\/index.php\/el-enargas-autorizo-a-camuzzi-para-el-inicio-del-gasoducto-trenque-lauquen-america\/#primaryimage\"},\"thumbnailUrl\":\"https:\/\/infoecos.com.ar\/wp-content\/uploads\/2022\/09\/martinezpresidentenargas.jpg\",\"keywords\":[\"SENADOR JUANCI MART\u00cdNEZ\"],\"articleSection\":[\"Bloque inferior - 2\"],\"inLanguage\":\"es\"},{\"@type\":\"WebPage\",\"@id\":\"https:\/\/infoecos.com.ar\/index.php\/el-enargas-autorizo-a-camuzzi-para-el-inicio-del-gasoducto-trenque-lauquen-america\/\",\"url\":\"https:\/\/infoecos.com.ar\/index.php\/el-enargas-autorizo-a-camuzzi-para-el-inicio-del-gasoducto-trenque-lauquen-america\/\",\"name\":\"El ENARGAS autoriz\u00f3 a Camuzzi para el inicio del gasoducto Trenque Lauquen-Am\u00e9rica - Infoecos\",\"isPartOf\":{\"@id\":\"https:\/\/infoecos.com.ar\/#website\"},\"primaryImageOfPage\":{\"@id\":\"https:\/\/infoecos.com.ar\/index.php\/el-enargas-autorizo-a-camuzzi-para-el-inicio-del-gasoducto-trenque-lauquen-america\/#primaryimage\"},\"image\":{\"@id\":\"https:\/\/infoecos.com.ar\/index.php\/el-enargas-autorizo-a-camuzzi-para-el-inicio-del-gasoducto-trenque-lauquen-america\/#primaryimage\"},\"thumbnailUrl\":\"https:\/\/infoecos.com.ar\/wp-content\/uploads\/2022\/09\/martinezpresidentenargas.jpg\",\"datePublished\":\"2022-09-22T04:48:48+00:00\",\"dateModified\":\"2022-09-24T07:24:25+00:00\",\"breadcrumb\":{\"@id\":\"https:\/\/infoecos.com.ar\/index.php\/el-enargas-autorizo-a-camuzzi-para-el-inicio-del-gasoducto-trenque-lauquen-america\/#breadcrumb\"},\"inLanguage\":\"es\",\"potentialAction\":[{\"@type\":\"ReadAction\",\"target\":[\"https:\/\/infoecos.com.ar\/index.php\/el-enargas-autorizo-a-camuzzi-para-el-inicio-del-gasoducto-trenque-lauquen-america\/\"]}]},{\"@type\":\"ImageObject\",\"inLanguage\":\"es\",\"@id\":\"https:\/\/infoecos.com.ar\/index.php\/el-enargas-autorizo-a-camuzzi-para-el-inicio-del-gasoducto-trenque-lauquen-america\/#primaryimage\",\"url\":\"https:\/\/infoecos.com.ar\/wp-content\/uploads\/2022\/09\/martinezpresidentenargas.jpg\",\"contentUrl\":\"https:\/\/infoecos.com.ar\/wp-content\/uploads\/2022\/09\/martinezpresidentenargas.jpg\",\"width\":1024,\"height\":768},{\"@type\":\"BreadcrumbList\",\"@id\":\"https:\/\/infoecos.com.ar\/index.php\/el-enargas-autorizo-a-camuzzi-para-el-inicio-del-gasoducto-trenque-lauquen-america\/#breadcrumb\",\"itemListElement\":[{\"@type\":\"ListItem\",\"position\":1,\"name\":\"Portada\",\"item\":\"https:\/\/infoecos.com.ar\/\"},{\"@type\":\"ListItem\",\"position\":2,\"name\":\"El ENARGAS autoriz\u00f3 a Camuzzi para el inicio del gasoducto Trenque Lauquen-Am\u00e9rica\"}]},{\"@type\":\"WebSite\",\"@id\":\"https:\/\/infoecos.com.ar\/#website\",\"url\":\"https:\/\/infoecos.com.ar\/\",\"name\":\"Infoecos\",\"description\":\"Noticias de trenque lauquen y la zona\",\"publisher\":{\"@id\":\"https:\/\/infoecos.com.ar\/#organization\"},\"alternateName\":\"Noticias\",\"potentialAction\":[{\"@type\":\"SearchAction\",\"target\":{\"@type\":\"EntryPoint\",\"urlTemplate\":\"https:\/\/infoecos.com.ar\/?s={search_term_string}\"},\"query-input\":{\"@type\":\"PropertyValueSpecification\",\"valueRequired\":true,\"valueName\":\"search_term_string\"}}],\"inLanguage\":\"es\"},{\"@type\":\"Organization\",\"@id\":\"https:\/\/infoecos.com.ar\/#organization\",\"name\":\"Infoecos\",\"alternateName\":\"Noticias\",\"url\":\"https:\/\/infoecos.com.ar\/\",\"logo\":{\"@type\":\"ImageObject\",\"inLanguage\":\"es\",\"@id\":\"https:\/\/infoecos.com.ar\/#\/schema\/logo\/image\/\",\"url\":\"https:\/\/infoecos.com.ar\/wp-content\/uploads\/2024\/03\/cropped-logo.png\",\"contentUrl\":\"https:\/\/infoecos.com.ar\/wp-content\/uploads\/2024\/03\/cropped-logo.png\",\"width\":374,\"height\":90,\"caption\":\"Infoecos\"},\"image\":{\"@id\":\"https:\/\/infoecos.com.ar\/#\/schema\/logo\/image\/\"},\"sameAs\":[\"https:\/\/www.facebook.com\/profile.php?id=100063200290284\",\"https:\/\/x.com\/infoecos\"]},{\"@type\":\"Person\",\"@id\":\"https:\/\/infoecos.com.ar\/#\/schema\/person\/8f5ace5ce73b4b4aac4b7245aee6f191\",\"name\":\"Jorge Matheus\",\"url\":\"https:\/\/infoecos.com.ar\/index.php\/author\/jomatheus\/\"}]}<\/script>\n<!-- \/ Yoast SEO plugin. -->","yoast_head_json":{"title":"El ENARGAS autoriz\u00f3 a Camuzzi para el inicio del gasoducto Trenque Lauquen-Am\u00e9rica - Infoecos","robots":{"index":"index","follow":"follow","max-snippet":"max-snippet:-1","max-image-preview":"max-image-preview:large","max-video-preview":"max-video-preview:-1"},"canonical":"https:\/\/infoecos.com.ar\/index.php\/el-enargas-autorizo-a-camuzzi-para-el-inicio-del-gasoducto-trenque-lauquen-america\/","og_locale":"es_ES","og_type":"article","og_title":"El ENARGAS autoriz\u00f3 a Camuzzi para el inicio del gasoducto Trenque Lauquen-Am\u00e9rica - Infoecos","og_description":"Finalizada la reuni\u00f3n Mart\u00ednez confirm\u00f3 que ENARGAS autoriz\u00f3 a la empresa CAMUZZI para el inicio de la obra, que demandar\u00e1 una inversi\u00f3n superior a los $1.5000 millones","og_url":"https:\/\/infoecos.com.ar\/index.php\/el-enargas-autorizo-a-camuzzi-para-el-inicio-del-gasoducto-trenque-lauquen-america\/","og_site_name":"Infoecos","article_publisher":"https:\/\/www.facebook.com\/profile.php?id=100063200290284","article_published_time":"2022-09-22T04:48:48+00:00","article_modified_time":"2022-09-24T07:24:25+00:00","og_image":[{"width":1024,"height":768,"url":"https:\/\/infoecos.com.ar\/wp-content\/uploads\/2022\/09\/martinezpresidentenargas.jpg","type":"image\/jpeg"}],"author":"Jorge Matheus","twitter_card":"summary_large_image","twitter_creator":"@infoecos","twitter_site":"@infoecos","twitter_misc":{"Escrito por":"Jorge Matheus","Tiempo de lectura":"1 minuto"},"schema":{"@context":"https:\/\/schema.org","@graph":[{"@type":"Article","@id":"https:\/\/infoecos.com.ar\/index.php\/el-enargas-autorizo-a-camuzzi-para-el-inicio-del-gasoducto-trenque-lauquen-america\/#article","isPartOf":{"@id":"https:\/\/infoecos.com.ar\/index.php\/el-enargas-autorizo-a-camuzzi-para-el-inicio-del-gasoducto-trenque-lauquen-america\/"},"author":{"name":"Jorge Matheus","@id":"https:\/\/infoecos.com.ar\/#\/schema\/person\/8f5ace5ce73b4b4aac4b7245aee6f191"},"headline":"El ENARGAS autoriz\u00f3 a Camuzzi para el inicio del gasoducto Trenque Lauquen-Am\u00e9rica","datePublished":"2022-09-22T04:48:48+00:00","dateModified":"2022-09-24T07:24:25+00:00","mainEntityOfPage":{"@id":"https:\/\/infoecos.com.ar\/index.php\/el-enargas-autorizo-a-camuzzi-para-el-inicio-del-gasoducto-trenque-lauquen-america\/"},"wordCount":175,"publisher":{"@id":"https:\/\/infoecos.com.ar\/#organization"},"image":{"@id":"https:\/\/infoecos.com.ar\/index.php\/el-enargas-autorizo-a-camuzzi-para-el-inicio-del-gasoducto-trenque-lauquen-america\/#primaryimage"},"thumbnailUrl":"https:\/\/infoecos.com.ar\/wp-content\/uploads\/2022\/09\/martinezpresidentenargas.jpg","keywords":["SENADOR JUANCI MART\u00cdNEZ"],"articleSection":["Bloque inferior - 2"],"inLanguage":"es"},{"@type":"WebPage","@id":"https:\/\/infoecos.com.ar\/index.php\/el-enargas-autorizo-a-camuzzi-para-el-inicio-del-gasoducto-trenque-lauquen-america\/","url":"https:\/\/infoecos.com.ar\/index.php\/el-enargas-autorizo-a-camuzzi-para-el-inicio-del-gasoducto-trenque-lauquen-america\/","name":"El ENARGAS autoriz\u00f3 a Camuzzi para el inicio del gasoducto Trenque Lauquen-Am\u00e9rica - Infoecos","isPartOf":{"@id":"https:\/\/infoecos.com.ar\/#website"},"primaryImageOfPage":{"@id":"https:\/\/infoecos.com.ar\/index.php\/el-enargas-autorizo-a-camuzzi-para-el-inicio-del-gasoducto-trenque-lauquen-america\/#primaryimage"},"image":{"@id":"https:\/\/infoecos.com.ar\/index.php\/el-enargas-autorizo-a-camuzzi-para-el-inicio-del-gasoducto-trenque-lauquen-america\/#primaryimage"},"thumbnailUrl":"https:\/\/infoecos.com.ar\/wp-content\/uploads\/2022\/09\/martinezpresidentenargas.jpg","datePublished":"2022-09-22T04:48:48+00:00","dateModified":"2022-09-24T07:24:25+00:00","breadcrumb":{"@id":"https:\/\/infoecos.com.ar\/index.php\/el-enargas-autorizo-a-camuzzi-para-el-inicio-del-gasoducto-trenque-lauquen-america\/#breadcrumb"},"inLanguage":"es","potentialAction":[{"@type":"ReadAction","target":["https:\/\/infoecos.com.ar\/index.php\/el-enargas-autorizo-a-camuzzi-para-el-inicio-del-gasoducto-trenque-lauquen-america\/"]}]},{"@type":"ImageObject","inLanguage":"es","@id":"https:\/\/infoecos.com.ar\/index.php\/el-enargas-autorizo-a-camuzzi-para-el-inicio-del-gasoducto-trenque-lauquen-america\/#primaryimage","url":"https:\/\/infoecos.com.ar\/wp-content\/uploads\/2022\/09\/martinezpresidentenargas.jpg","contentUrl":"https:\/\/infoecos.com.ar\/wp-content\/uploads\/2022\/09\/martinezpresidentenargas.jpg","width":1024,"height":768},{"@type":"BreadcrumbList","@id":"https:\/\/infoecos.com.ar\/index.php\/el-enargas-autorizo-a-camuzzi-para-el-inicio-del-gasoducto-trenque-lauquen-america\/#breadcrumb","itemListElement":[{"@type":"ListItem","position":1,"name":"Portada","item":"https:\/\/infoecos.com.ar\/"},{"@type":"ListItem","position":2,"name":"El ENARGAS autoriz\u00f3 a Camuzzi para el inicio del gasoducto Trenque Lauquen-Am\u00e9rica"}]},{"@type":"WebSite","@id":"https:\/\/infoecos.com.ar\/#website","url":"https:\/\/infoecos.com.ar\/","name":"Infoecos","description":"Noticias de trenque lauquen y la zona","publisher":{"@id":"https:\/\/infoecos.com.ar\/#organization"},"alternateName":"Noticias","potentialAction":[{"@type":"SearchAction","target":{"@type":"EntryPoint","urlTemplate":"https:\/\/infoecos.com.ar\/?s={search_term_string}"},"query-input":{"@type":"PropertyValueSpecification","valueRequired":true,"valueName":"search_term_string"}}],"inLanguage":"es"},{"@type":"Organization","@id":"https:\/\/infoecos.com.ar\/#organization","name":"Infoecos","alternateName":"Noticias","url":"https:\/\/infoecos.com.ar\/","logo":{"@type":"ImageObject","inLanguage":"es","@id":"https:\/\/infoecos.com.ar\/#\/schema\/logo\/image\/","url":"https:\/\/infoecos.com.ar\/wp-content\/uploads\/2024\/03\/cropped-logo.png","contentUrl":"https:\/\/infoecos.com.ar\/wp-content\/uploads\/2024\/03\/cropped-logo.png","width":374,"height":90,"caption":"Infoecos"},"image":{"@id":"https:\/\/infoecos.com.ar\/#\/schema\/logo\/image\/"},"sameAs":["https:\/\/www.facebook.com\/profile.php?id=100063200290284","https:\/\/x.com\/infoecos"]},{"@type":"Person","@id":"https:\/\/infoecos.com.ar\/#\/schema\/person\/8f5ace5ce73b4b4aac4b7245aee6f191","name":"Jorge Matheus","url":"https:\/\/infoecos.com.ar\/index.php\/author\/jomatheus\/"}]}},"featured_image_urls":{"full":["https:\/\/infoecos.com.ar\/wp-content\/uploads\/2022\/09\/martinezpresidentenargas.jpg",1024,768,false],"thumbnail":["https:\/\/infoecos.com.ar\/wp-content\/uploads\/2022\/09\/martinezpresidentenargas-150x150.jpg",150,150,true],"medium":["https:\/\/infoecos.com.ar\/wp-content\/uploads\/2022\/09\/martinezpresidentenargas-460x345.jpg",460,345,true],"medium_large":["https:\/\/infoecos.com.ar\/wp-content\/uploads\/2022\/09\/martinezpresidentenargas-768x576.jpg",640,480,true],"large":["https:\/\/infoecos.com.ar\/wp-content\/uploads\/2022\/09\/martinezpresidentenargas-920x690.jpg",640,480,true],"1536x1536":["https:\/\/infoecos.com.ar\/wp-content\/uploads\/2022\/09\/martinezpresidentenargas.jpg",1024,768,false],"2048x2048":["https:\/\/infoecos.com.ar\/wp-content\/uploads\/2022\/09\/martinezpresidentenargas.jpg",1024,768,false],"covernews-slider-full":["https:\/\/infoecos.com.ar\/wp-content\/uploads\/2022\/09\/martinezpresidentenargas.jpg",953,715,false],"covernews-slider-center":["https:\/\/infoecos.com.ar\/wp-content\/uploads\/2022\/09\/martinezpresidentenargas-936x768.jpg",609,500,true],"covernews-featured":["https:\/\/infoecos.com.ar\/wp-content\/uploads\/2022\/09\/martinezpresidentenargas.jpg",1024,768,false],"covernews-medium":["https:\/\/infoecos.com.ar\/wp-content\/uploads\/2022\/09\/martinezpresidentenargas-720x380.jpg",540,285,true],"covernews-medium-square":["https:\/\/infoecos.com.ar\/wp-content\/uploads\/2022\/09\/martinezpresidentenargas-675x450.jpg",375,250,true]},"author_info":{"info":["Jorge Matheus"]},"category_info":"<a href=\"https:\/\/infoecos.com.ar\/index.php\/category\/inferior2\/\" rel=\"category tag\">Bloque inferior - 2<\/a>","tag_info":"Bloque inferior - 2","comment_count":"0","_links":{"self":[{"href":"https:\/\/infoecos.com.ar\/index.php\/wp-json\/wp\/v2\/posts\/97943"}],"collection":[{"href":"https:\/\/infoecos.com.ar\/index.php\/wp-json\/wp\/v2\/posts"}],"about":[{"href":"https:\/\/infoecos.com.ar\/index.php\/wp-json\/wp\/v2\/types\/post"}],"author":[{"embeddable":true,"href":"https:\/\/infoecos.com.ar\/index.php\/wp-json\/wp\/v2\/users\/2"}],"replies":[{"embeddable":true,"href":"https:\/\/infoecos.com.ar\/index.php\/wp-json\/wp\/v2\/comments?post=97943"}],"version-history":[{"count":2,"href":"https:\/\/infoecos.com.ar\/index.php\/wp-json\/wp\/v2\/posts\/97943\/revisions"}],"predecessor-version":[{"id":97946,"href":"https:\/\/infoecos.com.ar\/index.php\/wp-json\/wp\/v2\/posts\/97943\/revisions\/97946"}],"wp:featuredmedia":[{"embeddable":true,"href":"https:\/\/infoecos.com.ar\/index.php\/wp-json\/wp\/v2\/media\/97944"}],"wp:attachment":[{"href":"https:\/\/infoecos.com.ar\/index.php\/wp-json\/wp\/v2\/media?parent=97943"}],"wp:term":[{"taxonomy":"category","embeddable":true,"href":"https:\/\/infoecos.com.ar\/index.php\/wp-json\/wp\/v2\/categories?post=97943"},{"taxonomy":"post_tag","embeddable":true,"href":"https:\/\/infoecos.com.ar\/index.php\/wp-json\/wp\/v2\/tags?post=97943"}],"curies":[{"name":"wp","href":"https:\/\/api.w.org\/{rel}","templated":true}]}}