{"id":98020,"date":"2022-09-24T03:40:05","date_gmt":"2022-09-24T06:40:05","guid":{"rendered":"http:\/\/infoecos.com.ar\/?p=98020"},"modified":"2022-09-26T05:15:15","modified_gmt":"2022-09-26T08:15:15","slug":"emergencia-por-sequia-en-la-zona-noroeste-de-la-pampa","status":"publish","type":"post","link":"https:\/\/infoecos.com.ar\/index.php\/emergencia-por-sequia-en-la-zona-noroeste-de-la-pampa\/","title":{"rendered":"Emergencia por sequ\u00eda en la zona noroeste de La Pampa"},"content":{"rendered":"\n<p>La Comisi\u00f3n Provincial de Emergencia y Asistencia Agropecuaria de La Pampa declar\u00f3 la emergencia por sequ\u00eda en la zona noroeste de la provincia.<\/p>\n\n\n\n<p>Con escasas precipitaciones y con pron\u00f3stico de baja probabilidades de lluvia, se decidi\u00f3 declarar la emergencia agropecuaria por sequ\u00eda.<\/p>\n\n\n\n<p>En esta oportunidad sumaron nuevos lotes a los ya declarados en el mes de julio, <strong>\u00abreiteramos la emergencia ya declarada en algunos deptos del oeste como Chical C\u00f3, Puel\u00e9n, parte de Chalileo y parte de Limay Mahuida\u00bb, se\u00f1al\u00f3 a la Agencia Provincial de Noticias el subsecretario de Asuntos Agrarios, Ricardo Baraldi y agreg\u00f3 que \u00abluego de las \u00faltimas recorridas, vimos que si bien en algunas zonas llovi\u00f3 en los \u00faltimos d\u00edas, en la zona en cuesti\u00f3n, noroeste provincial, no se registraron los mil\u00edmetros necesarios, con lo cual se sumaron otras zonas a la emergencia, como la totalidad del Departamento Chalileo, parte de Limay Mahuida, Departamento Loventu\u00e9l, parte del Departamento Toay, Conhello, Trenel y se agreg\u00f3 tambi\u00e9n parte de los Departamentos Rancul y Realic\u00f3\u00bb.<\/strong><\/p>\n\n\n\n<p>En dicho encuentro se analiz\u00f3 tambi\u00e9n la situaci\u00f3n respecto de los \u00faltimos incendios acontecidos que afectaron sobre todo la <strong>zona de Quehu\u00e9 y Naic\u00f3<\/strong>.<\/p>\n","protected":false},"excerpt":{"rendered":"<p>Con escasas precipitaciones y con pron\u00f3stico de baja probabilidades de lluvia, se decidi\u00f3 declarar la emergencia agropecuaria por sequ\u00eda<\/p>\n","protected":false},"author":2,"featured_media":47136,"comment_status":"closed","ping_status":"open","sticky":false,"template":"","format":"standard","meta":{"footnotes":""},"categories":[201],"tags":[6821],"class_list":["post-98020","post","type-post","status-publish","format-standard","has-post-thumbnail","hentry","category-inferior9","tag-emergencia-y-asistencia-agropecuaria"],"yoast_head":"<!-- This site is optimized with the Yoast SEO plugin v23.4 - https:\/\/yoast.com\/wordpress\/plugins\/seo\/ -->\n<title>Emergencia por sequ\u00eda en la zona noroeste de La Pampa - Infoecos<\/title>\n<meta name=\"robots\" content=\"index, follow, max-snippet:-1, max-image-preview:large, max-video-preview:-1\" \/>\n<link rel=\"canonical\" href=\"https:\/\/infoecos.com.ar\/index.php\/emergencia-por-sequia-en-la-zona-noroeste-de-la-pampa\/\" \/>\n<meta property=\"og:locale\" content=\"es_ES\" \/>\n<meta property=\"og:type\" content=\"article\" \/>\n<meta property=\"og:title\" content=\"Emergencia por sequ\u00eda en la zona noroeste de La Pampa - Infoecos\" \/>\n<meta property=\"og:description\" content=\"Con escasas precipitaciones y con pron\u00f3stico de baja probabilidades de lluvia, se decidi\u00f3 declarar la emergencia agropecuaria por sequ\u00eda\" \/>\n<meta property=\"og:url\" content=\"https:\/\/infoecos.com.ar\/index.php\/emergencia-por-sequia-en-la-zona-noroeste-de-la-pampa\/\" \/>\n<meta property=\"og:site_name\" content=\"Infoecos\" \/>\n<meta property=\"article:publisher\" content=\"https:\/\/www.facebook.com\/profile.php?id=100063200290284\" \/>\n<meta property=\"article:published_time\" content=\"2022-09-24T06:40:05+00:00\" \/>\n<meta property=\"article:modified_time\" content=\"2022-09-26T08:15:15+00:00\" \/>\n<meta property=\"og:image\" content=\"https:\/\/infoecos.com.ar\/wp-content\/uploads\/thumb-1.jpg\" \/>\n\t<meta property=\"og:image:width\" content=\"598\" \/>\n\t<meta property=\"og:image:height\" content=\"300\" \/>\n\t<meta property=\"og:image:type\" content=\"image\/jpeg\" \/>\n<meta name=\"author\" content=\"Jorge Matheus\" \/>\n<meta name=\"twitter:card\" content=\"summary_large_image\" \/>\n<meta name=\"twitter:creator\" content=\"@infoecos\" \/>\n<meta name=\"twitter:site\" content=\"@infoecos\" \/>\n<meta name=\"twitter:label1\" content=\"Escrito por\" \/>\n\t<meta name=\"twitter:data1\" content=\"Jorge Matheus\" \/>\n\t<meta name=\"twitter:label2\" content=\"Tiempo de lectura\" \/>\n\t<meta name=\"twitter:data2\" content=\"1 minuto\" \/>\n<script type=\"application\/ld+json\" class=\"yoast-schema-graph\">{\"@context\":\"https:\/\/schema.org\",\"@graph\":[{\"@type\":\"Article\",\"@id\":\"https:\/\/infoecos.com.ar\/index.php\/emergencia-por-sequia-en-la-zona-noroeste-de-la-pampa\/#article\",\"isPartOf\":{\"@id\":\"https:\/\/infoecos.com.ar\/index.php\/emergencia-por-sequia-en-la-zona-noroeste-de-la-pampa\/\"},\"author\":{\"name\":\"Jorge Matheus\",\"@id\":\"https:\/\/infoecos.com.ar\/#\/schema\/person\/8f5ace5ce73b4b4aac4b7245aee6f191\"},\"headline\":\"Emergencia por sequ\u00eda en la zona noroeste de La Pampa\",\"datePublished\":\"2022-09-24T06:40:05+00:00\",\"dateModified\":\"2022-09-26T08:15:15+00:00\",\"mainEntityOfPage\":{\"@id\":\"https:\/\/infoecos.com.ar\/index.php\/emergencia-por-sequia-en-la-zona-noroeste-de-la-pampa\/\"},\"wordCount\":213,\"publisher\":{\"@id\":\"https:\/\/infoecos.com.ar\/#organization\"},\"image\":{\"@id\":\"https:\/\/infoecos.com.ar\/index.php\/emergencia-por-sequia-en-la-zona-noroeste-de-la-pampa\/#primaryimage\"},\"thumbnailUrl\":\"\",\"keywords\":[\"EMERGENCIA Y ASISTENCIA AGROPECUARIA\"],\"articleSection\":[\"Bloque inferior - 9\"],\"inLanguage\":\"es\"},{\"@type\":\"WebPage\",\"@id\":\"https:\/\/infoecos.com.ar\/index.php\/emergencia-por-sequia-en-la-zona-noroeste-de-la-pampa\/\",\"url\":\"https:\/\/infoecos.com.ar\/index.php\/emergencia-por-sequia-en-la-zona-noroeste-de-la-pampa\/\",\"name\":\"Emergencia por sequ\u00eda en la zona noroeste de La Pampa - Infoecos\",\"isPartOf\":{\"@id\":\"https:\/\/infoecos.com.ar\/#website\"},\"primaryImageOfPage\":{\"@id\":\"https:\/\/infoecos.com.ar\/index.php\/emergencia-por-sequia-en-la-zona-noroeste-de-la-pampa\/#primaryimage\"},\"image\":{\"@id\":\"https:\/\/infoecos.com.ar\/index.php\/emergencia-por-sequia-en-la-zona-noroeste-de-la-pampa\/#primaryimage\"},\"thumbnailUrl\":\"\",\"datePublished\":\"2022-09-24T06:40:05+00:00\",\"dateModified\":\"2022-09-26T08:15:15+00:00\",\"breadcrumb\":{\"@id\":\"https:\/\/infoecos.com.ar\/index.php\/emergencia-por-sequia-en-la-zona-noroeste-de-la-pampa\/#breadcrumb\"},\"inLanguage\":\"es\",\"potentialAction\":[{\"@type\":\"ReadAction\",\"target\":[\"https:\/\/infoecos.com.ar\/index.php\/emergencia-por-sequia-en-la-zona-noroeste-de-la-pampa\/\"]}]},{\"@type\":\"ImageObject\",\"inLanguage\":\"es\",\"@id\":\"https:\/\/infoecos.com.ar\/index.php\/emergencia-por-sequia-en-la-zona-noroeste-de-la-pampa\/#primaryimage\",\"url\":\"\",\"contentUrl\":\"\"},{\"@type\":\"BreadcrumbList\",\"@id\":\"https:\/\/infoecos.com.ar\/index.php\/emergencia-por-sequia-en-la-zona-noroeste-de-la-pampa\/#breadcrumb\",\"itemListElement\":[{\"@type\":\"ListItem\",\"position\":1,\"name\":\"Portada\",\"item\":\"https:\/\/infoecos.com.ar\/\"},{\"@type\":\"ListItem\",\"position\":2,\"name\":\"Emergencia por sequ\u00eda en la zona noroeste de La Pampa\"}]},{\"@type\":\"WebSite\",\"@id\":\"https:\/\/infoecos.com.ar\/#website\",\"url\":\"https:\/\/infoecos.com.ar\/\",\"name\":\"Infoecos\",\"description\":\"Noticias de trenque lauquen y la zona\",\"publisher\":{\"@id\":\"https:\/\/infoecos.com.ar\/#organization\"},\"alternateName\":\"Noticias\",\"potentialAction\":[{\"@type\":\"SearchAction\",\"target\":{\"@type\":\"EntryPoint\",\"urlTemplate\":\"https:\/\/infoecos.com.ar\/?s={search_term_string}\"},\"query-input\":{\"@type\":\"PropertyValueSpecification\",\"valueRequired\":true,\"valueName\":\"search_term_string\"}}],\"inLanguage\":\"es\"},{\"@type\":\"Organization\",\"@id\":\"https:\/\/infoecos.com.ar\/#organization\",\"name\":\"Infoecos\",\"alternateName\":\"Noticias\",\"url\":\"https:\/\/infoecos.com.ar\/\",\"logo\":{\"@type\":\"ImageObject\",\"inLanguage\":\"es\",\"@id\":\"https:\/\/infoecos.com.ar\/#\/schema\/logo\/image\/\",\"url\":\"https:\/\/infoecos.com.ar\/wp-content\/uploads\/2024\/03\/cropped-logo.png\",\"contentUrl\":\"https:\/\/infoecos.com.ar\/wp-content\/uploads\/2024\/03\/cropped-logo.png\",\"width\":374,\"height\":90,\"caption\":\"Infoecos\"},\"image\":{\"@id\":\"https:\/\/infoecos.com.ar\/#\/schema\/logo\/image\/\"},\"sameAs\":[\"https:\/\/www.facebook.com\/profile.php?id=100063200290284\",\"https:\/\/x.com\/infoecos\"]},{\"@type\":\"Person\",\"@id\":\"https:\/\/infoecos.com.ar\/#\/schema\/person\/8f5ace5ce73b4b4aac4b7245aee6f191\",\"name\":\"Jorge Matheus\",\"url\":\"https:\/\/infoecos.com.ar\/index.php\/author\/jomatheus\/\"}]}<\/script>\n<!-- \/ Yoast SEO plugin. -->","yoast_head_json":{"title":"Emergencia por sequ\u00eda en la zona noroeste de La Pampa - Infoecos","robots":{"index":"index","follow":"follow","max-snippet":"max-snippet:-1","max-image-preview":"max-image-preview:large","max-video-preview":"max-video-preview:-1"},"canonical":"https:\/\/infoecos.com.ar\/index.php\/emergencia-por-sequia-en-la-zona-noroeste-de-la-pampa\/","og_locale":"es_ES","og_type":"article","og_title":"Emergencia por sequ\u00eda en la zona noroeste de La Pampa - Infoecos","og_description":"Con escasas precipitaciones y con pron\u00f3stico de baja probabilidades de lluvia, se decidi\u00f3 declarar la emergencia agropecuaria por sequ\u00eda","og_url":"https:\/\/infoecos.com.ar\/index.php\/emergencia-por-sequia-en-la-zona-noroeste-de-la-pampa\/","og_site_name":"Infoecos","article_publisher":"https:\/\/www.facebook.com\/profile.php?id=100063200290284","article_published_time":"2022-09-24T06:40:05+00:00","article_modified_time":"2022-09-26T08:15:15+00:00","og_image":[{"width":598,"height":300,"url":"https:\/\/infoecos.com.ar\/wp-content\/uploads\/thumb-1.jpg","type":"image\/jpeg"}],"author":"Jorge Matheus","twitter_card":"summary_large_image","twitter_creator":"@infoecos","twitter_site":"@infoecos","twitter_misc":{"Escrito por":"Jorge Matheus","Tiempo de lectura":"1 minuto"},"schema":{"@context":"https:\/\/schema.org","@graph":[{"@type":"Article","@id":"https:\/\/infoecos.com.ar\/index.php\/emergencia-por-sequia-en-la-zona-noroeste-de-la-pampa\/#article","isPartOf":{"@id":"https:\/\/infoecos.com.ar\/index.php\/emergencia-por-sequia-en-la-zona-noroeste-de-la-pampa\/"},"author":{"name":"Jorge Matheus","@id":"https:\/\/infoecos.com.ar\/#\/schema\/person\/8f5ace5ce73b4b4aac4b7245aee6f191"},"headline":"Emergencia por sequ\u00eda en la zona noroeste de La Pampa","datePublished":"2022-09-24T06:40:05+00:00","dateModified":"2022-09-26T08:15:15+00:00","mainEntityOfPage":{"@id":"https:\/\/infoecos.com.ar\/index.php\/emergencia-por-sequia-en-la-zona-noroeste-de-la-pampa\/"},"wordCount":213,"publisher":{"@id":"https:\/\/infoecos.com.ar\/#organization"},"image":{"@id":"https:\/\/infoecos.com.ar\/index.php\/emergencia-por-sequia-en-la-zona-noroeste-de-la-pampa\/#primaryimage"},"thumbnailUrl":"","keywords":["EMERGENCIA Y ASISTENCIA AGROPECUARIA"],"articleSection":["Bloque inferior - 9"],"inLanguage":"es"},{"@type":"WebPage","@id":"https:\/\/infoecos.com.ar\/index.php\/emergencia-por-sequia-en-la-zona-noroeste-de-la-pampa\/","url":"https:\/\/infoecos.com.ar\/index.php\/emergencia-por-sequia-en-la-zona-noroeste-de-la-pampa\/","name":"Emergencia por sequ\u00eda en la zona noroeste de La Pampa - Infoecos","isPartOf":{"@id":"https:\/\/infoecos.com.ar\/#website"},"primaryImageOfPage":{"@id":"https:\/\/infoecos.com.ar\/index.php\/emergencia-por-sequia-en-la-zona-noroeste-de-la-pampa\/#primaryimage"},"image":{"@id":"https:\/\/infoecos.com.ar\/index.php\/emergencia-por-sequia-en-la-zona-noroeste-de-la-pampa\/#primaryimage"},"thumbnailUrl":"","datePublished":"2022-09-24T06:40:05+00:00","dateModified":"2022-09-26T08:15:15+00:00","breadcrumb":{"@id":"https:\/\/infoecos.com.ar\/index.php\/emergencia-por-sequia-en-la-zona-noroeste-de-la-pampa\/#breadcrumb"},"inLanguage":"es","potentialAction":[{"@type":"ReadAction","target":["https:\/\/infoecos.com.ar\/index.php\/emergencia-por-sequia-en-la-zona-noroeste-de-la-pampa\/"]}]},{"@type":"ImageObject","inLanguage":"es","@id":"https:\/\/infoecos.com.ar\/index.php\/emergencia-por-sequia-en-la-zona-noroeste-de-la-pampa\/#primaryimage","url":"","contentUrl":""},{"@type":"BreadcrumbList","@id":"https:\/\/infoecos.com.ar\/index.php\/emergencia-por-sequia-en-la-zona-noroeste-de-la-pampa\/#breadcrumb","itemListElement":[{"@type":"ListItem","position":1,"name":"Portada","item":"https:\/\/infoecos.com.ar\/"},{"@type":"ListItem","position":2,"name":"Emergencia por sequ\u00eda en la zona noroeste de La Pampa"}]},{"@type":"WebSite","@id":"https:\/\/infoecos.com.ar\/#website","url":"https:\/\/infoecos.com.ar\/","name":"Infoecos","description":"Noticias de trenque lauquen y la zona","publisher":{"@id":"https:\/\/infoecos.com.ar\/#organization"},"alternateName":"Noticias","potentialAction":[{"@type":"SearchAction","target":{"@type":"EntryPoint","urlTemplate":"https:\/\/infoecos.com.ar\/?s={search_term_string}"},"query-input":{"@type":"PropertyValueSpecification","valueRequired":true,"valueName":"search_term_string"}}],"inLanguage":"es"},{"@type":"Organization","@id":"https:\/\/infoecos.com.ar\/#organization","name":"Infoecos","alternateName":"Noticias","url":"https:\/\/infoecos.com.ar\/","logo":{"@type":"ImageObject","inLanguage":"es","@id":"https:\/\/infoecos.com.ar\/#\/schema\/logo\/image\/","url":"https:\/\/infoecos.com.ar\/wp-content\/uploads\/2024\/03\/cropped-logo.png","contentUrl":"https:\/\/infoecos.com.ar\/wp-content\/uploads\/2024\/03\/cropped-logo.png","width":374,"height":90,"caption":"Infoecos"},"image":{"@id":"https:\/\/infoecos.com.ar\/#\/schema\/logo\/image\/"},"sameAs":["https:\/\/www.facebook.com\/profile.php?id=100063200290284","https:\/\/x.com\/infoecos"]},{"@type":"Person","@id":"https:\/\/infoecos.com.ar\/#\/schema\/person\/8f5ace5ce73b4b4aac4b7245aee6f191","name":"Jorge Matheus","url":"https:\/\/infoecos.com.ar\/index.php\/author\/jomatheus\/"}]}},"featured_image_urls":{"full":"","thumbnail":"","medium":"","medium_large":"","large":"","1536x1536":"","2048x2048":"","covernews-slider-full":"","covernews-slider-center":"","covernews-featured":"","covernews-medium":"","covernews-medium-square":""},"author_info":{"info":["Jorge Matheus"]},"category_info":"<a href=\"https:\/\/infoecos.com.ar\/index.php\/category\/inferior9\/\" rel=\"category tag\">Bloque inferior - 9<\/a>","tag_info":"Bloque inferior - 9","comment_count":"0","_links":{"self":[{"href":"https:\/\/infoecos.com.ar\/index.php\/wp-json\/wp\/v2\/posts\/98020"}],"collection":[{"href":"https:\/\/infoecos.com.ar\/index.php\/wp-json\/wp\/v2\/posts"}],"about":[{"href":"https:\/\/infoecos.com.ar\/index.php\/wp-json\/wp\/v2\/types\/post"}],"author":[{"embeddable":true,"href":"https:\/\/infoecos.com.ar\/index.php\/wp-json\/wp\/v2\/users\/2"}],"replies":[{"embeddable":true,"href":"https:\/\/infoecos.com.ar\/index.php\/wp-json\/wp\/v2\/comments?post=98020"}],"version-history":[{"count":1,"href":"https:\/\/infoecos.com.ar\/index.php\/wp-json\/wp\/v2\/posts\/98020\/revisions"}],"predecessor-version":[{"id":98021,"href":"https:\/\/infoecos.com.ar\/index.php\/wp-json\/wp\/v2\/posts\/98020\/revisions\/98021"}],"wp:featuredmedia":[{"embeddable":true,"href":"https:\/\/infoecos.com.ar\/index.php\/wp-json\/"}],"wp:attachment":[{"href":"https:\/\/infoecos.com.ar\/index.php\/wp-json\/wp\/v2\/media?parent=98020"}],"wp:term":[{"taxonomy":"category","embeddable":true,"href":"https:\/\/infoecos.com.ar\/index.php\/wp-json\/wp\/v2\/categories?post=98020"},{"taxonomy":"post_tag","embeddable":true,"href":"https:\/\/infoecos.com.ar\/index.php\/wp-json\/wp\/v2\/tags?post=98020"}],"curies":[{"name":"wp","href":"https:\/\/api.w.org\/{rel}","templated":true}]}}