{"id":98036,"date":"2022-09-24T15:19:42","date_gmt":"2022-09-24T18:19:42","guid":{"rendered":"http:\/\/infoecos.com.ar\/?p=98036"},"modified":"2022-09-26T04:52:05","modified_gmt":"2022-09-26T07:52:05","slug":"barracchia-y-font-no-se-animaron-a-tanto-eliminaran-tasas-municipales-en-trenque-lauquen","status":"publish","type":"post","link":"https:\/\/infoecos.com.ar\/index.php\/barracchia-y-font-no-se-animaron-a-tanto-eliminaran-tasas-municipales-en-trenque-lauquen\/","title":{"rendered":"Barracchia y Font no se animaron a tanto: eliminar\u00e1n Tasas Municipales en Trenque Lauquen"},"content":{"rendered":"\n<p>El Departamento Ejecutivo remiti\u00f3 al Concejo Deliberante, para su tratamiento, dos proyectos de alto impacto que proponen modificaciones a las Ordenanzas Impositiva y Fiscal vigentes.<\/p>\n\n\n\n<figure class=\"wp-block-image aligncenter size-full is-resized\"><img loading=\"lazy\" decoding=\"async\" src=\"http:\/\/infoecos.com.ar\/wp-content\/uploads\/Municipio-2.jpg\" alt=\"\" class=\"wp-image-61593\" width=\"488\" height=\"325\" srcset=\"https:\/\/infoecos.com.ar\/wp-content\/uploads\/Municipio-2.jpg 800w, https:\/\/infoecos.com.ar\/wp-content\/uploads\/Municipio-2-460x306.jpg 460w, https:\/\/infoecos.com.ar\/wp-content\/uploads\/Municipio-2-768x511.jpg 768w, https:\/\/infoecos.com.ar\/wp-content\/uploads\/Municipio-2-675x450.jpg 675w\" sizes=\"(max-width: 488px) 100vw, 488px\" \/><\/figure>\n\n\n\n<p>Con los cambios en la Impositiva se propone la facilitaci\u00f3n de tr\u00e1mites administrativos en Derechos de Oficina y Derechos de Construcci\u00f3n buscando unificar valores para procedimientos de similares caracter\u00edsticas.<\/p>\n\n\n\n<p>En cuanto a las tasas se eleva a consideraci\u00f3n de los concejales la tasa denominada Jard\u00ednes Maternales a los fines de dar gratuidad econ\u00f3mica, en particular en familiares de alta vulnerabilidad. La asignaci\u00f3n de vacantes seguir\u00e1n siendo analizadas por el \u00e1rea de Desarrollo Humano. <\/p>\n\n\n\n<p>La iniciativa presentada en el Concejo Deliberante da tambi\u00e9n de baja la tasa de Recolecci\u00f3n Diferenciada de Residuos S\u00f3lidos Urbanos, que originalmente gravaba a determinados establecimientos gastron\u00f3micos a los que el \u00e1rea de Higiene Urbana, por ser grandes generadores de basura, les presta un servicio de recolecci\u00f3n en d\u00edas y horarios especiales con el objeto de mantener limpia la ciudad.<\/p>\n\n\n\n<p>Esta situaci\u00f3n hab\u00eda sido planteada por la C\u00e1mara de Comercio en representaci\u00f3n de sus asociados. Se compensar\u00e1 con un prorrateo del costo del servicio diferenciado con un m\u00ednimo incremento de la Tasa de Seguridad e Higiene, \u00fanicamente para los comercios del rubro gastron\u00f3mico.&nbsp;&nbsp;&nbsp;<\/p>\n\n\n\n<p>En el proyecto se contempla derogar &#8211; en su totalidad &#8211; la Ambiental. En la informaci\u00f3n que se distribuy\u00f3 este viernes, <em><strong>se se\u00f1ala que para esta decisi\u00f3n se resaltan dos aspectos: la tarea fundamental y permanente de la gesti\u00f3n municipal en el cuidado del medio ambiente realizando important\u00edsimas inversiones edilicias y en maquinarias de \u00faltima tecnolog\u00eda, y el haber conseguido por primera vez en la historia de la ciudad la aprobaci\u00f3n del funcionamiento del horno pirol\u00edtico en el Prolim. A eso se agrega la Planta de Clasificaci\u00f3n y Transferencia en ejecuci\u00f3n y el Relleno Sanitario que se realizar\u00e1 en un predio pr\u00f3ximo a ser adquirido<\/strong><\/em>.<\/p>\n\n\n\n<figure class=\"wp-block-image aligncenter size-large is-resized\"><img loading=\"lazy\" decoding=\"async\" src=\"http:\/\/infoecos.com.ar\/wp-content\/uploads\/alfredo-zambiasio-1080x675-920x575.jpg\" alt=\"\" class=\"wp-image-57772\" width=\"540\" height=\"337\"\/><figcaption>Zambiasio, Alfredo<\/figcaption><\/figure>\n\n\n\n<p>Desde el \u00e1rea del contador Alfredo Zambiasio se puntualiza que <strong><em>a\u00fan asumiendo que el proyecto de reforma implicar\u00e1 una merma en la recaudaci\u00f3n de tasas locales, se prioriza que habiendo escuchado y atendido en la medida de lo posible las diferentes inquietudes recibidas, su ejecuci\u00f3n simplificar\u00e1 la tarea tributaria, beneficiando as\u00ed a muchos vecinos y contribuyentes<\/em><\/strong>.<\/p>\n\n\n\n<p>El proyecto mantiene sin variaciones los valores de las tasas m\u00e1s comunes, ABL y Servicios Sanitarios, que no son objeto de modificaci\u00f3n ni aumento alguno.<\/p>\n\n\n\n<p>En lo que refiere a la Ordenanza Fiscal, recoge los cambios ya explicados para la Ordenanza Impositiva, reordenando su texto relacionado con las novedades tributarias se\u00f1aladas.<\/p>\n\n\n\n<figure class=\"wp-block-image aligncenter size-full is-resized\"><img loading=\"lazy\" decoding=\"async\" src=\"http:\/\/infoecos.com.ar\/wp-content\/uploads\/concejod.jpg\" alt=\"\" class=\"wp-image-61711\" width=\"569\" height=\"293\" srcset=\"https:\/\/infoecos.com.ar\/wp-content\/uploads\/concejod.jpg 825w, https:\/\/infoecos.com.ar\/wp-content\/uploads\/concejod-460x237.jpg 460w, https:\/\/infoecos.com.ar\/wp-content\/uploads\/concejod-768x396.jpg 768w\" sizes=\"(max-width: 569px) 100vw, 569px\" \/><figcaption>Concejo Deliberante de Trenque Lauquen<\/figcaption><\/figure>\n\n\n\n<p>Los dos proyectos deber\u00e1n ahora ser tratados por el cuerpo legislativo y adem\u00e1s convalidados por la Asamblea de Concejales y Mayores Contribuyentes.<\/p>\n","protected":false},"excerpt":{"rendered":"<p>Con los cambios en la Impositiva se propone la facilitaci\u00f3n de tr\u00e1mites administrativos en Derechos de Oficina y Derechos de Construcci\u00f3n buscando unificar valores para procedimientos de similares caracter\u00edsticas. En cuanto a las tasas se eleva a consideraci\u00f3n de los concejales la tasa denominada Jard\u00ednes Maternales a los fines de dar gratuidad econ\u00f3mica, en particular en familiares de alta vulnerabilidad. La asignaci\u00f3n de vacantes seguir\u00e1n siendo analizadas por el \u00e1rea de Desarrollo Humano<\/p>\n","protected":false},"author":2,"featured_media":62824,"comment_status":"closed","ping_status":"open","sticky":false,"template":"","format":"standard","meta":{"footnotes":""},"categories":[29],"tags":[6828],"class_list":["post-98036","post","type-post","status-publish","format-standard","has-post-thumbnail","hentry","category-c2nota1","tag-proyectos-al-concejo-delibeante"],"yoast_head":"<!-- This site is optimized with the Yoast SEO plugin v23.4 - https:\/\/yoast.com\/wordpress\/plugins\/seo\/ -->\n<title>Barracchia y Font no se animaron a tanto: eliminar\u00e1n Tasas Municipales en Trenque Lauquen - Infoecos<\/title>\n<meta name=\"robots\" content=\"index, follow, max-snippet:-1, max-image-preview:large, max-video-preview:-1\" \/>\n<link rel=\"canonical\" href=\"https:\/\/infoecos.com.ar\/index.php\/barracchia-y-font-no-se-animaron-a-tanto-eliminaran-tasas-municipales-en-trenque-lauquen\/\" \/>\n<meta property=\"og:locale\" content=\"es_ES\" \/>\n<meta property=\"og:type\" content=\"article\" \/>\n<meta property=\"og:title\" content=\"Barracchia y Font no se animaron a tanto: eliminar\u00e1n Tasas Municipales en Trenque Lauquen - Infoecos\" \/>\n<meta property=\"og:description\" content=\"Con los cambios en la Impositiva se propone la facilitaci\u00f3n de tr\u00e1mites administrativos en Derechos de Oficina y Derechos de Construcci\u00f3n buscando unificar valores para procedimientos de similares caracter\u00edsticas. En cuanto a las tasas se eleva a consideraci\u00f3n de los concejales la tasa denominada Jard\u00ednes Maternales a los fines de dar gratuidad econ\u00f3mica, en particular en familiares de alta vulnerabilidad. La asignaci\u00f3n de vacantes seguir\u00e1n siendo analizadas por el \u00e1rea de Desarrollo Humano\" \/>\n<meta property=\"og:url\" content=\"https:\/\/infoecos.com.ar\/index.php\/barracchia-y-font-no-se-animaron-a-tanto-eliminaran-tasas-municipales-en-trenque-lauquen\/\" \/>\n<meta property=\"og:site_name\" content=\"Infoecos\" \/>\n<meta property=\"article:publisher\" content=\"https:\/\/www.facebook.com\/profile.php?id=100063200290284\" \/>\n<meta property=\"article:published_time\" content=\"2022-09-24T18:19:42+00:00\" \/>\n<meta property=\"article:modified_time\" content=\"2022-09-26T07:52:05+00:00\" \/>\n<meta property=\"og:image\" content=\"https:\/\/infoecos.com.ar\/wp-content\/uploads\/Municipio-3.jpg\" \/>\n\t<meta property=\"og:image:width\" content=\"300\" \/>\n\t<meta property=\"og:image:height\" content=\"200\" \/>\n\t<meta property=\"og:image:type\" content=\"image\/jpeg\" \/>\n<meta name=\"author\" content=\"Jorge Matheus\" \/>\n<meta name=\"twitter:card\" content=\"summary_large_image\" \/>\n<meta name=\"twitter:creator\" content=\"@infoecos\" \/>\n<meta name=\"twitter:site\" content=\"@infoecos\" \/>\n<meta name=\"twitter:label1\" content=\"Escrito por\" \/>\n\t<meta name=\"twitter:data1\" content=\"Jorge Matheus\" \/>\n\t<meta name=\"twitter:label2\" content=\"Tiempo de lectura\" \/>\n\t<meta name=\"twitter:data2\" content=\"2 minutos\" \/>\n<script type=\"application\/ld+json\" class=\"yoast-schema-graph\">{\"@context\":\"https:\/\/schema.org\",\"@graph\":[{\"@type\":\"Article\",\"@id\":\"https:\/\/infoecos.com.ar\/index.php\/barracchia-y-font-no-se-animaron-a-tanto-eliminaran-tasas-municipales-en-trenque-lauquen\/#article\",\"isPartOf\":{\"@id\":\"https:\/\/infoecos.com.ar\/index.php\/barracchia-y-font-no-se-animaron-a-tanto-eliminaran-tasas-municipales-en-trenque-lauquen\/\"},\"author\":{\"name\":\"Jorge Matheus\",\"@id\":\"https:\/\/infoecos.com.ar\/#\/schema\/person\/8f5ace5ce73b4b4aac4b7245aee6f191\"},\"headline\":\"Barracchia y Font no se animaron a tanto: eliminar\u00e1n Tasas Municipales en Trenque Lauquen\",\"datePublished\":\"2022-09-24T18:19:42+00:00\",\"dateModified\":\"2022-09-26T07:52:05+00:00\",\"mainEntityOfPage\":{\"@id\":\"https:\/\/infoecos.com.ar\/index.php\/barracchia-y-font-no-se-animaron-a-tanto-eliminaran-tasas-municipales-en-trenque-lauquen\/\"},\"wordCount\":500,\"publisher\":{\"@id\":\"https:\/\/infoecos.com.ar\/#organization\"},\"image\":{\"@id\":\"https:\/\/infoecos.com.ar\/index.php\/barracchia-y-font-no-se-animaron-a-tanto-eliminaran-tasas-municipales-en-trenque-lauquen\/#primaryimage\"},\"thumbnailUrl\":\"https:\/\/infoecos.com.ar\/wp-content\/uploads\/Municipio-3.jpg\",\"keywords\":[\"Proyectos al Concejo Delibeante\"],\"articleSection\":[\"C2 nota 1\"],\"inLanguage\":\"es\"},{\"@type\":\"WebPage\",\"@id\":\"https:\/\/infoecos.com.ar\/index.php\/barracchia-y-font-no-se-animaron-a-tanto-eliminaran-tasas-municipales-en-trenque-lauquen\/\",\"url\":\"https:\/\/infoecos.com.ar\/index.php\/barracchia-y-font-no-se-animaron-a-tanto-eliminaran-tasas-municipales-en-trenque-lauquen\/\",\"name\":\"Barracchia y Font no se animaron a tanto: eliminar\u00e1n Tasas Municipales en Trenque Lauquen - Infoecos\",\"isPartOf\":{\"@id\":\"https:\/\/infoecos.com.ar\/#website\"},\"primaryImageOfPage\":{\"@id\":\"https:\/\/infoecos.com.ar\/index.php\/barracchia-y-font-no-se-animaron-a-tanto-eliminaran-tasas-municipales-en-trenque-lauquen\/#primaryimage\"},\"image\":{\"@id\":\"https:\/\/infoecos.com.ar\/index.php\/barracchia-y-font-no-se-animaron-a-tanto-eliminaran-tasas-municipales-en-trenque-lauquen\/#primaryimage\"},\"thumbnailUrl\":\"https:\/\/infoecos.com.ar\/wp-content\/uploads\/Municipio-3.jpg\",\"datePublished\":\"2022-09-24T18:19:42+00:00\",\"dateModified\":\"2022-09-26T07:52:05+00:00\",\"breadcrumb\":{\"@id\":\"https:\/\/infoecos.com.ar\/index.php\/barracchia-y-font-no-se-animaron-a-tanto-eliminaran-tasas-municipales-en-trenque-lauquen\/#breadcrumb\"},\"inLanguage\":\"es\",\"potentialAction\":[{\"@type\":\"ReadAction\",\"target\":[\"https:\/\/infoecos.com.ar\/index.php\/barracchia-y-font-no-se-animaron-a-tanto-eliminaran-tasas-municipales-en-trenque-lauquen\/\"]}]},{\"@type\":\"ImageObject\",\"inLanguage\":\"es\",\"@id\":\"https:\/\/infoecos.com.ar\/index.php\/barracchia-y-font-no-se-animaron-a-tanto-eliminaran-tasas-municipales-en-trenque-lauquen\/#primaryimage\",\"url\":\"https:\/\/infoecos.com.ar\/wp-content\/uploads\/Municipio-3.jpg\",\"contentUrl\":\"https:\/\/infoecos.com.ar\/wp-content\/uploads\/Municipio-3.jpg\",\"width\":300,\"height\":200},{\"@type\":\"BreadcrumbList\",\"@id\":\"https:\/\/infoecos.com.ar\/index.php\/barracchia-y-font-no-se-animaron-a-tanto-eliminaran-tasas-municipales-en-trenque-lauquen\/#breadcrumb\",\"itemListElement\":[{\"@type\":\"ListItem\",\"position\":1,\"name\":\"Portada\",\"item\":\"https:\/\/infoecos.com.ar\/\"},{\"@type\":\"ListItem\",\"position\":2,\"name\":\"Barracchia y Font no se animaron a tanto: eliminar\u00e1n Tasas Municipales en Trenque Lauquen\"}]},{\"@type\":\"WebSite\",\"@id\":\"https:\/\/infoecos.com.ar\/#website\",\"url\":\"https:\/\/infoecos.com.ar\/\",\"name\":\"Infoecos\",\"description\":\"Noticias de trenque lauquen y la zona\",\"publisher\":{\"@id\":\"https:\/\/infoecos.com.ar\/#organization\"},\"alternateName\":\"Noticias\",\"potentialAction\":[{\"@type\":\"SearchAction\",\"target\":{\"@type\":\"EntryPoint\",\"urlTemplate\":\"https:\/\/infoecos.com.ar\/?s={search_term_string}\"},\"query-input\":{\"@type\":\"PropertyValueSpecification\",\"valueRequired\":true,\"valueName\":\"search_term_string\"}}],\"inLanguage\":\"es\"},{\"@type\":\"Organization\",\"@id\":\"https:\/\/infoecos.com.ar\/#organization\",\"name\":\"Infoecos\",\"alternateName\":\"Noticias\",\"url\":\"https:\/\/infoecos.com.ar\/\",\"logo\":{\"@type\":\"ImageObject\",\"inLanguage\":\"es\",\"@id\":\"https:\/\/infoecos.com.ar\/#\/schema\/logo\/image\/\",\"url\":\"https:\/\/infoecos.com.ar\/wp-content\/uploads\/2024\/03\/cropped-logo.png\",\"contentUrl\":\"https:\/\/infoecos.com.ar\/wp-content\/uploads\/2024\/03\/cropped-logo.png\",\"width\":374,\"height\":90,\"caption\":\"Infoecos\"},\"image\":{\"@id\":\"https:\/\/infoecos.com.ar\/#\/schema\/logo\/image\/\"},\"sameAs\":[\"https:\/\/www.facebook.com\/profile.php?id=100063200290284\",\"https:\/\/x.com\/infoecos\"]},{\"@type\":\"Person\",\"@id\":\"https:\/\/infoecos.com.ar\/#\/schema\/person\/8f5ace5ce73b4b4aac4b7245aee6f191\",\"name\":\"Jorge Matheus\",\"url\":\"https:\/\/infoecos.com.ar\/index.php\/author\/jomatheus\/\"}]}<\/script>\n<!-- \/ Yoast SEO plugin. -->","yoast_head_json":{"title":"Barracchia y Font no se animaron a tanto: eliminar\u00e1n Tasas Municipales en Trenque Lauquen - Infoecos","robots":{"index":"index","follow":"follow","max-snippet":"max-snippet:-1","max-image-preview":"max-image-preview:large","max-video-preview":"max-video-preview:-1"},"canonical":"https:\/\/infoecos.com.ar\/index.php\/barracchia-y-font-no-se-animaron-a-tanto-eliminaran-tasas-municipales-en-trenque-lauquen\/","og_locale":"es_ES","og_type":"article","og_title":"Barracchia y Font no se animaron a tanto: eliminar\u00e1n Tasas Municipales en Trenque Lauquen - Infoecos","og_description":"Con los cambios en la Impositiva se propone la facilitaci\u00f3n de tr\u00e1mites administrativos en Derechos de Oficina y Derechos de Construcci\u00f3n buscando unificar valores para procedimientos de similares caracter\u00edsticas. En cuanto a las tasas se eleva a consideraci\u00f3n de los concejales la tasa denominada Jard\u00ednes Maternales a los fines de dar gratuidad econ\u00f3mica, en particular en familiares de alta vulnerabilidad. La asignaci\u00f3n de vacantes seguir\u00e1n siendo analizadas por el \u00e1rea de Desarrollo Humano","og_url":"https:\/\/infoecos.com.ar\/index.php\/barracchia-y-font-no-se-animaron-a-tanto-eliminaran-tasas-municipales-en-trenque-lauquen\/","og_site_name":"Infoecos","article_publisher":"https:\/\/www.facebook.com\/profile.php?id=100063200290284","article_published_time":"2022-09-24T18:19:42+00:00","article_modified_time":"2022-09-26T07:52:05+00:00","og_image":[{"width":300,"height":200,"url":"https:\/\/infoecos.com.ar\/wp-content\/uploads\/Municipio-3.jpg","type":"image\/jpeg"}],"author":"Jorge Matheus","twitter_card":"summary_large_image","twitter_creator":"@infoecos","twitter_site":"@infoecos","twitter_misc":{"Escrito por":"Jorge Matheus","Tiempo de lectura":"2 minutos"},"schema":{"@context":"https:\/\/schema.org","@graph":[{"@type":"Article","@id":"https:\/\/infoecos.com.ar\/index.php\/barracchia-y-font-no-se-animaron-a-tanto-eliminaran-tasas-municipales-en-trenque-lauquen\/#article","isPartOf":{"@id":"https:\/\/infoecos.com.ar\/index.php\/barracchia-y-font-no-se-animaron-a-tanto-eliminaran-tasas-municipales-en-trenque-lauquen\/"},"author":{"name":"Jorge Matheus","@id":"https:\/\/infoecos.com.ar\/#\/schema\/person\/8f5ace5ce73b4b4aac4b7245aee6f191"},"headline":"Barracchia y Font no se animaron a tanto: eliminar\u00e1n Tasas Municipales en Trenque Lauquen","datePublished":"2022-09-24T18:19:42+00:00","dateModified":"2022-09-26T07:52:05+00:00","mainEntityOfPage":{"@id":"https:\/\/infoecos.com.ar\/index.php\/barracchia-y-font-no-se-animaron-a-tanto-eliminaran-tasas-municipales-en-trenque-lauquen\/"},"wordCount":500,"publisher":{"@id":"https:\/\/infoecos.com.ar\/#organization"},"image":{"@id":"https:\/\/infoecos.com.ar\/index.php\/barracchia-y-font-no-se-animaron-a-tanto-eliminaran-tasas-municipales-en-trenque-lauquen\/#primaryimage"},"thumbnailUrl":"https:\/\/infoecos.com.ar\/wp-content\/uploads\/Municipio-3.jpg","keywords":["Proyectos al Concejo Delibeante"],"articleSection":["C2 nota 1"],"inLanguage":"es"},{"@type":"WebPage","@id":"https:\/\/infoecos.com.ar\/index.php\/barracchia-y-font-no-se-animaron-a-tanto-eliminaran-tasas-municipales-en-trenque-lauquen\/","url":"https:\/\/infoecos.com.ar\/index.php\/barracchia-y-font-no-se-animaron-a-tanto-eliminaran-tasas-municipales-en-trenque-lauquen\/","name":"Barracchia y Font no se animaron a tanto: eliminar\u00e1n Tasas Municipales en Trenque Lauquen - Infoecos","isPartOf":{"@id":"https:\/\/infoecos.com.ar\/#website"},"primaryImageOfPage":{"@id":"https:\/\/infoecos.com.ar\/index.php\/barracchia-y-font-no-se-animaron-a-tanto-eliminaran-tasas-municipales-en-trenque-lauquen\/#primaryimage"},"image":{"@id":"https:\/\/infoecos.com.ar\/index.php\/barracchia-y-font-no-se-animaron-a-tanto-eliminaran-tasas-municipales-en-trenque-lauquen\/#primaryimage"},"thumbnailUrl":"https:\/\/infoecos.com.ar\/wp-content\/uploads\/Municipio-3.jpg","datePublished":"2022-09-24T18:19:42+00:00","dateModified":"2022-09-26T07:52:05+00:00","breadcrumb":{"@id":"https:\/\/infoecos.com.ar\/index.php\/barracchia-y-font-no-se-animaron-a-tanto-eliminaran-tasas-municipales-en-trenque-lauquen\/#breadcrumb"},"inLanguage":"es","potentialAction":[{"@type":"ReadAction","target":["https:\/\/infoecos.com.ar\/index.php\/barracchia-y-font-no-se-animaron-a-tanto-eliminaran-tasas-municipales-en-trenque-lauquen\/"]}]},{"@type":"ImageObject","inLanguage":"es","@id":"https:\/\/infoecos.com.ar\/index.php\/barracchia-y-font-no-se-animaron-a-tanto-eliminaran-tasas-municipales-en-trenque-lauquen\/#primaryimage","url":"https:\/\/infoecos.com.ar\/wp-content\/uploads\/Municipio-3.jpg","contentUrl":"https:\/\/infoecos.com.ar\/wp-content\/uploads\/Municipio-3.jpg","width":300,"height":200},{"@type":"BreadcrumbList","@id":"https:\/\/infoecos.com.ar\/index.php\/barracchia-y-font-no-se-animaron-a-tanto-eliminaran-tasas-municipales-en-trenque-lauquen\/#breadcrumb","itemListElement":[{"@type":"ListItem","position":1,"name":"Portada","item":"https:\/\/infoecos.com.ar\/"},{"@type":"ListItem","position":2,"name":"Barracchia y Font no se animaron a tanto: eliminar\u00e1n Tasas Municipales en Trenque Lauquen"}]},{"@type":"WebSite","@id":"https:\/\/infoecos.com.ar\/#website","url":"https:\/\/infoecos.com.ar\/","name":"Infoecos","description":"Noticias de trenque lauquen y la zona","publisher":{"@id":"https:\/\/infoecos.com.ar\/#organization"},"alternateName":"Noticias","potentialAction":[{"@type":"SearchAction","target":{"@type":"EntryPoint","urlTemplate":"https:\/\/infoecos.com.ar\/?s={search_term_string}"},"query-input":{"@type":"PropertyValueSpecification","valueRequired":true,"valueName":"search_term_string"}}],"inLanguage":"es"},{"@type":"Organization","@id":"https:\/\/infoecos.com.ar\/#organization","name":"Infoecos","alternateName":"Noticias","url":"https:\/\/infoecos.com.ar\/","logo":{"@type":"ImageObject","inLanguage":"es","@id":"https:\/\/infoecos.com.ar\/#\/schema\/logo\/image\/","url":"https:\/\/infoecos.com.ar\/wp-content\/uploads\/2024\/03\/cropped-logo.png","contentUrl":"https:\/\/infoecos.com.ar\/wp-content\/uploads\/2024\/03\/cropped-logo.png","width":374,"height":90,"caption":"Infoecos"},"image":{"@id":"https:\/\/infoecos.com.ar\/#\/schema\/logo\/image\/"},"sameAs":["https:\/\/www.facebook.com\/profile.php?id=100063200290284","https:\/\/x.com\/infoecos"]},{"@type":"Person","@id":"https:\/\/infoecos.com.ar\/#\/schema\/person\/8f5ace5ce73b4b4aac4b7245aee6f191","name":"Jorge Matheus","url":"https:\/\/infoecos.com.ar\/index.php\/author\/jomatheus\/"}]}},"featured_image_urls":{"full":["https:\/\/infoecos.com.ar\/wp-content\/uploads\/Municipio-3.jpg",300,200,false],"thumbnail":["https:\/\/infoecos.com.ar\/wp-content\/uploads\/Municipio-3-150x150.jpg",150,150,true],"medium":["https:\/\/infoecos.com.ar\/wp-content\/uploads\/Municipio-3.jpg",300,200,false],"medium_large":["https:\/\/infoecos.com.ar\/wp-content\/uploads\/Municipio-3.jpg",300,200,false],"large":["https:\/\/infoecos.com.ar\/wp-content\/uploads\/Municipio-3.jpg",300,200,false],"1536x1536":["https:\/\/infoecos.com.ar\/wp-content\/uploads\/Municipio-3.jpg",300,200,false],"2048x2048":["https:\/\/infoecos.com.ar\/wp-content\/uploads\/Municipio-3.jpg",300,200,false],"covernews-slider-full":["https:\/\/infoecos.com.ar\/wp-content\/uploads\/Municipio-3.jpg",300,200,false],"covernews-slider-center":["https:\/\/infoecos.com.ar\/wp-content\/uploads\/Municipio-3.jpg",300,200,false],"covernews-featured":["https:\/\/infoecos.com.ar\/wp-content\/uploads\/Municipio-3.jpg",300,200,false],"covernews-medium":["https:\/\/infoecos.com.ar\/wp-content\/uploads\/Municipio-3.jpg",300,200,false],"covernews-medium-square":["https:\/\/infoecos.com.ar\/wp-content\/uploads\/Municipio-3.jpg",300,200,false]},"author_info":{"info":["Jorge Matheus"]},"category_info":"<a href=\"https:\/\/infoecos.com.ar\/index.php\/category\/c2nota1\/\" rel=\"category tag\">C2 nota 1<\/a>","tag_info":"C2 nota 1","comment_count":"0","_links":{"self":[{"href":"https:\/\/infoecos.com.ar\/index.php\/wp-json\/wp\/v2\/posts\/98036"}],"collection":[{"href":"https:\/\/infoecos.com.ar\/index.php\/wp-json\/wp\/v2\/posts"}],"about":[{"href":"https:\/\/infoecos.com.ar\/index.php\/wp-json\/wp\/v2\/types\/post"}],"author":[{"embeddable":true,"href":"https:\/\/infoecos.com.ar\/index.php\/wp-json\/wp\/v2\/users\/2"}],"replies":[{"embeddable":true,"href":"https:\/\/infoecos.com.ar\/index.php\/wp-json\/wp\/v2\/comments?post=98036"}],"version-history":[{"count":2,"href":"https:\/\/infoecos.com.ar\/index.php\/wp-json\/wp\/v2\/posts\/98036\/revisions"}],"predecessor-version":[{"id":98134,"href":"https:\/\/infoecos.com.ar\/index.php\/wp-json\/wp\/v2\/posts\/98036\/revisions\/98134"}],"wp:featuredmedia":[{"embeddable":true,"href":"https:\/\/infoecos.com.ar\/index.php\/wp-json\/wp\/v2\/media\/62824"}],"wp:attachment":[{"href":"https:\/\/infoecos.com.ar\/index.php\/wp-json\/wp\/v2\/media?parent=98036"}],"wp:term":[{"taxonomy":"category","embeddable":true,"href":"https:\/\/infoecos.com.ar\/index.php\/wp-json\/wp\/v2\/categories?post=98036"},{"taxonomy":"post_tag","embeddable":true,"href":"https:\/\/infoecos.com.ar\/index.php\/wp-json\/wp\/v2\/tags?post=98036"}],"curies":[{"name":"wp","href":"https:\/\/api.w.org\/{rel}","templated":true}]}}