{"id":98038,"date":"2022-09-24T15:35:02","date_gmt":"2022-09-24T18:35:02","guid":{"rendered":"http:\/\/infoecos.com.ar\/?p=98038"},"modified":"2022-09-26T03:08:44","modified_gmt":"2022-09-26T06:08:44","slug":"beneficios-del-tren-sanitario-entregaron-anteojos-en-t-lauquen-a-mas-de-250-vecinos","status":"publish","type":"post","link":"https:\/\/infoecos.com.ar\/index.php\/beneficios-del-tren-sanitario-entregaron-anteojos-en-t-lauquen-a-mas-de-250-vecinos\/","title":{"rendered":"Beneficios del Tren Sanitario: entregaron anteojos en T.Lauquen a m\u00e1s de 250 vecinos"},"content":{"rendered":"\n<p>En la Estaci\u00f3n del Ferrocarril se realiz\u00f3 la entrega de los anteojos a los vecinos\/as que recibieron atenci\u00f3n oftalmol\u00f3gica en el Tren de Desarrollo Social y Sanitario, en el marco de su visita a la ciudad de Trenque Lauquen en el mes de julio pasado.<\/p>\n\n\n\n<figure class=\"wp-block-image aligncenter size-large is-resized\"><img loading=\"lazy\" decoding=\"async\" src=\"http:\/\/infoecos.com.ar\/wp-content\/uploads\/2022\/09\/308593226_10160052060137482_2109156981856612896_n-920x518.jpg\" alt=\"\" class=\"wp-image-98039\" width=\"584\" height=\"328\" srcset=\"https:\/\/infoecos.com.ar\/wp-content\/uploads\/2022\/09\/308593226_10160052060137482_2109156981856612896_n-920x518.jpg 920w, https:\/\/infoecos.com.ar\/wp-content\/uploads\/2022\/09\/308593226_10160052060137482_2109156981856612896_n-460x259.jpg 460w, https:\/\/infoecos.com.ar\/wp-content\/uploads\/2022\/09\/308593226_10160052060137482_2109156981856612896_n-768x432.jpg 768w, https:\/\/infoecos.com.ar\/wp-content\/uploads\/2022\/09\/308593226_10160052060137482_2109156981856612896_n-1536x864.jpg 1536w, https:\/\/infoecos.com.ar\/wp-content\/uploads\/2022\/09\/308593226_10160052060137482_2109156981856612896_n-1024x576.jpg 1024w, https:\/\/infoecos.com.ar\/wp-content\/uploads\/2022\/09\/308593226_10160052060137482_2109156981856612896_n.jpg 1920w\" sizes=\"(max-width: 584px) 100vw, 584px\" \/><figcaption>Anteojos gestionados en el Tren Sanitario<\/figcaption><\/figure>\n\n\n\n<p>Del acto de entrega participaron el secretario de Gesti\u00f3n y Planificaci\u00f3n del Municipio, Mart\u00edn Borraz\u00e1s; el titular del CDR Trenque Lauquen, Lucas Castrill\u00f3n; y la concejal del FDT Leticia Badino, junto a referentes y trabajadores del Tren Sanitario. Tambi\u00e9n estuvieron la subsecretaria de Desarrollo Humano municipal, Cristina Ferster, y la concejal Mar\u00eda Galiano.<\/p>\n\n\n\n<figure class=\"wp-block-image aligncenter size-large is-resized\"><img loading=\"lazy\" decoding=\"async\" src=\"http:\/\/infoecos.com.ar\/wp-content\/uploads\/2022\/09\/Entrega-de-anteojos-2-920x518.jpg\" alt=\"\" class=\"wp-image-98040\" width=\"598\" height=\"336\" srcset=\"https:\/\/infoecos.com.ar\/wp-content\/uploads\/2022\/09\/Entrega-de-anteojos-2-920x518.jpg 920w, https:\/\/infoecos.com.ar\/wp-content\/uploads\/2022\/09\/Entrega-de-anteojos-2-460x259.jpg 460w, https:\/\/infoecos.com.ar\/wp-content\/uploads\/2022\/09\/Entrega-de-anteojos-2-768x432.jpg 768w, https:\/\/infoecos.com.ar\/wp-content\/uploads\/2022\/09\/Entrega-de-anteojos-2-1024x576.jpg 1024w, https:\/\/infoecos.com.ar\/wp-content\/uploads\/2022\/09\/Entrega-de-anteojos-2.jpg 1040w\" sizes=\"(max-width: 598px) 100vw, 598px\" \/><figcaption>Anteojos gestionados en el Tren Sanitario<\/figcaption><\/figure>\n\n\n\n<p>Los funcionarios destacaron la importancia de esta herramienta que ofrece el Tren Sanitario y tambi\u00e9n el trabajo articulado ente el Ministerio, a trav\u00e9s del CDR, y la municipalidad de Trenque Lauquen.<\/p>\n\n\n\n<figure class=\"wp-block-image aligncenter size-large is-resized\"><img loading=\"lazy\" decoding=\"async\" src=\"http:\/\/infoecos.com.ar\/wp-content\/uploads\/2022\/09\/308552070_10160052060277482_6272077611721350759_n-920x518.jpg\" alt=\"\" class=\"wp-image-98041\" width=\"580\" height=\"326\" srcset=\"https:\/\/infoecos.com.ar\/wp-content\/uploads\/2022\/09\/308552070_10160052060277482_6272077611721350759_n-920x518.jpg 920w, https:\/\/infoecos.com.ar\/wp-content\/uploads\/2022\/09\/308552070_10160052060277482_6272077611721350759_n-460x259.jpg 460w, https:\/\/infoecos.com.ar\/wp-content\/uploads\/2022\/09\/308552070_10160052060277482_6272077611721350759_n-768x432.jpg 768w, https:\/\/infoecos.com.ar\/wp-content\/uploads\/2022\/09\/308552070_10160052060277482_6272077611721350759_n-1536x864.jpg 1536w, https:\/\/infoecos.com.ar\/wp-content\/uploads\/2022\/09\/308552070_10160052060277482_6272077611721350759_n-1024x576.jpg 1024w, https:\/\/infoecos.com.ar\/wp-content\/uploads\/2022\/09\/308552070_10160052060277482_6272077611721350759_n.jpg 1920w\" sizes=\"(max-width: 580px) 100vw, 580px\" \/><figcaption>Leticia Badino, concejal del FdT, entrega uno de los pares<\/figcaption><\/figure>\n\n\n\n<p>Cabe recordar que este Tren recorre diversas ciudades, pueblos y parajes ofreciendo atenci\u00f3n social y primaria de la salud (Ginecolog\u00eda y Obstetricia, Cl\u00ednica M\u00e9dica, Salud Mental, Fonoaudiolog\u00eda, Mamograf\u00eda y Radiograf\u00eda y Vacunaci\u00f3n), asesoramiento en diversos tr\u00e1mites (DNI, Pasaporte, Anses y Pami), actividades culturales y educativas, y generando ciclos de charlas para abordar tem\u00e1ticas de g\u00e9nero, mujeres y diversidades.<\/p>\n","protected":false},"excerpt":{"rendered":"<p>Del acto de entrega participaron el secretario de Gesti\u00f3n y Planificaci\u00f3n del Municipio, Mart\u00edn Borraz\u00e1s; el titular del CDR Trenque Lauquen, Lucas Castrill\u00f3n; y la concejal del FDT Leticia Badino, junto a referentes y trabajadores del Tren Sanitario. Tambi\u00e9n estuvieron la subsecretaria de Desarrollo Humano municipal, Cristina Ferster, y la concejal Mar\u00eda Galiano<\/p>\n","protected":false},"author":2,"featured_media":98039,"comment_status":"closed","ping_status":"open","sticky":false,"template":"","format":"standard","meta":{"footnotes":""},"categories":[48],"tags":[3618],"class_list":["post-98038","post","type-post","status-publish","format-standard","has-post-thumbnail","hentry","category-c2nota3","tag-en-el-playon-de-la-estacion"],"yoast_head":"<!-- This site is optimized with the Yoast SEO plugin v23.4 - https:\/\/yoast.com\/wordpress\/plugins\/seo\/ -->\n<title>Beneficios del Tren Sanitario: entregaron anteojos en T.Lauquen a m\u00e1s de 250 vecinos - Infoecos<\/title>\n<meta name=\"robots\" content=\"index, follow, max-snippet:-1, max-image-preview:large, max-video-preview:-1\" \/>\n<link rel=\"canonical\" href=\"https:\/\/infoecos.com.ar\/index.php\/beneficios-del-tren-sanitario-entregaron-anteojos-en-t-lauquen-a-mas-de-250-vecinos\/\" \/>\n<meta property=\"og:locale\" content=\"es_ES\" \/>\n<meta property=\"og:type\" content=\"article\" \/>\n<meta property=\"og:title\" content=\"Beneficios del Tren Sanitario: entregaron anteojos en T.Lauquen a m\u00e1s de 250 vecinos - Infoecos\" \/>\n<meta property=\"og:description\" content=\"Del acto de entrega participaron el secretario de Gesti\u00f3n y Planificaci\u00f3n del Municipio, Mart\u00edn Borraz\u00e1s; el titular del CDR Trenque Lauquen, Lucas Castrill\u00f3n; y la concejal del FDT Leticia Badino, junto a referentes y trabajadores del Tren Sanitario. Tambi\u00e9n estuvieron la subsecretaria de Desarrollo Humano municipal, Cristina Ferster, y la concejal Mar\u00eda Galiano\" \/>\n<meta property=\"og:url\" content=\"https:\/\/infoecos.com.ar\/index.php\/beneficios-del-tren-sanitario-entregaron-anteojos-en-t-lauquen-a-mas-de-250-vecinos\/\" \/>\n<meta property=\"og:site_name\" content=\"Infoecos\" \/>\n<meta property=\"article:publisher\" content=\"https:\/\/www.facebook.com\/profile.php?id=100063200290284\" \/>\n<meta property=\"article:published_time\" content=\"2022-09-24T18:35:02+00:00\" \/>\n<meta property=\"article:modified_time\" content=\"2022-09-26T06:08:44+00:00\" \/>\n<meta property=\"og:image\" content=\"https:\/\/infoecos.com.ar\/wp-content\/uploads\/2022\/09\/308593226_10160052060137482_2109156981856612896_n.jpg\" \/>\n\t<meta property=\"og:image:width\" content=\"1920\" \/>\n\t<meta property=\"og:image:height\" content=\"1080\" \/>\n\t<meta property=\"og:image:type\" content=\"image\/jpeg\" \/>\n<meta name=\"author\" content=\"Jorge Matheus\" \/>\n<meta name=\"twitter:card\" content=\"summary_large_image\" \/>\n<meta name=\"twitter:creator\" content=\"@infoecos\" \/>\n<meta name=\"twitter:site\" content=\"@infoecos\" \/>\n<meta name=\"twitter:label1\" content=\"Escrito por\" \/>\n\t<meta name=\"twitter:data1\" content=\"Jorge Matheus\" \/>\n\t<meta name=\"twitter:label2\" content=\"Tiempo de lectura\" \/>\n\t<meta name=\"twitter:data2\" content=\"1 minuto\" \/>\n<script type=\"application\/ld+json\" class=\"yoast-schema-graph\">{\"@context\":\"https:\/\/schema.org\",\"@graph\":[{\"@type\":\"Article\",\"@id\":\"https:\/\/infoecos.com.ar\/index.php\/beneficios-del-tren-sanitario-entregaron-anteojos-en-t-lauquen-a-mas-de-250-vecinos\/#article\",\"isPartOf\":{\"@id\":\"https:\/\/infoecos.com.ar\/index.php\/beneficios-del-tren-sanitario-entregaron-anteojos-en-t-lauquen-a-mas-de-250-vecinos\/\"},\"author\":{\"name\":\"Jorge Matheus\",\"@id\":\"https:\/\/infoecos.com.ar\/#\/schema\/person\/8f5ace5ce73b4b4aac4b7245aee6f191\"},\"headline\":\"Beneficios del Tren Sanitario: entregaron anteojos en T.Lauquen a m\u00e1s de 250 vecinos\",\"datePublished\":\"2022-09-24T18:35:02+00:00\",\"dateModified\":\"2022-09-26T06:08:44+00:00\",\"mainEntityOfPage\":{\"@id\":\"https:\/\/infoecos.com.ar\/index.php\/beneficios-del-tren-sanitario-entregaron-anteojos-en-t-lauquen-a-mas-de-250-vecinos\/\"},\"wordCount\":247,\"publisher\":{\"@id\":\"https:\/\/infoecos.com.ar\/#organization\"},\"image\":{\"@id\":\"https:\/\/infoecos.com.ar\/index.php\/beneficios-del-tren-sanitario-entregaron-anteojos-en-t-lauquen-a-mas-de-250-vecinos\/#primaryimage\"},\"thumbnailUrl\":\"https:\/\/infoecos.com.ar\/wp-content\/uploads\/2022\/09\/308593226_10160052060137482_2109156981856612896_n.jpg\",\"keywords\":[\"EN EL PLAY\u00d3N DE LA ESTACI\u00d3N\"],\"articleSection\":[\"C2 N3\"],\"inLanguage\":\"es\"},{\"@type\":\"WebPage\",\"@id\":\"https:\/\/infoecos.com.ar\/index.php\/beneficios-del-tren-sanitario-entregaron-anteojos-en-t-lauquen-a-mas-de-250-vecinos\/\",\"url\":\"https:\/\/infoecos.com.ar\/index.php\/beneficios-del-tren-sanitario-entregaron-anteojos-en-t-lauquen-a-mas-de-250-vecinos\/\",\"name\":\"Beneficios del Tren Sanitario: entregaron anteojos en T.Lauquen a m\u00e1s de 250 vecinos - Infoecos\",\"isPartOf\":{\"@id\":\"https:\/\/infoecos.com.ar\/#website\"},\"primaryImageOfPage\":{\"@id\":\"https:\/\/infoecos.com.ar\/index.php\/beneficios-del-tren-sanitario-entregaron-anteojos-en-t-lauquen-a-mas-de-250-vecinos\/#primaryimage\"},\"image\":{\"@id\":\"https:\/\/infoecos.com.ar\/index.php\/beneficios-del-tren-sanitario-entregaron-anteojos-en-t-lauquen-a-mas-de-250-vecinos\/#primaryimage\"},\"thumbnailUrl\":\"https:\/\/infoecos.com.ar\/wp-content\/uploads\/2022\/09\/308593226_10160052060137482_2109156981856612896_n.jpg\",\"datePublished\":\"2022-09-24T18:35:02+00:00\",\"dateModified\":\"2022-09-26T06:08:44+00:00\",\"breadcrumb\":{\"@id\":\"https:\/\/infoecos.com.ar\/index.php\/beneficios-del-tren-sanitario-entregaron-anteojos-en-t-lauquen-a-mas-de-250-vecinos\/#breadcrumb\"},\"inLanguage\":\"es\",\"potentialAction\":[{\"@type\":\"ReadAction\",\"target\":[\"https:\/\/infoecos.com.ar\/index.php\/beneficios-del-tren-sanitario-entregaron-anteojos-en-t-lauquen-a-mas-de-250-vecinos\/\"]}]},{\"@type\":\"ImageObject\",\"inLanguage\":\"es\",\"@id\":\"https:\/\/infoecos.com.ar\/index.php\/beneficios-del-tren-sanitario-entregaron-anteojos-en-t-lauquen-a-mas-de-250-vecinos\/#primaryimage\",\"url\":\"https:\/\/infoecos.com.ar\/wp-content\/uploads\/2022\/09\/308593226_10160052060137482_2109156981856612896_n.jpg\",\"contentUrl\":\"https:\/\/infoecos.com.ar\/wp-content\/uploads\/2022\/09\/308593226_10160052060137482_2109156981856612896_n.jpg\",\"width\":1920,\"height\":1080},{\"@type\":\"BreadcrumbList\",\"@id\":\"https:\/\/infoecos.com.ar\/index.php\/beneficios-del-tren-sanitario-entregaron-anteojos-en-t-lauquen-a-mas-de-250-vecinos\/#breadcrumb\",\"itemListElement\":[{\"@type\":\"ListItem\",\"position\":1,\"name\":\"Portada\",\"item\":\"https:\/\/infoecos.com.ar\/\"},{\"@type\":\"ListItem\",\"position\":2,\"name\":\"Beneficios del Tren Sanitario: entregaron anteojos en T.Lauquen a m\u00e1s de 250 vecinos\"}]},{\"@type\":\"WebSite\",\"@id\":\"https:\/\/infoecos.com.ar\/#website\",\"url\":\"https:\/\/infoecos.com.ar\/\",\"name\":\"Infoecos\",\"description\":\"Noticias de trenque lauquen y la zona\",\"publisher\":{\"@id\":\"https:\/\/infoecos.com.ar\/#organization\"},\"alternateName\":\"Noticias\",\"potentialAction\":[{\"@type\":\"SearchAction\",\"target\":{\"@type\":\"EntryPoint\",\"urlTemplate\":\"https:\/\/infoecos.com.ar\/?s={search_term_string}\"},\"query-input\":{\"@type\":\"PropertyValueSpecification\",\"valueRequired\":true,\"valueName\":\"search_term_string\"}}],\"inLanguage\":\"es\"},{\"@type\":\"Organization\",\"@id\":\"https:\/\/infoecos.com.ar\/#organization\",\"name\":\"Infoecos\",\"alternateName\":\"Noticias\",\"url\":\"https:\/\/infoecos.com.ar\/\",\"logo\":{\"@type\":\"ImageObject\",\"inLanguage\":\"es\",\"@id\":\"https:\/\/infoecos.com.ar\/#\/schema\/logo\/image\/\",\"url\":\"https:\/\/infoecos.com.ar\/wp-content\/uploads\/2024\/03\/cropped-logo.png\",\"contentUrl\":\"https:\/\/infoecos.com.ar\/wp-content\/uploads\/2024\/03\/cropped-logo.png\",\"width\":374,\"height\":90,\"caption\":\"Infoecos\"},\"image\":{\"@id\":\"https:\/\/infoecos.com.ar\/#\/schema\/logo\/image\/\"},\"sameAs\":[\"https:\/\/www.facebook.com\/profile.php?id=100063200290284\",\"https:\/\/x.com\/infoecos\"]},{\"@type\":\"Person\",\"@id\":\"https:\/\/infoecos.com.ar\/#\/schema\/person\/8f5ace5ce73b4b4aac4b7245aee6f191\",\"name\":\"Jorge Matheus\",\"url\":\"https:\/\/infoecos.com.ar\/index.php\/author\/jomatheus\/\"}]}<\/script>\n<!-- \/ Yoast SEO plugin. -->","yoast_head_json":{"title":"Beneficios del Tren Sanitario: entregaron anteojos en T.Lauquen a m\u00e1s de 250 vecinos - Infoecos","robots":{"index":"index","follow":"follow","max-snippet":"max-snippet:-1","max-image-preview":"max-image-preview:large","max-video-preview":"max-video-preview:-1"},"canonical":"https:\/\/infoecos.com.ar\/index.php\/beneficios-del-tren-sanitario-entregaron-anteojos-en-t-lauquen-a-mas-de-250-vecinos\/","og_locale":"es_ES","og_type":"article","og_title":"Beneficios del Tren Sanitario: entregaron anteojos en T.Lauquen a m\u00e1s de 250 vecinos - Infoecos","og_description":"Del acto de entrega participaron el secretario de Gesti\u00f3n y Planificaci\u00f3n del Municipio, Mart\u00edn Borraz\u00e1s; el titular del CDR Trenque Lauquen, Lucas Castrill\u00f3n; y la concejal del FDT Leticia Badino, junto a referentes y trabajadores del Tren Sanitario. Tambi\u00e9n estuvieron la subsecretaria de Desarrollo Humano municipal, Cristina Ferster, y la concejal Mar\u00eda Galiano","og_url":"https:\/\/infoecos.com.ar\/index.php\/beneficios-del-tren-sanitario-entregaron-anteojos-en-t-lauquen-a-mas-de-250-vecinos\/","og_site_name":"Infoecos","article_publisher":"https:\/\/www.facebook.com\/profile.php?id=100063200290284","article_published_time":"2022-09-24T18:35:02+00:00","article_modified_time":"2022-09-26T06:08:44+00:00","og_image":[{"width":1920,"height":1080,"url":"https:\/\/infoecos.com.ar\/wp-content\/uploads\/2022\/09\/308593226_10160052060137482_2109156981856612896_n.jpg","type":"image\/jpeg"}],"author":"Jorge Matheus","twitter_card":"summary_large_image","twitter_creator":"@infoecos","twitter_site":"@infoecos","twitter_misc":{"Escrito por":"Jorge Matheus","Tiempo de lectura":"1 minuto"},"schema":{"@context":"https:\/\/schema.org","@graph":[{"@type":"Article","@id":"https:\/\/infoecos.com.ar\/index.php\/beneficios-del-tren-sanitario-entregaron-anteojos-en-t-lauquen-a-mas-de-250-vecinos\/#article","isPartOf":{"@id":"https:\/\/infoecos.com.ar\/index.php\/beneficios-del-tren-sanitario-entregaron-anteojos-en-t-lauquen-a-mas-de-250-vecinos\/"},"author":{"name":"Jorge Matheus","@id":"https:\/\/infoecos.com.ar\/#\/schema\/person\/8f5ace5ce73b4b4aac4b7245aee6f191"},"headline":"Beneficios del Tren Sanitario: entregaron anteojos en T.Lauquen a m\u00e1s de 250 vecinos","datePublished":"2022-09-24T18:35:02+00:00","dateModified":"2022-09-26T06:08:44+00:00","mainEntityOfPage":{"@id":"https:\/\/infoecos.com.ar\/index.php\/beneficios-del-tren-sanitario-entregaron-anteojos-en-t-lauquen-a-mas-de-250-vecinos\/"},"wordCount":247,"publisher":{"@id":"https:\/\/infoecos.com.ar\/#organization"},"image":{"@id":"https:\/\/infoecos.com.ar\/index.php\/beneficios-del-tren-sanitario-entregaron-anteojos-en-t-lauquen-a-mas-de-250-vecinos\/#primaryimage"},"thumbnailUrl":"https:\/\/infoecos.com.ar\/wp-content\/uploads\/2022\/09\/308593226_10160052060137482_2109156981856612896_n.jpg","keywords":["EN EL PLAY\u00d3N DE LA ESTACI\u00d3N"],"articleSection":["C2 N3"],"inLanguage":"es"},{"@type":"WebPage","@id":"https:\/\/infoecos.com.ar\/index.php\/beneficios-del-tren-sanitario-entregaron-anteojos-en-t-lauquen-a-mas-de-250-vecinos\/","url":"https:\/\/infoecos.com.ar\/index.php\/beneficios-del-tren-sanitario-entregaron-anteojos-en-t-lauquen-a-mas-de-250-vecinos\/","name":"Beneficios del Tren Sanitario: entregaron anteojos en T.Lauquen a m\u00e1s de 250 vecinos - Infoecos","isPartOf":{"@id":"https:\/\/infoecos.com.ar\/#website"},"primaryImageOfPage":{"@id":"https:\/\/infoecos.com.ar\/index.php\/beneficios-del-tren-sanitario-entregaron-anteojos-en-t-lauquen-a-mas-de-250-vecinos\/#primaryimage"},"image":{"@id":"https:\/\/infoecos.com.ar\/index.php\/beneficios-del-tren-sanitario-entregaron-anteojos-en-t-lauquen-a-mas-de-250-vecinos\/#primaryimage"},"thumbnailUrl":"https:\/\/infoecos.com.ar\/wp-content\/uploads\/2022\/09\/308593226_10160052060137482_2109156981856612896_n.jpg","datePublished":"2022-09-24T18:35:02+00:00","dateModified":"2022-09-26T06:08:44+00:00","breadcrumb":{"@id":"https:\/\/infoecos.com.ar\/index.php\/beneficios-del-tren-sanitario-entregaron-anteojos-en-t-lauquen-a-mas-de-250-vecinos\/#breadcrumb"},"inLanguage":"es","potentialAction":[{"@type":"ReadAction","target":["https:\/\/infoecos.com.ar\/index.php\/beneficios-del-tren-sanitario-entregaron-anteojos-en-t-lauquen-a-mas-de-250-vecinos\/"]}]},{"@type":"ImageObject","inLanguage":"es","@id":"https:\/\/infoecos.com.ar\/index.php\/beneficios-del-tren-sanitario-entregaron-anteojos-en-t-lauquen-a-mas-de-250-vecinos\/#primaryimage","url":"https:\/\/infoecos.com.ar\/wp-content\/uploads\/2022\/09\/308593226_10160052060137482_2109156981856612896_n.jpg","contentUrl":"https:\/\/infoecos.com.ar\/wp-content\/uploads\/2022\/09\/308593226_10160052060137482_2109156981856612896_n.jpg","width":1920,"height":1080},{"@type":"BreadcrumbList","@id":"https:\/\/infoecos.com.ar\/index.php\/beneficios-del-tren-sanitario-entregaron-anteojos-en-t-lauquen-a-mas-de-250-vecinos\/#breadcrumb","itemListElement":[{"@type":"ListItem","position":1,"name":"Portada","item":"https:\/\/infoecos.com.ar\/"},{"@type":"ListItem","position":2,"name":"Beneficios del Tren Sanitario: entregaron anteojos en T.Lauquen a m\u00e1s de 250 vecinos"}]},{"@type":"WebSite","@id":"https:\/\/infoecos.com.ar\/#website","url":"https:\/\/infoecos.com.ar\/","name":"Infoecos","description":"Noticias de trenque lauquen y la zona","publisher":{"@id":"https:\/\/infoecos.com.ar\/#organization"},"alternateName":"Noticias","potentialAction":[{"@type":"SearchAction","target":{"@type":"EntryPoint","urlTemplate":"https:\/\/infoecos.com.ar\/?s={search_term_string}"},"query-input":{"@type":"PropertyValueSpecification","valueRequired":true,"valueName":"search_term_string"}}],"inLanguage":"es"},{"@type":"Organization","@id":"https:\/\/infoecos.com.ar\/#organization","name":"Infoecos","alternateName":"Noticias","url":"https:\/\/infoecos.com.ar\/","logo":{"@type":"ImageObject","inLanguage":"es","@id":"https:\/\/infoecos.com.ar\/#\/schema\/logo\/image\/","url":"https:\/\/infoecos.com.ar\/wp-content\/uploads\/2024\/03\/cropped-logo.png","contentUrl":"https:\/\/infoecos.com.ar\/wp-content\/uploads\/2024\/03\/cropped-logo.png","width":374,"height":90,"caption":"Infoecos"},"image":{"@id":"https:\/\/infoecos.com.ar\/#\/schema\/logo\/image\/"},"sameAs":["https:\/\/www.facebook.com\/profile.php?id=100063200290284","https:\/\/x.com\/infoecos"]},{"@type":"Person","@id":"https:\/\/infoecos.com.ar\/#\/schema\/person\/8f5ace5ce73b4b4aac4b7245aee6f191","name":"Jorge Matheus","url":"https:\/\/infoecos.com.ar\/index.php\/author\/jomatheus\/"}]}},"featured_image_urls":{"full":["https:\/\/infoecos.com.ar\/wp-content\/uploads\/2022\/09\/308593226_10160052060137482_2109156981856612896_n.jpg",1920,1080,false],"thumbnail":["https:\/\/infoecos.com.ar\/wp-content\/uploads\/2022\/09\/308593226_10160052060137482_2109156981856612896_n-150x150.jpg",150,150,true],"medium":["https:\/\/infoecos.com.ar\/wp-content\/uploads\/2022\/09\/308593226_10160052060137482_2109156981856612896_n-460x259.jpg",460,259,true],"medium_large":["https:\/\/infoecos.com.ar\/wp-content\/uploads\/2022\/09\/308593226_10160052060137482_2109156981856612896_n-768x432.jpg",640,360,true],"large":["https:\/\/infoecos.com.ar\/wp-content\/uploads\/2022\/09\/308593226_10160052060137482_2109156981856612896_n-920x518.jpg",640,360,true],"1536x1536":["https:\/\/infoecos.com.ar\/wp-content\/uploads\/2022\/09\/308593226_10160052060137482_2109156981856612896_n-1536x864.jpg",1536,864,true],"2048x2048":["https:\/\/infoecos.com.ar\/wp-content\/uploads\/2022\/09\/308593226_10160052060137482_2109156981856612896_n.jpg",1920,1080,false],"covernews-slider-full":["https:\/\/infoecos.com.ar\/wp-content\/uploads\/2022\/09\/308593226_10160052060137482_2109156981856612896_n-1536x1020.jpg",1077,715,true],"covernews-slider-center":["https:\/\/infoecos.com.ar\/wp-content\/uploads\/2022\/09\/308593226_10160052060137482_2109156981856612896_n-936x897.jpg",522,500,true],"covernews-featured":["https:\/\/infoecos.com.ar\/wp-content\/uploads\/2022\/09\/308593226_10160052060137482_2109156981856612896_n-1024x576.jpg",1024,576,true],"covernews-medium":["https:\/\/infoecos.com.ar\/wp-content\/uploads\/2022\/09\/308593226_10160052060137482_2109156981856612896_n-720x380.jpg",540,285,true],"covernews-medium-square":["https:\/\/infoecos.com.ar\/wp-content\/uploads\/2022\/09\/308593226_10160052060137482_2109156981856612896_n-675x450.jpg",375,250,true]},"author_info":{"info":["Jorge Matheus"]},"category_info":"<a href=\"https:\/\/infoecos.com.ar\/index.php\/category\/c2nota3\/\" rel=\"category tag\">C2 N3<\/a>","tag_info":"C2 N3","comment_count":"0","_links":{"self":[{"href":"https:\/\/infoecos.com.ar\/index.php\/wp-json\/wp\/v2\/posts\/98038"}],"collection":[{"href":"https:\/\/infoecos.com.ar\/index.php\/wp-json\/wp\/v2\/posts"}],"about":[{"href":"https:\/\/infoecos.com.ar\/index.php\/wp-json\/wp\/v2\/types\/post"}],"author":[{"embeddable":true,"href":"https:\/\/infoecos.com.ar\/index.php\/wp-json\/wp\/v2\/users\/2"}],"replies":[{"embeddable":true,"href":"https:\/\/infoecos.com.ar\/index.php\/wp-json\/wp\/v2\/comments?post=98038"}],"version-history":[{"count":1,"href":"https:\/\/infoecos.com.ar\/index.php\/wp-json\/wp\/v2\/posts\/98038\/revisions"}],"predecessor-version":[{"id":98042,"href":"https:\/\/infoecos.com.ar\/index.php\/wp-json\/wp\/v2\/posts\/98038\/revisions\/98042"}],"wp:featuredmedia":[{"embeddable":true,"href":"https:\/\/infoecos.com.ar\/index.php\/wp-json\/wp\/v2\/media\/98039"}],"wp:attachment":[{"href":"https:\/\/infoecos.com.ar\/index.php\/wp-json\/wp\/v2\/media?parent=98038"}],"wp:term":[{"taxonomy":"category","embeddable":true,"href":"https:\/\/infoecos.com.ar\/index.php\/wp-json\/wp\/v2\/categories?post=98038"},{"taxonomy":"post_tag","embeddable":true,"href":"https:\/\/infoecos.com.ar\/index.php\/wp-json\/wp\/v2\/tags?post=98038"}],"curies":[{"name":"wp","href":"https:\/\/api.w.org\/{rel}","templated":true}]}}