{"id":98149,"date":"2022-09-27T01:54:08","date_gmt":"2022-09-27T04:54:08","guid":{"rendered":"http:\/\/infoecos.com.ar\/?p=98149"},"modified":"2022-09-28T13:57:44","modified_gmt":"2022-09-28T16:57:44","slug":"zurro-aumento-del-18-para-los-empleados-municipales-y-el-cambio-de-regimenes-de-trabajo","status":"publish","type":"post","link":"https:\/\/infoecos.com.ar\/index.php\/zurro-aumento-del-18-para-los-empleados-municipales-y-el-cambio-de-regimenes-de-trabajo\/","title":{"rendered":"Zurro: aumento del 18 % para los empleados municipales y el cambio de r\u00e9gimenes de trabajo"},"content":{"rendered":"\n<p>Pablo Zurro, intendente municipal de Pehuaj\u00f3, anunci\u00f3 el aumento para los empleados municipales y cambios en el r\u00e9gimen de trabajo.<\/p>\n\n\n\n<figure class=\"wp-block-image aligncenter size-large is-resized\"><img loading=\"lazy\" decoding=\"async\" src=\"http:\/\/infoecos.com.ar\/wp-content\/uploads\/2022\/09\/image-114-920x613.png\" alt=\"\" class=\"wp-image-98150\" width=\"504\" height=\"335\" srcset=\"https:\/\/infoecos.com.ar\/wp-content\/uploads\/2022\/09\/image-114-920x613.png 920w, https:\/\/infoecos.com.ar\/wp-content\/uploads\/2022\/09\/image-114-460x307.png 460w, https:\/\/infoecos.com.ar\/wp-content\/uploads\/2022\/09\/image-114-768x512.png 768w, https:\/\/infoecos.com.ar\/wp-content\/uploads\/2022\/09\/image-114-1024x683.png 1024w, https:\/\/infoecos.com.ar\/wp-content\/uploads\/2022\/09\/image-114-675x450.png 675w, https:\/\/infoecos.com.ar\/wp-content\/uploads\/2022\/09\/image-114.png 1080w\" sizes=\"(max-width: 504px) 100vw, 504px\" \/><figcaption>Zurro realizando actividades el d\u00eda domingo en Pehuaj\u00f3<\/figcaption><\/figure>\n\n\n\n<p>El mandatario comunal se\u00f1al\u00f3 que el incremento salarial para los servidores p\u00fablicos ser\u00e1 del 18%, lo que llevar\u00e1 a un 84.43% anual acumulado. Los haberes se pagar\u00e1n el pr\u00f3ximo 30 de septiembre.<\/p>\n\n\n\n<p>Zurro, a trav\u00e9s de las redes sociales, ya que no habla con los medios de su ciudad dijo que a partir de noviembre los reg\u00edmenes de trabajo semanales de 30, 35 y 44 horas dejar\u00e1n de existir, solo habr\u00e1 empleados con 40 y 48 horas semanales. <\/p>\n\n\n\n<p>Anticip\u00f3 que los aumentos acordados con los empleados ir\u00e1n al sueldo b\u00e1sico a efectos que repercuta en los sueldos de los jubilados. <\/p>\n","protected":false},"excerpt":{"rendered":"<p>El mandatario comunal se\u00f1al\u00f3 que el incremento salarial para los servidores p\u00fablicos ser\u00e1 del 18%, lo que llevar\u00e1 a un 84.43% anual acumulado<\/p>\n","protected":false},"author":2,"featured_media":98150,"comment_status":"closed","ping_status":"open","sticky":false,"template":"","format":"standard","meta":{"footnotes":""},"categories":[43],"tags":[6848],"class_list":["post-98149","post","type-post","status-publish","format-standard","has-post-thumbnail","hentry","category-inferior4","tag-anuncio-a-traves-de-las-redes"],"yoast_head":"<!-- This site is optimized with the Yoast SEO plugin v23.4 - https:\/\/yoast.com\/wordpress\/plugins\/seo\/ -->\n<title>Zurro: aumento del 18 % para los empleados municipales y el cambio de r\u00e9gimenes de trabajo - Infoecos<\/title>\n<meta name=\"robots\" content=\"index, follow, max-snippet:-1, max-image-preview:large, max-video-preview:-1\" \/>\n<link rel=\"canonical\" href=\"https:\/\/infoecos.com.ar\/index.php\/zurro-aumento-del-18-para-los-empleados-municipales-y-el-cambio-de-regimenes-de-trabajo\/\" \/>\n<meta property=\"og:locale\" content=\"es_ES\" \/>\n<meta property=\"og:type\" content=\"article\" \/>\n<meta property=\"og:title\" content=\"Zurro: aumento del 18 % para los empleados municipales y el cambio de r\u00e9gimenes de trabajo - Infoecos\" \/>\n<meta property=\"og:description\" content=\"El mandatario comunal se\u00f1al\u00f3 que el incremento salarial para los servidores p\u00fablicos ser\u00e1 del 18%, lo que llevar\u00e1 a un 84.43% anual acumulado\" \/>\n<meta property=\"og:url\" content=\"https:\/\/infoecos.com.ar\/index.php\/zurro-aumento-del-18-para-los-empleados-municipales-y-el-cambio-de-regimenes-de-trabajo\/\" \/>\n<meta property=\"og:site_name\" content=\"Infoecos\" \/>\n<meta property=\"article:publisher\" content=\"https:\/\/www.facebook.com\/profile.php?id=100063200290284\" \/>\n<meta property=\"article:published_time\" content=\"2022-09-27T04:54:08+00:00\" \/>\n<meta property=\"article:modified_time\" content=\"2022-09-28T16:57:44+00:00\" \/>\n<meta property=\"og:image\" content=\"https:\/\/infoecos.com.ar\/wp-content\/uploads\/2022\/09\/image-114.png\" \/>\n\t<meta property=\"og:image:width\" content=\"1080\" \/>\n\t<meta property=\"og:image:height\" content=\"720\" \/>\n\t<meta property=\"og:image:type\" content=\"image\/png\" \/>\n<meta name=\"author\" content=\"Jorge Matheus\" \/>\n<meta name=\"twitter:card\" content=\"summary_large_image\" \/>\n<meta name=\"twitter:creator\" content=\"@infoecos\" \/>\n<meta name=\"twitter:site\" content=\"@infoecos\" \/>\n<meta name=\"twitter:label1\" content=\"Escrito por\" \/>\n\t<meta name=\"twitter:data1\" content=\"Jorge Matheus\" \/>\n\t<meta name=\"twitter:label2\" content=\"Tiempo de lectura\" \/>\n\t<meta name=\"twitter:data2\" content=\"1 minuto\" \/>\n<script type=\"application\/ld+json\" class=\"yoast-schema-graph\">{\"@context\":\"https:\/\/schema.org\",\"@graph\":[{\"@type\":\"Article\",\"@id\":\"https:\/\/infoecos.com.ar\/index.php\/zurro-aumento-del-18-para-los-empleados-municipales-y-el-cambio-de-regimenes-de-trabajo\/#article\",\"isPartOf\":{\"@id\":\"https:\/\/infoecos.com.ar\/index.php\/zurro-aumento-del-18-para-los-empleados-municipales-y-el-cambio-de-regimenes-de-trabajo\/\"},\"author\":{\"name\":\"Jorge Matheus\",\"@id\":\"https:\/\/infoecos.com.ar\/#\/schema\/person\/8f5ace5ce73b4b4aac4b7245aee6f191\"},\"headline\":\"Zurro: aumento del 18 % para los empleados municipales y el cambio de r\u00e9gimenes de trabajo\",\"datePublished\":\"2022-09-27T04:54:08+00:00\",\"dateModified\":\"2022-09-28T16:57:44+00:00\",\"mainEntityOfPage\":{\"@id\":\"https:\/\/infoecos.com.ar\/index.php\/zurro-aumento-del-18-para-los-empleados-municipales-y-el-cambio-de-regimenes-de-trabajo\/\"},\"wordCount\":146,\"publisher\":{\"@id\":\"https:\/\/infoecos.com.ar\/#organization\"},\"image\":{\"@id\":\"https:\/\/infoecos.com.ar\/index.php\/zurro-aumento-del-18-para-los-empleados-municipales-y-el-cambio-de-regimenes-de-trabajo\/#primaryimage\"},\"thumbnailUrl\":\"https:\/\/infoecos.com.ar\/wp-content\/uploads\/2022\/09\/image-114.png\",\"keywords\":[\"ANUNCIO A TRAV\u00c9S DE LAS REDES\"],\"articleSection\":[\"Bloque inferior - 4\"],\"inLanguage\":\"es\"},{\"@type\":\"WebPage\",\"@id\":\"https:\/\/infoecos.com.ar\/index.php\/zurro-aumento-del-18-para-los-empleados-municipales-y-el-cambio-de-regimenes-de-trabajo\/\",\"url\":\"https:\/\/infoecos.com.ar\/index.php\/zurro-aumento-del-18-para-los-empleados-municipales-y-el-cambio-de-regimenes-de-trabajo\/\",\"name\":\"Zurro: aumento del 18 % para los empleados municipales y el cambio de r\u00e9gimenes de trabajo - Infoecos\",\"isPartOf\":{\"@id\":\"https:\/\/infoecos.com.ar\/#website\"},\"primaryImageOfPage\":{\"@id\":\"https:\/\/infoecos.com.ar\/index.php\/zurro-aumento-del-18-para-los-empleados-municipales-y-el-cambio-de-regimenes-de-trabajo\/#primaryimage\"},\"image\":{\"@id\":\"https:\/\/infoecos.com.ar\/index.php\/zurro-aumento-del-18-para-los-empleados-municipales-y-el-cambio-de-regimenes-de-trabajo\/#primaryimage\"},\"thumbnailUrl\":\"https:\/\/infoecos.com.ar\/wp-content\/uploads\/2022\/09\/image-114.png\",\"datePublished\":\"2022-09-27T04:54:08+00:00\",\"dateModified\":\"2022-09-28T16:57:44+00:00\",\"breadcrumb\":{\"@id\":\"https:\/\/infoecos.com.ar\/index.php\/zurro-aumento-del-18-para-los-empleados-municipales-y-el-cambio-de-regimenes-de-trabajo\/#breadcrumb\"},\"inLanguage\":\"es\",\"potentialAction\":[{\"@type\":\"ReadAction\",\"target\":[\"https:\/\/infoecos.com.ar\/index.php\/zurro-aumento-del-18-para-los-empleados-municipales-y-el-cambio-de-regimenes-de-trabajo\/\"]}]},{\"@type\":\"ImageObject\",\"inLanguage\":\"es\",\"@id\":\"https:\/\/infoecos.com.ar\/index.php\/zurro-aumento-del-18-para-los-empleados-municipales-y-el-cambio-de-regimenes-de-trabajo\/#primaryimage\",\"url\":\"https:\/\/infoecos.com.ar\/wp-content\/uploads\/2022\/09\/image-114.png\",\"contentUrl\":\"https:\/\/infoecos.com.ar\/wp-content\/uploads\/2022\/09\/image-114.png\",\"width\":1080,\"height\":720},{\"@type\":\"BreadcrumbList\",\"@id\":\"https:\/\/infoecos.com.ar\/index.php\/zurro-aumento-del-18-para-los-empleados-municipales-y-el-cambio-de-regimenes-de-trabajo\/#breadcrumb\",\"itemListElement\":[{\"@type\":\"ListItem\",\"position\":1,\"name\":\"Portada\",\"item\":\"https:\/\/infoecos.com.ar\/\"},{\"@type\":\"ListItem\",\"position\":2,\"name\":\"Zurro: aumento del 18 % para los empleados municipales y el cambio de r\u00e9gimenes de trabajo\"}]},{\"@type\":\"WebSite\",\"@id\":\"https:\/\/infoecos.com.ar\/#website\",\"url\":\"https:\/\/infoecos.com.ar\/\",\"name\":\"Infoecos\",\"description\":\"Noticias de trenque lauquen y la zona\",\"publisher\":{\"@id\":\"https:\/\/infoecos.com.ar\/#organization\"},\"alternateName\":\"Noticias\",\"potentialAction\":[{\"@type\":\"SearchAction\",\"target\":{\"@type\":\"EntryPoint\",\"urlTemplate\":\"https:\/\/infoecos.com.ar\/?s={search_term_string}\"},\"query-input\":{\"@type\":\"PropertyValueSpecification\",\"valueRequired\":true,\"valueName\":\"search_term_string\"}}],\"inLanguage\":\"es\"},{\"@type\":\"Organization\",\"@id\":\"https:\/\/infoecos.com.ar\/#organization\",\"name\":\"Infoecos\",\"alternateName\":\"Noticias\",\"url\":\"https:\/\/infoecos.com.ar\/\",\"logo\":{\"@type\":\"ImageObject\",\"inLanguage\":\"es\",\"@id\":\"https:\/\/infoecos.com.ar\/#\/schema\/logo\/image\/\",\"url\":\"https:\/\/infoecos.com.ar\/wp-content\/uploads\/2024\/03\/cropped-logo.png\",\"contentUrl\":\"https:\/\/infoecos.com.ar\/wp-content\/uploads\/2024\/03\/cropped-logo.png\",\"width\":374,\"height\":90,\"caption\":\"Infoecos\"},\"image\":{\"@id\":\"https:\/\/infoecos.com.ar\/#\/schema\/logo\/image\/\"},\"sameAs\":[\"https:\/\/www.facebook.com\/profile.php?id=100063200290284\",\"https:\/\/x.com\/infoecos\"]},{\"@type\":\"Person\",\"@id\":\"https:\/\/infoecos.com.ar\/#\/schema\/person\/8f5ace5ce73b4b4aac4b7245aee6f191\",\"name\":\"Jorge Matheus\",\"url\":\"https:\/\/infoecos.com.ar\/index.php\/author\/jomatheus\/\"}]}<\/script>\n<!-- \/ Yoast SEO plugin. -->","yoast_head_json":{"title":"Zurro: aumento del 18 % para los empleados municipales y el cambio de r\u00e9gimenes de trabajo - Infoecos","robots":{"index":"index","follow":"follow","max-snippet":"max-snippet:-1","max-image-preview":"max-image-preview:large","max-video-preview":"max-video-preview:-1"},"canonical":"https:\/\/infoecos.com.ar\/index.php\/zurro-aumento-del-18-para-los-empleados-municipales-y-el-cambio-de-regimenes-de-trabajo\/","og_locale":"es_ES","og_type":"article","og_title":"Zurro: aumento del 18 % para los empleados municipales y el cambio de r\u00e9gimenes de trabajo - Infoecos","og_description":"El mandatario comunal se\u00f1al\u00f3 que el incremento salarial para los servidores p\u00fablicos ser\u00e1 del 18%, lo que llevar\u00e1 a un 84.43% anual acumulado","og_url":"https:\/\/infoecos.com.ar\/index.php\/zurro-aumento-del-18-para-los-empleados-municipales-y-el-cambio-de-regimenes-de-trabajo\/","og_site_name":"Infoecos","article_publisher":"https:\/\/www.facebook.com\/profile.php?id=100063200290284","article_published_time":"2022-09-27T04:54:08+00:00","article_modified_time":"2022-09-28T16:57:44+00:00","og_image":[{"width":1080,"height":720,"url":"https:\/\/infoecos.com.ar\/wp-content\/uploads\/2022\/09\/image-114.png","type":"image\/png"}],"author":"Jorge Matheus","twitter_card":"summary_large_image","twitter_creator":"@infoecos","twitter_site":"@infoecos","twitter_misc":{"Escrito por":"Jorge Matheus","Tiempo de lectura":"1 minuto"},"schema":{"@context":"https:\/\/schema.org","@graph":[{"@type":"Article","@id":"https:\/\/infoecos.com.ar\/index.php\/zurro-aumento-del-18-para-los-empleados-municipales-y-el-cambio-de-regimenes-de-trabajo\/#article","isPartOf":{"@id":"https:\/\/infoecos.com.ar\/index.php\/zurro-aumento-del-18-para-los-empleados-municipales-y-el-cambio-de-regimenes-de-trabajo\/"},"author":{"name":"Jorge Matheus","@id":"https:\/\/infoecos.com.ar\/#\/schema\/person\/8f5ace5ce73b4b4aac4b7245aee6f191"},"headline":"Zurro: aumento del 18 % para los empleados municipales y el cambio de r\u00e9gimenes de trabajo","datePublished":"2022-09-27T04:54:08+00:00","dateModified":"2022-09-28T16:57:44+00:00","mainEntityOfPage":{"@id":"https:\/\/infoecos.com.ar\/index.php\/zurro-aumento-del-18-para-los-empleados-municipales-y-el-cambio-de-regimenes-de-trabajo\/"},"wordCount":146,"publisher":{"@id":"https:\/\/infoecos.com.ar\/#organization"},"image":{"@id":"https:\/\/infoecos.com.ar\/index.php\/zurro-aumento-del-18-para-los-empleados-municipales-y-el-cambio-de-regimenes-de-trabajo\/#primaryimage"},"thumbnailUrl":"https:\/\/infoecos.com.ar\/wp-content\/uploads\/2022\/09\/image-114.png","keywords":["ANUNCIO A TRAV\u00c9S DE LAS REDES"],"articleSection":["Bloque inferior - 4"],"inLanguage":"es"},{"@type":"WebPage","@id":"https:\/\/infoecos.com.ar\/index.php\/zurro-aumento-del-18-para-los-empleados-municipales-y-el-cambio-de-regimenes-de-trabajo\/","url":"https:\/\/infoecos.com.ar\/index.php\/zurro-aumento-del-18-para-los-empleados-municipales-y-el-cambio-de-regimenes-de-trabajo\/","name":"Zurro: aumento del 18 % para los empleados municipales y el cambio de r\u00e9gimenes de trabajo - Infoecos","isPartOf":{"@id":"https:\/\/infoecos.com.ar\/#website"},"primaryImageOfPage":{"@id":"https:\/\/infoecos.com.ar\/index.php\/zurro-aumento-del-18-para-los-empleados-municipales-y-el-cambio-de-regimenes-de-trabajo\/#primaryimage"},"image":{"@id":"https:\/\/infoecos.com.ar\/index.php\/zurro-aumento-del-18-para-los-empleados-municipales-y-el-cambio-de-regimenes-de-trabajo\/#primaryimage"},"thumbnailUrl":"https:\/\/infoecos.com.ar\/wp-content\/uploads\/2022\/09\/image-114.png","datePublished":"2022-09-27T04:54:08+00:00","dateModified":"2022-09-28T16:57:44+00:00","breadcrumb":{"@id":"https:\/\/infoecos.com.ar\/index.php\/zurro-aumento-del-18-para-los-empleados-municipales-y-el-cambio-de-regimenes-de-trabajo\/#breadcrumb"},"inLanguage":"es","potentialAction":[{"@type":"ReadAction","target":["https:\/\/infoecos.com.ar\/index.php\/zurro-aumento-del-18-para-los-empleados-municipales-y-el-cambio-de-regimenes-de-trabajo\/"]}]},{"@type":"ImageObject","inLanguage":"es","@id":"https:\/\/infoecos.com.ar\/index.php\/zurro-aumento-del-18-para-los-empleados-municipales-y-el-cambio-de-regimenes-de-trabajo\/#primaryimage","url":"https:\/\/infoecos.com.ar\/wp-content\/uploads\/2022\/09\/image-114.png","contentUrl":"https:\/\/infoecos.com.ar\/wp-content\/uploads\/2022\/09\/image-114.png","width":1080,"height":720},{"@type":"BreadcrumbList","@id":"https:\/\/infoecos.com.ar\/index.php\/zurro-aumento-del-18-para-los-empleados-municipales-y-el-cambio-de-regimenes-de-trabajo\/#breadcrumb","itemListElement":[{"@type":"ListItem","position":1,"name":"Portada","item":"https:\/\/infoecos.com.ar\/"},{"@type":"ListItem","position":2,"name":"Zurro: aumento del 18 % para los empleados municipales y el cambio de r\u00e9gimenes de trabajo"}]},{"@type":"WebSite","@id":"https:\/\/infoecos.com.ar\/#website","url":"https:\/\/infoecos.com.ar\/","name":"Infoecos","description":"Noticias de trenque lauquen y la zona","publisher":{"@id":"https:\/\/infoecos.com.ar\/#organization"},"alternateName":"Noticias","potentialAction":[{"@type":"SearchAction","target":{"@type":"EntryPoint","urlTemplate":"https:\/\/infoecos.com.ar\/?s={search_term_string}"},"query-input":{"@type":"PropertyValueSpecification","valueRequired":true,"valueName":"search_term_string"}}],"inLanguage":"es"},{"@type":"Organization","@id":"https:\/\/infoecos.com.ar\/#organization","name":"Infoecos","alternateName":"Noticias","url":"https:\/\/infoecos.com.ar\/","logo":{"@type":"ImageObject","inLanguage":"es","@id":"https:\/\/infoecos.com.ar\/#\/schema\/logo\/image\/","url":"https:\/\/infoecos.com.ar\/wp-content\/uploads\/2024\/03\/cropped-logo.png","contentUrl":"https:\/\/infoecos.com.ar\/wp-content\/uploads\/2024\/03\/cropped-logo.png","width":374,"height":90,"caption":"Infoecos"},"image":{"@id":"https:\/\/infoecos.com.ar\/#\/schema\/logo\/image\/"},"sameAs":["https:\/\/www.facebook.com\/profile.php?id=100063200290284","https:\/\/x.com\/infoecos"]},{"@type":"Person","@id":"https:\/\/infoecos.com.ar\/#\/schema\/person\/8f5ace5ce73b4b4aac4b7245aee6f191","name":"Jorge Matheus","url":"https:\/\/infoecos.com.ar\/index.php\/author\/jomatheus\/"}]}},"featured_image_urls":{"full":["https:\/\/infoecos.com.ar\/wp-content\/uploads\/2022\/09\/image-114.png",1080,720,false],"thumbnail":["https:\/\/infoecos.com.ar\/wp-content\/uploads\/2022\/09\/image-114-150x150.png",150,150,true],"medium":["https:\/\/infoecos.com.ar\/wp-content\/uploads\/2022\/09\/image-114-460x307.png",460,307,true],"medium_large":["https:\/\/infoecos.com.ar\/wp-content\/uploads\/2022\/09\/image-114-768x512.png",640,427,true],"large":["https:\/\/infoecos.com.ar\/wp-content\/uploads\/2022\/09\/image-114-920x613.png",640,426,true],"1536x1536":["https:\/\/infoecos.com.ar\/wp-content\/uploads\/2022\/09\/image-114.png",1080,720,false],"2048x2048":["https:\/\/infoecos.com.ar\/wp-content\/uploads\/2022\/09\/image-114.png",1080,720,false],"covernews-slider-full":["https:\/\/infoecos.com.ar\/wp-content\/uploads\/2022\/09\/image-114.png",1073,715,false],"covernews-slider-center":["https:\/\/infoecos.com.ar\/wp-content\/uploads\/2022\/09\/image-114-936x720.png",650,500,true],"covernews-featured":["https:\/\/infoecos.com.ar\/wp-content\/uploads\/2022\/09\/image-114-1024x683.png",1024,683,true],"covernews-medium":["https:\/\/infoecos.com.ar\/wp-content\/uploads\/2022\/09\/image-114-720x380.png",540,285,true],"covernews-medium-square":["https:\/\/infoecos.com.ar\/wp-content\/uploads\/2022\/09\/image-114-675x450.png",375,250,true]},"author_info":{"info":["Jorge Matheus"]},"category_info":"<a href=\"https:\/\/infoecos.com.ar\/index.php\/category\/inferior4\/\" rel=\"category tag\">Bloque inferior - 4<\/a>","tag_info":"Bloque inferior - 4","comment_count":"0","_links":{"self":[{"href":"https:\/\/infoecos.com.ar\/index.php\/wp-json\/wp\/v2\/posts\/98149"}],"collection":[{"href":"https:\/\/infoecos.com.ar\/index.php\/wp-json\/wp\/v2\/posts"}],"about":[{"href":"https:\/\/infoecos.com.ar\/index.php\/wp-json\/wp\/v2\/types\/post"}],"author":[{"embeddable":true,"href":"https:\/\/infoecos.com.ar\/index.php\/wp-json\/wp\/v2\/users\/2"}],"replies":[{"embeddable":true,"href":"https:\/\/infoecos.com.ar\/index.php\/wp-json\/wp\/v2\/comments?post=98149"}],"version-history":[{"count":1,"href":"https:\/\/infoecos.com.ar\/index.php\/wp-json\/wp\/v2\/posts\/98149\/revisions"}],"predecessor-version":[{"id":98151,"href":"https:\/\/infoecos.com.ar\/index.php\/wp-json\/wp\/v2\/posts\/98149\/revisions\/98151"}],"wp:featuredmedia":[{"embeddable":true,"href":"https:\/\/infoecos.com.ar\/index.php\/wp-json\/wp\/v2\/media\/98150"}],"wp:attachment":[{"href":"https:\/\/infoecos.com.ar\/index.php\/wp-json\/wp\/v2\/media?parent=98149"}],"wp:term":[{"taxonomy":"category","embeddable":true,"href":"https:\/\/infoecos.com.ar\/index.php\/wp-json\/wp\/v2\/categories?post=98149"},{"taxonomy":"post_tag","embeddable":true,"href":"https:\/\/infoecos.com.ar\/index.php\/wp-json\/wp\/v2\/tags?post=98149"}],"curies":[{"name":"wp","href":"https:\/\/api.w.org\/{rel}","templated":true}]}}