{"id":98190,"date":"2022-09-27T04:02:05","date_gmt":"2022-09-27T07:02:05","guid":{"rendered":"http:\/\/infoecos.com.ar\/?p=98190"},"modified":"2022-09-27T04:02:12","modified_gmt":"2022-09-27T07:02:12","slug":"se-iniciaron-las-obras-oportunamente-anunciadas-en-el-sector-industrial-planificado-de-t-lauquen","status":"publish","type":"post","link":"https:\/\/infoecos.com.ar\/index.php\/se-iniciaron-las-obras-oportunamente-anunciadas-en-el-sector-industrial-planificado-de-t-lauquen\/","title":{"rendered":"Se iniciaron las obras oportunamente anunciadas en el Sector Industrial Planificado de T.Lauquen"},"content":{"rendered":"\n<p>Personal y maquinaria de la direcci\u00f3n de Infraestructura municipal de Trenque Lauquen est\u00e1 trabajando en el Sector Industrial Planificado (SIP). <\/p>\n\n\n\n<figure class=\"wp-block-image aligncenter size-full is-resized\"><img loading=\"lazy\" decoding=\"async\" src=\"http:\/\/infoecos.com.ar\/wp-content\/uploads\/2022\/09\/SIP-1.jpg\" alt=\"\" class=\"wp-image-98191\" width=\"437\" height=\"291\" srcset=\"https:\/\/infoecos.com.ar\/wp-content\/uploads\/2022\/09\/SIP-1.jpg 852w, https:\/\/infoecos.com.ar\/wp-content\/uploads\/2022\/09\/SIP-1-460x307.jpg 460w, https:\/\/infoecos.com.ar\/wp-content\/uploads\/2022\/09\/SIP-1-768x512.jpg 768w, https:\/\/infoecos.com.ar\/wp-content\/uploads\/2022\/09\/SIP-1-675x450.jpg 675w\" sizes=\"(max-width: 437px) 100vw, 437px\" \/><\/figure>\n\n\n\n<p>Se trabaja en la ejecuci\u00f3n de las obras que forman parte de un plan integral financiado con una ayuda no reembolsable del ministerio de Desarrollo Productivo de Naci\u00f3n por 59,5 millones de pesos.<\/p>\n\n\n\n<p>Las obras incluyen la ejecuci\u00f3n de desag\u00fces pluviales, paya de maniobras, base granular de estabilizado p\u00e9treo, sistema de c\u00e1maras y monitoreo, carteler\u00eda, oficina y garita, modificaci\u00f3n y mejora de alumbrado p\u00fablico.<\/p>\n\n\n\n<figure class=\"wp-block-image aligncenter size-full is-resized\"><img loading=\"lazy\" decoding=\"async\" src=\"http:\/\/infoecos.com.ar\/wp-content\/uploads\/2022\/09\/SIP-2.jpg\" alt=\"\" class=\"wp-image-98192\" width=\"457\" height=\"304\" srcset=\"https:\/\/infoecos.com.ar\/wp-content\/uploads\/2022\/09\/SIP-2.jpg 852w, https:\/\/infoecos.com.ar\/wp-content\/uploads\/2022\/09\/SIP-2-460x307.jpg 460w, https:\/\/infoecos.com.ar\/wp-content\/uploads\/2022\/09\/SIP-2-768x512.jpg 768w, https:\/\/infoecos.com.ar\/wp-content\/uploads\/2022\/09\/SIP-2-675x450.jpg 675w\" sizes=\"(max-width: 457px) 100vw, 457px\" \/><\/figure>\n\n\n\n<p>Los trabajos permitir\u00e1n mejorar el funcionamiento y la circulaci\u00f3n en las calles del sector que alberga a empresas de distintos rubros y que tiene un importante movimiento.<\/p>\n\n\n\n<p>Las obras en el Sector Industrial comenzaron hace dos semanas.<\/p>\n\n\n\n<figure class=\"wp-block-image aligncenter size-full is-resized\"><img loading=\"lazy\" decoding=\"async\" src=\"http:\/\/infoecos.com.ar\/wp-content\/uploads\/2022\/09\/SIP-3.jpg\" alt=\"\" class=\"wp-image-98194\" width=\"441\" height=\"294\" srcset=\"https:\/\/infoecos.com.ar\/wp-content\/uploads\/2022\/09\/SIP-3.jpg 852w, https:\/\/infoecos.com.ar\/wp-content\/uploads\/2022\/09\/SIP-3-460x307.jpg 460w, https:\/\/infoecos.com.ar\/wp-content\/uploads\/2022\/09\/SIP-3-768x512.jpg 768w, https:\/\/infoecos.com.ar\/wp-content\/uploads\/2022\/09\/SIP-3-675x450.jpg 675w\" sizes=\"(max-width: 441px) 100vw, 441px\" \/><\/figure>\n\n\n\n<p>Se est\u00e1 realizando la obra del cord\u00f3n cuneta para mejorar el desag\u00fce pluvial, el mejorado del alumbrado p\u00fabico.<\/p>\n\n\n\n<p>Los trabajos podr\u00edan demandar alrededor de cinco o seis meses si el tiempo acompa\u00f1a.<\/p>\n","protected":false},"excerpt":{"rendered":"<p>Las obras incluyen la ejecuci\u00f3n de desag\u00fces pluviales, paya de maniobras, base granular de estabilizado p\u00e9treo, sistema de c\u00e1maras y monitoreo, carteler\u00eda, oficina y garita, modificaci\u00f3n y mejora de alumbrado p\u00fablico<\/p>\n","protected":false},"author":2,"featured_media":98191,"comment_status":"closed","ping_status":"open","sticky":false,"template":"","format":"standard","meta":{"footnotes":""},"categories":[24],"tags":[6854],"class_list":["post-98190","post","type-post","status-publish","format-standard","has-post-thumbnail","hentry","category-c1nota3","tag-se-invertiran-casi-60-millones-de-pesos"],"yoast_head":"<!-- This site is optimized with the Yoast SEO plugin v23.4 - https:\/\/yoast.com\/wordpress\/plugins\/seo\/ -->\n<title>Se iniciaron las obras oportunamente anunciadas en el Sector Industrial Planificado de T.Lauquen - Infoecos<\/title>\n<meta name=\"robots\" content=\"index, follow, max-snippet:-1, max-image-preview:large, max-video-preview:-1\" \/>\n<link rel=\"canonical\" href=\"https:\/\/infoecos.com.ar\/index.php\/se-iniciaron-las-obras-oportunamente-anunciadas-en-el-sector-industrial-planificado-de-t-lauquen\/\" \/>\n<meta property=\"og:locale\" content=\"es_ES\" \/>\n<meta property=\"og:type\" content=\"article\" \/>\n<meta property=\"og:title\" content=\"Se iniciaron las obras oportunamente anunciadas en el Sector Industrial Planificado de T.Lauquen - Infoecos\" \/>\n<meta property=\"og:description\" content=\"Las obras incluyen la ejecuci\u00f3n de desag\u00fces pluviales, paya de maniobras, base granular de estabilizado p\u00e9treo, sistema de c\u00e1maras y monitoreo, carteler\u00eda, oficina y garita, modificaci\u00f3n y mejora de alumbrado p\u00fablico\" \/>\n<meta property=\"og:url\" content=\"https:\/\/infoecos.com.ar\/index.php\/se-iniciaron-las-obras-oportunamente-anunciadas-en-el-sector-industrial-planificado-de-t-lauquen\/\" \/>\n<meta property=\"og:site_name\" content=\"Infoecos\" \/>\n<meta property=\"article:publisher\" content=\"https:\/\/www.facebook.com\/profile.php?id=100063200290284\" \/>\n<meta property=\"article:published_time\" content=\"2022-09-27T07:02:05+00:00\" \/>\n<meta property=\"article:modified_time\" content=\"2022-09-27T07:02:12+00:00\" \/>\n<meta property=\"og:image\" content=\"https:\/\/infoecos.com.ar\/wp-content\/uploads\/2022\/09\/SIP-1.jpg\" \/>\n\t<meta property=\"og:image:width\" content=\"852\" \/>\n\t<meta property=\"og:image:height\" content=\"568\" \/>\n\t<meta property=\"og:image:type\" content=\"image\/jpeg\" \/>\n<meta name=\"author\" content=\"Jorge Matheus\" \/>\n<meta name=\"twitter:card\" content=\"summary_large_image\" \/>\n<meta name=\"twitter:creator\" content=\"@infoecos\" \/>\n<meta name=\"twitter:site\" content=\"@infoecos\" \/>\n<meta name=\"twitter:label1\" content=\"Escrito por\" \/>\n\t<meta name=\"twitter:data1\" content=\"Jorge Matheus\" \/>\n\t<meta name=\"twitter:label2\" content=\"Tiempo de lectura\" \/>\n\t<meta name=\"twitter:data2\" content=\"1 minuto\" \/>\n<script type=\"application\/ld+json\" class=\"yoast-schema-graph\">{\"@context\":\"https:\/\/schema.org\",\"@graph\":[{\"@type\":\"Article\",\"@id\":\"https:\/\/infoecos.com.ar\/index.php\/se-iniciaron-las-obras-oportunamente-anunciadas-en-el-sector-industrial-planificado-de-t-lauquen\/#article\",\"isPartOf\":{\"@id\":\"https:\/\/infoecos.com.ar\/index.php\/se-iniciaron-las-obras-oportunamente-anunciadas-en-el-sector-industrial-planificado-de-t-lauquen\/\"},\"author\":{\"name\":\"Jorge Matheus\",\"@id\":\"https:\/\/infoecos.com.ar\/#\/schema\/person\/8f5ace5ce73b4b4aac4b7245aee6f191\"},\"headline\":\"Se iniciaron las obras oportunamente anunciadas en el Sector Industrial Planificado de T.Lauquen\",\"datePublished\":\"2022-09-27T07:02:05+00:00\",\"dateModified\":\"2022-09-27T07:02:12+00:00\",\"mainEntityOfPage\":{\"@id\":\"https:\/\/infoecos.com.ar\/index.php\/se-iniciaron-las-obras-oportunamente-anunciadas-en-el-sector-industrial-planificado-de-t-lauquen\/\"},\"wordCount\":183,\"publisher\":{\"@id\":\"https:\/\/infoecos.com.ar\/#organization\"},\"image\":{\"@id\":\"https:\/\/infoecos.com.ar\/index.php\/se-iniciaron-las-obras-oportunamente-anunciadas-en-el-sector-industrial-planificado-de-t-lauquen\/#primaryimage\"},\"thumbnailUrl\":\"https:\/\/infoecos.com.ar\/wp-content\/uploads\/2022\/09\/SIP-1.jpg\",\"keywords\":[\"Se invertir\u00e1n casi 60 millones de pesos\"],\"articleSection\":[\"C1 N3\"],\"inLanguage\":\"es\"},{\"@type\":\"WebPage\",\"@id\":\"https:\/\/infoecos.com.ar\/index.php\/se-iniciaron-las-obras-oportunamente-anunciadas-en-el-sector-industrial-planificado-de-t-lauquen\/\",\"url\":\"https:\/\/infoecos.com.ar\/index.php\/se-iniciaron-las-obras-oportunamente-anunciadas-en-el-sector-industrial-planificado-de-t-lauquen\/\",\"name\":\"Se iniciaron las obras oportunamente anunciadas en el Sector Industrial Planificado de T.Lauquen - Infoecos\",\"isPartOf\":{\"@id\":\"https:\/\/infoecos.com.ar\/#website\"},\"primaryImageOfPage\":{\"@id\":\"https:\/\/infoecos.com.ar\/index.php\/se-iniciaron-las-obras-oportunamente-anunciadas-en-el-sector-industrial-planificado-de-t-lauquen\/#primaryimage\"},\"image\":{\"@id\":\"https:\/\/infoecos.com.ar\/index.php\/se-iniciaron-las-obras-oportunamente-anunciadas-en-el-sector-industrial-planificado-de-t-lauquen\/#primaryimage\"},\"thumbnailUrl\":\"https:\/\/infoecos.com.ar\/wp-content\/uploads\/2022\/09\/SIP-1.jpg\",\"datePublished\":\"2022-09-27T07:02:05+00:00\",\"dateModified\":\"2022-09-27T07:02:12+00:00\",\"breadcrumb\":{\"@id\":\"https:\/\/infoecos.com.ar\/index.php\/se-iniciaron-las-obras-oportunamente-anunciadas-en-el-sector-industrial-planificado-de-t-lauquen\/#breadcrumb\"},\"inLanguage\":\"es\",\"potentialAction\":[{\"@type\":\"ReadAction\",\"target\":[\"https:\/\/infoecos.com.ar\/index.php\/se-iniciaron-las-obras-oportunamente-anunciadas-en-el-sector-industrial-planificado-de-t-lauquen\/\"]}]},{\"@type\":\"ImageObject\",\"inLanguage\":\"es\",\"@id\":\"https:\/\/infoecos.com.ar\/index.php\/se-iniciaron-las-obras-oportunamente-anunciadas-en-el-sector-industrial-planificado-de-t-lauquen\/#primaryimage\",\"url\":\"https:\/\/infoecos.com.ar\/wp-content\/uploads\/2022\/09\/SIP-1.jpg\",\"contentUrl\":\"https:\/\/infoecos.com.ar\/wp-content\/uploads\/2022\/09\/SIP-1.jpg\",\"width\":852,\"height\":568},{\"@type\":\"BreadcrumbList\",\"@id\":\"https:\/\/infoecos.com.ar\/index.php\/se-iniciaron-las-obras-oportunamente-anunciadas-en-el-sector-industrial-planificado-de-t-lauquen\/#breadcrumb\",\"itemListElement\":[{\"@type\":\"ListItem\",\"position\":1,\"name\":\"Portada\",\"item\":\"https:\/\/infoecos.com.ar\/\"},{\"@type\":\"ListItem\",\"position\":2,\"name\":\"Se iniciaron las obras oportunamente anunciadas en el Sector Industrial Planificado de T.Lauquen\"}]},{\"@type\":\"WebSite\",\"@id\":\"https:\/\/infoecos.com.ar\/#website\",\"url\":\"https:\/\/infoecos.com.ar\/\",\"name\":\"Infoecos\",\"description\":\"Noticias de trenque lauquen y la zona\",\"publisher\":{\"@id\":\"https:\/\/infoecos.com.ar\/#organization\"},\"alternateName\":\"Noticias\",\"potentialAction\":[{\"@type\":\"SearchAction\",\"target\":{\"@type\":\"EntryPoint\",\"urlTemplate\":\"https:\/\/infoecos.com.ar\/?s={search_term_string}\"},\"query-input\":{\"@type\":\"PropertyValueSpecification\",\"valueRequired\":true,\"valueName\":\"search_term_string\"}}],\"inLanguage\":\"es\"},{\"@type\":\"Organization\",\"@id\":\"https:\/\/infoecos.com.ar\/#organization\",\"name\":\"Infoecos\",\"alternateName\":\"Noticias\",\"url\":\"https:\/\/infoecos.com.ar\/\",\"logo\":{\"@type\":\"ImageObject\",\"inLanguage\":\"es\",\"@id\":\"https:\/\/infoecos.com.ar\/#\/schema\/logo\/image\/\",\"url\":\"https:\/\/infoecos.com.ar\/wp-content\/uploads\/2024\/03\/cropped-logo.png\",\"contentUrl\":\"https:\/\/infoecos.com.ar\/wp-content\/uploads\/2024\/03\/cropped-logo.png\",\"width\":374,\"height\":90,\"caption\":\"Infoecos\"},\"image\":{\"@id\":\"https:\/\/infoecos.com.ar\/#\/schema\/logo\/image\/\"},\"sameAs\":[\"https:\/\/www.facebook.com\/profile.php?id=100063200290284\",\"https:\/\/x.com\/infoecos\"]},{\"@type\":\"Person\",\"@id\":\"https:\/\/infoecos.com.ar\/#\/schema\/person\/8f5ace5ce73b4b4aac4b7245aee6f191\",\"name\":\"Jorge Matheus\",\"url\":\"https:\/\/infoecos.com.ar\/index.php\/author\/jomatheus\/\"}]}<\/script>\n<!-- \/ Yoast SEO plugin. -->","yoast_head_json":{"title":"Se iniciaron las obras oportunamente anunciadas en el Sector Industrial Planificado de T.Lauquen - Infoecos","robots":{"index":"index","follow":"follow","max-snippet":"max-snippet:-1","max-image-preview":"max-image-preview:large","max-video-preview":"max-video-preview:-1"},"canonical":"https:\/\/infoecos.com.ar\/index.php\/se-iniciaron-las-obras-oportunamente-anunciadas-en-el-sector-industrial-planificado-de-t-lauquen\/","og_locale":"es_ES","og_type":"article","og_title":"Se iniciaron las obras oportunamente anunciadas en el Sector Industrial Planificado de T.Lauquen - Infoecos","og_description":"Las obras incluyen la ejecuci\u00f3n de desag\u00fces pluviales, paya de maniobras, base granular de estabilizado p\u00e9treo, sistema de c\u00e1maras y monitoreo, carteler\u00eda, oficina y garita, modificaci\u00f3n y mejora de alumbrado p\u00fablico","og_url":"https:\/\/infoecos.com.ar\/index.php\/se-iniciaron-las-obras-oportunamente-anunciadas-en-el-sector-industrial-planificado-de-t-lauquen\/","og_site_name":"Infoecos","article_publisher":"https:\/\/www.facebook.com\/profile.php?id=100063200290284","article_published_time":"2022-09-27T07:02:05+00:00","article_modified_time":"2022-09-27T07:02:12+00:00","og_image":[{"width":852,"height":568,"url":"https:\/\/infoecos.com.ar\/wp-content\/uploads\/2022\/09\/SIP-1.jpg","type":"image\/jpeg"}],"author":"Jorge Matheus","twitter_card":"summary_large_image","twitter_creator":"@infoecos","twitter_site":"@infoecos","twitter_misc":{"Escrito por":"Jorge Matheus","Tiempo de lectura":"1 minuto"},"schema":{"@context":"https:\/\/schema.org","@graph":[{"@type":"Article","@id":"https:\/\/infoecos.com.ar\/index.php\/se-iniciaron-las-obras-oportunamente-anunciadas-en-el-sector-industrial-planificado-de-t-lauquen\/#article","isPartOf":{"@id":"https:\/\/infoecos.com.ar\/index.php\/se-iniciaron-las-obras-oportunamente-anunciadas-en-el-sector-industrial-planificado-de-t-lauquen\/"},"author":{"name":"Jorge Matheus","@id":"https:\/\/infoecos.com.ar\/#\/schema\/person\/8f5ace5ce73b4b4aac4b7245aee6f191"},"headline":"Se iniciaron las obras oportunamente anunciadas en el Sector Industrial Planificado de T.Lauquen","datePublished":"2022-09-27T07:02:05+00:00","dateModified":"2022-09-27T07:02:12+00:00","mainEntityOfPage":{"@id":"https:\/\/infoecos.com.ar\/index.php\/se-iniciaron-las-obras-oportunamente-anunciadas-en-el-sector-industrial-planificado-de-t-lauquen\/"},"wordCount":183,"publisher":{"@id":"https:\/\/infoecos.com.ar\/#organization"},"image":{"@id":"https:\/\/infoecos.com.ar\/index.php\/se-iniciaron-las-obras-oportunamente-anunciadas-en-el-sector-industrial-planificado-de-t-lauquen\/#primaryimage"},"thumbnailUrl":"https:\/\/infoecos.com.ar\/wp-content\/uploads\/2022\/09\/SIP-1.jpg","keywords":["Se invertir\u00e1n casi 60 millones de pesos"],"articleSection":["C1 N3"],"inLanguage":"es"},{"@type":"WebPage","@id":"https:\/\/infoecos.com.ar\/index.php\/se-iniciaron-las-obras-oportunamente-anunciadas-en-el-sector-industrial-planificado-de-t-lauquen\/","url":"https:\/\/infoecos.com.ar\/index.php\/se-iniciaron-las-obras-oportunamente-anunciadas-en-el-sector-industrial-planificado-de-t-lauquen\/","name":"Se iniciaron las obras oportunamente anunciadas en el Sector Industrial Planificado de T.Lauquen - Infoecos","isPartOf":{"@id":"https:\/\/infoecos.com.ar\/#website"},"primaryImageOfPage":{"@id":"https:\/\/infoecos.com.ar\/index.php\/se-iniciaron-las-obras-oportunamente-anunciadas-en-el-sector-industrial-planificado-de-t-lauquen\/#primaryimage"},"image":{"@id":"https:\/\/infoecos.com.ar\/index.php\/se-iniciaron-las-obras-oportunamente-anunciadas-en-el-sector-industrial-planificado-de-t-lauquen\/#primaryimage"},"thumbnailUrl":"https:\/\/infoecos.com.ar\/wp-content\/uploads\/2022\/09\/SIP-1.jpg","datePublished":"2022-09-27T07:02:05+00:00","dateModified":"2022-09-27T07:02:12+00:00","breadcrumb":{"@id":"https:\/\/infoecos.com.ar\/index.php\/se-iniciaron-las-obras-oportunamente-anunciadas-en-el-sector-industrial-planificado-de-t-lauquen\/#breadcrumb"},"inLanguage":"es","potentialAction":[{"@type":"ReadAction","target":["https:\/\/infoecos.com.ar\/index.php\/se-iniciaron-las-obras-oportunamente-anunciadas-en-el-sector-industrial-planificado-de-t-lauquen\/"]}]},{"@type":"ImageObject","inLanguage":"es","@id":"https:\/\/infoecos.com.ar\/index.php\/se-iniciaron-las-obras-oportunamente-anunciadas-en-el-sector-industrial-planificado-de-t-lauquen\/#primaryimage","url":"https:\/\/infoecos.com.ar\/wp-content\/uploads\/2022\/09\/SIP-1.jpg","contentUrl":"https:\/\/infoecos.com.ar\/wp-content\/uploads\/2022\/09\/SIP-1.jpg","width":852,"height":568},{"@type":"BreadcrumbList","@id":"https:\/\/infoecos.com.ar\/index.php\/se-iniciaron-las-obras-oportunamente-anunciadas-en-el-sector-industrial-planificado-de-t-lauquen\/#breadcrumb","itemListElement":[{"@type":"ListItem","position":1,"name":"Portada","item":"https:\/\/infoecos.com.ar\/"},{"@type":"ListItem","position":2,"name":"Se iniciaron las obras oportunamente anunciadas en el Sector Industrial Planificado de T.Lauquen"}]},{"@type":"WebSite","@id":"https:\/\/infoecos.com.ar\/#website","url":"https:\/\/infoecos.com.ar\/","name":"Infoecos","description":"Noticias de trenque lauquen y la zona","publisher":{"@id":"https:\/\/infoecos.com.ar\/#organization"},"alternateName":"Noticias","potentialAction":[{"@type":"SearchAction","target":{"@type":"EntryPoint","urlTemplate":"https:\/\/infoecos.com.ar\/?s={search_term_string}"},"query-input":{"@type":"PropertyValueSpecification","valueRequired":true,"valueName":"search_term_string"}}],"inLanguage":"es"},{"@type":"Organization","@id":"https:\/\/infoecos.com.ar\/#organization","name":"Infoecos","alternateName":"Noticias","url":"https:\/\/infoecos.com.ar\/","logo":{"@type":"ImageObject","inLanguage":"es","@id":"https:\/\/infoecos.com.ar\/#\/schema\/logo\/image\/","url":"https:\/\/infoecos.com.ar\/wp-content\/uploads\/2024\/03\/cropped-logo.png","contentUrl":"https:\/\/infoecos.com.ar\/wp-content\/uploads\/2024\/03\/cropped-logo.png","width":374,"height":90,"caption":"Infoecos"},"image":{"@id":"https:\/\/infoecos.com.ar\/#\/schema\/logo\/image\/"},"sameAs":["https:\/\/www.facebook.com\/profile.php?id=100063200290284","https:\/\/x.com\/infoecos"]},{"@type":"Person","@id":"https:\/\/infoecos.com.ar\/#\/schema\/person\/8f5ace5ce73b4b4aac4b7245aee6f191","name":"Jorge Matheus","url":"https:\/\/infoecos.com.ar\/index.php\/author\/jomatheus\/"}]}},"featured_image_urls":{"full":["https:\/\/infoecos.com.ar\/wp-content\/uploads\/2022\/09\/SIP-1.jpg",852,568,false],"thumbnail":["https:\/\/infoecos.com.ar\/wp-content\/uploads\/2022\/09\/SIP-1-150x150.jpg",150,150,true],"medium":["https:\/\/infoecos.com.ar\/wp-content\/uploads\/2022\/09\/SIP-1-460x307.jpg",460,307,true],"medium_large":["https:\/\/infoecos.com.ar\/wp-content\/uploads\/2022\/09\/SIP-1-768x512.jpg",640,427,true],"large":["https:\/\/infoecos.com.ar\/wp-content\/uploads\/2022\/09\/SIP-1.jpg",640,427,false],"1536x1536":["https:\/\/infoecos.com.ar\/wp-content\/uploads\/2022\/09\/SIP-1.jpg",852,568,false],"2048x2048":["https:\/\/infoecos.com.ar\/wp-content\/uploads\/2022\/09\/SIP-1.jpg",852,568,false],"covernews-slider-full":["https:\/\/infoecos.com.ar\/wp-content\/uploads\/2022\/09\/SIP-1.jpg",852,568,false],"covernews-slider-center":["https:\/\/infoecos.com.ar\/wp-content\/uploads\/2022\/09\/SIP-1.jpg",750,500,false],"covernews-featured":["https:\/\/infoecos.com.ar\/wp-content\/uploads\/2022\/09\/SIP-1.jpg",852,568,false],"covernews-medium":["https:\/\/infoecos.com.ar\/wp-content\/uploads\/2022\/09\/SIP-1-720x380.jpg",540,285,true],"covernews-medium-square":["https:\/\/infoecos.com.ar\/wp-content\/uploads\/2022\/09\/SIP-1-675x450.jpg",375,250,true]},"author_info":{"info":["Jorge Matheus"]},"category_info":"<a href=\"https:\/\/infoecos.com.ar\/index.php\/category\/c1nota3\/\" rel=\"category tag\">C1 N3<\/a>","tag_info":"C1 N3","comment_count":"0","_links":{"self":[{"href":"https:\/\/infoecos.com.ar\/index.php\/wp-json\/wp\/v2\/posts\/98190"}],"collection":[{"href":"https:\/\/infoecos.com.ar\/index.php\/wp-json\/wp\/v2\/posts"}],"about":[{"href":"https:\/\/infoecos.com.ar\/index.php\/wp-json\/wp\/v2\/types\/post"}],"author":[{"embeddable":true,"href":"https:\/\/infoecos.com.ar\/index.php\/wp-json\/wp\/v2\/users\/2"}],"replies":[{"embeddable":true,"href":"https:\/\/infoecos.com.ar\/index.php\/wp-json\/wp\/v2\/comments?post=98190"}],"version-history":[{"count":1,"href":"https:\/\/infoecos.com.ar\/index.php\/wp-json\/wp\/v2\/posts\/98190\/revisions"}],"predecessor-version":[{"id":98195,"href":"https:\/\/infoecos.com.ar\/index.php\/wp-json\/wp\/v2\/posts\/98190\/revisions\/98195"}],"wp:featuredmedia":[{"embeddable":true,"href":"https:\/\/infoecos.com.ar\/index.php\/wp-json\/wp\/v2\/media\/98191"}],"wp:attachment":[{"href":"https:\/\/infoecos.com.ar\/index.php\/wp-json\/wp\/v2\/media?parent=98190"}],"wp:term":[{"taxonomy":"category","embeddable":true,"href":"https:\/\/infoecos.com.ar\/index.php\/wp-json\/wp\/v2\/categories?post=98190"},{"taxonomy":"post_tag","embeddable":true,"href":"https:\/\/infoecos.com.ar\/index.php\/wp-json\/wp\/v2\/tags?post=98190"}],"curies":[{"name":"wp","href":"https:\/\/api.w.org\/{rel}","templated":true}]}}