{"id":98207,"date":"2022-09-27T04:28:08","date_gmt":"2022-09-27T07:28:08","guid":{"rendered":"http:\/\/infoecos.com.ar\/?p=98207"},"modified":"2022-09-27T04:28:15","modified_gmt":"2022-09-27T07:28:15","slug":"el-crimen-de-agustina-la-joven-de-la-pampa-en-cipolletti-llego-la-clarividente-mendocina","status":"publish","type":"post","link":"https:\/\/infoecos.com.ar\/index.php\/el-crimen-de-agustina-la-joven-de-la-pampa-en-cipolletti-llego-la-clarividente-mendocina\/","title":{"rendered":"El crimen de Agustina, la joven de La Pampa, en Cipolletti: lleg\u00f3 la clarividente mendocina"},"content":{"rendered":"\n<p><strong>La clarividente mendocina, Ver\u00f3nica Contreras, se reuni\u00f3 con la mam\u00e1 de Agustina, Silvana Cappello<\/strong>, en el departamento donde la joven santarrose\u00f1a fue atacada.\u00a0<strong>Una multitud acompa\u00f1\u00f3 el acontecimiento<\/strong>.<\/p>\n\n\n\n<figure class=\"wp-block-image aligncenter size-full\"><img loading=\"lazy\" decoding=\"async\" width=\"860\" height=\"452\" src=\"http:\/\/infoecos.com.ar\/wp-content\/uploads\/2022\/09\/image-124.png\" alt=\"\" class=\"wp-image-98208\" srcset=\"https:\/\/infoecos.com.ar\/wp-content\/uploads\/2022\/09\/image-124.png 860w, https:\/\/infoecos.com.ar\/wp-content\/uploads\/2022\/09\/image-124-460x242.png 460w, https:\/\/infoecos.com.ar\/wp-content\/uploads\/2022\/09\/image-124-768x404.png 768w\" sizes=\"(max-width: 860px) 100vw, 860px\" \/><\/figure>\n\n\n\n<p>Ver\u00f3nica Contreras de los Santos lleg\u00f3 ayer a Cipolletti desde Malarg\u00fce, provincia de Mendoza, para realizar lo que denomin\u00f3 una \u00abreconstrucci\u00f3n\u00bb del femicidio de Agustina Fern\u00e1ndez.<\/p>\n\n\n\n<p>En el complejo de departamentos, se encontr\u00f3 por primera vez con Silvana Cappello, mam\u00e1 de la joven, y se fundieron en un emotivo abrazo. Una multitud acompa\u00f1\u00f3 el procedimiento en reclamo de justicia.\u00a0<strong>\u00abLes voy a entregar al asesino\u00bb<\/strong>, dijo.<\/p>\n\n\n\n<figure class=\"wp-block-image size-large\"><img loading=\"lazy\" decoding=\"async\" width=\"920\" height=\"576\" src=\"http:\/\/infoecos.com.ar\/wp-content\/uploads\/2022\/09\/image-125-920x576.png\" alt=\"\" class=\"wp-image-98209\" srcset=\"https:\/\/infoecos.com.ar\/wp-content\/uploads\/2022\/09\/image-125-920x576.png 920w, https:\/\/infoecos.com.ar\/wp-content\/uploads\/2022\/09\/image-125-460x288.png 460w, https:\/\/infoecos.com.ar\/wp-content\/uploads\/2022\/09\/image-125-768x481.png 768w, https:\/\/infoecos.com.ar\/wp-content\/uploads\/2022\/09\/image-125-1024x641.png 1024w, https:\/\/infoecos.com.ar\/wp-content\/uploads\/2022\/09\/image-125.png 1074w\" sizes=\"(max-width: 920px) 100vw, 920px\" \/><\/figure>\n\n\n\n<p>La cita fue este lunes en calle Confluencia 1301, del barrio Las Calandrias, donde se encuentra el complejo de departamentos en el que el 2 de julio pasado atacaron brutalmente a Agustina, provoc\u00e1ndole muerte cerebral.<\/p>\n\n\n\n<p>Hasta all\u00ed lleg\u00f3 una multitud de personas en apoyo a la familia de la joven y a la espera de la clarividente mendocina que hab\u00eda difundido que har\u00eda su trabajo para saber qu\u00e9 ocurri\u00f3.<\/p>\n\n\n\n<p>Pasada las 15:30 horas, Ver\u00f3nica y Silvana se encontraron por primera vez, se abrazaron y reclamaron \u00abjusticia por Agustina\u00bb, recibiendo el apoyo de cientos de vecinos.<\/p>\n\n\n\n<figure class=\"wp-block-image aligncenter size-full\"><img loading=\"lazy\" decoding=\"async\" width=\"640\" height=\"367\" src=\"http:\/\/infoecos.com.ar\/wp-content\/uploads\/2022\/09\/image-126.png\" alt=\"\" class=\"wp-image-98210\" srcset=\"https:\/\/infoecos.com.ar\/wp-content\/uploads\/2022\/09\/image-126.png 640w, https:\/\/infoecos.com.ar\/wp-content\/uploads\/2022\/09\/image-126-460x264.png 460w\" sizes=\"(max-width: 640px) 100vw, 640px\" \/><\/figure>\n\n\n\n<p>\u00abSoy clarividente de nacimiento. El no poder escuchar me hizo desarrollar muchas percepciones. No es un don, tengo problemas auditivos y a pesar de ello. termin\u00e9 el secundario y soy Licenciada en Armas de Fuego y Licenciada en Seguridad privada\u00bb, dijo la mujer en declaraciones a los medios locales.<\/p>\n\n\n\n<p>\u00abAc\u00e1 nadie sabes mis estudios. Tengo la tecnicatura de forense y de hallazgo de cuerpos. Mi carpeta de antecedentes est\u00e1 a disposici\u00f3n. La clarividencia no es un don. Se desarrolla ante la falta de distintos sentidos. El no poder escuchar me llev\u00f3 a que mi madre pagara por operaciones. Mi hija menor invent\u00f3 un m\u00e9todo en un celular para que yo pueda escuchar. Yo solo siento la vibraci\u00f3n de la voz. Me siento orgullosa de quien soy. Yo s\u00e9 muchas verdades que no convienen\u00bb, agreg\u00f3.<\/p>\n\n\n\n<p>Para seguir leyendo ingresar a este link:  <\/p>\n\n\n\n<p>https:\/\/www.eldiariodelapampa.com.ar\/La-Pampa\/5974\/les-voy-a-entregar-al-asesino<\/p>\n","protected":false},"excerpt":{"rendered":"<p>Ver\u00f3nica Contreras de los Santos lleg\u00f3 ayer a Cipolletti desde Malarg\u00fce, provincia de Mendoza, para realizar lo que denomin\u00f3 una \u00abreconstrucci\u00f3n\u00bb del femicidio de Agustina Fern\u00e1ndez<\/p>\n","protected":false},"author":2,"featured_media":98208,"comment_status":"closed","ping_status":"open","sticky":false,"template":"","format":"standard","meta":{"footnotes":""},"categories":[49],"tags":[5797],"class_list":["post-98207","post","type-post","status-publish","format-standard","has-post-thumbnail","hentry","category-c3nota3","tag-el-diario-de-la-pampa"],"yoast_head":"<!-- This site is optimized with the Yoast SEO plugin v23.4 - https:\/\/yoast.com\/wordpress\/plugins\/seo\/ -->\n<title>El crimen de Agustina, la joven de La Pampa, en Cipolletti: lleg\u00f3 la clarividente mendocina - Infoecos<\/title>\n<meta name=\"robots\" content=\"index, follow, max-snippet:-1, max-image-preview:large, max-video-preview:-1\" \/>\n<link rel=\"canonical\" href=\"https:\/\/infoecos.com.ar\/index.php\/el-crimen-de-agustina-la-joven-de-la-pampa-en-cipolletti-llego-la-clarividente-mendocina\/\" \/>\n<meta property=\"og:locale\" content=\"es_ES\" \/>\n<meta property=\"og:type\" content=\"article\" \/>\n<meta property=\"og:title\" content=\"El crimen de Agustina, la joven de La Pampa, en Cipolletti: lleg\u00f3 la clarividente mendocina - Infoecos\" \/>\n<meta property=\"og:description\" content=\"Ver\u00f3nica Contreras de los Santos lleg\u00f3 ayer a Cipolletti desde Malarg\u00fce, provincia de Mendoza, para realizar lo que denomin\u00f3 una &quot;reconstrucci\u00f3n&quot; del femicidio de Agustina Fern\u00e1ndez\" \/>\n<meta property=\"og:url\" content=\"https:\/\/infoecos.com.ar\/index.php\/el-crimen-de-agustina-la-joven-de-la-pampa-en-cipolletti-llego-la-clarividente-mendocina\/\" \/>\n<meta property=\"og:site_name\" content=\"Infoecos\" \/>\n<meta property=\"article:publisher\" content=\"https:\/\/www.facebook.com\/profile.php?id=100063200290284\" \/>\n<meta property=\"article:published_time\" content=\"2022-09-27T07:28:08+00:00\" \/>\n<meta property=\"article:modified_time\" content=\"2022-09-27T07:28:15+00:00\" \/>\n<meta property=\"og:image\" content=\"https:\/\/infoecos.com.ar\/wp-content\/uploads\/2022\/09\/image-124.png\" \/>\n\t<meta property=\"og:image:width\" content=\"860\" \/>\n\t<meta property=\"og:image:height\" content=\"452\" \/>\n\t<meta property=\"og:image:type\" content=\"image\/png\" \/>\n<meta name=\"author\" content=\"Jorge Matheus\" \/>\n<meta name=\"twitter:card\" content=\"summary_large_image\" \/>\n<meta name=\"twitter:creator\" content=\"@infoecos\" \/>\n<meta name=\"twitter:site\" content=\"@infoecos\" \/>\n<meta name=\"twitter:label1\" content=\"Escrito por\" \/>\n\t<meta name=\"twitter:data1\" content=\"Jorge Matheus\" \/>\n\t<meta name=\"twitter:label2\" content=\"Tiempo de lectura\" \/>\n\t<meta name=\"twitter:data2\" content=\"2 minutos\" \/>\n<script type=\"application\/ld+json\" class=\"yoast-schema-graph\">{\"@context\":\"https:\/\/schema.org\",\"@graph\":[{\"@type\":\"Article\",\"@id\":\"https:\/\/infoecos.com.ar\/index.php\/el-crimen-de-agustina-la-joven-de-la-pampa-en-cipolletti-llego-la-clarividente-mendocina\/#article\",\"isPartOf\":{\"@id\":\"https:\/\/infoecos.com.ar\/index.php\/el-crimen-de-agustina-la-joven-de-la-pampa-en-cipolletti-llego-la-clarividente-mendocina\/\"},\"author\":{\"name\":\"Jorge Matheus\",\"@id\":\"https:\/\/infoecos.com.ar\/#\/schema\/person\/8f5ace5ce73b4b4aac4b7245aee6f191\"},\"headline\":\"El crimen de Agustina, la joven de La Pampa, en Cipolletti: lleg\u00f3 la clarividente mendocina\",\"datePublished\":\"2022-09-27T07:28:08+00:00\",\"dateModified\":\"2022-09-27T07:28:15+00:00\",\"mainEntityOfPage\":{\"@id\":\"https:\/\/infoecos.com.ar\/index.php\/el-crimen-de-agustina-la-joven-de-la-pampa-en-cipolletti-llego-la-clarividente-mendocina\/\"},\"wordCount\":362,\"publisher\":{\"@id\":\"https:\/\/infoecos.com.ar\/#organization\"},\"image\":{\"@id\":\"https:\/\/infoecos.com.ar\/index.php\/el-crimen-de-agustina-la-joven-de-la-pampa-en-cipolletti-llego-la-clarividente-mendocina\/#primaryimage\"},\"thumbnailUrl\":\"https:\/\/infoecos.com.ar\/wp-content\/uploads\/2022\/09\/image-124.png\",\"keywords\":[\"EL DIARIO DE LA PAMPA\"],\"articleSection\":[\"C3 N3\"],\"inLanguage\":\"es\"},{\"@type\":\"WebPage\",\"@id\":\"https:\/\/infoecos.com.ar\/index.php\/el-crimen-de-agustina-la-joven-de-la-pampa-en-cipolletti-llego-la-clarividente-mendocina\/\",\"url\":\"https:\/\/infoecos.com.ar\/index.php\/el-crimen-de-agustina-la-joven-de-la-pampa-en-cipolletti-llego-la-clarividente-mendocina\/\",\"name\":\"El crimen de Agustina, la joven de La Pampa, en Cipolletti: lleg\u00f3 la clarividente mendocina - Infoecos\",\"isPartOf\":{\"@id\":\"https:\/\/infoecos.com.ar\/#website\"},\"primaryImageOfPage\":{\"@id\":\"https:\/\/infoecos.com.ar\/index.php\/el-crimen-de-agustina-la-joven-de-la-pampa-en-cipolletti-llego-la-clarividente-mendocina\/#primaryimage\"},\"image\":{\"@id\":\"https:\/\/infoecos.com.ar\/index.php\/el-crimen-de-agustina-la-joven-de-la-pampa-en-cipolletti-llego-la-clarividente-mendocina\/#primaryimage\"},\"thumbnailUrl\":\"https:\/\/infoecos.com.ar\/wp-content\/uploads\/2022\/09\/image-124.png\",\"datePublished\":\"2022-09-27T07:28:08+00:00\",\"dateModified\":\"2022-09-27T07:28:15+00:00\",\"breadcrumb\":{\"@id\":\"https:\/\/infoecos.com.ar\/index.php\/el-crimen-de-agustina-la-joven-de-la-pampa-en-cipolletti-llego-la-clarividente-mendocina\/#breadcrumb\"},\"inLanguage\":\"es\",\"potentialAction\":[{\"@type\":\"ReadAction\",\"target\":[\"https:\/\/infoecos.com.ar\/index.php\/el-crimen-de-agustina-la-joven-de-la-pampa-en-cipolletti-llego-la-clarividente-mendocina\/\"]}]},{\"@type\":\"ImageObject\",\"inLanguage\":\"es\",\"@id\":\"https:\/\/infoecos.com.ar\/index.php\/el-crimen-de-agustina-la-joven-de-la-pampa-en-cipolletti-llego-la-clarividente-mendocina\/#primaryimage\",\"url\":\"https:\/\/infoecos.com.ar\/wp-content\/uploads\/2022\/09\/image-124.png\",\"contentUrl\":\"https:\/\/infoecos.com.ar\/wp-content\/uploads\/2022\/09\/image-124.png\",\"width\":860,\"height\":452},{\"@type\":\"BreadcrumbList\",\"@id\":\"https:\/\/infoecos.com.ar\/index.php\/el-crimen-de-agustina-la-joven-de-la-pampa-en-cipolletti-llego-la-clarividente-mendocina\/#breadcrumb\",\"itemListElement\":[{\"@type\":\"ListItem\",\"position\":1,\"name\":\"Portada\",\"item\":\"https:\/\/infoecos.com.ar\/\"},{\"@type\":\"ListItem\",\"position\":2,\"name\":\"El crimen de Agustina, la joven de La Pampa, en Cipolletti: lleg\u00f3 la clarividente mendocina\"}]},{\"@type\":\"WebSite\",\"@id\":\"https:\/\/infoecos.com.ar\/#website\",\"url\":\"https:\/\/infoecos.com.ar\/\",\"name\":\"Infoecos\",\"description\":\"Noticias de trenque lauquen y la zona\",\"publisher\":{\"@id\":\"https:\/\/infoecos.com.ar\/#organization\"},\"alternateName\":\"Noticias\",\"potentialAction\":[{\"@type\":\"SearchAction\",\"target\":{\"@type\":\"EntryPoint\",\"urlTemplate\":\"https:\/\/infoecos.com.ar\/?s={search_term_string}\"},\"query-input\":{\"@type\":\"PropertyValueSpecification\",\"valueRequired\":true,\"valueName\":\"search_term_string\"}}],\"inLanguage\":\"es\"},{\"@type\":\"Organization\",\"@id\":\"https:\/\/infoecos.com.ar\/#organization\",\"name\":\"Infoecos\",\"alternateName\":\"Noticias\",\"url\":\"https:\/\/infoecos.com.ar\/\",\"logo\":{\"@type\":\"ImageObject\",\"inLanguage\":\"es\",\"@id\":\"https:\/\/infoecos.com.ar\/#\/schema\/logo\/image\/\",\"url\":\"https:\/\/infoecos.com.ar\/wp-content\/uploads\/2024\/03\/cropped-logo.png\",\"contentUrl\":\"https:\/\/infoecos.com.ar\/wp-content\/uploads\/2024\/03\/cropped-logo.png\",\"width\":374,\"height\":90,\"caption\":\"Infoecos\"},\"image\":{\"@id\":\"https:\/\/infoecos.com.ar\/#\/schema\/logo\/image\/\"},\"sameAs\":[\"https:\/\/www.facebook.com\/profile.php?id=100063200290284\",\"https:\/\/x.com\/infoecos\"]},{\"@type\":\"Person\",\"@id\":\"https:\/\/infoecos.com.ar\/#\/schema\/person\/8f5ace5ce73b4b4aac4b7245aee6f191\",\"name\":\"Jorge Matheus\",\"url\":\"https:\/\/infoecos.com.ar\/index.php\/author\/jomatheus\/\"}]}<\/script>\n<!-- \/ Yoast SEO plugin. -->","yoast_head_json":{"title":"El crimen de Agustina, la joven de La Pampa, en Cipolletti: lleg\u00f3 la clarividente mendocina - Infoecos","robots":{"index":"index","follow":"follow","max-snippet":"max-snippet:-1","max-image-preview":"max-image-preview:large","max-video-preview":"max-video-preview:-1"},"canonical":"https:\/\/infoecos.com.ar\/index.php\/el-crimen-de-agustina-la-joven-de-la-pampa-en-cipolletti-llego-la-clarividente-mendocina\/","og_locale":"es_ES","og_type":"article","og_title":"El crimen de Agustina, la joven de La Pampa, en Cipolletti: lleg\u00f3 la clarividente mendocina - Infoecos","og_description":"Ver\u00f3nica Contreras de los Santos lleg\u00f3 ayer a Cipolletti desde Malarg\u00fce, provincia de Mendoza, para realizar lo que denomin\u00f3 una \"reconstrucci\u00f3n\" del femicidio de Agustina Fern\u00e1ndez","og_url":"https:\/\/infoecos.com.ar\/index.php\/el-crimen-de-agustina-la-joven-de-la-pampa-en-cipolletti-llego-la-clarividente-mendocina\/","og_site_name":"Infoecos","article_publisher":"https:\/\/www.facebook.com\/profile.php?id=100063200290284","article_published_time":"2022-09-27T07:28:08+00:00","article_modified_time":"2022-09-27T07:28:15+00:00","og_image":[{"width":860,"height":452,"url":"https:\/\/infoecos.com.ar\/wp-content\/uploads\/2022\/09\/image-124.png","type":"image\/png"}],"author":"Jorge Matheus","twitter_card":"summary_large_image","twitter_creator":"@infoecos","twitter_site":"@infoecos","twitter_misc":{"Escrito por":"Jorge Matheus","Tiempo de lectura":"2 minutos"},"schema":{"@context":"https:\/\/schema.org","@graph":[{"@type":"Article","@id":"https:\/\/infoecos.com.ar\/index.php\/el-crimen-de-agustina-la-joven-de-la-pampa-en-cipolletti-llego-la-clarividente-mendocina\/#article","isPartOf":{"@id":"https:\/\/infoecos.com.ar\/index.php\/el-crimen-de-agustina-la-joven-de-la-pampa-en-cipolletti-llego-la-clarividente-mendocina\/"},"author":{"name":"Jorge Matheus","@id":"https:\/\/infoecos.com.ar\/#\/schema\/person\/8f5ace5ce73b4b4aac4b7245aee6f191"},"headline":"El crimen de Agustina, la joven de La Pampa, en Cipolletti: lleg\u00f3 la clarividente mendocina","datePublished":"2022-09-27T07:28:08+00:00","dateModified":"2022-09-27T07:28:15+00:00","mainEntityOfPage":{"@id":"https:\/\/infoecos.com.ar\/index.php\/el-crimen-de-agustina-la-joven-de-la-pampa-en-cipolletti-llego-la-clarividente-mendocina\/"},"wordCount":362,"publisher":{"@id":"https:\/\/infoecos.com.ar\/#organization"},"image":{"@id":"https:\/\/infoecos.com.ar\/index.php\/el-crimen-de-agustina-la-joven-de-la-pampa-en-cipolletti-llego-la-clarividente-mendocina\/#primaryimage"},"thumbnailUrl":"https:\/\/infoecos.com.ar\/wp-content\/uploads\/2022\/09\/image-124.png","keywords":["EL DIARIO DE LA PAMPA"],"articleSection":["C3 N3"],"inLanguage":"es"},{"@type":"WebPage","@id":"https:\/\/infoecos.com.ar\/index.php\/el-crimen-de-agustina-la-joven-de-la-pampa-en-cipolletti-llego-la-clarividente-mendocina\/","url":"https:\/\/infoecos.com.ar\/index.php\/el-crimen-de-agustina-la-joven-de-la-pampa-en-cipolletti-llego-la-clarividente-mendocina\/","name":"El crimen de Agustina, la joven de La Pampa, en Cipolletti: lleg\u00f3 la clarividente mendocina - Infoecos","isPartOf":{"@id":"https:\/\/infoecos.com.ar\/#website"},"primaryImageOfPage":{"@id":"https:\/\/infoecos.com.ar\/index.php\/el-crimen-de-agustina-la-joven-de-la-pampa-en-cipolletti-llego-la-clarividente-mendocina\/#primaryimage"},"image":{"@id":"https:\/\/infoecos.com.ar\/index.php\/el-crimen-de-agustina-la-joven-de-la-pampa-en-cipolletti-llego-la-clarividente-mendocina\/#primaryimage"},"thumbnailUrl":"https:\/\/infoecos.com.ar\/wp-content\/uploads\/2022\/09\/image-124.png","datePublished":"2022-09-27T07:28:08+00:00","dateModified":"2022-09-27T07:28:15+00:00","breadcrumb":{"@id":"https:\/\/infoecos.com.ar\/index.php\/el-crimen-de-agustina-la-joven-de-la-pampa-en-cipolletti-llego-la-clarividente-mendocina\/#breadcrumb"},"inLanguage":"es","potentialAction":[{"@type":"ReadAction","target":["https:\/\/infoecos.com.ar\/index.php\/el-crimen-de-agustina-la-joven-de-la-pampa-en-cipolletti-llego-la-clarividente-mendocina\/"]}]},{"@type":"ImageObject","inLanguage":"es","@id":"https:\/\/infoecos.com.ar\/index.php\/el-crimen-de-agustina-la-joven-de-la-pampa-en-cipolletti-llego-la-clarividente-mendocina\/#primaryimage","url":"https:\/\/infoecos.com.ar\/wp-content\/uploads\/2022\/09\/image-124.png","contentUrl":"https:\/\/infoecos.com.ar\/wp-content\/uploads\/2022\/09\/image-124.png","width":860,"height":452},{"@type":"BreadcrumbList","@id":"https:\/\/infoecos.com.ar\/index.php\/el-crimen-de-agustina-la-joven-de-la-pampa-en-cipolletti-llego-la-clarividente-mendocina\/#breadcrumb","itemListElement":[{"@type":"ListItem","position":1,"name":"Portada","item":"https:\/\/infoecos.com.ar\/"},{"@type":"ListItem","position":2,"name":"El crimen de Agustina, la joven de La Pampa, en Cipolletti: lleg\u00f3 la clarividente mendocina"}]},{"@type":"WebSite","@id":"https:\/\/infoecos.com.ar\/#website","url":"https:\/\/infoecos.com.ar\/","name":"Infoecos","description":"Noticias de trenque lauquen y la zona","publisher":{"@id":"https:\/\/infoecos.com.ar\/#organization"},"alternateName":"Noticias","potentialAction":[{"@type":"SearchAction","target":{"@type":"EntryPoint","urlTemplate":"https:\/\/infoecos.com.ar\/?s={search_term_string}"},"query-input":{"@type":"PropertyValueSpecification","valueRequired":true,"valueName":"search_term_string"}}],"inLanguage":"es"},{"@type":"Organization","@id":"https:\/\/infoecos.com.ar\/#organization","name":"Infoecos","alternateName":"Noticias","url":"https:\/\/infoecos.com.ar\/","logo":{"@type":"ImageObject","inLanguage":"es","@id":"https:\/\/infoecos.com.ar\/#\/schema\/logo\/image\/","url":"https:\/\/infoecos.com.ar\/wp-content\/uploads\/2024\/03\/cropped-logo.png","contentUrl":"https:\/\/infoecos.com.ar\/wp-content\/uploads\/2024\/03\/cropped-logo.png","width":374,"height":90,"caption":"Infoecos"},"image":{"@id":"https:\/\/infoecos.com.ar\/#\/schema\/logo\/image\/"},"sameAs":["https:\/\/www.facebook.com\/profile.php?id=100063200290284","https:\/\/x.com\/infoecos"]},{"@type":"Person","@id":"https:\/\/infoecos.com.ar\/#\/schema\/person\/8f5ace5ce73b4b4aac4b7245aee6f191","name":"Jorge Matheus","url":"https:\/\/infoecos.com.ar\/index.php\/author\/jomatheus\/"}]}},"featured_image_urls":{"full":["https:\/\/infoecos.com.ar\/wp-content\/uploads\/2022\/09\/image-124.png",860,452,false],"thumbnail":["https:\/\/infoecos.com.ar\/wp-content\/uploads\/2022\/09\/image-124-150x150.png",150,150,true],"medium":["https:\/\/infoecos.com.ar\/wp-content\/uploads\/2022\/09\/image-124-460x242.png",460,242,true],"medium_large":["https:\/\/infoecos.com.ar\/wp-content\/uploads\/2022\/09\/image-124-768x404.png",640,337,true],"large":["https:\/\/infoecos.com.ar\/wp-content\/uploads\/2022\/09\/image-124.png",640,336,false],"1536x1536":["https:\/\/infoecos.com.ar\/wp-content\/uploads\/2022\/09\/image-124.png",860,452,false],"2048x2048":["https:\/\/infoecos.com.ar\/wp-content\/uploads\/2022\/09\/image-124.png",860,452,false],"covernews-slider-full":["https:\/\/infoecos.com.ar\/wp-content\/uploads\/2022\/09\/image-124.png",860,452,false],"covernews-slider-center":["https:\/\/infoecos.com.ar\/wp-content\/uploads\/2022\/09\/image-124.png",800,420,false],"covernews-featured":["https:\/\/infoecos.com.ar\/wp-content\/uploads\/2022\/09\/image-124.png",860,452,false],"covernews-medium":["https:\/\/infoecos.com.ar\/wp-content\/uploads\/2022\/09\/image-124-720x380.png",540,285,true],"covernews-medium-square":["https:\/\/infoecos.com.ar\/wp-content\/uploads\/2022\/09\/image-124-675x450.png",375,250,true]},"author_info":{"info":["Jorge Matheus"]},"category_info":"<a href=\"https:\/\/infoecos.com.ar\/index.php\/category\/c3nota3\/\" rel=\"category tag\">C3 N3<\/a>","tag_info":"C3 N3","comment_count":"0","_links":{"self":[{"href":"https:\/\/infoecos.com.ar\/index.php\/wp-json\/wp\/v2\/posts\/98207"}],"collection":[{"href":"https:\/\/infoecos.com.ar\/index.php\/wp-json\/wp\/v2\/posts"}],"about":[{"href":"https:\/\/infoecos.com.ar\/index.php\/wp-json\/wp\/v2\/types\/post"}],"author":[{"embeddable":true,"href":"https:\/\/infoecos.com.ar\/index.php\/wp-json\/wp\/v2\/users\/2"}],"replies":[{"embeddable":true,"href":"https:\/\/infoecos.com.ar\/index.php\/wp-json\/wp\/v2\/comments?post=98207"}],"version-history":[{"count":1,"href":"https:\/\/infoecos.com.ar\/index.php\/wp-json\/wp\/v2\/posts\/98207\/revisions"}],"predecessor-version":[{"id":98211,"href":"https:\/\/infoecos.com.ar\/index.php\/wp-json\/wp\/v2\/posts\/98207\/revisions\/98211"}],"wp:featuredmedia":[{"embeddable":true,"href":"https:\/\/infoecos.com.ar\/index.php\/wp-json\/wp\/v2\/media\/98208"}],"wp:attachment":[{"href":"https:\/\/infoecos.com.ar\/index.php\/wp-json\/wp\/v2\/media?parent=98207"}],"wp:term":[{"taxonomy":"category","embeddable":true,"href":"https:\/\/infoecos.com.ar\/index.php\/wp-json\/wp\/v2\/categories?post=98207"},{"taxonomy":"post_tag","embeddable":true,"href":"https:\/\/infoecos.com.ar\/index.php\/wp-json\/wp\/v2\/tags?post=98207"}],"curies":[{"name":"wp","href":"https:\/\/api.w.org\/{rel}","templated":true}]}}