{"id":98247,"date":"2022-09-28T01:40:26","date_gmt":"2022-09-28T04:40:26","guid":{"rendered":"http:\/\/infoecos.com.ar\/?p=98247"},"modified":"2022-09-28T01:40:26","modified_gmt":"2022-09-28T04:40:26","slug":"bajas-en-el-dolar-financiero-contado-con-liquidacion-mep-y-aumento-en-el-blue","status":"publish","type":"post","link":"https:\/\/infoecos.com.ar\/index.php\/bajas-en-el-dolar-financiero-contado-con-liquidacion-mep-y-aumento-en-el-blue\/","title":{"rendered":"Bajas en el D\u00f3lar Financiero, Contado con Liquidaci\u00f3n, MEP y aumento en el Blue"},"content":{"rendered":"\n<p>La secretaria de\u00a0<strong>Miner\u00eda<\/strong>, Fernanda \u00c1vila, dijo este martes que\u00a0<strong>el Gobierno nacional<\/strong>\u00a0est\u00e1 evaluando la implementaci\u00f3n de un\u00a0<strong>\u00abd\u00f3lar minero\u00bb<\/strong>\u00a0para garantizar las inversiones de todo el sector en el pa\u00eds, a pocas semanas de que el Ejecutivo haya implementado el <strong>d\u00f3lar soja<\/strong> para incentivar las exportaciones de cosecha a un precio preferencial.<\/p>\n\n\n\n<p>\u00abEs algo que estamos conversando. No creo que una sola medida pueda resolver todos los problemas, pero s\u00ed es algo que podemos ir conversando, o\u00a0<strong>una medida que pueda ayudar a la mayor\u00eda de las empresas<\/strong>\u00ab, expres\u00f3 \u00c1vila.<\/p>\n\n\n\n<p><strong>Comportamiento del d\u00f3lar este martes 27 de septiembre 2022<\/strong> <\/p>\n\n\n\n<p>Los d\u00f3lares financieros anotaron su segunda baja consecutiva, pese a un contexto de fortalecimiento de la divisa en la regi\u00f3n debido a la preocupaci\u00f3n por el crecimiento global ante las alzas de las tasas de inter\u00e9s para combatir la inflaci\u00f3n.<\/p>\n\n\n\n<p>En la Bolsa, el d\u00f3lar Contado con Liquidaci\u00f3n el -operado con el Global 2030-\u00a0cay\u00f3 $1,32 (-0,4%) a\u00a0$305,54. As\u00ed, la brecha con el tipo de cambio oficial mayorista se redujo\u00a0al 108,5%. En dos ruedas, acumul\u00f3 una baja de casi $7 (-2,1%)<\/p>\n\n\n\n<p>Por su parte, el\u00a0d\u00f3lar MEP\u00a0-valuado con el Global 2030-<strong>\u00a0<\/strong>cedi\u00f3 $1,47 (-0,5%) a $296,78,\u00a0con lo cual el spread con el oficial lleg\u00f3 al\u00a0102,5%.<\/p>\n\n\n\n<p>En el mercado informal, en cambio,\u00a0el d\u00f3lar blue\u00a0salt\u00f3 $4 (+1,4%) hasta los $290, seg\u00fan un\u00a0relevamiento de \u00c1mbito\u00a0en el Mercado Negro de Divisas. En tanto,\u00a0la\u00a0brecha con el d\u00f3lar oficial se ubic\u00f3 en el 97,9%.<\/p>\n\n\n\n<p><strong>Informaci\u00f3n tomada de www.ambito.com<\/strong><a rel=\"noreferrer noopener\" href=\"https:\/\/www.facebook.com\/dialog\/feed?app_id=592069321760905&amp;link=https%3A%2F%2Fwww.ambito.com%2Ffinanzas%2Fdolar%2Ffinanciero-casi-7-dos-dias-y-se-acerco-los-300-n5545542&amp;name=D%C3%B3lar+financiero+baj%C3%B3+casi+%247+en+dos+d%C3%ADas+y+se+acerc%C3%B3+a+los+%24300&amp;caption=D%C3%B3lar&amp;description=Los+d%C3%B3lares+financieros+anotaron+su+segunda+baja+consecutiva%2C+pese+a+un+contexto+de+fortalecimiento+de+la+divisa+en+la+regi%C3%B3n+debido+a+la+preocupaci%C3%B3n+por+el+crecimiento+global+ante+las+alzas+de+las+tasas+de+inter%C3%A9s+para+combatir+la+inflaci%C3%B3n.&amp;redirect_uri=https%3A%2F%2Fwww.ambito.com%2Ffinanzas%2Fdolar%2Ffinanciero-casi-7-dos-dias-y-se-acerco-los-300-n5545542\" target=\"_blank\"><\/a><\/p>\n","protected":false},"excerpt":{"rendered":"<p>La secretaria de\u00a0Miner\u00eda, Fernanda \u00c1vila, dijo este martes que\u00a0el Gobierno nacional\u00a0est\u00e1 evaluando la implementaci\u00f3n de un\u00a0\u00abd\u00f3lar minero\u00bb\u00a0para garantizar las inversiones de todo el sector en el pa\u00eds<\/p>\n","protected":false},"author":2,"featured_media":98016,"comment_status":"closed","ping_status":"open","sticky":false,"template":"","format":"standard","meta":{"footnotes":""},"categories":[1323],"tags":[6861],"class_list":["post-98247","post","type-post","status-publish","format-standard","has-post-thumbnail","hentry","category-c2nota5","tag-comportamiento-del-dolar-2"],"yoast_head":"<!-- This site is optimized with the Yoast SEO plugin v23.4 - https:\/\/yoast.com\/wordpress\/plugins\/seo\/ -->\n<title>Bajas en el D\u00f3lar Financiero, Contado con Liquidaci\u00f3n, MEP y aumento en el Blue - Infoecos<\/title>\n<meta name=\"robots\" content=\"index, follow, max-snippet:-1, max-image-preview:large, max-video-preview:-1\" \/>\n<link rel=\"canonical\" href=\"https:\/\/infoecos.com.ar\/index.php\/bajas-en-el-dolar-financiero-contado-con-liquidacion-mep-y-aumento-en-el-blue\/\" \/>\n<meta property=\"og:locale\" content=\"es_ES\" \/>\n<meta property=\"og:type\" content=\"article\" \/>\n<meta property=\"og:title\" content=\"Bajas en el D\u00f3lar Financiero, Contado con Liquidaci\u00f3n, MEP y aumento en el Blue - Infoecos\" \/>\n<meta property=\"og:description\" content=\"La secretaria de\u00a0Miner\u00eda, Fernanda \u00c1vila, dijo este martes que\u00a0el Gobierno nacional\u00a0est\u00e1 evaluando la implementaci\u00f3n de un\u00a0&quot;d\u00f3lar minero&quot;\u00a0para garantizar las inversiones de todo el sector en el pa\u00eds\" \/>\n<meta property=\"og:url\" content=\"https:\/\/infoecos.com.ar\/index.php\/bajas-en-el-dolar-financiero-contado-con-liquidacion-mep-y-aumento-en-el-blue\/\" \/>\n<meta property=\"og:site_name\" content=\"Infoecos\" \/>\n<meta property=\"article:publisher\" content=\"https:\/\/www.facebook.com\/profile.php?id=100063200290284\" \/>\n<meta property=\"article:published_time\" content=\"2022-09-28T04:40:26+00:00\" \/>\n<meta property=\"og:image\" content=\"https:\/\/infoecos.com.ar\/wp-content\/uploads\/2022\/09\/depositphotos_3342798-stock-photo-many-bundle-of-us-100.webp\" \/>\n\t<meta property=\"og:image:width\" content=\"600\" \/>\n\t<meta property=\"og:image:height\" content=\"400\" \/>\n\t<meta property=\"og:image:type\" content=\"image\/webp\" \/>\n<meta name=\"author\" content=\"Jorge Matheus\" \/>\n<meta name=\"twitter:card\" content=\"summary_large_image\" \/>\n<meta name=\"twitter:creator\" content=\"@infoecos\" \/>\n<meta name=\"twitter:site\" content=\"@infoecos\" \/>\n<meta name=\"twitter:label1\" content=\"Escrito por\" \/>\n\t<meta name=\"twitter:data1\" content=\"Jorge Matheus\" \/>\n\t<meta name=\"twitter:label2\" content=\"Tiempo de lectura\" \/>\n\t<meta name=\"twitter:data2\" content=\"1 minuto\" \/>\n<script type=\"application\/ld+json\" class=\"yoast-schema-graph\">{\"@context\":\"https:\/\/schema.org\",\"@graph\":[{\"@type\":\"Article\",\"@id\":\"https:\/\/infoecos.com.ar\/index.php\/bajas-en-el-dolar-financiero-contado-con-liquidacion-mep-y-aumento-en-el-blue\/#article\",\"isPartOf\":{\"@id\":\"https:\/\/infoecos.com.ar\/index.php\/bajas-en-el-dolar-financiero-contado-con-liquidacion-mep-y-aumento-en-el-blue\/\"},\"author\":{\"name\":\"Jorge Matheus\",\"@id\":\"https:\/\/infoecos.com.ar\/#\/schema\/person\/8f5ace5ce73b4b4aac4b7245aee6f191\"},\"headline\":\"Bajas en el D\u00f3lar Financiero, Contado con Liquidaci\u00f3n, MEP y aumento en el Blue\",\"datePublished\":\"2022-09-28T04:40:26+00:00\",\"dateModified\":\"2022-09-28T04:40:26+00:00\",\"mainEntityOfPage\":{\"@id\":\"https:\/\/infoecos.com.ar\/index.php\/bajas-en-el-dolar-financiero-contado-con-liquidacion-mep-y-aumento-en-el-blue\/\"},\"wordCount\":278,\"publisher\":{\"@id\":\"https:\/\/infoecos.com.ar\/#organization\"},\"image\":{\"@id\":\"https:\/\/infoecos.com.ar\/index.php\/bajas-en-el-dolar-financiero-contado-con-liquidacion-mep-y-aumento-en-el-blue\/#primaryimage\"},\"thumbnailUrl\":\"https:\/\/infoecos.com.ar\/wp-content\/uploads\/2022\/09\/depositphotos_3342798-stock-photo-many-bundle-of-us-100.webp\",\"keywords\":[\"COMPORTAMIENTO DEL D\u00d3LAR\"],\"articleSection\":[\"C2 N5\"],\"inLanguage\":\"es\"},{\"@type\":\"WebPage\",\"@id\":\"https:\/\/infoecos.com.ar\/index.php\/bajas-en-el-dolar-financiero-contado-con-liquidacion-mep-y-aumento-en-el-blue\/\",\"url\":\"https:\/\/infoecos.com.ar\/index.php\/bajas-en-el-dolar-financiero-contado-con-liquidacion-mep-y-aumento-en-el-blue\/\",\"name\":\"Bajas en el D\u00f3lar Financiero, Contado con Liquidaci\u00f3n, MEP y aumento en el Blue - Infoecos\",\"isPartOf\":{\"@id\":\"https:\/\/infoecos.com.ar\/#website\"},\"primaryImageOfPage\":{\"@id\":\"https:\/\/infoecos.com.ar\/index.php\/bajas-en-el-dolar-financiero-contado-con-liquidacion-mep-y-aumento-en-el-blue\/#primaryimage\"},\"image\":{\"@id\":\"https:\/\/infoecos.com.ar\/index.php\/bajas-en-el-dolar-financiero-contado-con-liquidacion-mep-y-aumento-en-el-blue\/#primaryimage\"},\"thumbnailUrl\":\"https:\/\/infoecos.com.ar\/wp-content\/uploads\/2022\/09\/depositphotos_3342798-stock-photo-many-bundle-of-us-100.webp\",\"datePublished\":\"2022-09-28T04:40:26+00:00\",\"dateModified\":\"2022-09-28T04:40:26+00:00\",\"breadcrumb\":{\"@id\":\"https:\/\/infoecos.com.ar\/index.php\/bajas-en-el-dolar-financiero-contado-con-liquidacion-mep-y-aumento-en-el-blue\/#breadcrumb\"},\"inLanguage\":\"es\",\"potentialAction\":[{\"@type\":\"ReadAction\",\"target\":[\"https:\/\/infoecos.com.ar\/index.php\/bajas-en-el-dolar-financiero-contado-con-liquidacion-mep-y-aumento-en-el-blue\/\"]}]},{\"@type\":\"ImageObject\",\"inLanguage\":\"es\",\"@id\":\"https:\/\/infoecos.com.ar\/index.php\/bajas-en-el-dolar-financiero-contado-con-liquidacion-mep-y-aumento-en-el-blue\/#primaryimage\",\"url\":\"https:\/\/infoecos.com.ar\/wp-content\/uploads\/2022\/09\/depositphotos_3342798-stock-photo-many-bundle-of-us-100.webp\",\"contentUrl\":\"https:\/\/infoecos.com.ar\/wp-content\/uploads\/2022\/09\/depositphotos_3342798-stock-photo-many-bundle-of-us-100.webp\",\"width\":600,\"height\":400},{\"@type\":\"BreadcrumbList\",\"@id\":\"https:\/\/infoecos.com.ar\/index.php\/bajas-en-el-dolar-financiero-contado-con-liquidacion-mep-y-aumento-en-el-blue\/#breadcrumb\",\"itemListElement\":[{\"@type\":\"ListItem\",\"position\":1,\"name\":\"Portada\",\"item\":\"https:\/\/infoecos.com.ar\/\"},{\"@type\":\"ListItem\",\"position\":2,\"name\":\"Bajas en el D\u00f3lar Financiero, Contado con Liquidaci\u00f3n, MEP y aumento en el Blue\"}]},{\"@type\":\"WebSite\",\"@id\":\"https:\/\/infoecos.com.ar\/#website\",\"url\":\"https:\/\/infoecos.com.ar\/\",\"name\":\"Infoecos\",\"description\":\"Noticias de trenque lauquen y la zona\",\"publisher\":{\"@id\":\"https:\/\/infoecos.com.ar\/#organization\"},\"alternateName\":\"Noticias\",\"potentialAction\":[{\"@type\":\"SearchAction\",\"target\":{\"@type\":\"EntryPoint\",\"urlTemplate\":\"https:\/\/infoecos.com.ar\/?s={search_term_string}\"},\"query-input\":{\"@type\":\"PropertyValueSpecification\",\"valueRequired\":true,\"valueName\":\"search_term_string\"}}],\"inLanguage\":\"es\"},{\"@type\":\"Organization\",\"@id\":\"https:\/\/infoecos.com.ar\/#organization\",\"name\":\"Infoecos\",\"alternateName\":\"Noticias\",\"url\":\"https:\/\/infoecos.com.ar\/\",\"logo\":{\"@type\":\"ImageObject\",\"inLanguage\":\"es\",\"@id\":\"https:\/\/infoecos.com.ar\/#\/schema\/logo\/image\/\",\"url\":\"https:\/\/infoecos.com.ar\/wp-content\/uploads\/2024\/03\/cropped-logo.png\",\"contentUrl\":\"https:\/\/infoecos.com.ar\/wp-content\/uploads\/2024\/03\/cropped-logo.png\",\"width\":374,\"height\":90,\"caption\":\"Infoecos\"},\"image\":{\"@id\":\"https:\/\/infoecos.com.ar\/#\/schema\/logo\/image\/\"},\"sameAs\":[\"https:\/\/www.facebook.com\/profile.php?id=100063200290284\",\"https:\/\/x.com\/infoecos\"]},{\"@type\":\"Person\",\"@id\":\"https:\/\/infoecos.com.ar\/#\/schema\/person\/8f5ace5ce73b4b4aac4b7245aee6f191\",\"name\":\"Jorge Matheus\",\"url\":\"https:\/\/infoecos.com.ar\/index.php\/author\/jomatheus\/\"}]}<\/script>\n<!-- \/ Yoast SEO plugin. -->","yoast_head_json":{"title":"Bajas en el D\u00f3lar Financiero, Contado con Liquidaci\u00f3n, MEP y aumento en el Blue - Infoecos","robots":{"index":"index","follow":"follow","max-snippet":"max-snippet:-1","max-image-preview":"max-image-preview:large","max-video-preview":"max-video-preview:-1"},"canonical":"https:\/\/infoecos.com.ar\/index.php\/bajas-en-el-dolar-financiero-contado-con-liquidacion-mep-y-aumento-en-el-blue\/","og_locale":"es_ES","og_type":"article","og_title":"Bajas en el D\u00f3lar Financiero, Contado con Liquidaci\u00f3n, MEP y aumento en el Blue - Infoecos","og_description":"La secretaria de\u00a0Miner\u00eda, Fernanda \u00c1vila, dijo este martes que\u00a0el Gobierno nacional\u00a0est\u00e1 evaluando la implementaci\u00f3n de un\u00a0\"d\u00f3lar minero\"\u00a0para garantizar las inversiones de todo el sector en el pa\u00eds","og_url":"https:\/\/infoecos.com.ar\/index.php\/bajas-en-el-dolar-financiero-contado-con-liquidacion-mep-y-aumento-en-el-blue\/","og_site_name":"Infoecos","article_publisher":"https:\/\/www.facebook.com\/profile.php?id=100063200290284","article_published_time":"2022-09-28T04:40:26+00:00","og_image":[{"width":600,"height":400,"url":"https:\/\/infoecos.com.ar\/wp-content\/uploads\/2022\/09\/depositphotos_3342798-stock-photo-many-bundle-of-us-100.webp","type":"image\/webp"}],"author":"Jorge Matheus","twitter_card":"summary_large_image","twitter_creator":"@infoecos","twitter_site":"@infoecos","twitter_misc":{"Escrito por":"Jorge Matheus","Tiempo de lectura":"1 minuto"},"schema":{"@context":"https:\/\/schema.org","@graph":[{"@type":"Article","@id":"https:\/\/infoecos.com.ar\/index.php\/bajas-en-el-dolar-financiero-contado-con-liquidacion-mep-y-aumento-en-el-blue\/#article","isPartOf":{"@id":"https:\/\/infoecos.com.ar\/index.php\/bajas-en-el-dolar-financiero-contado-con-liquidacion-mep-y-aumento-en-el-blue\/"},"author":{"name":"Jorge Matheus","@id":"https:\/\/infoecos.com.ar\/#\/schema\/person\/8f5ace5ce73b4b4aac4b7245aee6f191"},"headline":"Bajas en el D\u00f3lar Financiero, Contado con Liquidaci\u00f3n, MEP y aumento en el Blue","datePublished":"2022-09-28T04:40:26+00:00","dateModified":"2022-09-28T04:40:26+00:00","mainEntityOfPage":{"@id":"https:\/\/infoecos.com.ar\/index.php\/bajas-en-el-dolar-financiero-contado-con-liquidacion-mep-y-aumento-en-el-blue\/"},"wordCount":278,"publisher":{"@id":"https:\/\/infoecos.com.ar\/#organization"},"image":{"@id":"https:\/\/infoecos.com.ar\/index.php\/bajas-en-el-dolar-financiero-contado-con-liquidacion-mep-y-aumento-en-el-blue\/#primaryimage"},"thumbnailUrl":"https:\/\/infoecos.com.ar\/wp-content\/uploads\/2022\/09\/depositphotos_3342798-stock-photo-many-bundle-of-us-100.webp","keywords":["COMPORTAMIENTO DEL D\u00d3LAR"],"articleSection":["C2 N5"],"inLanguage":"es"},{"@type":"WebPage","@id":"https:\/\/infoecos.com.ar\/index.php\/bajas-en-el-dolar-financiero-contado-con-liquidacion-mep-y-aumento-en-el-blue\/","url":"https:\/\/infoecos.com.ar\/index.php\/bajas-en-el-dolar-financiero-contado-con-liquidacion-mep-y-aumento-en-el-blue\/","name":"Bajas en el D\u00f3lar Financiero, Contado con Liquidaci\u00f3n, MEP y aumento en el Blue - Infoecos","isPartOf":{"@id":"https:\/\/infoecos.com.ar\/#website"},"primaryImageOfPage":{"@id":"https:\/\/infoecos.com.ar\/index.php\/bajas-en-el-dolar-financiero-contado-con-liquidacion-mep-y-aumento-en-el-blue\/#primaryimage"},"image":{"@id":"https:\/\/infoecos.com.ar\/index.php\/bajas-en-el-dolar-financiero-contado-con-liquidacion-mep-y-aumento-en-el-blue\/#primaryimage"},"thumbnailUrl":"https:\/\/infoecos.com.ar\/wp-content\/uploads\/2022\/09\/depositphotos_3342798-stock-photo-many-bundle-of-us-100.webp","datePublished":"2022-09-28T04:40:26+00:00","dateModified":"2022-09-28T04:40:26+00:00","breadcrumb":{"@id":"https:\/\/infoecos.com.ar\/index.php\/bajas-en-el-dolar-financiero-contado-con-liquidacion-mep-y-aumento-en-el-blue\/#breadcrumb"},"inLanguage":"es","potentialAction":[{"@type":"ReadAction","target":["https:\/\/infoecos.com.ar\/index.php\/bajas-en-el-dolar-financiero-contado-con-liquidacion-mep-y-aumento-en-el-blue\/"]}]},{"@type":"ImageObject","inLanguage":"es","@id":"https:\/\/infoecos.com.ar\/index.php\/bajas-en-el-dolar-financiero-contado-con-liquidacion-mep-y-aumento-en-el-blue\/#primaryimage","url":"https:\/\/infoecos.com.ar\/wp-content\/uploads\/2022\/09\/depositphotos_3342798-stock-photo-many-bundle-of-us-100.webp","contentUrl":"https:\/\/infoecos.com.ar\/wp-content\/uploads\/2022\/09\/depositphotos_3342798-stock-photo-many-bundle-of-us-100.webp","width":600,"height":400},{"@type":"BreadcrumbList","@id":"https:\/\/infoecos.com.ar\/index.php\/bajas-en-el-dolar-financiero-contado-con-liquidacion-mep-y-aumento-en-el-blue\/#breadcrumb","itemListElement":[{"@type":"ListItem","position":1,"name":"Portada","item":"https:\/\/infoecos.com.ar\/"},{"@type":"ListItem","position":2,"name":"Bajas en el D\u00f3lar Financiero, Contado con Liquidaci\u00f3n, MEP y aumento en el Blue"}]},{"@type":"WebSite","@id":"https:\/\/infoecos.com.ar\/#website","url":"https:\/\/infoecos.com.ar\/","name":"Infoecos","description":"Noticias de trenque lauquen y la zona","publisher":{"@id":"https:\/\/infoecos.com.ar\/#organization"},"alternateName":"Noticias","potentialAction":[{"@type":"SearchAction","target":{"@type":"EntryPoint","urlTemplate":"https:\/\/infoecos.com.ar\/?s={search_term_string}"},"query-input":{"@type":"PropertyValueSpecification","valueRequired":true,"valueName":"search_term_string"}}],"inLanguage":"es"},{"@type":"Organization","@id":"https:\/\/infoecos.com.ar\/#organization","name":"Infoecos","alternateName":"Noticias","url":"https:\/\/infoecos.com.ar\/","logo":{"@type":"ImageObject","inLanguage":"es","@id":"https:\/\/infoecos.com.ar\/#\/schema\/logo\/image\/","url":"https:\/\/infoecos.com.ar\/wp-content\/uploads\/2024\/03\/cropped-logo.png","contentUrl":"https:\/\/infoecos.com.ar\/wp-content\/uploads\/2024\/03\/cropped-logo.png","width":374,"height":90,"caption":"Infoecos"},"image":{"@id":"https:\/\/infoecos.com.ar\/#\/schema\/logo\/image\/"},"sameAs":["https:\/\/www.facebook.com\/profile.php?id=100063200290284","https:\/\/x.com\/infoecos"]},{"@type":"Person","@id":"https:\/\/infoecos.com.ar\/#\/schema\/person\/8f5ace5ce73b4b4aac4b7245aee6f191","name":"Jorge Matheus","url":"https:\/\/infoecos.com.ar\/index.php\/author\/jomatheus\/"}]}},"featured_image_urls":{"full":["https:\/\/infoecos.com.ar\/wp-content\/uploads\/2022\/09\/depositphotos_3342798-stock-photo-many-bundle-of-us-100.webp",600,400,false],"thumbnail":["https:\/\/infoecos.com.ar\/wp-content\/uploads\/2022\/09\/depositphotos_3342798-stock-photo-many-bundle-of-us-100-150x150.webp",150,150,true],"medium":["https:\/\/infoecos.com.ar\/wp-content\/uploads\/2022\/09\/depositphotos_3342798-stock-photo-many-bundle-of-us-100-460x307.webp",460,307,true],"medium_large":["https:\/\/infoecos.com.ar\/wp-content\/uploads\/2022\/09\/depositphotos_3342798-stock-photo-many-bundle-of-us-100.webp",600,400,false],"large":["https:\/\/infoecos.com.ar\/wp-content\/uploads\/2022\/09\/depositphotos_3342798-stock-photo-many-bundle-of-us-100.webp",600,400,false],"1536x1536":["https:\/\/infoecos.com.ar\/wp-content\/uploads\/2022\/09\/depositphotos_3342798-stock-photo-many-bundle-of-us-100.webp",600,400,false],"2048x2048":["https:\/\/infoecos.com.ar\/wp-content\/uploads\/2022\/09\/depositphotos_3342798-stock-photo-many-bundle-of-us-100.webp",600,400,false],"covernews-slider-full":["https:\/\/infoecos.com.ar\/wp-content\/uploads\/2022\/09\/depositphotos_3342798-stock-photo-many-bundle-of-us-100.webp",600,400,false],"covernews-slider-center":["https:\/\/infoecos.com.ar\/wp-content\/uploads\/2022\/09\/depositphotos_3342798-stock-photo-many-bundle-of-us-100.webp",600,400,false],"covernews-featured":["https:\/\/infoecos.com.ar\/wp-content\/uploads\/2022\/09\/depositphotos_3342798-stock-photo-many-bundle-of-us-100.webp",600,400,false],"covernews-medium":["https:\/\/infoecos.com.ar\/wp-content\/uploads\/2022\/09\/depositphotos_3342798-stock-photo-many-bundle-of-us-100-600x380.webp",537,340,true],"covernews-medium-square":["https:\/\/infoecos.com.ar\/wp-content\/uploads\/2022\/09\/depositphotos_3342798-stock-photo-many-bundle-of-us-100.webp",375,250,false]},"author_info":{"info":["Jorge Matheus"]},"category_info":"<a href=\"https:\/\/infoecos.com.ar\/index.php\/category\/c2nota5\/\" rel=\"category tag\">C2 N5<\/a>","tag_info":"C2 N5","comment_count":"0","_links":{"self":[{"href":"https:\/\/infoecos.com.ar\/index.php\/wp-json\/wp\/v2\/posts\/98247"}],"collection":[{"href":"https:\/\/infoecos.com.ar\/index.php\/wp-json\/wp\/v2\/posts"}],"about":[{"href":"https:\/\/infoecos.com.ar\/index.php\/wp-json\/wp\/v2\/types\/post"}],"author":[{"embeddable":true,"href":"https:\/\/infoecos.com.ar\/index.php\/wp-json\/wp\/v2\/users\/2"}],"replies":[{"embeddable":true,"href":"https:\/\/infoecos.com.ar\/index.php\/wp-json\/wp\/v2\/comments?post=98247"}],"version-history":[{"count":1,"href":"https:\/\/infoecos.com.ar\/index.php\/wp-json\/wp\/v2\/posts\/98247\/revisions"}],"predecessor-version":[{"id":98248,"href":"https:\/\/infoecos.com.ar\/index.php\/wp-json\/wp\/v2\/posts\/98247\/revisions\/98248"}],"wp:featuredmedia":[{"embeddable":true,"href":"https:\/\/infoecos.com.ar\/index.php\/wp-json\/wp\/v2\/media\/98016"}],"wp:attachment":[{"href":"https:\/\/infoecos.com.ar\/index.php\/wp-json\/wp\/v2\/media?parent=98247"}],"wp:term":[{"taxonomy":"category","embeddable":true,"href":"https:\/\/infoecos.com.ar\/index.php\/wp-json\/wp\/v2\/categories?post=98247"},{"taxonomy":"post_tag","embeddable":true,"href":"https:\/\/infoecos.com.ar\/index.php\/wp-json\/wp\/v2\/tags?post=98247"}],"curies":[{"name":"wp","href":"https:\/\/api.w.org\/{rel}","templated":true}]}}