{"id":98268,"date":"2022-09-28T03:13:15","date_gmt":"2022-09-28T06:13:15","guid":{"rendered":"http:\/\/infoecos.com.ar\/?p=98268"},"modified":"2022-09-28T03:13:40","modified_gmt":"2022-09-28T06:13:40","slug":"ciclo-organizado-por-utn-agenda-tl-2030-y-el-colectivo-trenque-lauquen-por-mas-participacion","status":"publish","type":"post","link":"https:\/\/infoecos.com.ar\/index.php\/ciclo-organizado-por-utn-agenda-tl-2030-y-el-colectivo-trenque-lauquen-por-mas-participacion\/","title":{"rendered":"Ciclo organizado por UTN, Agenda TL 2030 y el Colectivo Trenque Lauquen por M\u00e1s Participaci\u00f3n"},"content":{"rendered":"\n<p>La Facultad Regional Trenque Lauquen de la UTN, la Agenda TL 2030 y el Colectivo Trenque Lauquen por M\u00e1s Participaci\u00f3n inician hoy un ciclo de capacitaciones destinadas a instituciones de la comunidad. En este caso, el primer encuentro se realizar\u00e1 con la presencia del equipo de inspectoras de Educaci\u00f3n distrital, a las 18 hs. en las instalaciones del Polo Tecnol\u00f3gico.<\/p>\n\n\n\n<figure class=\"wp-block-image aligncenter size-large is-resized\"><img loading=\"lazy\" decoding=\"async\" src=\"http:\/\/infoecos.com.ar\/wp-content\/uploads\/2022\/09\/WhatsApp-Image-2022-09-27-at-5.45.12-PM-691x920.jpeg\" alt=\"\" class=\"wp-image-98269\" width=\"468\" height=\"623\" srcset=\"https:\/\/infoecos.com.ar\/wp-content\/uploads\/2022\/09\/WhatsApp-Image-2022-09-27-at-5.45.12-PM-691x920.jpeg 691w, https:\/\/infoecos.com.ar\/wp-content\/uploads\/2022\/09\/WhatsApp-Image-2022-09-27-at-5.45.12-PM-345x460.jpeg 345w, https:\/\/infoecos.com.ar\/wp-content\/uploads\/2022\/09\/WhatsApp-Image-2022-09-27-at-5.45.12-PM-768x1023.jpeg 768w, https:\/\/infoecos.com.ar\/wp-content\/uploads\/2022\/09\/WhatsApp-Image-2022-09-27-at-5.45.12-PM-1153x1536.jpeg 1153w, https:\/\/infoecos.com.ar\/wp-content\/uploads\/2022\/09\/WhatsApp-Image-2022-09-27-at-5.45.12-PM-1024x1364.jpeg 1024w, https:\/\/infoecos.com.ar\/wp-content\/uploads\/2022\/09\/WhatsApp-Image-2022-09-27-at-5.45.12-PM.jpeg 1201w\" sizes=\"(max-width: 468px) 100vw, 468px\" \/><\/figure>\n\n\n\n<p>El objetivo de estas capacitaciones es generar espacios de reflexi\u00f3n acerca de trayectorias de vida y desempe\u00f1o laboral, en relaci\u00f3n a cuestiones de g\u00e9nero con un solo fin: ir caminando hacia un camino de igualdad, absolutamente necesario para la vida en sociedad.<\/p>\n\n\n\n<p>Los encuentros se originaron luego de la aprobaci\u00f3n por parte de la Subsecretar\u00eda de Fortalecimiento de Trayectorias Estudiantiles de la Secretar\u00eda de Pol\u00edticas Universitarias (SPU) del Ministerio de Educaci\u00f3n de la Naci\u00f3n, de un proyecto presentado en la convocatoria de Extensi\u00f3n Universitaria \u201cUniversidad, Cultura y Territorio 2021\u201d para capacitar en g\u00e9nero a las instituciones de la Junta Promotora de la Agenda Estrat\u00e9gica de Trenque Lauquen.<\/p>\n\n\n\n<p>Por este proyecto se recibieron 500 mil pesos para concretar la propuesta que surgi\u00f3 del Colectivo TL&nbsp; por M\u00e1s Participaci\u00f3n y fue consolid\u00e1ndose en el interior de la Agenda TL 2030: capacitar en g\u00e9nero a las instituciones de la Junta Promotora, \u00f3rgano de gobernanza de la Agenda local de la cual la FRTL UTN es integrante.<\/p>\n\n\n\n<p>El objetivo es visibilizar y sensibilizar respecto a la situaci\u00f3n de las mujeres y disidencias en la vida pol\u00edtico \u2013 institucional del distrito de Trenque Lauquen.<\/p>\n\n\n\n<p>El pr\u00f3ximo mi\u00e9rcoles 5 la cita es con los concejales y concejalas que asumieron a partir de las \u00faltimas elecciones, en el Honorable Concejo Deliberante.&nbsp;<\/p>\n","protected":false},"excerpt":{"rendered":"<p>El primer encuentro se realizar\u00e1 hoy con la presencia del equipo de inspectoras de Educaci\u00f3n distrital, a las 18 hs. en las instalaciones del Polo Tecnol\u00f3gico<\/p>\n","protected":false},"author":2,"featured_media":98269,"comment_status":"closed","ping_status":"open","sticky":false,"template":"","format":"standard","meta":{"footnotes":""},"categories":[47],"tags":[6865],"class_list":["post-98268","post","type-post","status-publish","format-standard","has-post-thumbnail","hentry","category-c3nota2","tag-cuestiones-de-genero"],"yoast_head":"<!-- This site is optimized with the Yoast SEO plugin v23.4 - https:\/\/yoast.com\/wordpress\/plugins\/seo\/ -->\n<title>Ciclo organizado por UTN, Agenda TL 2030 y el Colectivo Trenque Lauquen por M\u00e1s Participaci\u00f3n - Infoecos<\/title>\n<meta name=\"robots\" content=\"index, follow, max-snippet:-1, max-image-preview:large, max-video-preview:-1\" \/>\n<link rel=\"canonical\" href=\"https:\/\/infoecos.com.ar\/index.php\/ciclo-organizado-por-utn-agenda-tl-2030-y-el-colectivo-trenque-lauquen-por-mas-participacion\/\" \/>\n<meta property=\"og:locale\" content=\"es_ES\" \/>\n<meta property=\"og:type\" content=\"article\" \/>\n<meta property=\"og:title\" content=\"Ciclo organizado por UTN, Agenda TL 2030 y el Colectivo Trenque Lauquen por M\u00e1s Participaci\u00f3n - Infoecos\" \/>\n<meta property=\"og:description\" content=\"El primer encuentro se realizar\u00e1 hoy con la presencia del equipo de inspectoras de Educaci\u00f3n distrital, a las 18 hs. en las instalaciones del Polo Tecnol\u00f3gico\" \/>\n<meta property=\"og:url\" content=\"https:\/\/infoecos.com.ar\/index.php\/ciclo-organizado-por-utn-agenda-tl-2030-y-el-colectivo-trenque-lauquen-por-mas-participacion\/\" \/>\n<meta property=\"og:site_name\" content=\"Infoecos\" \/>\n<meta property=\"article:publisher\" content=\"https:\/\/www.facebook.com\/profile.php?id=100063200290284\" \/>\n<meta property=\"article:published_time\" content=\"2022-09-28T06:13:15+00:00\" \/>\n<meta property=\"article:modified_time\" content=\"2022-09-28T06:13:40+00:00\" \/>\n<meta property=\"og:image\" content=\"https:\/\/infoecos.com.ar\/wp-content\/uploads\/2022\/09\/WhatsApp-Image-2022-09-27-at-5.45.12-PM.jpeg\" \/>\n\t<meta property=\"og:image:width\" content=\"1201\" \/>\n\t<meta property=\"og:image:height\" content=\"1600\" \/>\n\t<meta property=\"og:image:type\" content=\"image\/jpeg\" \/>\n<meta name=\"author\" content=\"Jorge Matheus\" \/>\n<meta name=\"twitter:card\" content=\"summary_large_image\" \/>\n<meta name=\"twitter:creator\" content=\"@infoecos\" \/>\n<meta name=\"twitter:site\" content=\"@infoecos\" \/>\n<meta name=\"twitter:label1\" content=\"Escrito por\" \/>\n\t<meta name=\"twitter:data1\" content=\"Jorge Matheus\" \/>\n\t<meta name=\"twitter:label2\" content=\"Tiempo de lectura\" \/>\n\t<meta name=\"twitter:data2\" content=\"1 minuto\" \/>\n<script type=\"application\/ld+json\" class=\"yoast-schema-graph\">{\"@context\":\"https:\/\/schema.org\",\"@graph\":[{\"@type\":\"Article\",\"@id\":\"https:\/\/infoecos.com.ar\/index.php\/ciclo-organizado-por-utn-agenda-tl-2030-y-el-colectivo-trenque-lauquen-por-mas-participacion\/#article\",\"isPartOf\":{\"@id\":\"https:\/\/infoecos.com.ar\/index.php\/ciclo-organizado-por-utn-agenda-tl-2030-y-el-colectivo-trenque-lauquen-por-mas-participacion\/\"},\"author\":{\"name\":\"Jorge Matheus\",\"@id\":\"https:\/\/infoecos.com.ar\/#\/schema\/person\/8f5ace5ce73b4b4aac4b7245aee6f191\"},\"headline\":\"Ciclo organizado por UTN, Agenda TL 2030 y el Colectivo Trenque Lauquen por M\u00e1s Participaci\u00f3n\",\"datePublished\":\"2022-09-28T06:13:15+00:00\",\"dateModified\":\"2022-09-28T06:13:40+00:00\",\"mainEntityOfPage\":{\"@id\":\"https:\/\/infoecos.com.ar\/index.php\/ciclo-organizado-por-utn-agenda-tl-2030-y-el-colectivo-trenque-lauquen-por-mas-participacion\/\"},\"wordCount\":310,\"publisher\":{\"@id\":\"https:\/\/infoecos.com.ar\/#organization\"},\"image\":{\"@id\":\"https:\/\/infoecos.com.ar\/index.php\/ciclo-organizado-por-utn-agenda-tl-2030-y-el-colectivo-trenque-lauquen-por-mas-participacion\/#primaryimage\"},\"thumbnailUrl\":\"https:\/\/infoecos.com.ar\/wp-content\/uploads\/2022\/09\/WhatsApp-Image-2022-09-27-at-5.45.12-PM.jpeg\",\"keywords\":[\"CUESTIONES DE G\u00c9NERO\"],\"articleSection\":[\"C3 N2\"],\"inLanguage\":\"es\"},{\"@type\":\"WebPage\",\"@id\":\"https:\/\/infoecos.com.ar\/index.php\/ciclo-organizado-por-utn-agenda-tl-2030-y-el-colectivo-trenque-lauquen-por-mas-participacion\/\",\"url\":\"https:\/\/infoecos.com.ar\/index.php\/ciclo-organizado-por-utn-agenda-tl-2030-y-el-colectivo-trenque-lauquen-por-mas-participacion\/\",\"name\":\"Ciclo organizado por UTN, Agenda TL 2030 y el Colectivo Trenque Lauquen por M\u00e1s Participaci\u00f3n - Infoecos\",\"isPartOf\":{\"@id\":\"https:\/\/infoecos.com.ar\/#website\"},\"primaryImageOfPage\":{\"@id\":\"https:\/\/infoecos.com.ar\/index.php\/ciclo-organizado-por-utn-agenda-tl-2030-y-el-colectivo-trenque-lauquen-por-mas-participacion\/#primaryimage\"},\"image\":{\"@id\":\"https:\/\/infoecos.com.ar\/index.php\/ciclo-organizado-por-utn-agenda-tl-2030-y-el-colectivo-trenque-lauquen-por-mas-participacion\/#primaryimage\"},\"thumbnailUrl\":\"https:\/\/infoecos.com.ar\/wp-content\/uploads\/2022\/09\/WhatsApp-Image-2022-09-27-at-5.45.12-PM.jpeg\",\"datePublished\":\"2022-09-28T06:13:15+00:00\",\"dateModified\":\"2022-09-28T06:13:40+00:00\",\"breadcrumb\":{\"@id\":\"https:\/\/infoecos.com.ar\/index.php\/ciclo-organizado-por-utn-agenda-tl-2030-y-el-colectivo-trenque-lauquen-por-mas-participacion\/#breadcrumb\"},\"inLanguage\":\"es\",\"potentialAction\":[{\"@type\":\"ReadAction\",\"target\":[\"https:\/\/infoecos.com.ar\/index.php\/ciclo-organizado-por-utn-agenda-tl-2030-y-el-colectivo-trenque-lauquen-por-mas-participacion\/\"]}]},{\"@type\":\"ImageObject\",\"inLanguage\":\"es\",\"@id\":\"https:\/\/infoecos.com.ar\/index.php\/ciclo-organizado-por-utn-agenda-tl-2030-y-el-colectivo-trenque-lauquen-por-mas-participacion\/#primaryimage\",\"url\":\"https:\/\/infoecos.com.ar\/wp-content\/uploads\/2022\/09\/WhatsApp-Image-2022-09-27-at-5.45.12-PM.jpeg\",\"contentUrl\":\"https:\/\/infoecos.com.ar\/wp-content\/uploads\/2022\/09\/WhatsApp-Image-2022-09-27-at-5.45.12-PM.jpeg\",\"width\":1201,\"height\":1600},{\"@type\":\"BreadcrumbList\",\"@id\":\"https:\/\/infoecos.com.ar\/index.php\/ciclo-organizado-por-utn-agenda-tl-2030-y-el-colectivo-trenque-lauquen-por-mas-participacion\/#breadcrumb\",\"itemListElement\":[{\"@type\":\"ListItem\",\"position\":1,\"name\":\"Portada\",\"item\":\"https:\/\/infoecos.com.ar\/\"},{\"@type\":\"ListItem\",\"position\":2,\"name\":\"Ciclo organizado por UTN, Agenda TL 2030 y el Colectivo Trenque Lauquen por M\u00e1s Participaci\u00f3n\"}]},{\"@type\":\"WebSite\",\"@id\":\"https:\/\/infoecos.com.ar\/#website\",\"url\":\"https:\/\/infoecos.com.ar\/\",\"name\":\"Infoecos\",\"description\":\"Noticias de trenque lauquen y la zona\",\"publisher\":{\"@id\":\"https:\/\/infoecos.com.ar\/#organization\"},\"alternateName\":\"Noticias\",\"potentialAction\":[{\"@type\":\"SearchAction\",\"target\":{\"@type\":\"EntryPoint\",\"urlTemplate\":\"https:\/\/infoecos.com.ar\/?s={search_term_string}\"},\"query-input\":{\"@type\":\"PropertyValueSpecification\",\"valueRequired\":true,\"valueName\":\"search_term_string\"}}],\"inLanguage\":\"es\"},{\"@type\":\"Organization\",\"@id\":\"https:\/\/infoecos.com.ar\/#organization\",\"name\":\"Infoecos\",\"alternateName\":\"Noticias\",\"url\":\"https:\/\/infoecos.com.ar\/\",\"logo\":{\"@type\":\"ImageObject\",\"inLanguage\":\"es\",\"@id\":\"https:\/\/infoecos.com.ar\/#\/schema\/logo\/image\/\",\"url\":\"https:\/\/infoecos.com.ar\/wp-content\/uploads\/2024\/03\/cropped-logo.png\",\"contentUrl\":\"https:\/\/infoecos.com.ar\/wp-content\/uploads\/2024\/03\/cropped-logo.png\",\"width\":374,\"height\":90,\"caption\":\"Infoecos\"},\"image\":{\"@id\":\"https:\/\/infoecos.com.ar\/#\/schema\/logo\/image\/\"},\"sameAs\":[\"https:\/\/www.facebook.com\/profile.php?id=100063200290284\",\"https:\/\/x.com\/infoecos\"]},{\"@type\":\"Person\",\"@id\":\"https:\/\/infoecos.com.ar\/#\/schema\/person\/8f5ace5ce73b4b4aac4b7245aee6f191\",\"name\":\"Jorge Matheus\",\"url\":\"https:\/\/infoecos.com.ar\/index.php\/author\/jomatheus\/\"}]}<\/script>\n<!-- \/ Yoast SEO plugin. -->","yoast_head_json":{"title":"Ciclo organizado por UTN, Agenda TL 2030 y el Colectivo Trenque Lauquen por M\u00e1s Participaci\u00f3n - Infoecos","robots":{"index":"index","follow":"follow","max-snippet":"max-snippet:-1","max-image-preview":"max-image-preview:large","max-video-preview":"max-video-preview:-1"},"canonical":"https:\/\/infoecos.com.ar\/index.php\/ciclo-organizado-por-utn-agenda-tl-2030-y-el-colectivo-trenque-lauquen-por-mas-participacion\/","og_locale":"es_ES","og_type":"article","og_title":"Ciclo organizado por UTN, Agenda TL 2030 y el Colectivo Trenque Lauquen por M\u00e1s Participaci\u00f3n - Infoecos","og_description":"El primer encuentro se realizar\u00e1 hoy con la presencia del equipo de inspectoras de Educaci\u00f3n distrital, a las 18 hs. en las instalaciones del Polo Tecnol\u00f3gico","og_url":"https:\/\/infoecos.com.ar\/index.php\/ciclo-organizado-por-utn-agenda-tl-2030-y-el-colectivo-trenque-lauquen-por-mas-participacion\/","og_site_name":"Infoecos","article_publisher":"https:\/\/www.facebook.com\/profile.php?id=100063200290284","article_published_time":"2022-09-28T06:13:15+00:00","article_modified_time":"2022-09-28T06:13:40+00:00","og_image":[{"width":1201,"height":1600,"url":"https:\/\/infoecos.com.ar\/wp-content\/uploads\/2022\/09\/WhatsApp-Image-2022-09-27-at-5.45.12-PM.jpeg","type":"image\/jpeg"}],"author":"Jorge Matheus","twitter_card":"summary_large_image","twitter_creator":"@infoecos","twitter_site":"@infoecos","twitter_misc":{"Escrito por":"Jorge Matheus","Tiempo de lectura":"1 minuto"},"schema":{"@context":"https:\/\/schema.org","@graph":[{"@type":"Article","@id":"https:\/\/infoecos.com.ar\/index.php\/ciclo-organizado-por-utn-agenda-tl-2030-y-el-colectivo-trenque-lauquen-por-mas-participacion\/#article","isPartOf":{"@id":"https:\/\/infoecos.com.ar\/index.php\/ciclo-organizado-por-utn-agenda-tl-2030-y-el-colectivo-trenque-lauquen-por-mas-participacion\/"},"author":{"name":"Jorge Matheus","@id":"https:\/\/infoecos.com.ar\/#\/schema\/person\/8f5ace5ce73b4b4aac4b7245aee6f191"},"headline":"Ciclo organizado por UTN, Agenda TL 2030 y el Colectivo Trenque Lauquen por M\u00e1s Participaci\u00f3n","datePublished":"2022-09-28T06:13:15+00:00","dateModified":"2022-09-28T06:13:40+00:00","mainEntityOfPage":{"@id":"https:\/\/infoecos.com.ar\/index.php\/ciclo-organizado-por-utn-agenda-tl-2030-y-el-colectivo-trenque-lauquen-por-mas-participacion\/"},"wordCount":310,"publisher":{"@id":"https:\/\/infoecos.com.ar\/#organization"},"image":{"@id":"https:\/\/infoecos.com.ar\/index.php\/ciclo-organizado-por-utn-agenda-tl-2030-y-el-colectivo-trenque-lauquen-por-mas-participacion\/#primaryimage"},"thumbnailUrl":"https:\/\/infoecos.com.ar\/wp-content\/uploads\/2022\/09\/WhatsApp-Image-2022-09-27-at-5.45.12-PM.jpeg","keywords":["CUESTIONES DE G\u00c9NERO"],"articleSection":["C3 N2"],"inLanguage":"es"},{"@type":"WebPage","@id":"https:\/\/infoecos.com.ar\/index.php\/ciclo-organizado-por-utn-agenda-tl-2030-y-el-colectivo-trenque-lauquen-por-mas-participacion\/","url":"https:\/\/infoecos.com.ar\/index.php\/ciclo-organizado-por-utn-agenda-tl-2030-y-el-colectivo-trenque-lauquen-por-mas-participacion\/","name":"Ciclo organizado por UTN, Agenda TL 2030 y el Colectivo Trenque Lauquen por M\u00e1s Participaci\u00f3n - Infoecos","isPartOf":{"@id":"https:\/\/infoecos.com.ar\/#website"},"primaryImageOfPage":{"@id":"https:\/\/infoecos.com.ar\/index.php\/ciclo-organizado-por-utn-agenda-tl-2030-y-el-colectivo-trenque-lauquen-por-mas-participacion\/#primaryimage"},"image":{"@id":"https:\/\/infoecos.com.ar\/index.php\/ciclo-organizado-por-utn-agenda-tl-2030-y-el-colectivo-trenque-lauquen-por-mas-participacion\/#primaryimage"},"thumbnailUrl":"https:\/\/infoecos.com.ar\/wp-content\/uploads\/2022\/09\/WhatsApp-Image-2022-09-27-at-5.45.12-PM.jpeg","datePublished":"2022-09-28T06:13:15+00:00","dateModified":"2022-09-28T06:13:40+00:00","breadcrumb":{"@id":"https:\/\/infoecos.com.ar\/index.php\/ciclo-organizado-por-utn-agenda-tl-2030-y-el-colectivo-trenque-lauquen-por-mas-participacion\/#breadcrumb"},"inLanguage":"es","potentialAction":[{"@type":"ReadAction","target":["https:\/\/infoecos.com.ar\/index.php\/ciclo-organizado-por-utn-agenda-tl-2030-y-el-colectivo-trenque-lauquen-por-mas-participacion\/"]}]},{"@type":"ImageObject","inLanguage":"es","@id":"https:\/\/infoecos.com.ar\/index.php\/ciclo-organizado-por-utn-agenda-tl-2030-y-el-colectivo-trenque-lauquen-por-mas-participacion\/#primaryimage","url":"https:\/\/infoecos.com.ar\/wp-content\/uploads\/2022\/09\/WhatsApp-Image-2022-09-27-at-5.45.12-PM.jpeg","contentUrl":"https:\/\/infoecos.com.ar\/wp-content\/uploads\/2022\/09\/WhatsApp-Image-2022-09-27-at-5.45.12-PM.jpeg","width":1201,"height":1600},{"@type":"BreadcrumbList","@id":"https:\/\/infoecos.com.ar\/index.php\/ciclo-organizado-por-utn-agenda-tl-2030-y-el-colectivo-trenque-lauquen-por-mas-participacion\/#breadcrumb","itemListElement":[{"@type":"ListItem","position":1,"name":"Portada","item":"https:\/\/infoecos.com.ar\/"},{"@type":"ListItem","position":2,"name":"Ciclo organizado por UTN, Agenda TL 2030 y el Colectivo Trenque Lauquen por M\u00e1s Participaci\u00f3n"}]},{"@type":"WebSite","@id":"https:\/\/infoecos.com.ar\/#website","url":"https:\/\/infoecos.com.ar\/","name":"Infoecos","description":"Noticias de trenque lauquen y la zona","publisher":{"@id":"https:\/\/infoecos.com.ar\/#organization"},"alternateName":"Noticias","potentialAction":[{"@type":"SearchAction","target":{"@type":"EntryPoint","urlTemplate":"https:\/\/infoecos.com.ar\/?s={search_term_string}"},"query-input":{"@type":"PropertyValueSpecification","valueRequired":true,"valueName":"search_term_string"}}],"inLanguage":"es"},{"@type":"Organization","@id":"https:\/\/infoecos.com.ar\/#organization","name":"Infoecos","alternateName":"Noticias","url":"https:\/\/infoecos.com.ar\/","logo":{"@type":"ImageObject","inLanguage":"es","@id":"https:\/\/infoecos.com.ar\/#\/schema\/logo\/image\/","url":"https:\/\/infoecos.com.ar\/wp-content\/uploads\/2024\/03\/cropped-logo.png","contentUrl":"https:\/\/infoecos.com.ar\/wp-content\/uploads\/2024\/03\/cropped-logo.png","width":374,"height":90,"caption":"Infoecos"},"image":{"@id":"https:\/\/infoecos.com.ar\/#\/schema\/logo\/image\/"},"sameAs":["https:\/\/www.facebook.com\/profile.php?id=100063200290284","https:\/\/x.com\/infoecos"]},{"@type":"Person","@id":"https:\/\/infoecos.com.ar\/#\/schema\/person\/8f5ace5ce73b4b4aac4b7245aee6f191","name":"Jorge Matheus","url":"https:\/\/infoecos.com.ar\/index.php\/author\/jomatheus\/"}]}},"featured_image_urls":{"full":["https:\/\/infoecos.com.ar\/wp-content\/uploads\/2022\/09\/WhatsApp-Image-2022-09-27-at-5.45.12-PM.jpeg",1201,1600,false],"thumbnail":["https:\/\/infoecos.com.ar\/wp-content\/uploads\/2022\/09\/WhatsApp-Image-2022-09-27-at-5.45.12-PM-150x150.jpeg",150,150,true],"medium":["https:\/\/infoecos.com.ar\/wp-content\/uploads\/2022\/09\/WhatsApp-Image-2022-09-27-at-5.45.12-PM-345x460.jpeg",345,460,true],"medium_large":["https:\/\/infoecos.com.ar\/wp-content\/uploads\/2022\/09\/WhatsApp-Image-2022-09-27-at-5.45.12-PM-768x1023.jpeg",640,853,true],"large":["https:\/\/infoecos.com.ar\/wp-content\/uploads\/2022\/09\/WhatsApp-Image-2022-09-27-at-5.45.12-PM-691x920.jpeg",640,852,true],"1536x1536":["https:\/\/infoecos.com.ar\/wp-content\/uploads\/2022\/09\/WhatsApp-Image-2022-09-27-at-5.45.12-PM-1153x1536.jpeg",1153,1536,true],"2048x2048":["https:\/\/infoecos.com.ar\/wp-content\/uploads\/2022\/09\/WhatsApp-Image-2022-09-27-at-5.45.12-PM.jpeg",1201,1600,false],"covernews-slider-full":["https:\/\/infoecos.com.ar\/wp-content\/uploads\/2022\/09\/WhatsApp-Image-2022-09-27-at-5.45.12-PM-1201x1020.jpeg",842,715,true],"covernews-slider-center":["https:\/\/infoecos.com.ar\/wp-content\/uploads\/2022\/09\/WhatsApp-Image-2022-09-27-at-5.45.12-PM-936x897.jpeg",522,500,true],"covernews-featured":["https:\/\/infoecos.com.ar\/wp-content\/uploads\/2022\/09\/WhatsApp-Image-2022-09-27-at-5.45.12-PM-1024x1364.jpeg",1024,1364,true],"covernews-medium":["https:\/\/infoecos.com.ar\/wp-content\/uploads\/2022\/09\/WhatsApp-Image-2022-09-27-at-5.45.12-PM-720x380.jpeg",540,285,true],"covernews-medium-square":["https:\/\/infoecos.com.ar\/wp-content\/uploads\/2022\/09\/WhatsApp-Image-2022-09-27-at-5.45.12-PM-675x450.jpeg",375,250,true]},"author_info":{"info":["Jorge Matheus"]},"category_info":"<a href=\"https:\/\/infoecos.com.ar\/index.php\/category\/c3nota2\/\" rel=\"category tag\">C3 N2<\/a>","tag_info":"C3 N2","comment_count":"0","_links":{"self":[{"href":"https:\/\/infoecos.com.ar\/index.php\/wp-json\/wp\/v2\/posts\/98268"}],"collection":[{"href":"https:\/\/infoecos.com.ar\/index.php\/wp-json\/wp\/v2\/posts"}],"about":[{"href":"https:\/\/infoecos.com.ar\/index.php\/wp-json\/wp\/v2\/types\/post"}],"author":[{"embeddable":true,"href":"https:\/\/infoecos.com.ar\/index.php\/wp-json\/wp\/v2\/users\/2"}],"replies":[{"embeddable":true,"href":"https:\/\/infoecos.com.ar\/index.php\/wp-json\/wp\/v2\/comments?post=98268"}],"version-history":[{"count":2,"href":"https:\/\/infoecos.com.ar\/index.php\/wp-json\/wp\/v2\/posts\/98268\/revisions"}],"predecessor-version":[{"id":98271,"href":"https:\/\/infoecos.com.ar\/index.php\/wp-json\/wp\/v2\/posts\/98268\/revisions\/98271"}],"wp:featuredmedia":[{"embeddable":true,"href":"https:\/\/infoecos.com.ar\/index.php\/wp-json\/wp\/v2\/media\/98269"}],"wp:attachment":[{"href":"https:\/\/infoecos.com.ar\/index.php\/wp-json\/wp\/v2\/media?parent=98268"}],"wp:term":[{"taxonomy":"category","embeddable":true,"href":"https:\/\/infoecos.com.ar\/index.php\/wp-json\/wp\/v2\/categories?post=98268"},{"taxonomy":"post_tag","embeddable":true,"href":"https:\/\/infoecos.com.ar\/index.php\/wp-json\/wp\/v2\/tags?post=98268"}],"curies":[{"name":"wp","href":"https:\/\/api.w.org\/{rel}","templated":true}]}}