{"id":98272,"date":"2022-09-28T03:20:49","date_gmt":"2022-09-28T06:20:49","guid":{"rendered":"http:\/\/infoecos.com.ar\/?p=98272"},"modified":"2022-09-29T02:58:26","modified_gmt":"2022-09-29T05:58:26","slug":"reconocimiento-a-20-empleados-municipales-que-cumplen-30-anos-de-servicio","status":"publish","type":"post","link":"https:\/\/infoecos.com.ar\/index.php\/reconocimiento-a-20-empleados-municipales-que-cumplen-30-anos-de-servicio\/","title":{"rendered":"Reconocimiento a 20 empleados municipales que cumplen 30 a\u00f1os de servicio"},"content":{"rendered":"\n<p>La municipalidad de Trenque Lauquen reconocer\u00e1 a 20 empleados municipales que cumplen 30 a\u00f1os de servicio con la entrega del premio que consiste en seis sueldos, durante un acto que tendr\u00e1 lugar el pr\u00f3ximo martes 4 de octubre a las 10 en el Auditorio del Centro C\u00edvico \u201cInt. Juan Carlos Font \/ Edificio La Primera\u201d, y que contar\u00e1 con la presencia del intendente Miguel Fern\u00e1ndez.<\/p>\n\n\n\n<p>Los trabajadores que recibir\u00e1n el reconocimiento son: <strong>Eduardo F. Brizolis<\/strong> (Higiene Urbana), <strong>Carlos Alberto Ca\u00f1ete<\/strong> (Infraestructura), <strong>Hern\u00e1n Oscar Chantiou<\/strong> (Espacios Verdes), <strong>Juan Carlos Cotignol<\/strong>a (30 de Agosto), <strong>Norberto Federico Est\u00e9vez <\/strong>(Higiene Urbana), <strong>Eduardo Alfredo Garc\u00eda<\/strong> (Obras Particulares), <strong>Marta Luc\u00eda Maguna<\/strong> (Hospital Municipal), <strong>Yolanda Edith Morales<\/strong> (Salud Comunitaria), <strong>Juan Carlos Mor\u00e1n<\/strong> (Ampliaci\u00f3n Urbana), <strong>Mar\u00eda del Carmen Pedernera<\/strong> (Hospital) y&nbsp; <strong>Graciela Ang\u00e9lica P\u00e9rez<\/strong> (Salud Comunitaria.<\/p>\n\n\n\n<p>Tambi\u00e9n recibir\u00e1n su premio los siguientes empleados: <strong>Miriam F\u00e1tima Ramis<\/strong> (Salud), <strong>Mirta Griselda Rodr\u00edguez<\/strong> (Hospital), <strong>Carlos An\u00edbal Romero<\/strong> (Infraestructura), <strong>Jos\u00e9 Mar\u00eda Ruiz <\/strong>(Higiene Urbana), <strong>Rub\u00e9n Horacio Sierra<\/strong> (Prensa),<em> Roberto Oscar Triciani<\/em> (Servicios Sanitarios), <strong>Teresa Cristina V\u00e1zquez<\/strong> (Hospital), <strong>Alberto Daniel Vicente<\/strong> (30 de Agosto) y <strong>Luis Raimundo Violla<\/strong> (Higiene Urbana).<\/p>\n","protected":false},"excerpt":{"rendered":"<p>Durante un acto que tendr\u00e1 lugar el pr\u00f3ximo martes 4 de octubre a las 10 en el Auditorio del Centro C\u00edvico \u201cInt. Juan Carlos Font \/ Edificio La Primera\u201d<\/p>\n","protected":false},"author":2,"featured_media":61835,"comment_status":"closed","ping_status":"open","sticky":false,"template":"","format":"standard","meta":{"footnotes":""},"categories":[26],"tags":[6866],"class_list":["post-98272","post","type-post","status-publish","format-standard","has-post-thumbnail","hentry","category-inferior6","tag-seis-sueldos"],"yoast_head":"<!-- This site is optimized with the Yoast SEO plugin v23.4 - https:\/\/yoast.com\/wordpress\/plugins\/seo\/ -->\n<title>Reconocimiento a 20 empleados municipales que cumplen 30 a\u00f1os de servicio - Infoecos<\/title>\n<meta name=\"robots\" content=\"index, follow, max-snippet:-1, max-image-preview:large, max-video-preview:-1\" \/>\n<link rel=\"canonical\" href=\"https:\/\/infoecos.com.ar\/index.php\/reconocimiento-a-20-empleados-municipales-que-cumplen-30-anos-de-servicio\/\" \/>\n<meta property=\"og:locale\" content=\"es_ES\" \/>\n<meta property=\"og:type\" content=\"article\" \/>\n<meta property=\"og:title\" content=\"Reconocimiento a 20 empleados municipales que cumplen 30 a\u00f1os de servicio - Infoecos\" \/>\n<meta property=\"og:description\" content=\"Durante un acto que tendr\u00e1 lugar el pr\u00f3ximo martes 4 de octubre a las 10 en el Auditorio del Centro C\u00edvico \u201cInt. Juan Carlos Font \/ Edificio La Primera\u201d\" \/>\n<meta property=\"og:url\" content=\"https:\/\/infoecos.com.ar\/index.php\/reconocimiento-a-20-empleados-municipales-que-cumplen-30-anos-de-servicio\/\" \/>\n<meta property=\"og:site_name\" content=\"Infoecos\" \/>\n<meta property=\"article:publisher\" content=\"https:\/\/www.facebook.com\/profile.php?id=100063200290284\" \/>\n<meta property=\"article:published_time\" content=\"2022-09-28T06:20:49+00:00\" \/>\n<meta property=\"article:modified_time\" content=\"2022-09-29T05:58:26+00:00\" \/>\n<meta property=\"og:image\" content=\"https:\/\/infoecos.com.ar\/wp-content\/uploads\/tl16centrocivico-1-scaled.jpg\" \/>\n\t<meta property=\"og:image:width\" content=\"2560\" \/>\n\t<meta property=\"og:image:height\" content=\"1920\" \/>\n\t<meta property=\"og:image:type\" content=\"image\/jpeg\" \/>\n<meta name=\"author\" content=\"Jorge Matheus\" \/>\n<meta name=\"twitter:card\" content=\"summary_large_image\" \/>\n<meta name=\"twitter:creator\" content=\"@infoecos\" \/>\n<meta name=\"twitter:site\" content=\"@infoecos\" \/>\n<meta name=\"twitter:label1\" content=\"Escrito por\" \/>\n\t<meta name=\"twitter:data1\" content=\"Jorge Matheus\" \/>\n\t<meta name=\"twitter:label2\" content=\"Tiempo de lectura\" \/>\n\t<meta name=\"twitter:data2\" content=\"1 minuto\" \/>\n<script type=\"application\/ld+json\" class=\"yoast-schema-graph\">{\"@context\":\"https:\/\/schema.org\",\"@graph\":[{\"@type\":\"Article\",\"@id\":\"https:\/\/infoecos.com.ar\/index.php\/reconocimiento-a-20-empleados-municipales-que-cumplen-30-anos-de-servicio\/#article\",\"isPartOf\":{\"@id\":\"https:\/\/infoecos.com.ar\/index.php\/reconocimiento-a-20-empleados-municipales-que-cumplen-30-anos-de-servicio\/\"},\"author\":{\"name\":\"Jorge Matheus\",\"@id\":\"https:\/\/infoecos.com.ar\/#\/schema\/person\/8f5ace5ce73b4b4aac4b7245aee6f191\"},\"headline\":\"Reconocimiento a 20 empleados municipales que cumplen 30 a\u00f1os de servicio\",\"datePublished\":\"2022-09-28T06:20:49+00:00\",\"dateModified\":\"2022-09-29T05:58:26+00:00\",\"mainEntityOfPage\":{\"@id\":\"https:\/\/infoecos.com.ar\/index.php\/reconocimiento-a-20-empleados-municipales-que-cumplen-30-anos-de-servicio\/\"},\"wordCount\":204,\"publisher\":{\"@id\":\"https:\/\/infoecos.com.ar\/#organization\"},\"image\":{\"@id\":\"https:\/\/infoecos.com.ar\/index.php\/reconocimiento-a-20-empleados-municipales-que-cumplen-30-anos-de-servicio\/#primaryimage\"},\"thumbnailUrl\":\"https:\/\/infoecos.com.ar\/wp-content\/uploads\/tl16centrocivico-1-scaled.jpg\",\"keywords\":[\"SEIS SUELDOS\"],\"articleSection\":[\"Bloque inferior - 6\"],\"inLanguage\":\"es\"},{\"@type\":\"WebPage\",\"@id\":\"https:\/\/infoecos.com.ar\/index.php\/reconocimiento-a-20-empleados-municipales-que-cumplen-30-anos-de-servicio\/\",\"url\":\"https:\/\/infoecos.com.ar\/index.php\/reconocimiento-a-20-empleados-municipales-que-cumplen-30-anos-de-servicio\/\",\"name\":\"Reconocimiento a 20 empleados municipales que cumplen 30 a\u00f1os de servicio - Infoecos\",\"isPartOf\":{\"@id\":\"https:\/\/infoecos.com.ar\/#website\"},\"primaryImageOfPage\":{\"@id\":\"https:\/\/infoecos.com.ar\/index.php\/reconocimiento-a-20-empleados-municipales-que-cumplen-30-anos-de-servicio\/#primaryimage\"},\"image\":{\"@id\":\"https:\/\/infoecos.com.ar\/index.php\/reconocimiento-a-20-empleados-municipales-que-cumplen-30-anos-de-servicio\/#primaryimage\"},\"thumbnailUrl\":\"https:\/\/infoecos.com.ar\/wp-content\/uploads\/tl16centrocivico-1-scaled.jpg\",\"datePublished\":\"2022-09-28T06:20:49+00:00\",\"dateModified\":\"2022-09-29T05:58:26+00:00\",\"breadcrumb\":{\"@id\":\"https:\/\/infoecos.com.ar\/index.php\/reconocimiento-a-20-empleados-municipales-que-cumplen-30-anos-de-servicio\/#breadcrumb\"},\"inLanguage\":\"es\",\"potentialAction\":[{\"@type\":\"ReadAction\",\"target\":[\"https:\/\/infoecos.com.ar\/index.php\/reconocimiento-a-20-empleados-municipales-que-cumplen-30-anos-de-servicio\/\"]}]},{\"@type\":\"ImageObject\",\"inLanguage\":\"es\",\"@id\":\"https:\/\/infoecos.com.ar\/index.php\/reconocimiento-a-20-empleados-municipales-que-cumplen-30-anos-de-servicio\/#primaryimage\",\"url\":\"https:\/\/infoecos.com.ar\/wp-content\/uploads\/tl16centrocivico-1-scaled.jpg\",\"contentUrl\":\"https:\/\/infoecos.com.ar\/wp-content\/uploads\/tl16centrocivico-1-scaled.jpg\",\"width\":2560,\"height\":1920},{\"@type\":\"BreadcrumbList\",\"@id\":\"https:\/\/infoecos.com.ar\/index.php\/reconocimiento-a-20-empleados-municipales-que-cumplen-30-anos-de-servicio\/#breadcrumb\",\"itemListElement\":[{\"@type\":\"ListItem\",\"position\":1,\"name\":\"Portada\",\"item\":\"https:\/\/infoecos.com.ar\/\"},{\"@type\":\"ListItem\",\"position\":2,\"name\":\"Reconocimiento a 20 empleados municipales que cumplen 30 a\u00f1os de servicio\"}]},{\"@type\":\"WebSite\",\"@id\":\"https:\/\/infoecos.com.ar\/#website\",\"url\":\"https:\/\/infoecos.com.ar\/\",\"name\":\"Infoecos\",\"description\":\"Noticias de trenque lauquen y la zona\",\"publisher\":{\"@id\":\"https:\/\/infoecos.com.ar\/#organization\"},\"alternateName\":\"Noticias\",\"potentialAction\":[{\"@type\":\"SearchAction\",\"target\":{\"@type\":\"EntryPoint\",\"urlTemplate\":\"https:\/\/infoecos.com.ar\/?s={search_term_string}\"},\"query-input\":{\"@type\":\"PropertyValueSpecification\",\"valueRequired\":true,\"valueName\":\"search_term_string\"}}],\"inLanguage\":\"es\"},{\"@type\":\"Organization\",\"@id\":\"https:\/\/infoecos.com.ar\/#organization\",\"name\":\"Infoecos\",\"alternateName\":\"Noticias\",\"url\":\"https:\/\/infoecos.com.ar\/\",\"logo\":{\"@type\":\"ImageObject\",\"inLanguage\":\"es\",\"@id\":\"https:\/\/infoecos.com.ar\/#\/schema\/logo\/image\/\",\"url\":\"https:\/\/infoecos.com.ar\/wp-content\/uploads\/2024\/03\/cropped-logo.png\",\"contentUrl\":\"https:\/\/infoecos.com.ar\/wp-content\/uploads\/2024\/03\/cropped-logo.png\",\"width\":374,\"height\":90,\"caption\":\"Infoecos\"},\"image\":{\"@id\":\"https:\/\/infoecos.com.ar\/#\/schema\/logo\/image\/\"},\"sameAs\":[\"https:\/\/www.facebook.com\/profile.php?id=100063200290284\",\"https:\/\/x.com\/infoecos\"]},{\"@type\":\"Person\",\"@id\":\"https:\/\/infoecos.com.ar\/#\/schema\/person\/8f5ace5ce73b4b4aac4b7245aee6f191\",\"name\":\"Jorge Matheus\",\"url\":\"https:\/\/infoecos.com.ar\/index.php\/author\/jomatheus\/\"}]}<\/script>\n<!-- \/ Yoast SEO plugin. -->","yoast_head_json":{"title":"Reconocimiento a 20 empleados municipales que cumplen 30 a\u00f1os de servicio - Infoecos","robots":{"index":"index","follow":"follow","max-snippet":"max-snippet:-1","max-image-preview":"max-image-preview:large","max-video-preview":"max-video-preview:-1"},"canonical":"https:\/\/infoecos.com.ar\/index.php\/reconocimiento-a-20-empleados-municipales-que-cumplen-30-anos-de-servicio\/","og_locale":"es_ES","og_type":"article","og_title":"Reconocimiento a 20 empleados municipales que cumplen 30 a\u00f1os de servicio - Infoecos","og_description":"Durante un acto que tendr\u00e1 lugar el pr\u00f3ximo martes 4 de octubre a las 10 en el Auditorio del Centro C\u00edvico \u201cInt. Juan Carlos Font \/ Edificio La Primera\u201d","og_url":"https:\/\/infoecos.com.ar\/index.php\/reconocimiento-a-20-empleados-municipales-que-cumplen-30-anos-de-servicio\/","og_site_name":"Infoecos","article_publisher":"https:\/\/www.facebook.com\/profile.php?id=100063200290284","article_published_time":"2022-09-28T06:20:49+00:00","article_modified_time":"2022-09-29T05:58:26+00:00","og_image":[{"width":2560,"height":1920,"url":"https:\/\/infoecos.com.ar\/wp-content\/uploads\/tl16centrocivico-1-scaled.jpg","type":"image\/jpeg"}],"author":"Jorge Matheus","twitter_card":"summary_large_image","twitter_creator":"@infoecos","twitter_site":"@infoecos","twitter_misc":{"Escrito por":"Jorge Matheus","Tiempo de lectura":"1 minuto"},"schema":{"@context":"https:\/\/schema.org","@graph":[{"@type":"Article","@id":"https:\/\/infoecos.com.ar\/index.php\/reconocimiento-a-20-empleados-municipales-que-cumplen-30-anos-de-servicio\/#article","isPartOf":{"@id":"https:\/\/infoecos.com.ar\/index.php\/reconocimiento-a-20-empleados-municipales-que-cumplen-30-anos-de-servicio\/"},"author":{"name":"Jorge Matheus","@id":"https:\/\/infoecos.com.ar\/#\/schema\/person\/8f5ace5ce73b4b4aac4b7245aee6f191"},"headline":"Reconocimiento a 20 empleados municipales que cumplen 30 a\u00f1os de servicio","datePublished":"2022-09-28T06:20:49+00:00","dateModified":"2022-09-29T05:58:26+00:00","mainEntityOfPage":{"@id":"https:\/\/infoecos.com.ar\/index.php\/reconocimiento-a-20-empleados-municipales-que-cumplen-30-anos-de-servicio\/"},"wordCount":204,"publisher":{"@id":"https:\/\/infoecos.com.ar\/#organization"},"image":{"@id":"https:\/\/infoecos.com.ar\/index.php\/reconocimiento-a-20-empleados-municipales-que-cumplen-30-anos-de-servicio\/#primaryimage"},"thumbnailUrl":"https:\/\/infoecos.com.ar\/wp-content\/uploads\/tl16centrocivico-1-scaled.jpg","keywords":["SEIS SUELDOS"],"articleSection":["Bloque inferior - 6"],"inLanguage":"es"},{"@type":"WebPage","@id":"https:\/\/infoecos.com.ar\/index.php\/reconocimiento-a-20-empleados-municipales-que-cumplen-30-anos-de-servicio\/","url":"https:\/\/infoecos.com.ar\/index.php\/reconocimiento-a-20-empleados-municipales-que-cumplen-30-anos-de-servicio\/","name":"Reconocimiento a 20 empleados municipales que cumplen 30 a\u00f1os de servicio - Infoecos","isPartOf":{"@id":"https:\/\/infoecos.com.ar\/#website"},"primaryImageOfPage":{"@id":"https:\/\/infoecos.com.ar\/index.php\/reconocimiento-a-20-empleados-municipales-que-cumplen-30-anos-de-servicio\/#primaryimage"},"image":{"@id":"https:\/\/infoecos.com.ar\/index.php\/reconocimiento-a-20-empleados-municipales-que-cumplen-30-anos-de-servicio\/#primaryimage"},"thumbnailUrl":"https:\/\/infoecos.com.ar\/wp-content\/uploads\/tl16centrocivico-1-scaled.jpg","datePublished":"2022-09-28T06:20:49+00:00","dateModified":"2022-09-29T05:58:26+00:00","breadcrumb":{"@id":"https:\/\/infoecos.com.ar\/index.php\/reconocimiento-a-20-empleados-municipales-que-cumplen-30-anos-de-servicio\/#breadcrumb"},"inLanguage":"es","potentialAction":[{"@type":"ReadAction","target":["https:\/\/infoecos.com.ar\/index.php\/reconocimiento-a-20-empleados-municipales-que-cumplen-30-anos-de-servicio\/"]}]},{"@type":"ImageObject","inLanguage":"es","@id":"https:\/\/infoecos.com.ar\/index.php\/reconocimiento-a-20-empleados-municipales-que-cumplen-30-anos-de-servicio\/#primaryimage","url":"https:\/\/infoecos.com.ar\/wp-content\/uploads\/tl16centrocivico-1-scaled.jpg","contentUrl":"https:\/\/infoecos.com.ar\/wp-content\/uploads\/tl16centrocivico-1-scaled.jpg","width":2560,"height":1920},{"@type":"BreadcrumbList","@id":"https:\/\/infoecos.com.ar\/index.php\/reconocimiento-a-20-empleados-municipales-que-cumplen-30-anos-de-servicio\/#breadcrumb","itemListElement":[{"@type":"ListItem","position":1,"name":"Portada","item":"https:\/\/infoecos.com.ar\/"},{"@type":"ListItem","position":2,"name":"Reconocimiento a 20 empleados municipales que cumplen 30 a\u00f1os de servicio"}]},{"@type":"WebSite","@id":"https:\/\/infoecos.com.ar\/#website","url":"https:\/\/infoecos.com.ar\/","name":"Infoecos","description":"Noticias de trenque lauquen y la zona","publisher":{"@id":"https:\/\/infoecos.com.ar\/#organization"},"alternateName":"Noticias","potentialAction":[{"@type":"SearchAction","target":{"@type":"EntryPoint","urlTemplate":"https:\/\/infoecos.com.ar\/?s={search_term_string}"},"query-input":{"@type":"PropertyValueSpecification","valueRequired":true,"valueName":"search_term_string"}}],"inLanguage":"es"},{"@type":"Organization","@id":"https:\/\/infoecos.com.ar\/#organization","name":"Infoecos","alternateName":"Noticias","url":"https:\/\/infoecos.com.ar\/","logo":{"@type":"ImageObject","inLanguage":"es","@id":"https:\/\/infoecos.com.ar\/#\/schema\/logo\/image\/","url":"https:\/\/infoecos.com.ar\/wp-content\/uploads\/2024\/03\/cropped-logo.png","contentUrl":"https:\/\/infoecos.com.ar\/wp-content\/uploads\/2024\/03\/cropped-logo.png","width":374,"height":90,"caption":"Infoecos"},"image":{"@id":"https:\/\/infoecos.com.ar\/#\/schema\/logo\/image\/"},"sameAs":["https:\/\/www.facebook.com\/profile.php?id=100063200290284","https:\/\/x.com\/infoecos"]},{"@type":"Person","@id":"https:\/\/infoecos.com.ar\/#\/schema\/person\/8f5ace5ce73b4b4aac4b7245aee6f191","name":"Jorge Matheus","url":"https:\/\/infoecos.com.ar\/index.php\/author\/jomatheus\/"}]}},"featured_image_urls":{"full":["https:\/\/infoecos.com.ar\/wp-content\/uploads\/tl16centrocivico-1-scaled.jpg",2560,1920,false],"thumbnail":["https:\/\/infoecos.com.ar\/wp-content\/uploads\/tl16centrocivico-1-150x150.jpg",150,150,true],"medium":["https:\/\/infoecos.com.ar\/wp-content\/uploads\/tl16centrocivico-1-460x345.jpg",460,345,true],"medium_large":["https:\/\/infoecos.com.ar\/wp-content\/uploads\/tl16centrocivico-1-768x576.jpg",640,480,true],"large":["https:\/\/infoecos.com.ar\/wp-content\/uploads\/tl16centrocivico-1-920x690.jpg",640,480,true],"1536x1536":["https:\/\/infoecos.com.ar\/wp-content\/uploads\/tl16centrocivico-1-1536x1152.jpg",1536,1152,true],"2048x2048":["https:\/\/infoecos.com.ar\/wp-content\/uploads\/tl16centrocivico-1-2048x1536.jpg",2048,1536,true],"covernews-slider-full":["https:\/\/infoecos.com.ar\/wp-content\/uploads\/tl16centrocivico-1-1536x1020.jpg",1077,715,true],"covernews-slider-center":["https:\/\/infoecos.com.ar\/wp-content\/uploads\/tl16centrocivico-1-936x897.jpg",522,500,true],"covernews-featured":["https:\/\/infoecos.com.ar\/wp-content\/uploads\/tl16centrocivico-1-1024x768.jpg",1024,768,true],"covernews-medium":["https:\/\/infoecos.com.ar\/wp-content\/uploads\/tl16centrocivico-1-720x380.jpg",540,285,true],"covernews-medium-square":["https:\/\/infoecos.com.ar\/wp-content\/uploads\/tl16centrocivico-1-675x450.jpg",375,250,true]},"author_info":{"info":["Jorge Matheus"]},"category_info":"<a href=\"https:\/\/infoecos.com.ar\/index.php\/category\/inferior6\/\" rel=\"category tag\">Bloque inferior - 6<\/a>","tag_info":"Bloque inferior - 6","comment_count":"0","_links":{"self":[{"href":"https:\/\/infoecos.com.ar\/index.php\/wp-json\/wp\/v2\/posts\/98272"}],"collection":[{"href":"https:\/\/infoecos.com.ar\/index.php\/wp-json\/wp\/v2\/posts"}],"about":[{"href":"https:\/\/infoecos.com.ar\/index.php\/wp-json\/wp\/v2\/types\/post"}],"author":[{"embeddable":true,"href":"https:\/\/infoecos.com.ar\/index.php\/wp-json\/wp\/v2\/users\/2"}],"replies":[{"embeddable":true,"href":"https:\/\/infoecos.com.ar\/index.php\/wp-json\/wp\/v2\/comments?post=98272"}],"version-history":[{"count":2,"href":"https:\/\/infoecos.com.ar\/index.php\/wp-json\/wp\/v2\/posts\/98272\/revisions"}],"predecessor-version":[{"id":98344,"href":"https:\/\/infoecos.com.ar\/index.php\/wp-json\/wp\/v2\/posts\/98272\/revisions\/98344"}],"wp:featuredmedia":[{"embeddable":true,"href":"https:\/\/infoecos.com.ar\/index.php\/wp-json\/wp\/v2\/media\/61835"}],"wp:attachment":[{"href":"https:\/\/infoecos.com.ar\/index.php\/wp-json\/wp\/v2\/media?parent=98272"}],"wp:term":[{"taxonomy":"category","embeddable":true,"href":"https:\/\/infoecos.com.ar\/index.php\/wp-json\/wp\/v2\/categories?post=98272"},{"taxonomy":"post_tag","embeddable":true,"href":"https:\/\/infoecos.com.ar\/index.php\/wp-json\/wp\/v2\/tags?post=98272"}],"curies":[{"name":"wp","href":"https:\/\/api.w.org\/{rel}","templated":true}]}}