{"id":98303,"date":"2022-09-28T13:56:32","date_gmt":"2022-09-28T16:56:32","guid":{"rendered":"http:\/\/infoecos.com.ar\/?p=98303"},"modified":"2022-09-28T13:56:33","modified_gmt":"2022-09-28T16:56:33","slug":"el-viernes-ultima-presentacion-en-el-cearte-de-confluencia","status":"publish","type":"post","link":"https:\/\/infoecos.com.ar\/index.php\/el-viernes-ultima-presentacion-en-el-cearte-de-confluencia\/","title":{"rendered":"El viernes \u00faltima presentaci\u00f3n en el CEARTE de \u00abConfluencia\u00bb"},"content":{"rendered":"\n<p>El pr\u00f3ximo viernes 30, har\u00e1 su \u00faltima presentaci\u00f3n para todo p\u00fablico, \u201cConfluencia\u201d, el espect\u00e1culo integrado por el m\u00fasico Juan Caracotche y el dramaturgo, actor y director de teatro Luis Marcelo Cabrera.<\/p>\n\n\n\n<p>\u201cConfluencia\u201d, volver\u00e1 a las 21 horas a la Sala Cearte, para hacer su despedida en Trenque Lauquen.<\/p>\n\n\n\n<figure class=\"wp-block-image aligncenter size-full\"><img loading=\"lazy\" decoding=\"async\" width=\"680\" height=\"680\" src=\"http:\/\/infoecos.com.ar\/wp-content\/uploads\/2022\/09\/image-138.png\" alt=\"\" class=\"wp-image-98304\" srcset=\"https:\/\/infoecos.com.ar\/wp-content\/uploads\/2022\/09\/image-138.png 680w, https:\/\/infoecos.com.ar\/wp-content\/uploads\/2022\/09\/image-138-460x460.png 460w, https:\/\/infoecos.com.ar\/wp-content\/uploads\/2022\/09\/image-138-150x150.png 150w\" sizes=\"(max-width: 680px) 100vw, 680px\" \/><\/figure>\n","protected":false},"excerpt":{"rendered":"<p>\u201cConfluencia\u201d, volver\u00e1 a las 21 horas a la Sala Cearte, para hacer su despedida en Trenque Lauquen<\/p>\n","protected":false},"author":2,"featured_media":98304,"comment_status":"closed","ping_status":"open","sticky":false,"template":"","format":"standard","meta":{"footnotes":""},"categories":[1614],"tags":[6874],"class_list":["post-98303","post","type-post","status-publish","format-standard","has-post-thumbnail","hentry","category-c2nota7","tag-caracothe-y-cabrera"],"yoast_head":"<!-- This site is optimized with the Yoast SEO plugin v23.4 - https:\/\/yoast.com\/wordpress\/plugins\/seo\/ -->\n<title>El viernes \u00faltima presentaci\u00f3n en el CEARTE de &quot;Confluencia&quot; - Infoecos<\/title>\n<meta name=\"robots\" content=\"index, follow, max-snippet:-1, max-image-preview:large, max-video-preview:-1\" \/>\n<link rel=\"canonical\" href=\"https:\/\/infoecos.com.ar\/index.php\/el-viernes-ultima-presentacion-en-el-cearte-de-confluencia\/\" \/>\n<meta property=\"og:locale\" content=\"es_ES\" \/>\n<meta property=\"og:type\" content=\"article\" \/>\n<meta property=\"og:title\" content=\"El viernes \u00faltima presentaci\u00f3n en el CEARTE de &quot;Confluencia&quot; - Infoecos\" \/>\n<meta property=\"og:description\" content=\"\u201cConfluencia\u201d, volver\u00e1 a las 21 horas a la Sala Cearte, para hacer su despedida en Trenque Lauquen\" \/>\n<meta property=\"og:url\" content=\"https:\/\/infoecos.com.ar\/index.php\/el-viernes-ultima-presentacion-en-el-cearte-de-confluencia\/\" \/>\n<meta property=\"og:site_name\" content=\"Infoecos\" \/>\n<meta property=\"article:publisher\" content=\"https:\/\/www.facebook.com\/profile.php?id=100063200290284\" \/>\n<meta property=\"article:published_time\" content=\"2022-09-28T16:56:32+00:00\" \/>\n<meta property=\"article:modified_time\" content=\"2022-09-28T16:56:33+00:00\" \/>\n<meta property=\"og:image\" content=\"https:\/\/infoecos.com.ar\/wp-content\/uploads\/2022\/09\/image-138.png\" \/>\n\t<meta property=\"og:image:width\" content=\"680\" \/>\n\t<meta property=\"og:image:height\" content=\"680\" \/>\n\t<meta property=\"og:image:type\" content=\"image\/png\" \/>\n<meta name=\"author\" content=\"Jorge Matheus\" \/>\n<meta name=\"twitter:card\" content=\"summary_large_image\" \/>\n<meta name=\"twitter:creator\" content=\"@infoecos\" \/>\n<meta name=\"twitter:site\" content=\"@infoecos\" \/>\n<meta name=\"twitter:label1\" content=\"Escrito por\" \/>\n\t<meta name=\"twitter:data1\" content=\"Jorge Matheus\" \/>\n<script type=\"application\/ld+json\" class=\"yoast-schema-graph\">{\"@context\":\"https:\/\/schema.org\",\"@graph\":[{\"@type\":\"Article\",\"@id\":\"https:\/\/infoecos.com.ar\/index.php\/el-viernes-ultima-presentacion-en-el-cearte-de-confluencia\/#article\",\"isPartOf\":{\"@id\":\"https:\/\/infoecos.com.ar\/index.php\/el-viernes-ultima-presentacion-en-el-cearte-de-confluencia\/\"},\"author\":{\"name\":\"Jorge Matheus\",\"@id\":\"https:\/\/infoecos.com.ar\/#\/schema\/person\/8f5ace5ce73b4b4aac4b7245aee6f191\"},\"headline\":\"El viernes \u00faltima presentaci\u00f3n en el CEARTE de \u00abConfluencia\u00bb\",\"datePublished\":\"2022-09-28T16:56:32+00:00\",\"dateModified\":\"2022-09-28T16:56:33+00:00\",\"mainEntityOfPage\":{\"@id\":\"https:\/\/infoecos.com.ar\/index.php\/el-viernes-ultima-presentacion-en-el-cearte-de-confluencia\/\"},\"wordCount\":61,\"publisher\":{\"@id\":\"https:\/\/infoecos.com.ar\/#organization\"},\"image\":{\"@id\":\"https:\/\/infoecos.com.ar\/index.php\/el-viernes-ultima-presentacion-en-el-cearte-de-confluencia\/#primaryimage\"},\"thumbnailUrl\":\"https:\/\/infoecos.com.ar\/wp-content\/uploads\/2022\/09\/image-138.png\",\"keywords\":[\"CARACOTHE Y CABRERA\"],\"articleSection\":[\"C2 N7\"],\"inLanguage\":\"es\"},{\"@type\":\"WebPage\",\"@id\":\"https:\/\/infoecos.com.ar\/index.php\/el-viernes-ultima-presentacion-en-el-cearte-de-confluencia\/\",\"url\":\"https:\/\/infoecos.com.ar\/index.php\/el-viernes-ultima-presentacion-en-el-cearte-de-confluencia\/\",\"name\":\"El viernes \u00faltima presentaci\u00f3n en el CEARTE de \\\"Confluencia\\\" - Infoecos\",\"isPartOf\":{\"@id\":\"https:\/\/infoecos.com.ar\/#website\"},\"primaryImageOfPage\":{\"@id\":\"https:\/\/infoecos.com.ar\/index.php\/el-viernes-ultima-presentacion-en-el-cearte-de-confluencia\/#primaryimage\"},\"image\":{\"@id\":\"https:\/\/infoecos.com.ar\/index.php\/el-viernes-ultima-presentacion-en-el-cearte-de-confluencia\/#primaryimage\"},\"thumbnailUrl\":\"https:\/\/infoecos.com.ar\/wp-content\/uploads\/2022\/09\/image-138.png\",\"datePublished\":\"2022-09-28T16:56:32+00:00\",\"dateModified\":\"2022-09-28T16:56:33+00:00\",\"breadcrumb\":{\"@id\":\"https:\/\/infoecos.com.ar\/index.php\/el-viernes-ultima-presentacion-en-el-cearte-de-confluencia\/#breadcrumb\"},\"inLanguage\":\"es\",\"potentialAction\":[{\"@type\":\"ReadAction\",\"target\":[\"https:\/\/infoecos.com.ar\/index.php\/el-viernes-ultima-presentacion-en-el-cearte-de-confluencia\/\"]}]},{\"@type\":\"ImageObject\",\"inLanguage\":\"es\",\"@id\":\"https:\/\/infoecos.com.ar\/index.php\/el-viernes-ultima-presentacion-en-el-cearte-de-confluencia\/#primaryimage\",\"url\":\"https:\/\/infoecos.com.ar\/wp-content\/uploads\/2022\/09\/image-138.png\",\"contentUrl\":\"https:\/\/infoecos.com.ar\/wp-content\/uploads\/2022\/09\/image-138.png\",\"width\":680,\"height\":680},{\"@type\":\"BreadcrumbList\",\"@id\":\"https:\/\/infoecos.com.ar\/index.php\/el-viernes-ultima-presentacion-en-el-cearte-de-confluencia\/#breadcrumb\",\"itemListElement\":[{\"@type\":\"ListItem\",\"position\":1,\"name\":\"Portada\",\"item\":\"https:\/\/infoecos.com.ar\/\"},{\"@type\":\"ListItem\",\"position\":2,\"name\":\"El viernes \u00faltima presentaci\u00f3n en el CEARTE de \u00abConfluencia\u00bb\"}]},{\"@type\":\"WebSite\",\"@id\":\"https:\/\/infoecos.com.ar\/#website\",\"url\":\"https:\/\/infoecos.com.ar\/\",\"name\":\"Infoecos\",\"description\":\"Noticias de trenque lauquen y la zona\",\"publisher\":{\"@id\":\"https:\/\/infoecos.com.ar\/#organization\"},\"alternateName\":\"Noticias\",\"potentialAction\":[{\"@type\":\"SearchAction\",\"target\":{\"@type\":\"EntryPoint\",\"urlTemplate\":\"https:\/\/infoecos.com.ar\/?s={search_term_string}\"},\"query-input\":{\"@type\":\"PropertyValueSpecification\",\"valueRequired\":true,\"valueName\":\"search_term_string\"}}],\"inLanguage\":\"es\"},{\"@type\":\"Organization\",\"@id\":\"https:\/\/infoecos.com.ar\/#organization\",\"name\":\"Infoecos\",\"alternateName\":\"Noticias\",\"url\":\"https:\/\/infoecos.com.ar\/\",\"logo\":{\"@type\":\"ImageObject\",\"inLanguage\":\"es\",\"@id\":\"https:\/\/infoecos.com.ar\/#\/schema\/logo\/image\/\",\"url\":\"https:\/\/infoecos.com.ar\/wp-content\/uploads\/2024\/03\/cropped-logo.png\",\"contentUrl\":\"https:\/\/infoecos.com.ar\/wp-content\/uploads\/2024\/03\/cropped-logo.png\",\"width\":374,\"height\":90,\"caption\":\"Infoecos\"},\"image\":{\"@id\":\"https:\/\/infoecos.com.ar\/#\/schema\/logo\/image\/\"},\"sameAs\":[\"https:\/\/www.facebook.com\/profile.php?id=100063200290284\",\"https:\/\/x.com\/infoecos\"]},{\"@type\":\"Person\",\"@id\":\"https:\/\/infoecos.com.ar\/#\/schema\/person\/8f5ace5ce73b4b4aac4b7245aee6f191\",\"name\":\"Jorge Matheus\",\"url\":\"https:\/\/infoecos.com.ar\/index.php\/author\/jomatheus\/\"}]}<\/script>\n<!-- \/ Yoast SEO plugin. -->","yoast_head_json":{"title":"El viernes \u00faltima presentaci\u00f3n en el CEARTE de \"Confluencia\" - Infoecos","robots":{"index":"index","follow":"follow","max-snippet":"max-snippet:-1","max-image-preview":"max-image-preview:large","max-video-preview":"max-video-preview:-1"},"canonical":"https:\/\/infoecos.com.ar\/index.php\/el-viernes-ultima-presentacion-en-el-cearte-de-confluencia\/","og_locale":"es_ES","og_type":"article","og_title":"El viernes \u00faltima presentaci\u00f3n en el CEARTE de \"Confluencia\" - Infoecos","og_description":"\u201cConfluencia\u201d, volver\u00e1 a las 21 horas a la Sala Cearte, para hacer su despedida en Trenque Lauquen","og_url":"https:\/\/infoecos.com.ar\/index.php\/el-viernes-ultima-presentacion-en-el-cearte-de-confluencia\/","og_site_name":"Infoecos","article_publisher":"https:\/\/www.facebook.com\/profile.php?id=100063200290284","article_published_time":"2022-09-28T16:56:32+00:00","article_modified_time":"2022-09-28T16:56:33+00:00","og_image":[{"width":680,"height":680,"url":"https:\/\/infoecos.com.ar\/wp-content\/uploads\/2022\/09\/image-138.png","type":"image\/png"}],"author":"Jorge Matheus","twitter_card":"summary_large_image","twitter_creator":"@infoecos","twitter_site":"@infoecos","twitter_misc":{"Escrito por":"Jorge Matheus"},"schema":{"@context":"https:\/\/schema.org","@graph":[{"@type":"Article","@id":"https:\/\/infoecos.com.ar\/index.php\/el-viernes-ultima-presentacion-en-el-cearte-de-confluencia\/#article","isPartOf":{"@id":"https:\/\/infoecos.com.ar\/index.php\/el-viernes-ultima-presentacion-en-el-cearte-de-confluencia\/"},"author":{"name":"Jorge Matheus","@id":"https:\/\/infoecos.com.ar\/#\/schema\/person\/8f5ace5ce73b4b4aac4b7245aee6f191"},"headline":"El viernes \u00faltima presentaci\u00f3n en el CEARTE de \u00abConfluencia\u00bb","datePublished":"2022-09-28T16:56:32+00:00","dateModified":"2022-09-28T16:56:33+00:00","mainEntityOfPage":{"@id":"https:\/\/infoecos.com.ar\/index.php\/el-viernes-ultima-presentacion-en-el-cearte-de-confluencia\/"},"wordCount":61,"publisher":{"@id":"https:\/\/infoecos.com.ar\/#organization"},"image":{"@id":"https:\/\/infoecos.com.ar\/index.php\/el-viernes-ultima-presentacion-en-el-cearte-de-confluencia\/#primaryimage"},"thumbnailUrl":"https:\/\/infoecos.com.ar\/wp-content\/uploads\/2022\/09\/image-138.png","keywords":["CARACOTHE Y CABRERA"],"articleSection":["C2 N7"],"inLanguage":"es"},{"@type":"WebPage","@id":"https:\/\/infoecos.com.ar\/index.php\/el-viernes-ultima-presentacion-en-el-cearte-de-confluencia\/","url":"https:\/\/infoecos.com.ar\/index.php\/el-viernes-ultima-presentacion-en-el-cearte-de-confluencia\/","name":"El viernes \u00faltima presentaci\u00f3n en el CEARTE de \"Confluencia\" - Infoecos","isPartOf":{"@id":"https:\/\/infoecos.com.ar\/#website"},"primaryImageOfPage":{"@id":"https:\/\/infoecos.com.ar\/index.php\/el-viernes-ultima-presentacion-en-el-cearte-de-confluencia\/#primaryimage"},"image":{"@id":"https:\/\/infoecos.com.ar\/index.php\/el-viernes-ultima-presentacion-en-el-cearte-de-confluencia\/#primaryimage"},"thumbnailUrl":"https:\/\/infoecos.com.ar\/wp-content\/uploads\/2022\/09\/image-138.png","datePublished":"2022-09-28T16:56:32+00:00","dateModified":"2022-09-28T16:56:33+00:00","breadcrumb":{"@id":"https:\/\/infoecos.com.ar\/index.php\/el-viernes-ultima-presentacion-en-el-cearte-de-confluencia\/#breadcrumb"},"inLanguage":"es","potentialAction":[{"@type":"ReadAction","target":["https:\/\/infoecos.com.ar\/index.php\/el-viernes-ultima-presentacion-en-el-cearte-de-confluencia\/"]}]},{"@type":"ImageObject","inLanguage":"es","@id":"https:\/\/infoecos.com.ar\/index.php\/el-viernes-ultima-presentacion-en-el-cearte-de-confluencia\/#primaryimage","url":"https:\/\/infoecos.com.ar\/wp-content\/uploads\/2022\/09\/image-138.png","contentUrl":"https:\/\/infoecos.com.ar\/wp-content\/uploads\/2022\/09\/image-138.png","width":680,"height":680},{"@type":"BreadcrumbList","@id":"https:\/\/infoecos.com.ar\/index.php\/el-viernes-ultima-presentacion-en-el-cearte-de-confluencia\/#breadcrumb","itemListElement":[{"@type":"ListItem","position":1,"name":"Portada","item":"https:\/\/infoecos.com.ar\/"},{"@type":"ListItem","position":2,"name":"El viernes \u00faltima presentaci\u00f3n en el CEARTE de \u00abConfluencia\u00bb"}]},{"@type":"WebSite","@id":"https:\/\/infoecos.com.ar\/#website","url":"https:\/\/infoecos.com.ar\/","name":"Infoecos","description":"Noticias de trenque lauquen y la zona","publisher":{"@id":"https:\/\/infoecos.com.ar\/#organization"},"alternateName":"Noticias","potentialAction":[{"@type":"SearchAction","target":{"@type":"EntryPoint","urlTemplate":"https:\/\/infoecos.com.ar\/?s={search_term_string}"},"query-input":{"@type":"PropertyValueSpecification","valueRequired":true,"valueName":"search_term_string"}}],"inLanguage":"es"},{"@type":"Organization","@id":"https:\/\/infoecos.com.ar\/#organization","name":"Infoecos","alternateName":"Noticias","url":"https:\/\/infoecos.com.ar\/","logo":{"@type":"ImageObject","inLanguage":"es","@id":"https:\/\/infoecos.com.ar\/#\/schema\/logo\/image\/","url":"https:\/\/infoecos.com.ar\/wp-content\/uploads\/2024\/03\/cropped-logo.png","contentUrl":"https:\/\/infoecos.com.ar\/wp-content\/uploads\/2024\/03\/cropped-logo.png","width":374,"height":90,"caption":"Infoecos"},"image":{"@id":"https:\/\/infoecos.com.ar\/#\/schema\/logo\/image\/"},"sameAs":["https:\/\/www.facebook.com\/profile.php?id=100063200290284","https:\/\/x.com\/infoecos"]},{"@type":"Person","@id":"https:\/\/infoecos.com.ar\/#\/schema\/person\/8f5ace5ce73b4b4aac4b7245aee6f191","name":"Jorge Matheus","url":"https:\/\/infoecos.com.ar\/index.php\/author\/jomatheus\/"}]}},"featured_image_urls":{"full":["https:\/\/infoecos.com.ar\/wp-content\/uploads\/2022\/09\/image-138.png",680,680,false],"thumbnail":["https:\/\/infoecos.com.ar\/wp-content\/uploads\/2022\/09\/image-138-150x150.png",150,150,true],"medium":["https:\/\/infoecos.com.ar\/wp-content\/uploads\/2022\/09\/image-138-460x460.png",460,460,true],"medium_large":["https:\/\/infoecos.com.ar\/wp-content\/uploads\/2022\/09\/image-138.png",640,640,false],"large":["https:\/\/infoecos.com.ar\/wp-content\/uploads\/2022\/09\/image-138.png",640,640,false],"1536x1536":["https:\/\/infoecos.com.ar\/wp-content\/uploads\/2022\/09\/image-138.png",680,680,false],"2048x2048":["https:\/\/infoecos.com.ar\/wp-content\/uploads\/2022\/09\/image-138.png",680,680,false],"covernews-slider-full":["https:\/\/infoecos.com.ar\/wp-content\/uploads\/2022\/09\/image-138.png",680,680,false],"covernews-slider-center":["https:\/\/infoecos.com.ar\/wp-content\/uploads\/2022\/09\/image-138.png",500,500,false],"covernews-featured":["https:\/\/infoecos.com.ar\/wp-content\/uploads\/2022\/09\/image-138.png",680,680,false],"covernews-medium":["https:\/\/infoecos.com.ar\/wp-content\/uploads\/2022\/09\/image-138-680x380.png",540,302,true],"covernews-medium-square":["https:\/\/infoecos.com.ar\/wp-content\/uploads\/2022\/09\/image-138-675x450.png",375,250,true]},"author_info":{"info":["Jorge Matheus"]},"category_info":"<a href=\"https:\/\/infoecos.com.ar\/index.php\/category\/c2nota7\/\" rel=\"category tag\">C2 N7<\/a>","tag_info":"C2 N7","comment_count":"0","_links":{"self":[{"href":"https:\/\/infoecos.com.ar\/index.php\/wp-json\/wp\/v2\/posts\/98303"}],"collection":[{"href":"https:\/\/infoecos.com.ar\/index.php\/wp-json\/wp\/v2\/posts"}],"about":[{"href":"https:\/\/infoecos.com.ar\/index.php\/wp-json\/wp\/v2\/types\/post"}],"author":[{"embeddable":true,"href":"https:\/\/infoecos.com.ar\/index.php\/wp-json\/wp\/v2\/users\/2"}],"replies":[{"embeddable":true,"href":"https:\/\/infoecos.com.ar\/index.php\/wp-json\/wp\/v2\/comments?post=98303"}],"version-history":[{"count":1,"href":"https:\/\/infoecos.com.ar\/index.php\/wp-json\/wp\/v2\/posts\/98303\/revisions"}],"predecessor-version":[{"id":98305,"href":"https:\/\/infoecos.com.ar\/index.php\/wp-json\/wp\/v2\/posts\/98303\/revisions\/98305"}],"wp:featuredmedia":[{"embeddable":true,"href":"https:\/\/infoecos.com.ar\/index.php\/wp-json\/wp\/v2\/media\/98304"}],"wp:attachment":[{"href":"https:\/\/infoecos.com.ar\/index.php\/wp-json\/wp\/v2\/media?parent=98303"}],"wp:term":[{"taxonomy":"category","embeddable":true,"href":"https:\/\/infoecos.com.ar\/index.php\/wp-json\/wp\/v2\/categories?post=98303"},{"taxonomy":"post_tag","embeddable":true,"href":"https:\/\/infoecos.com.ar\/index.php\/wp-json\/wp\/v2\/tags?post=98303"}],"curies":[{"name":"wp","href":"https:\/\/api.w.org\/{rel}","templated":true}]}}