{"id":98340,"date":"2022-09-29T02:53:53","date_gmt":"2022-09-29T05:53:53","guid":{"rendered":"http:\/\/infoecos.com.ar\/?p=98340"},"modified":"2022-10-03T04:25:34","modified_gmt":"2022-10-03T07:25:34","slug":"se-aprobo-la-ley-de-pirotecnia-cero-en-el-senado-de-buenos-aires","status":"publish","type":"post","link":"https:\/\/infoecos.com.ar\/index.php\/se-aprobo-la-ley-de-pirotecnia-cero-en-el-senado-de-buenos-aires\/","title":{"rendered":"Se aprob\u00f3 la Ley de Pirotecnia Cero en el Senado de Buenos Aires"},"content":{"rendered":"\n<p>El&nbsp;Senado bonaerense&nbsp;aprob\u00f3 por unanimidad y gir\u00f3 a la C\u00e1mara baja el proyecto de ley de pirotecnia cero&nbsp;que&nbsp;busca prohibir el uso de \u201cart\u00edculos de&nbsp;pirotecnia&nbsp;de alto impacto sonoro\u201d en todo el territorio de la provincia de Buenos Aires para \u201cproteger la salud de la poblaci\u00f3n de sus efectos audibles, fum\u00edgenos, qu\u00edmicos y f\u00edsicos\u201d.<\/p>\n\n\n\n<figure class=\"wp-block-image aligncenter size-large is-resized\"><img loading=\"lazy\" decoding=\"async\" src=\"http:\/\/infoecos.com.ar\/wp-content\/uploads\/2022\/09\/image-147-920x614.png\" alt=\"\" class=\"wp-image-98341\" width=\"471\" height=\"314\" srcset=\"https:\/\/infoecos.com.ar\/wp-content\/uploads\/2022\/09\/image-147-920x614.png 920w, https:\/\/infoecos.com.ar\/wp-content\/uploads\/2022\/09\/image-147-460x307.png 460w, https:\/\/infoecos.com.ar\/wp-content\/uploads\/2022\/09\/image-147-768x512.png 768w, https:\/\/infoecos.com.ar\/wp-content\/uploads\/2022\/09\/image-147-675x450.png 675w, https:\/\/infoecos.com.ar\/wp-content\/uploads\/2022\/09\/image-147.png 943w\" sizes=\"(max-width: 471px) 100vw, 471px\" \/><\/figure>\n\n\n\n<p>La&nbsp;ley de pirotecnia cero&nbsp;proh\u00edbe en art\u00edculo 3\u00b0 la<strong> \u201c<\/strong>comercializaci\u00f3n, la venta al p\u00fablico mayorista o minorista, la venta ambulante en la v\u00eda p\u00fablica y el uso particular de&nbsp;artificios pirot\u00e9cnicos&nbsp;y de&nbsp;coheter\u00eda&nbsp;de uso recreativo de alto impacto sonoro, cualquiera fuera su caracter\u00edstica y naturaleza, como as\u00ed tambi\u00e9n los denominados globos aerost\u00e1ticos de pirotecnia\u201d.<\/p>\n\n\n\n<p>Asimismo, la&nbsp;<strong>ley de pirotecnia cero<\/strong>&nbsp;tambi\u00e9n introduce una regulaci\u00f3n para los actos oficiales al prohibir \u201cla adquisici\u00f3n y uso por parte del sector p\u00fablico provincial, de todo&nbsp;<strong>artificio pirot\u00e9cnico<\/strong>&nbsp;o de&nbsp;<strong>coheter\u00eda<\/strong>, sea de bajo o alto impacto sonoro, en los eventos y\/o espect\u00e1culos que organice\u201d.<\/p>\n","protected":false},"excerpt":{"rendered":"<p>La\u00a0ley de pirotecnia cero\u00a0tambi\u00e9n introduce una regulaci\u00f3n para los actos oficiales al prohibir \u201cla adquisici\u00f3n y uso por parte del sector p\u00fablico provincial, de todo\u00a0artificio pirot\u00e9cnico\u00a0o de\u00a0coheter\u00eda, sea de bajo o alto impacto sonoro, en los eventos y\/o espect\u00e1culos que organice\u201d<\/p>\n","protected":false},"author":2,"featured_media":67298,"comment_status":"closed","ping_status":"open","sticky":false,"template":"","format":"standard","meta":{"footnotes":""},"categories":[43],"tags":[6881],"class_list":["post-98340","post","type-post","status-publish","format-standard","has-post-thumbnail","hentry","category-inferior4","tag-ley-elaborada-por-bucca"],"yoast_head":"<!-- This site is optimized with the Yoast SEO plugin v23.4 - https:\/\/yoast.com\/wordpress\/plugins\/seo\/ -->\n<title>Se aprob\u00f3 la Ley de Pirotecnia Cero en el Senado de Buenos Aires - Infoecos<\/title>\n<meta name=\"robots\" content=\"index, follow, max-snippet:-1, max-image-preview:large, max-video-preview:-1\" \/>\n<link rel=\"canonical\" href=\"https:\/\/infoecos.com.ar\/index.php\/se-aprobo-la-ley-de-pirotecnia-cero-en-el-senado-de-buenos-aires\/\" \/>\n<meta property=\"og:locale\" content=\"es_ES\" \/>\n<meta property=\"og:type\" content=\"article\" \/>\n<meta property=\"og:title\" content=\"Se aprob\u00f3 la Ley de Pirotecnia Cero en el Senado de Buenos Aires - Infoecos\" \/>\n<meta property=\"og:description\" content=\"La\u00a0ley de pirotecnia cero\u00a0tambi\u00e9n introduce una regulaci\u00f3n para los actos oficiales al prohibir \u201cla adquisici\u00f3n y uso por parte del sector p\u00fablico provincial, de todo\u00a0artificio pirot\u00e9cnico\u00a0o de\u00a0coheter\u00eda, sea de bajo o alto impacto sonoro, en los eventos y\/o espect\u00e1culos que organice\u201d\" \/>\n<meta property=\"og:url\" content=\"https:\/\/infoecos.com.ar\/index.php\/se-aprobo-la-ley-de-pirotecnia-cero-en-el-senado-de-buenos-aires\/\" \/>\n<meta property=\"og:site_name\" content=\"Infoecos\" \/>\n<meta property=\"article:publisher\" content=\"https:\/\/www.facebook.com\/profile.php?id=100063200290284\" \/>\n<meta property=\"article:published_time\" content=\"2022-09-29T05:53:53+00:00\" \/>\n<meta property=\"article:modified_time\" content=\"2022-10-03T07:25:34+00:00\" \/>\n<meta property=\"og:image\" content=\"https:\/\/infoecos.com.ar\/wp-content\/uploads\/2020\/09\/buccabali.jpg\" \/>\n\t<meta property=\"og:image:width\" content=\"1024\" \/>\n\t<meta property=\"og:image:height\" content=\"683\" \/>\n\t<meta property=\"og:image:type\" content=\"image\/jpeg\" \/>\n<meta name=\"author\" content=\"Jorge Matheus\" \/>\n<meta name=\"twitter:card\" content=\"summary_large_image\" \/>\n<meta name=\"twitter:creator\" content=\"@infoecos\" \/>\n<meta name=\"twitter:site\" content=\"@infoecos\" \/>\n<meta name=\"twitter:label1\" content=\"Escrito por\" \/>\n\t<meta name=\"twitter:data1\" content=\"Jorge Matheus\" \/>\n\t<meta name=\"twitter:label2\" content=\"Tiempo de lectura\" \/>\n\t<meta name=\"twitter:data2\" content=\"1 minuto\" \/>\n<script type=\"application\/ld+json\" class=\"yoast-schema-graph\">{\"@context\":\"https:\/\/schema.org\",\"@graph\":[{\"@type\":\"Article\",\"@id\":\"https:\/\/infoecos.com.ar\/index.php\/se-aprobo-la-ley-de-pirotecnia-cero-en-el-senado-de-buenos-aires\/#article\",\"isPartOf\":{\"@id\":\"https:\/\/infoecos.com.ar\/index.php\/se-aprobo-la-ley-de-pirotecnia-cero-en-el-senado-de-buenos-aires\/\"},\"author\":{\"name\":\"Jorge Matheus\",\"@id\":\"https:\/\/infoecos.com.ar\/#\/schema\/person\/8f5ace5ce73b4b4aac4b7245aee6f191\"},\"headline\":\"Se aprob\u00f3 la Ley de Pirotecnia Cero en el Senado de Buenos Aires\",\"datePublished\":\"2022-09-29T05:53:53+00:00\",\"dateModified\":\"2022-10-03T07:25:34+00:00\",\"mainEntityOfPage\":{\"@id\":\"https:\/\/infoecos.com.ar\/index.php\/se-aprobo-la-ley-de-pirotecnia-cero-en-el-senado-de-buenos-aires\/\"},\"wordCount\":215,\"publisher\":{\"@id\":\"https:\/\/infoecos.com.ar\/#organization\"},\"image\":{\"@id\":\"https:\/\/infoecos.com.ar\/index.php\/se-aprobo-la-ley-de-pirotecnia-cero-en-el-senado-de-buenos-aires\/#primaryimage\"},\"thumbnailUrl\":\"https:\/\/infoecos.com.ar\/wp-content\/uploads\/2020\/09\/buccabali.jpg\",\"keywords\":[\"LEY ELABORADA POR BUCCA\"],\"articleSection\":[\"Bloque inferior - 4\"],\"inLanguage\":\"es\"},{\"@type\":\"WebPage\",\"@id\":\"https:\/\/infoecos.com.ar\/index.php\/se-aprobo-la-ley-de-pirotecnia-cero-en-el-senado-de-buenos-aires\/\",\"url\":\"https:\/\/infoecos.com.ar\/index.php\/se-aprobo-la-ley-de-pirotecnia-cero-en-el-senado-de-buenos-aires\/\",\"name\":\"Se aprob\u00f3 la Ley de Pirotecnia Cero en el Senado de Buenos Aires - Infoecos\",\"isPartOf\":{\"@id\":\"https:\/\/infoecos.com.ar\/#website\"},\"primaryImageOfPage\":{\"@id\":\"https:\/\/infoecos.com.ar\/index.php\/se-aprobo-la-ley-de-pirotecnia-cero-en-el-senado-de-buenos-aires\/#primaryimage\"},\"image\":{\"@id\":\"https:\/\/infoecos.com.ar\/index.php\/se-aprobo-la-ley-de-pirotecnia-cero-en-el-senado-de-buenos-aires\/#primaryimage\"},\"thumbnailUrl\":\"https:\/\/infoecos.com.ar\/wp-content\/uploads\/2020\/09\/buccabali.jpg\",\"datePublished\":\"2022-09-29T05:53:53+00:00\",\"dateModified\":\"2022-10-03T07:25:34+00:00\",\"breadcrumb\":{\"@id\":\"https:\/\/infoecos.com.ar\/index.php\/se-aprobo-la-ley-de-pirotecnia-cero-en-el-senado-de-buenos-aires\/#breadcrumb\"},\"inLanguage\":\"es\",\"potentialAction\":[{\"@type\":\"ReadAction\",\"target\":[\"https:\/\/infoecos.com.ar\/index.php\/se-aprobo-la-ley-de-pirotecnia-cero-en-el-senado-de-buenos-aires\/\"]}]},{\"@type\":\"ImageObject\",\"inLanguage\":\"es\",\"@id\":\"https:\/\/infoecos.com.ar\/index.php\/se-aprobo-la-ley-de-pirotecnia-cero-en-el-senado-de-buenos-aires\/#primaryimage\",\"url\":\"https:\/\/infoecos.com.ar\/wp-content\/uploads\/2020\/09\/buccabali.jpg\",\"contentUrl\":\"https:\/\/infoecos.com.ar\/wp-content\/uploads\/2020\/09\/buccabali.jpg\",\"width\":1024,\"height\":683},{\"@type\":\"BreadcrumbList\",\"@id\":\"https:\/\/infoecos.com.ar\/index.php\/se-aprobo-la-ley-de-pirotecnia-cero-en-el-senado-de-buenos-aires\/#breadcrumb\",\"itemListElement\":[{\"@type\":\"ListItem\",\"position\":1,\"name\":\"Portada\",\"item\":\"https:\/\/infoecos.com.ar\/\"},{\"@type\":\"ListItem\",\"position\":2,\"name\":\"Se aprob\u00f3 la Ley de Pirotecnia Cero en el Senado de Buenos Aires\"}]},{\"@type\":\"WebSite\",\"@id\":\"https:\/\/infoecos.com.ar\/#website\",\"url\":\"https:\/\/infoecos.com.ar\/\",\"name\":\"Infoecos\",\"description\":\"Noticias de trenque lauquen y la zona\",\"publisher\":{\"@id\":\"https:\/\/infoecos.com.ar\/#organization\"},\"alternateName\":\"Noticias\",\"potentialAction\":[{\"@type\":\"SearchAction\",\"target\":{\"@type\":\"EntryPoint\",\"urlTemplate\":\"https:\/\/infoecos.com.ar\/?s={search_term_string}\"},\"query-input\":{\"@type\":\"PropertyValueSpecification\",\"valueRequired\":true,\"valueName\":\"search_term_string\"}}],\"inLanguage\":\"es\"},{\"@type\":\"Organization\",\"@id\":\"https:\/\/infoecos.com.ar\/#organization\",\"name\":\"Infoecos\",\"alternateName\":\"Noticias\",\"url\":\"https:\/\/infoecos.com.ar\/\",\"logo\":{\"@type\":\"ImageObject\",\"inLanguage\":\"es\",\"@id\":\"https:\/\/infoecos.com.ar\/#\/schema\/logo\/image\/\",\"url\":\"https:\/\/infoecos.com.ar\/wp-content\/uploads\/2024\/03\/cropped-logo.png\",\"contentUrl\":\"https:\/\/infoecos.com.ar\/wp-content\/uploads\/2024\/03\/cropped-logo.png\",\"width\":374,\"height\":90,\"caption\":\"Infoecos\"},\"image\":{\"@id\":\"https:\/\/infoecos.com.ar\/#\/schema\/logo\/image\/\"},\"sameAs\":[\"https:\/\/www.facebook.com\/profile.php?id=100063200290284\",\"https:\/\/x.com\/infoecos\"]},{\"@type\":\"Person\",\"@id\":\"https:\/\/infoecos.com.ar\/#\/schema\/person\/8f5ace5ce73b4b4aac4b7245aee6f191\",\"name\":\"Jorge Matheus\",\"url\":\"https:\/\/infoecos.com.ar\/index.php\/author\/jomatheus\/\"}]}<\/script>\n<!-- \/ Yoast SEO plugin. -->","yoast_head_json":{"title":"Se aprob\u00f3 la Ley de Pirotecnia Cero en el Senado de Buenos Aires - Infoecos","robots":{"index":"index","follow":"follow","max-snippet":"max-snippet:-1","max-image-preview":"max-image-preview:large","max-video-preview":"max-video-preview:-1"},"canonical":"https:\/\/infoecos.com.ar\/index.php\/se-aprobo-la-ley-de-pirotecnia-cero-en-el-senado-de-buenos-aires\/","og_locale":"es_ES","og_type":"article","og_title":"Se aprob\u00f3 la Ley de Pirotecnia Cero en el Senado de Buenos Aires - Infoecos","og_description":"La\u00a0ley de pirotecnia cero\u00a0tambi\u00e9n introduce una regulaci\u00f3n para los actos oficiales al prohibir \u201cla adquisici\u00f3n y uso por parte del sector p\u00fablico provincial, de todo\u00a0artificio pirot\u00e9cnico\u00a0o de\u00a0coheter\u00eda, sea de bajo o alto impacto sonoro, en los eventos y\/o espect\u00e1culos que organice\u201d","og_url":"https:\/\/infoecos.com.ar\/index.php\/se-aprobo-la-ley-de-pirotecnia-cero-en-el-senado-de-buenos-aires\/","og_site_name":"Infoecos","article_publisher":"https:\/\/www.facebook.com\/profile.php?id=100063200290284","article_published_time":"2022-09-29T05:53:53+00:00","article_modified_time":"2022-10-03T07:25:34+00:00","og_image":[{"width":1024,"height":683,"url":"https:\/\/infoecos.com.ar\/wp-content\/uploads\/2020\/09\/buccabali.jpg","type":"image\/jpeg"}],"author":"Jorge Matheus","twitter_card":"summary_large_image","twitter_creator":"@infoecos","twitter_site":"@infoecos","twitter_misc":{"Escrito por":"Jorge Matheus","Tiempo de lectura":"1 minuto"},"schema":{"@context":"https:\/\/schema.org","@graph":[{"@type":"Article","@id":"https:\/\/infoecos.com.ar\/index.php\/se-aprobo-la-ley-de-pirotecnia-cero-en-el-senado-de-buenos-aires\/#article","isPartOf":{"@id":"https:\/\/infoecos.com.ar\/index.php\/se-aprobo-la-ley-de-pirotecnia-cero-en-el-senado-de-buenos-aires\/"},"author":{"name":"Jorge Matheus","@id":"https:\/\/infoecos.com.ar\/#\/schema\/person\/8f5ace5ce73b4b4aac4b7245aee6f191"},"headline":"Se aprob\u00f3 la Ley de Pirotecnia Cero en el Senado de Buenos Aires","datePublished":"2022-09-29T05:53:53+00:00","dateModified":"2022-10-03T07:25:34+00:00","mainEntityOfPage":{"@id":"https:\/\/infoecos.com.ar\/index.php\/se-aprobo-la-ley-de-pirotecnia-cero-en-el-senado-de-buenos-aires\/"},"wordCount":215,"publisher":{"@id":"https:\/\/infoecos.com.ar\/#organization"},"image":{"@id":"https:\/\/infoecos.com.ar\/index.php\/se-aprobo-la-ley-de-pirotecnia-cero-en-el-senado-de-buenos-aires\/#primaryimage"},"thumbnailUrl":"https:\/\/infoecos.com.ar\/wp-content\/uploads\/2020\/09\/buccabali.jpg","keywords":["LEY ELABORADA POR BUCCA"],"articleSection":["Bloque inferior - 4"],"inLanguage":"es"},{"@type":"WebPage","@id":"https:\/\/infoecos.com.ar\/index.php\/se-aprobo-la-ley-de-pirotecnia-cero-en-el-senado-de-buenos-aires\/","url":"https:\/\/infoecos.com.ar\/index.php\/se-aprobo-la-ley-de-pirotecnia-cero-en-el-senado-de-buenos-aires\/","name":"Se aprob\u00f3 la Ley de Pirotecnia Cero en el Senado de Buenos Aires - Infoecos","isPartOf":{"@id":"https:\/\/infoecos.com.ar\/#website"},"primaryImageOfPage":{"@id":"https:\/\/infoecos.com.ar\/index.php\/se-aprobo-la-ley-de-pirotecnia-cero-en-el-senado-de-buenos-aires\/#primaryimage"},"image":{"@id":"https:\/\/infoecos.com.ar\/index.php\/se-aprobo-la-ley-de-pirotecnia-cero-en-el-senado-de-buenos-aires\/#primaryimage"},"thumbnailUrl":"https:\/\/infoecos.com.ar\/wp-content\/uploads\/2020\/09\/buccabali.jpg","datePublished":"2022-09-29T05:53:53+00:00","dateModified":"2022-10-03T07:25:34+00:00","breadcrumb":{"@id":"https:\/\/infoecos.com.ar\/index.php\/se-aprobo-la-ley-de-pirotecnia-cero-en-el-senado-de-buenos-aires\/#breadcrumb"},"inLanguage":"es","potentialAction":[{"@type":"ReadAction","target":["https:\/\/infoecos.com.ar\/index.php\/se-aprobo-la-ley-de-pirotecnia-cero-en-el-senado-de-buenos-aires\/"]}]},{"@type":"ImageObject","inLanguage":"es","@id":"https:\/\/infoecos.com.ar\/index.php\/se-aprobo-la-ley-de-pirotecnia-cero-en-el-senado-de-buenos-aires\/#primaryimage","url":"https:\/\/infoecos.com.ar\/wp-content\/uploads\/2020\/09\/buccabali.jpg","contentUrl":"https:\/\/infoecos.com.ar\/wp-content\/uploads\/2020\/09\/buccabali.jpg","width":1024,"height":683},{"@type":"BreadcrumbList","@id":"https:\/\/infoecos.com.ar\/index.php\/se-aprobo-la-ley-de-pirotecnia-cero-en-el-senado-de-buenos-aires\/#breadcrumb","itemListElement":[{"@type":"ListItem","position":1,"name":"Portada","item":"https:\/\/infoecos.com.ar\/"},{"@type":"ListItem","position":2,"name":"Se aprob\u00f3 la Ley de Pirotecnia Cero en el Senado de Buenos Aires"}]},{"@type":"WebSite","@id":"https:\/\/infoecos.com.ar\/#website","url":"https:\/\/infoecos.com.ar\/","name":"Infoecos","description":"Noticias de trenque lauquen y la zona","publisher":{"@id":"https:\/\/infoecos.com.ar\/#organization"},"alternateName":"Noticias","potentialAction":[{"@type":"SearchAction","target":{"@type":"EntryPoint","urlTemplate":"https:\/\/infoecos.com.ar\/?s={search_term_string}"},"query-input":{"@type":"PropertyValueSpecification","valueRequired":true,"valueName":"search_term_string"}}],"inLanguage":"es"},{"@type":"Organization","@id":"https:\/\/infoecos.com.ar\/#organization","name":"Infoecos","alternateName":"Noticias","url":"https:\/\/infoecos.com.ar\/","logo":{"@type":"ImageObject","inLanguage":"es","@id":"https:\/\/infoecos.com.ar\/#\/schema\/logo\/image\/","url":"https:\/\/infoecos.com.ar\/wp-content\/uploads\/2024\/03\/cropped-logo.png","contentUrl":"https:\/\/infoecos.com.ar\/wp-content\/uploads\/2024\/03\/cropped-logo.png","width":374,"height":90,"caption":"Infoecos"},"image":{"@id":"https:\/\/infoecos.com.ar\/#\/schema\/logo\/image\/"},"sameAs":["https:\/\/www.facebook.com\/profile.php?id=100063200290284","https:\/\/x.com\/infoecos"]},{"@type":"Person","@id":"https:\/\/infoecos.com.ar\/#\/schema\/person\/8f5ace5ce73b4b4aac4b7245aee6f191","name":"Jorge Matheus","url":"https:\/\/infoecos.com.ar\/index.php\/author\/jomatheus\/"}]}},"featured_image_urls":{"full":["https:\/\/infoecos.com.ar\/wp-content\/uploads\/2020\/09\/buccabali.jpg",1024,683,false],"thumbnail":["https:\/\/infoecos.com.ar\/wp-content\/uploads\/2020\/09\/buccabali-150x150.jpg",150,150,true],"medium":["https:\/\/infoecos.com.ar\/wp-content\/uploads\/2020\/09\/buccabali-460x307.jpg",460,307,true],"medium_large":["https:\/\/infoecos.com.ar\/wp-content\/uploads\/2020\/09\/buccabali-768x512.jpg",640,427,true],"large":["https:\/\/infoecos.com.ar\/wp-content\/uploads\/2020\/09\/buccabali-920x614.jpg",640,427,true],"1536x1536":["https:\/\/infoecos.com.ar\/wp-content\/uploads\/2020\/09\/buccabali.jpg",1024,683,false],"2048x2048":["https:\/\/infoecos.com.ar\/wp-content\/uploads\/2020\/09\/buccabali.jpg",1024,683,false],"covernews-slider-full":["https:\/\/infoecos.com.ar\/wp-content\/uploads\/2020\/09\/buccabali.jpg",1024,683,false],"covernews-slider-center":["https:\/\/infoecos.com.ar\/wp-content\/uploads\/2020\/09\/buccabali-936x683.jpg",685,500,true],"covernews-featured":["https:\/\/infoecos.com.ar\/wp-content\/uploads\/2020\/09\/buccabali.jpg",1024,683,false],"covernews-medium":["https:\/\/infoecos.com.ar\/wp-content\/uploads\/2020\/09\/buccabali-720x380.jpg",540,285,true],"covernews-medium-square":["https:\/\/infoecos.com.ar\/wp-content\/uploads\/2020\/09\/buccabali-675x450.jpg",375,250,true]},"author_info":{"info":["Jorge Matheus"]},"category_info":"<a href=\"https:\/\/infoecos.com.ar\/index.php\/category\/inferior4\/\" rel=\"category tag\">Bloque inferior - 4<\/a>","tag_info":"Bloque inferior - 4","comment_count":"0","_links":{"self":[{"href":"https:\/\/infoecos.com.ar\/index.php\/wp-json\/wp\/v2\/posts\/98340"}],"collection":[{"href":"https:\/\/infoecos.com.ar\/index.php\/wp-json\/wp\/v2\/posts"}],"about":[{"href":"https:\/\/infoecos.com.ar\/index.php\/wp-json\/wp\/v2\/types\/post"}],"author":[{"embeddable":true,"href":"https:\/\/infoecos.com.ar\/index.php\/wp-json\/wp\/v2\/users\/2"}],"replies":[{"embeddable":true,"href":"https:\/\/infoecos.com.ar\/index.php\/wp-json\/wp\/v2\/comments?post=98340"}],"version-history":[{"count":2,"href":"https:\/\/infoecos.com.ar\/index.php\/wp-json\/wp\/v2\/posts\/98340\/revisions"}],"predecessor-version":[{"id":98447,"href":"https:\/\/infoecos.com.ar\/index.php\/wp-json\/wp\/v2\/posts\/98340\/revisions\/98447"}],"wp:featuredmedia":[{"embeddable":true,"href":"https:\/\/infoecos.com.ar\/index.php\/wp-json\/wp\/v2\/media\/67298"}],"wp:attachment":[{"href":"https:\/\/infoecos.com.ar\/index.php\/wp-json\/wp\/v2\/media?parent=98340"}],"wp:term":[{"taxonomy":"category","embeddable":true,"href":"https:\/\/infoecos.com.ar\/index.php\/wp-json\/wp\/v2\/categories?post=98340"},{"taxonomy":"post_tag","embeddable":true,"href":"https:\/\/infoecos.com.ar\/index.php\/wp-json\/wp\/v2\/tags?post=98340"}],"curies":[{"name":"wp","href":"https:\/\/api.w.org\/{rel}","templated":true}]}}