{"id":98354,"date":"2022-09-29T16:20:38","date_gmt":"2022-09-29T19:20:38","guid":{"rendered":"http:\/\/infoecos.com.ar\/?p=98354"},"modified":"2023-01-19T19:46:00","modified_gmt":"2023-01-19T22:46:00","slug":"condenan-en-general-acha-a-un-hombre-que-escracho-a-su-ex-pareja-en-facebook","status":"publish","type":"post","link":"https:\/\/infoecos.com.ar\/index.php\/condenan-en-general-acha-a-un-hombre-que-escracho-a-su-ex-pareja-en-facebook\/","title":{"rendered":"Condenan en General Acha a un hombre que \u00abescrach\u00f3\u00bb a su ex pareja en Facebook"},"content":{"rendered":"\n<p>Un hombre fue condenado en General Acha por \u00abescrachar\u00bb\u00a0en <a href=\"http:\/\/hackearwhatsapp.com.ar\/hackear-whatsapp-pareja-sin-codigo-qr\/\" target=\"_blank\" rel=\"noreferrer noopener\">redes sociales a una ex pareja<\/a>, diciendo que le deb\u00eda dinero y publicando fotos de ella. Por ello, y a partir del procedimiento de juicio abreviado, la jueza de control Laura Alejandra Moscoso Mendieta le fij\u00f3 a<strong> Walter Eduardo Weinberger<\/strong> la pena de dos a\u00f1os de prisi\u00f3n en suspenso, como autor del delito de coacci\u00f3n en dos oportunidades, en concurso real y en el marco de la ley 26485 de Protecci\u00f3n Integral contra las Mujeres.<\/p>\n\n\n\n<figure class=\"wp-block-image aligncenter size-full is-resized\"><img loading=\"lazy\" decoding=\"async\" src=\"http:\/\/infoecos.com.ar\/wp-content\/uploads\/2022\/09\/image-151.png\" alt=\"\" class=\"wp-image-98355\" width=\"456\" height=\"255\"\/><\/figure>\n\n\n\n<p>En el legajo penal qued\u00f3 probado que el acusado amenaz\u00f3 a la mujer con que si no le devolv\u00eda un dinero que le hab\u00eda prestado , \u201csubir\u00eda fotos \u00edntimas de ella en las redes sociales con el fin de escracharla.<\/p>\n\n\n\n<p>Seg\u00fan fuentes judiciales, unas dos semanas antes, <strong>Weinberger<\/strong> hab\u00eda publicado una fotograf\u00eda de la v\u00edctima en un grupo de compraventa en Facebook, que ella integra \u2013y en otras p\u00e1ginas\u2013, \u201cescarch\u00e1ndola de que le deb\u00eda dinero\u201d y otra imagen con un comprobante de pago y la leyenda \u201choy la se\u00f1orita inglesa cumpli\u00f3 con la primera cuota, l\u00e1stima que sea tan boca sucia (\u2026) todos los quince de cada mes, le voy a mostrar el ticket de la transferencia para que sepan que est\u00e1 cumpliendo, muchas gracias a todos\u201d.<\/p>\n\n\n\n<p>D\u00edas m\u00e1s tarde, la expareja recibi\u00f3 un mensaje de un celular, que ten\u00eda agendado como \u2018Walter\u2019, con dos fotos de ella en bikini y la pregunta \u201c\u00bfcu\u00e1l pongo?\u201d. Y tres semanas despu\u00e9s, Weinberger volvi\u00f3 a publicar m\u00e1s fotos en el mismo grupo de compraventa expresando: \u201csaquen sus conclusiones\u2026\u201d, \u201cjoda en la comarca y no de adolescentes..\u201d, dando a entender, de acuerdo al fallo, que la damnificada \u201cse encontraba en una fiesta clandestina, envi\u00e1ndole mensajes intimid\u00e1ndola de que seguir\u00eda publicando fotograf\u00edas en esa red si no levantaba las denuncias que hab\u00eda realizado\u201d en su contra.<\/p>\n\n\n\n<p><em><strong>CULPABILIDAD.&nbsp;<\/strong><\/em><\/p>\n\n\n\n<p>El abreviado fue convenido entre la fiscala Mar\u00eda Virginia Ant\u00f3n, la defensora particular Florencia Dukardt Gonz\u00e1lez y el propio imputado, de 57 a\u00f1os y sin antecedentes penales registrables, quien admiti\u00f3 su culpabilidad.<\/p>\n\n\n\n<p>Las partes tambi\u00e9n acordaron, y as\u00ed lo dispuso la magistrada en la parte resolutiva de la sentencia, que el acusado deber\u00e1 cumplir las siguientes pautas de conducta durante dos a\u00f1os: fijar residencia, someterse al cuidado del Ente de Pol\u00edticas Socializadoras, no acercarse ni contactar a la v\u00edctima, abstenerse de usar estupefacientes y de abusar de bebidas alcoh\u00f3licas, y realizar un tratamiento psicol\u00f3gico.<\/p>\n\n\n\n<p>Moscoso Mendieta mantuvo una entrevista con la v\u00edctima, y al explicarle los alcances del juicio abreviado, la mujer tambi\u00e9n dio su consentimiento. En este tipo de procesos, los jueces y juezas no pueden imponer penas m\u00e1s severas que las requeridas por el Ministerio P\u00fablico Fiscal.<\/p>\n\n\n\n<p>Fuente: laarena.com.ar<\/p>\n\n\n\n<p><\/p>\n","protected":false},"excerpt":{"rendered":"<p>La jueza de control Laura Alejandra Moscoso Mendieta le fij\u00f3 a Walter Eduardo Weinberger la pena de dos a\u00f1os de prisi\u00f3n en suspenso, como autor del delito de coacci\u00f3n en dos oportunidades, en concurso real y en el marco de la ley 26485 de Protecci\u00f3n Integral contra las Mujeres.<\/p>\n","protected":false},"author":2,"featured_media":98355,"comment_status":"closed","ping_status":"open","sticky":false,"template":"","format":"standard","meta":{"footnotes":""},"categories":[42],"tags":[6884],"class_list":["post-98354","post","type-post","status-publish","format-standard","has-post-thumbnail","hentry","category-inferior3","tag-decision-que-pica-cerca"],"yoast_head":"<!-- This site is optimized with the Yoast SEO plugin v23.4 - https:\/\/yoast.com\/wordpress\/plugins\/seo\/ -->\n<title>Condenan en General Acha a un hombre que &quot;escrach\u00f3&quot; a su ex pareja en Facebook - Infoecos<\/title>\n<meta name=\"robots\" content=\"index, follow, max-snippet:-1, max-image-preview:large, max-video-preview:-1\" \/>\n<link rel=\"canonical\" href=\"https:\/\/infoecos.com.ar\/index.php\/condenan-en-general-acha-a-un-hombre-que-escracho-a-su-ex-pareja-en-facebook\/\" \/>\n<meta property=\"og:locale\" content=\"es_ES\" \/>\n<meta property=\"og:type\" content=\"article\" \/>\n<meta property=\"og:title\" content=\"Condenan en General Acha a un hombre que &quot;escrach\u00f3&quot; a su ex pareja en Facebook - Infoecos\" \/>\n<meta property=\"og:description\" content=\"La jueza de control Laura Alejandra Moscoso Mendieta le fij\u00f3 a Walter Eduardo Weinberger la pena de dos a\u00f1os de prisi\u00f3n en suspenso, como autor del delito de coacci\u00f3n en dos oportunidades, en concurso real y en el marco de la ley 26485 de Protecci\u00f3n Integral contra las Mujeres.\" \/>\n<meta property=\"og:url\" content=\"https:\/\/infoecos.com.ar\/index.php\/condenan-en-general-acha-a-un-hombre-que-escracho-a-su-ex-pareja-en-facebook\/\" \/>\n<meta property=\"og:site_name\" content=\"Infoecos\" \/>\n<meta property=\"article:publisher\" content=\"https:\/\/www.facebook.com\/profile.php?id=100063200290284\" \/>\n<meta property=\"article:published_time\" content=\"2022-09-29T19:20:38+00:00\" \/>\n<meta property=\"article:modified_time\" content=\"2023-01-19T22:46:00+00:00\" \/>\n<meta property=\"og:image\" content=\"https:\/\/infoecos.com.ar\/wp-content\/uploads\/2022\/09\/image-151.png\" \/>\n\t<meta property=\"og:image:width\" content=\"300\" \/>\n\t<meta property=\"og:image:height\" content=\"168\" \/>\n\t<meta property=\"og:image:type\" content=\"image\/png\" \/>\n<meta name=\"author\" content=\"Jorge Matheus\" \/>\n<meta name=\"twitter:card\" content=\"summary_large_image\" \/>\n<meta name=\"twitter:creator\" content=\"@infoecos\" \/>\n<meta name=\"twitter:site\" content=\"@infoecos\" \/>\n<meta name=\"twitter:label1\" content=\"Escrito por\" \/>\n\t<meta name=\"twitter:data1\" content=\"Jorge Matheus\" \/>\n\t<meta name=\"twitter:label2\" content=\"Tiempo de lectura\" \/>\n\t<meta name=\"twitter:data2\" content=\"3 minutos\" \/>\n<script type=\"application\/ld+json\" class=\"yoast-schema-graph\">{\"@context\":\"https:\/\/schema.org\",\"@graph\":[{\"@type\":\"Article\",\"@id\":\"https:\/\/infoecos.com.ar\/index.php\/condenan-en-general-acha-a-un-hombre-que-escracho-a-su-ex-pareja-en-facebook\/#article\",\"isPartOf\":{\"@id\":\"https:\/\/infoecos.com.ar\/index.php\/condenan-en-general-acha-a-un-hombre-que-escracho-a-su-ex-pareja-en-facebook\/\"},\"author\":{\"name\":\"Jorge Matheus\",\"@id\":\"https:\/\/infoecos.com.ar\/#\/schema\/person\/8f5ace5ce73b4b4aac4b7245aee6f191\"},\"headline\":\"Condenan en General Acha a un hombre que \u00abescrach\u00f3\u00bb a su ex pareja en Facebook\",\"datePublished\":\"2022-09-29T19:20:38+00:00\",\"dateModified\":\"2023-01-19T22:46:00+00:00\",\"mainEntityOfPage\":{\"@id\":\"https:\/\/infoecos.com.ar\/index.php\/condenan-en-general-acha-a-un-hombre-que-escracho-a-su-ex-pareja-en-facebook\/\"},\"wordCount\":504,\"publisher\":{\"@id\":\"https:\/\/infoecos.com.ar\/#organization\"},\"image\":{\"@id\":\"https:\/\/infoecos.com.ar\/index.php\/condenan-en-general-acha-a-un-hombre-que-escracho-a-su-ex-pareja-en-facebook\/#primaryimage\"},\"thumbnailUrl\":\"https:\/\/infoecos.com.ar\/wp-content\/uploads\/2022\/09\/image-151.png\",\"keywords\":[\"DECISI\u00d3N QUE PICA CERCA\"],\"articleSection\":[\"Bloque inferior - 3\"],\"inLanguage\":\"es\"},{\"@type\":\"WebPage\",\"@id\":\"https:\/\/infoecos.com.ar\/index.php\/condenan-en-general-acha-a-un-hombre-que-escracho-a-su-ex-pareja-en-facebook\/\",\"url\":\"https:\/\/infoecos.com.ar\/index.php\/condenan-en-general-acha-a-un-hombre-que-escracho-a-su-ex-pareja-en-facebook\/\",\"name\":\"Condenan en General Acha a un hombre que \\\"escrach\u00f3\\\" a su ex pareja en Facebook - Infoecos\",\"isPartOf\":{\"@id\":\"https:\/\/infoecos.com.ar\/#website\"},\"primaryImageOfPage\":{\"@id\":\"https:\/\/infoecos.com.ar\/index.php\/condenan-en-general-acha-a-un-hombre-que-escracho-a-su-ex-pareja-en-facebook\/#primaryimage\"},\"image\":{\"@id\":\"https:\/\/infoecos.com.ar\/index.php\/condenan-en-general-acha-a-un-hombre-que-escracho-a-su-ex-pareja-en-facebook\/#primaryimage\"},\"thumbnailUrl\":\"https:\/\/infoecos.com.ar\/wp-content\/uploads\/2022\/09\/image-151.png\",\"datePublished\":\"2022-09-29T19:20:38+00:00\",\"dateModified\":\"2023-01-19T22:46:00+00:00\",\"breadcrumb\":{\"@id\":\"https:\/\/infoecos.com.ar\/index.php\/condenan-en-general-acha-a-un-hombre-que-escracho-a-su-ex-pareja-en-facebook\/#breadcrumb\"},\"inLanguage\":\"es\",\"potentialAction\":[{\"@type\":\"ReadAction\",\"target\":[\"https:\/\/infoecos.com.ar\/index.php\/condenan-en-general-acha-a-un-hombre-que-escracho-a-su-ex-pareja-en-facebook\/\"]}]},{\"@type\":\"ImageObject\",\"inLanguage\":\"es\",\"@id\":\"https:\/\/infoecos.com.ar\/index.php\/condenan-en-general-acha-a-un-hombre-que-escracho-a-su-ex-pareja-en-facebook\/#primaryimage\",\"url\":\"https:\/\/infoecos.com.ar\/wp-content\/uploads\/2022\/09\/image-151.png\",\"contentUrl\":\"https:\/\/infoecos.com.ar\/wp-content\/uploads\/2022\/09\/image-151.png\",\"width\":300,\"height\":168},{\"@type\":\"BreadcrumbList\",\"@id\":\"https:\/\/infoecos.com.ar\/index.php\/condenan-en-general-acha-a-un-hombre-que-escracho-a-su-ex-pareja-en-facebook\/#breadcrumb\",\"itemListElement\":[{\"@type\":\"ListItem\",\"position\":1,\"name\":\"Portada\",\"item\":\"https:\/\/infoecos.com.ar\/\"},{\"@type\":\"ListItem\",\"position\":2,\"name\":\"Condenan en General Acha a un hombre que \u00abescrach\u00f3\u00bb a su ex pareja en Facebook\"}]},{\"@type\":\"WebSite\",\"@id\":\"https:\/\/infoecos.com.ar\/#website\",\"url\":\"https:\/\/infoecos.com.ar\/\",\"name\":\"Infoecos\",\"description\":\"Noticias de trenque lauquen y la zona\",\"publisher\":{\"@id\":\"https:\/\/infoecos.com.ar\/#organization\"},\"alternateName\":\"Noticias\",\"potentialAction\":[{\"@type\":\"SearchAction\",\"target\":{\"@type\":\"EntryPoint\",\"urlTemplate\":\"https:\/\/infoecos.com.ar\/?s={search_term_string}\"},\"query-input\":{\"@type\":\"PropertyValueSpecification\",\"valueRequired\":true,\"valueName\":\"search_term_string\"}}],\"inLanguage\":\"es\"},{\"@type\":\"Organization\",\"@id\":\"https:\/\/infoecos.com.ar\/#organization\",\"name\":\"Infoecos\",\"alternateName\":\"Noticias\",\"url\":\"https:\/\/infoecos.com.ar\/\",\"logo\":{\"@type\":\"ImageObject\",\"inLanguage\":\"es\",\"@id\":\"https:\/\/infoecos.com.ar\/#\/schema\/logo\/image\/\",\"url\":\"https:\/\/infoecos.com.ar\/wp-content\/uploads\/2024\/03\/cropped-logo.png\",\"contentUrl\":\"https:\/\/infoecos.com.ar\/wp-content\/uploads\/2024\/03\/cropped-logo.png\",\"width\":374,\"height\":90,\"caption\":\"Infoecos\"},\"image\":{\"@id\":\"https:\/\/infoecos.com.ar\/#\/schema\/logo\/image\/\"},\"sameAs\":[\"https:\/\/www.facebook.com\/profile.php?id=100063200290284\",\"https:\/\/x.com\/infoecos\"]},{\"@type\":\"Person\",\"@id\":\"https:\/\/infoecos.com.ar\/#\/schema\/person\/8f5ace5ce73b4b4aac4b7245aee6f191\",\"name\":\"Jorge Matheus\",\"url\":\"https:\/\/infoecos.com.ar\/index.php\/author\/jomatheus\/\"}]}<\/script>\n<!-- \/ Yoast SEO plugin. -->","yoast_head_json":{"title":"Condenan en General Acha a un hombre que \"escrach\u00f3\" a su ex pareja en Facebook - Infoecos","robots":{"index":"index","follow":"follow","max-snippet":"max-snippet:-1","max-image-preview":"max-image-preview:large","max-video-preview":"max-video-preview:-1"},"canonical":"https:\/\/infoecos.com.ar\/index.php\/condenan-en-general-acha-a-un-hombre-que-escracho-a-su-ex-pareja-en-facebook\/","og_locale":"es_ES","og_type":"article","og_title":"Condenan en General Acha a un hombre que \"escrach\u00f3\" a su ex pareja en Facebook - Infoecos","og_description":"La jueza de control Laura Alejandra Moscoso Mendieta le fij\u00f3 a Walter Eduardo Weinberger la pena de dos a\u00f1os de prisi\u00f3n en suspenso, como autor del delito de coacci\u00f3n en dos oportunidades, en concurso real y en el marco de la ley 26485 de Protecci\u00f3n Integral contra las Mujeres.","og_url":"https:\/\/infoecos.com.ar\/index.php\/condenan-en-general-acha-a-un-hombre-que-escracho-a-su-ex-pareja-en-facebook\/","og_site_name":"Infoecos","article_publisher":"https:\/\/www.facebook.com\/profile.php?id=100063200290284","article_published_time":"2022-09-29T19:20:38+00:00","article_modified_time":"2023-01-19T22:46:00+00:00","og_image":[{"width":300,"height":168,"url":"https:\/\/infoecos.com.ar\/wp-content\/uploads\/2022\/09\/image-151.png","type":"image\/png"}],"author":"Jorge Matheus","twitter_card":"summary_large_image","twitter_creator":"@infoecos","twitter_site":"@infoecos","twitter_misc":{"Escrito por":"Jorge Matheus","Tiempo de lectura":"3 minutos"},"schema":{"@context":"https:\/\/schema.org","@graph":[{"@type":"Article","@id":"https:\/\/infoecos.com.ar\/index.php\/condenan-en-general-acha-a-un-hombre-que-escracho-a-su-ex-pareja-en-facebook\/#article","isPartOf":{"@id":"https:\/\/infoecos.com.ar\/index.php\/condenan-en-general-acha-a-un-hombre-que-escracho-a-su-ex-pareja-en-facebook\/"},"author":{"name":"Jorge Matheus","@id":"https:\/\/infoecos.com.ar\/#\/schema\/person\/8f5ace5ce73b4b4aac4b7245aee6f191"},"headline":"Condenan en General Acha a un hombre que \u00abescrach\u00f3\u00bb a su ex pareja en Facebook","datePublished":"2022-09-29T19:20:38+00:00","dateModified":"2023-01-19T22:46:00+00:00","mainEntityOfPage":{"@id":"https:\/\/infoecos.com.ar\/index.php\/condenan-en-general-acha-a-un-hombre-que-escracho-a-su-ex-pareja-en-facebook\/"},"wordCount":504,"publisher":{"@id":"https:\/\/infoecos.com.ar\/#organization"},"image":{"@id":"https:\/\/infoecos.com.ar\/index.php\/condenan-en-general-acha-a-un-hombre-que-escracho-a-su-ex-pareja-en-facebook\/#primaryimage"},"thumbnailUrl":"https:\/\/infoecos.com.ar\/wp-content\/uploads\/2022\/09\/image-151.png","keywords":["DECISI\u00d3N QUE PICA CERCA"],"articleSection":["Bloque inferior - 3"],"inLanguage":"es"},{"@type":"WebPage","@id":"https:\/\/infoecos.com.ar\/index.php\/condenan-en-general-acha-a-un-hombre-que-escracho-a-su-ex-pareja-en-facebook\/","url":"https:\/\/infoecos.com.ar\/index.php\/condenan-en-general-acha-a-un-hombre-que-escracho-a-su-ex-pareja-en-facebook\/","name":"Condenan en General Acha a un hombre que \"escrach\u00f3\" a su ex pareja en Facebook - Infoecos","isPartOf":{"@id":"https:\/\/infoecos.com.ar\/#website"},"primaryImageOfPage":{"@id":"https:\/\/infoecos.com.ar\/index.php\/condenan-en-general-acha-a-un-hombre-que-escracho-a-su-ex-pareja-en-facebook\/#primaryimage"},"image":{"@id":"https:\/\/infoecos.com.ar\/index.php\/condenan-en-general-acha-a-un-hombre-que-escracho-a-su-ex-pareja-en-facebook\/#primaryimage"},"thumbnailUrl":"https:\/\/infoecos.com.ar\/wp-content\/uploads\/2022\/09\/image-151.png","datePublished":"2022-09-29T19:20:38+00:00","dateModified":"2023-01-19T22:46:00+00:00","breadcrumb":{"@id":"https:\/\/infoecos.com.ar\/index.php\/condenan-en-general-acha-a-un-hombre-que-escracho-a-su-ex-pareja-en-facebook\/#breadcrumb"},"inLanguage":"es","potentialAction":[{"@type":"ReadAction","target":["https:\/\/infoecos.com.ar\/index.php\/condenan-en-general-acha-a-un-hombre-que-escracho-a-su-ex-pareja-en-facebook\/"]}]},{"@type":"ImageObject","inLanguage":"es","@id":"https:\/\/infoecos.com.ar\/index.php\/condenan-en-general-acha-a-un-hombre-que-escracho-a-su-ex-pareja-en-facebook\/#primaryimage","url":"https:\/\/infoecos.com.ar\/wp-content\/uploads\/2022\/09\/image-151.png","contentUrl":"https:\/\/infoecos.com.ar\/wp-content\/uploads\/2022\/09\/image-151.png","width":300,"height":168},{"@type":"BreadcrumbList","@id":"https:\/\/infoecos.com.ar\/index.php\/condenan-en-general-acha-a-un-hombre-que-escracho-a-su-ex-pareja-en-facebook\/#breadcrumb","itemListElement":[{"@type":"ListItem","position":1,"name":"Portada","item":"https:\/\/infoecos.com.ar\/"},{"@type":"ListItem","position":2,"name":"Condenan en General Acha a un hombre que \u00abescrach\u00f3\u00bb a su ex pareja en Facebook"}]},{"@type":"WebSite","@id":"https:\/\/infoecos.com.ar\/#website","url":"https:\/\/infoecos.com.ar\/","name":"Infoecos","description":"Noticias de trenque lauquen y la zona","publisher":{"@id":"https:\/\/infoecos.com.ar\/#organization"},"alternateName":"Noticias","potentialAction":[{"@type":"SearchAction","target":{"@type":"EntryPoint","urlTemplate":"https:\/\/infoecos.com.ar\/?s={search_term_string}"},"query-input":{"@type":"PropertyValueSpecification","valueRequired":true,"valueName":"search_term_string"}}],"inLanguage":"es"},{"@type":"Organization","@id":"https:\/\/infoecos.com.ar\/#organization","name":"Infoecos","alternateName":"Noticias","url":"https:\/\/infoecos.com.ar\/","logo":{"@type":"ImageObject","inLanguage":"es","@id":"https:\/\/infoecos.com.ar\/#\/schema\/logo\/image\/","url":"https:\/\/infoecos.com.ar\/wp-content\/uploads\/2024\/03\/cropped-logo.png","contentUrl":"https:\/\/infoecos.com.ar\/wp-content\/uploads\/2024\/03\/cropped-logo.png","width":374,"height":90,"caption":"Infoecos"},"image":{"@id":"https:\/\/infoecos.com.ar\/#\/schema\/logo\/image\/"},"sameAs":["https:\/\/www.facebook.com\/profile.php?id=100063200290284","https:\/\/x.com\/infoecos"]},{"@type":"Person","@id":"https:\/\/infoecos.com.ar\/#\/schema\/person\/8f5ace5ce73b4b4aac4b7245aee6f191","name":"Jorge Matheus","url":"https:\/\/infoecos.com.ar\/index.php\/author\/jomatheus\/"}]}},"featured_image_urls":{"full":["https:\/\/infoecos.com.ar\/wp-content\/uploads\/2022\/09\/image-151.png",300,168,false],"thumbnail":["https:\/\/infoecos.com.ar\/wp-content\/uploads\/2022\/09\/image-151-150x150.png",150,150,true],"medium":["https:\/\/infoecos.com.ar\/wp-content\/uploads\/2022\/09\/image-151.png",300,168,false],"medium_large":["https:\/\/infoecos.com.ar\/wp-content\/uploads\/2022\/09\/image-151.png",300,168,false],"large":["https:\/\/infoecos.com.ar\/wp-content\/uploads\/2022\/09\/image-151.png",300,168,false],"1536x1536":["https:\/\/infoecos.com.ar\/wp-content\/uploads\/2022\/09\/image-151.png",300,168,false],"2048x2048":["https:\/\/infoecos.com.ar\/wp-content\/uploads\/2022\/09\/image-151.png",300,168,false],"covernews-slider-full":["https:\/\/infoecos.com.ar\/wp-content\/uploads\/2022\/09\/image-151.png",300,168,false],"covernews-slider-center":["https:\/\/infoecos.com.ar\/wp-content\/uploads\/2022\/09\/image-151.png",300,168,false],"covernews-featured":["https:\/\/infoecos.com.ar\/wp-content\/uploads\/2022\/09\/image-151.png",300,168,false],"covernews-medium":["https:\/\/infoecos.com.ar\/wp-content\/uploads\/2022\/09\/image-151.png",300,168,false],"covernews-medium-square":["https:\/\/infoecos.com.ar\/wp-content\/uploads\/2022\/09\/image-151.png",300,168,false]},"author_info":{"info":["Jorge Matheus"]},"category_info":"<a href=\"https:\/\/infoecos.com.ar\/index.php\/category\/inferior3\/\" rel=\"category tag\">Bloque inferior - 3<\/a>","tag_info":"Bloque inferior - 3","comment_count":"0","_links":{"self":[{"href":"https:\/\/infoecos.com.ar\/index.php\/wp-json\/wp\/v2\/posts\/98354"}],"collection":[{"href":"https:\/\/infoecos.com.ar\/index.php\/wp-json\/wp\/v2\/posts"}],"about":[{"href":"https:\/\/infoecos.com.ar\/index.php\/wp-json\/wp\/v2\/types\/post"}],"author":[{"embeddable":true,"href":"https:\/\/infoecos.com.ar\/index.php\/wp-json\/wp\/v2\/users\/2"}],"replies":[{"embeddable":true,"href":"https:\/\/infoecos.com.ar\/index.php\/wp-json\/wp\/v2\/comments?post=98354"}],"version-history":[{"count":3,"href":"https:\/\/infoecos.com.ar\/index.php\/wp-json\/wp\/v2\/posts\/98354\/revisions"}],"predecessor-version":[{"id":100256,"href":"https:\/\/infoecos.com.ar\/index.php\/wp-json\/wp\/v2\/posts\/98354\/revisions\/100256"}],"wp:featuredmedia":[{"embeddable":true,"href":"https:\/\/infoecos.com.ar\/index.php\/wp-json\/wp\/v2\/media\/98355"}],"wp:attachment":[{"href":"https:\/\/infoecos.com.ar\/index.php\/wp-json\/wp\/v2\/media?parent=98354"}],"wp:term":[{"taxonomy":"category","embeddable":true,"href":"https:\/\/infoecos.com.ar\/index.php\/wp-json\/wp\/v2\/categories?post=98354"},{"taxonomy":"post_tag","embeddable":true,"href":"https:\/\/infoecos.com.ar\/index.php\/wp-json\/wp\/v2\/tags?post=98354"}],"curies":[{"name":"wp","href":"https:\/\/api.w.org\/{rel}","templated":true}]}}