{"id":98413,"date":"2022-10-03T02:56:39","date_gmt":"2022-10-03T05:56:39","guid":{"rendered":"http:\/\/infoecos.com.ar\/?p=98413"},"modified":"2022-10-04T03:05:14","modified_gmt":"2022-10-04T06:05:14","slug":"en-la-expo-de-santa-rosa-el-presidente-de-carbap-cuestiono-la-ley-de-humedales","status":"publish","type":"post","link":"https:\/\/infoecos.com.ar\/index.php\/en-la-expo-de-santa-rosa-el-presidente-de-carbap-cuestiono-la-ley-de-humedales\/","title":{"rendered":"En la Expo de Santa Rosa, el presidente de CARBAP cuestion\u00f3 la Ley de Humedales"},"content":{"rendered":"\n<p>El presidente de CARBAP, contador Horacio&nbsp;Salaberry&nbsp;al hablar en el acto inaugural de la Expo Rural de Santa Rosa reclam\u00f3, otra vez, al Gobierno Nacional que elimine las retenciones y destac\u00f3 el incremento logrado en las reservas del Banco Central a partir de la pol\u00edtica del d\u00f3lar soja. Dijo que esta \u00faltima medida \u00abgener\u00f3 absorci\u00f3n de retenciones\u00bb y que eso demuestra que \u00absi se sacan, el campo reacciona como cualquier otro sector\u00bb. <\/p>\n\n\n\n<figure class=\"wp-block-image size-large\"><img loading=\"lazy\" decoding=\"async\" width=\"920\" height=\"613\" src=\"http:\/\/infoecos.com.ar\/wp-content\/uploads\/2022\/10\/image-2-920x613.png\" alt=\"\" class=\"wp-image-98414\" srcset=\"https:\/\/infoecos.com.ar\/wp-content\/uploads\/2022\/10\/image-2-920x613.png 920w, https:\/\/infoecos.com.ar\/wp-content\/uploads\/2022\/10\/image-2-460x306.png 460w, https:\/\/infoecos.com.ar\/wp-content\/uploads\/2022\/10\/image-2-768x511.png 768w, https:\/\/infoecos.com.ar\/wp-content\/uploads\/2022\/10\/image-2-675x450.png 675w, https:\/\/infoecos.com.ar\/wp-content\/uploads\/2022\/10\/image-2.png 1000w\" sizes=\"(max-width: 920px) 100vw, 920px\" \/><\/figure>\n\n\n\n<p>Pidi\u00f3 \u00abterminar con el dedo acusador\u00bb y mirar \u00abtoda la cadena\u00bb para combatir los \u00edndices de inflaci\u00f3n.<\/p>\n\n\n\n<p>Demand\u00f3 que el pa\u00eds \u00abvuelva al mundo de los alimentos\u00bb.&nbsp;<strong>\u00abLa guerra entre Rusia y Ucrania nos ha dado una oportunidad desgraciada, pero la oportunidad est\u00e1\u00bb<\/strong>, insisti\u00f3 como lo ha hecho en otras oportunidades.<\/p>\n\n\n\n<p><strong>Cuestion\u00f3 la Ley de Humedales<\/strong> se\u00f1alando que \u00abes t\u00e9cnica y cient\u00edfica, no para que opine cualquiera. Esta ley tiene deficiencias por un principio ambientalista que primero quiere prohibir\u00bb. \u00abEl primer principio debe ser producir sustentablemente. Hay que terminar con esta Ley de Humedales que no tiene nada que ver\u00bb, expres\u00f3.<\/p>\n","protected":false},"excerpt":{"rendered":"<p>Reclam\u00f3 al Gobierno Nacional que elimine las retenciones y destac\u00f3 el incremento logrado en las reservas del Banco Central<\/p>\n","protected":false},"author":2,"featured_media":98414,"comment_status":"closed","ping_status":"open","sticky":false,"template":"","format":"standard","meta":{"footnotes":""},"categories":[43],"tags":[6894],"class_list":["post-98413","post","type-post","status-publish","format-standard","has-post-thumbnail","hentry","category-inferior4","tag-horacio-salaberry"],"yoast_head":"<!-- This site is optimized with the Yoast SEO plugin v23.4 - https:\/\/yoast.com\/wordpress\/plugins\/seo\/ -->\n<title>En la Expo de Santa Rosa, el presidente de CARBAP cuestion\u00f3 la Ley de Humedales - Infoecos<\/title>\n<meta name=\"robots\" content=\"index, follow, max-snippet:-1, max-image-preview:large, max-video-preview:-1\" \/>\n<link rel=\"canonical\" href=\"https:\/\/infoecos.com.ar\/index.php\/en-la-expo-de-santa-rosa-el-presidente-de-carbap-cuestiono-la-ley-de-humedales\/\" \/>\n<meta property=\"og:locale\" content=\"es_ES\" \/>\n<meta property=\"og:type\" content=\"article\" \/>\n<meta property=\"og:title\" content=\"En la Expo de Santa Rosa, el presidente de CARBAP cuestion\u00f3 la Ley de Humedales - Infoecos\" \/>\n<meta property=\"og:description\" content=\"Reclam\u00f3 al Gobierno Nacional que elimine las retenciones y destac\u00f3 el incremento logrado en las reservas del Banco Central\" \/>\n<meta property=\"og:url\" content=\"https:\/\/infoecos.com.ar\/index.php\/en-la-expo-de-santa-rosa-el-presidente-de-carbap-cuestiono-la-ley-de-humedales\/\" \/>\n<meta property=\"og:site_name\" content=\"Infoecos\" \/>\n<meta property=\"article:publisher\" content=\"https:\/\/www.facebook.com\/profile.php?id=100063200290284\" \/>\n<meta property=\"article:published_time\" content=\"2022-10-03T05:56:39+00:00\" \/>\n<meta property=\"article:modified_time\" content=\"2022-10-04T06:05:14+00:00\" \/>\n<meta property=\"og:image\" content=\"https:\/\/infoecos.com.ar\/wp-content\/uploads\/2022\/10\/image-2.png\" \/>\n\t<meta property=\"og:image:width\" content=\"1000\" \/>\n\t<meta property=\"og:image:height\" content=\"666\" \/>\n\t<meta property=\"og:image:type\" content=\"image\/png\" \/>\n<meta name=\"author\" content=\"Jorge Matheus\" \/>\n<meta name=\"twitter:card\" content=\"summary_large_image\" \/>\n<meta name=\"twitter:creator\" content=\"@infoecos\" \/>\n<meta name=\"twitter:site\" content=\"@infoecos\" \/>\n<meta name=\"twitter:label1\" content=\"Escrito por\" \/>\n\t<meta name=\"twitter:data1\" content=\"Jorge Matheus\" \/>\n\t<meta name=\"twitter:label2\" content=\"Tiempo de lectura\" \/>\n\t<meta name=\"twitter:data2\" content=\"1 minuto\" \/>\n<script type=\"application\/ld+json\" class=\"yoast-schema-graph\">{\"@context\":\"https:\/\/schema.org\",\"@graph\":[{\"@type\":\"Article\",\"@id\":\"https:\/\/infoecos.com.ar\/index.php\/en-la-expo-de-santa-rosa-el-presidente-de-carbap-cuestiono-la-ley-de-humedales\/#article\",\"isPartOf\":{\"@id\":\"https:\/\/infoecos.com.ar\/index.php\/en-la-expo-de-santa-rosa-el-presidente-de-carbap-cuestiono-la-ley-de-humedales\/\"},\"author\":{\"name\":\"Jorge Matheus\",\"@id\":\"https:\/\/infoecos.com.ar\/#\/schema\/person\/8f5ace5ce73b4b4aac4b7245aee6f191\"},\"headline\":\"En la Expo de Santa Rosa, el presidente de CARBAP cuestion\u00f3 la Ley de Humedales\",\"datePublished\":\"2022-10-03T05:56:39+00:00\",\"dateModified\":\"2022-10-04T06:05:14+00:00\",\"mainEntityOfPage\":{\"@id\":\"https:\/\/infoecos.com.ar\/index.php\/en-la-expo-de-santa-rosa-el-presidente-de-carbap-cuestiono-la-ley-de-humedales\/\"},\"wordCount\":200,\"publisher\":{\"@id\":\"https:\/\/infoecos.com.ar\/#organization\"},\"image\":{\"@id\":\"https:\/\/infoecos.com.ar\/index.php\/en-la-expo-de-santa-rosa-el-presidente-de-carbap-cuestiono-la-ley-de-humedales\/#primaryimage\"},\"thumbnailUrl\":\"https:\/\/infoecos.com.ar\/wp-content\/uploads\/2022\/10\/image-2.png\",\"keywords\":[\"horacio salaberry\"],\"articleSection\":[\"Bloque inferior - 4\"],\"inLanguage\":\"es\"},{\"@type\":\"WebPage\",\"@id\":\"https:\/\/infoecos.com.ar\/index.php\/en-la-expo-de-santa-rosa-el-presidente-de-carbap-cuestiono-la-ley-de-humedales\/\",\"url\":\"https:\/\/infoecos.com.ar\/index.php\/en-la-expo-de-santa-rosa-el-presidente-de-carbap-cuestiono-la-ley-de-humedales\/\",\"name\":\"En la Expo de Santa Rosa, el presidente de CARBAP cuestion\u00f3 la Ley de Humedales - Infoecos\",\"isPartOf\":{\"@id\":\"https:\/\/infoecos.com.ar\/#website\"},\"primaryImageOfPage\":{\"@id\":\"https:\/\/infoecos.com.ar\/index.php\/en-la-expo-de-santa-rosa-el-presidente-de-carbap-cuestiono-la-ley-de-humedales\/#primaryimage\"},\"image\":{\"@id\":\"https:\/\/infoecos.com.ar\/index.php\/en-la-expo-de-santa-rosa-el-presidente-de-carbap-cuestiono-la-ley-de-humedales\/#primaryimage\"},\"thumbnailUrl\":\"https:\/\/infoecos.com.ar\/wp-content\/uploads\/2022\/10\/image-2.png\",\"datePublished\":\"2022-10-03T05:56:39+00:00\",\"dateModified\":\"2022-10-04T06:05:14+00:00\",\"breadcrumb\":{\"@id\":\"https:\/\/infoecos.com.ar\/index.php\/en-la-expo-de-santa-rosa-el-presidente-de-carbap-cuestiono-la-ley-de-humedales\/#breadcrumb\"},\"inLanguage\":\"es\",\"potentialAction\":[{\"@type\":\"ReadAction\",\"target\":[\"https:\/\/infoecos.com.ar\/index.php\/en-la-expo-de-santa-rosa-el-presidente-de-carbap-cuestiono-la-ley-de-humedales\/\"]}]},{\"@type\":\"ImageObject\",\"inLanguage\":\"es\",\"@id\":\"https:\/\/infoecos.com.ar\/index.php\/en-la-expo-de-santa-rosa-el-presidente-de-carbap-cuestiono-la-ley-de-humedales\/#primaryimage\",\"url\":\"https:\/\/infoecos.com.ar\/wp-content\/uploads\/2022\/10\/image-2.png\",\"contentUrl\":\"https:\/\/infoecos.com.ar\/wp-content\/uploads\/2022\/10\/image-2.png\",\"width\":1000,\"height\":666},{\"@type\":\"BreadcrumbList\",\"@id\":\"https:\/\/infoecos.com.ar\/index.php\/en-la-expo-de-santa-rosa-el-presidente-de-carbap-cuestiono-la-ley-de-humedales\/#breadcrumb\",\"itemListElement\":[{\"@type\":\"ListItem\",\"position\":1,\"name\":\"Portada\",\"item\":\"https:\/\/infoecos.com.ar\/\"},{\"@type\":\"ListItem\",\"position\":2,\"name\":\"En la Expo de Santa Rosa, el presidente de CARBAP cuestion\u00f3 la Ley de Humedales\"}]},{\"@type\":\"WebSite\",\"@id\":\"https:\/\/infoecos.com.ar\/#website\",\"url\":\"https:\/\/infoecos.com.ar\/\",\"name\":\"Infoecos\",\"description\":\"Noticias de trenque lauquen y la zona\",\"publisher\":{\"@id\":\"https:\/\/infoecos.com.ar\/#organization\"},\"alternateName\":\"Noticias\",\"potentialAction\":[{\"@type\":\"SearchAction\",\"target\":{\"@type\":\"EntryPoint\",\"urlTemplate\":\"https:\/\/infoecos.com.ar\/?s={search_term_string}\"},\"query-input\":{\"@type\":\"PropertyValueSpecification\",\"valueRequired\":true,\"valueName\":\"search_term_string\"}}],\"inLanguage\":\"es\"},{\"@type\":\"Organization\",\"@id\":\"https:\/\/infoecos.com.ar\/#organization\",\"name\":\"Infoecos\",\"alternateName\":\"Noticias\",\"url\":\"https:\/\/infoecos.com.ar\/\",\"logo\":{\"@type\":\"ImageObject\",\"inLanguage\":\"es\",\"@id\":\"https:\/\/infoecos.com.ar\/#\/schema\/logo\/image\/\",\"url\":\"https:\/\/infoecos.com.ar\/wp-content\/uploads\/2024\/03\/cropped-logo.png\",\"contentUrl\":\"https:\/\/infoecos.com.ar\/wp-content\/uploads\/2024\/03\/cropped-logo.png\",\"width\":374,\"height\":90,\"caption\":\"Infoecos\"},\"image\":{\"@id\":\"https:\/\/infoecos.com.ar\/#\/schema\/logo\/image\/\"},\"sameAs\":[\"https:\/\/www.facebook.com\/profile.php?id=100063200290284\",\"https:\/\/x.com\/infoecos\"]},{\"@type\":\"Person\",\"@id\":\"https:\/\/infoecos.com.ar\/#\/schema\/person\/8f5ace5ce73b4b4aac4b7245aee6f191\",\"name\":\"Jorge Matheus\",\"url\":\"https:\/\/infoecos.com.ar\/index.php\/author\/jomatheus\/\"}]}<\/script>\n<!-- \/ Yoast SEO plugin. -->","yoast_head_json":{"title":"En la Expo de Santa Rosa, el presidente de CARBAP cuestion\u00f3 la Ley de Humedales - Infoecos","robots":{"index":"index","follow":"follow","max-snippet":"max-snippet:-1","max-image-preview":"max-image-preview:large","max-video-preview":"max-video-preview:-1"},"canonical":"https:\/\/infoecos.com.ar\/index.php\/en-la-expo-de-santa-rosa-el-presidente-de-carbap-cuestiono-la-ley-de-humedales\/","og_locale":"es_ES","og_type":"article","og_title":"En la Expo de Santa Rosa, el presidente de CARBAP cuestion\u00f3 la Ley de Humedales - Infoecos","og_description":"Reclam\u00f3 al Gobierno Nacional que elimine las retenciones y destac\u00f3 el incremento logrado en las reservas del Banco Central","og_url":"https:\/\/infoecos.com.ar\/index.php\/en-la-expo-de-santa-rosa-el-presidente-de-carbap-cuestiono-la-ley-de-humedales\/","og_site_name":"Infoecos","article_publisher":"https:\/\/www.facebook.com\/profile.php?id=100063200290284","article_published_time":"2022-10-03T05:56:39+00:00","article_modified_time":"2022-10-04T06:05:14+00:00","og_image":[{"width":1000,"height":666,"url":"https:\/\/infoecos.com.ar\/wp-content\/uploads\/2022\/10\/image-2.png","type":"image\/png"}],"author":"Jorge Matheus","twitter_card":"summary_large_image","twitter_creator":"@infoecos","twitter_site":"@infoecos","twitter_misc":{"Escrito por":"Jorge Matheus","Tiempo de lectura":"1 minuto"},"schema":{"@context":"https:\/\/schema.org","@graph":[{"@type":"Article","@id":"https:\/\/infoecos.com.ar\/index.php\/en-la-expo-de-santa-rosa-el-presidente-de-carbap-cuestiono-la-ley-de-humedales\/#article","isPartOf":{"@id":"https:\/\/infoecos.com.ar\/index.php\/en-la-expo-de-santa-rosa-el-presidente-de-carbap-cuestiono-la-ley-de-humedales\/"},"author":{"name":"Jorge Matheus","@id":"https:\/\/infoecos.com.ar\/#\/schema\/person\/8f5ace5ce73b4b4aac4b7245aee6f191"},"headline":"En la Expo de Santa Rosa, el presidente de CARBAP cuestion\u00f3 la Ley de Humedales","datePublished":"2022-10-03T05:56:39+00:00","dateModified":"2022-10-04T06:05:14+00:00","mainEntityOfPage":{"@id":"https:\/\/infoecos.com.ar\/index.php\/en-la-expo-de-santa-rosa-el-presidente-de-carbap-cuestiono-la-ley-de-humedales\/"},"wordCount":200,"publisher":{"@id":"https:\/\/infoecos.com.ar\/#organization"},"image":{"@id":"https:\/\/infoecos.com.ar\/index.php\/en-la-expo-de-santa-rosa-el-presidente-de-carbap-cuestiono-la-ley-de-humedales\/#primaryimage"},"thumbnailUrl":"https:\/\/infoecos.com.ar\/wp-content\/uploads\/2022\/10\/image-2.png","keywords":["horacio salaberry"],"articleSection":["Bloque inferior - 4"],"inLanguage":"es"},{"@type":"WebPage","@id":"https:\/\/infoecos.com.ar\/index.php\/en-la-expo-de-santa-rosa-el-presidente-de-carbap-cuestiono-la-ley-de-humedales\/","url":"https:\/\/infoecos.com.ar\/index.php\/en-la-expo-de-santa-rosa-el-presidente-de-carbap-cuestiono-la-ley-de-humedales\/","name":"En la Expo de Santa Rosa, el presidente de CARBAP cuestion\u00f3 la Ley de Humedales - Infoecos","isPartOf":{"@id":"https:\/\/infoecos.com.ar\/#website"},"primaryImageOfPage":{"@id":"https:\/\/infoecos.com.ar\/index.php\/en-la-expo-de-santa-rosa-el-presidente-de-carbap-cuestiono-la-ley-de-humedales\/#primaryimage"},"image":{"@id":"https:\/\/infoecos.com.ar\/index.php\/en-la-expo-de-santa-rosa-el-presidente-de-carbap-cuestiono-la-ley-de-humedales\/#primaryimage"},"thumbnailUrl":"https:\/\/infoecos.com.ar\/wp-content\/uploads\/2022\/10\/image-2.png","datePublished":"2022-10-03T05:56:39+00:00","dateModified":"2022-10-04T06:05:14+00:00","breadcrumb":{"@id":"https:\/\/infoecos.com.ar\/index.php\/en-la-expo-de-santa-rosa-el-presidente-de-carbap-cuestiono-la-ley-de-humedales\/#breadcrumb"},"inLanguage":"es","potentialAction":[{"@type":"ReadAction","target":["https:\/\/infoecos.com.ar\/index.php\/en-la-expo-de-santa-rosa-el-presidente-de-carbap-cuestiono-la-ley-de-humedales\/"]}]},{"@type":"ImageObject","inLanguage":"es","@id":"https:\/\/infoecos.com.ar\/index.php\/en-la-expo-de-santa-rosa-el-presidente-de-carbap-cuestiono-la-ley-de-humedales\/#primaryimage","url":"https:\/\/infoecos.com.ar\/wp-content\/uploads\/2022\/10\/image-2.png","contentUrl":"https:\/\/infoecos.com.ar\/wp-content\/uploads\/2022\/10\/image-2.png","width":1000,"height":666},{"@type":"BreadcrumbList","@id":"https:\/\/infoecos.com.ar\/index.php\/en-la-expo-de-santa-rosa-el-presidente-de-carbap-cuestiono-la-ley-de-humedales\/#breadcrumb","itemListElement":[{"@type":"ListItem","position":1,"name":"Portada","item":"https:\/\/infoecos.com.ar\/"},{"@type":"ListItem","position":2,"name":"En la Expo de Santa Rosa, el presidente de CARBAP cuestion\u00f3 la Ley de Humedales"}]},{"@type":"WebSite","@id":"https:\/\/infoecos.com.ar\/#website","url":"https:\/\/infoecos.com.ar\/","name":"Infoecos","description":"Noticias de trenque lauquen y la zona","publisher":{"@id":"https:\/\/infoecos.com.ar\/#organization"},"alternateName":"Noticias","potentialAction":[{"@type":"SearchAction","target":{"@type":"EntryPoint","urlTemplate":"https:\/\/infoecos.com.ar\/?s={search_term_string}"},"query-input":{"@type":"PropertyValueSpecification","valueRequired":true,"valueName":"search_term_string"}}],"inLanguage":"es"},{"@type":"Organization","@id":"https:\/\/infoecos.com.ar\/#organization","name":"Infoecos","alternateName":"Noticias","url":"https:\/\/infoecos.com.ar\/","logo":{"@type":"ImageObject","inLanguage":"es","@id":"https:\/\/infoecos.com.ar\/#\/schema\/logo\/image\/","url":"https:\/\/infoecos.com.ar\/wp-content\/uploads\/2024\/03\/cropped-logo.png","contentUrl":"https:\/\/infoecos.com.ar\/wp-content\/uploads\/2024\/03\/cropped-logo.png","width":374,"height":90,"caption":"Infoecos"},"image":{"@id":"https:\/\/infoecos.com.ar\/#\/schema\/logo\/image\/"},"sameAs":["https:\/\/www.facebook.com\/profile.php?id=100063200290284","https:\/\/x.com\/infoecos"]},{"@type":"Person","@id":"https:\/\/infoecos.com.ar\/#\/schema\/person\/8f5ace5ce73b4b4aac4b7245aee6f191","name":"Jorge Matheus","url":"https:\/\/infoecos.com.ar\/index.php\/author\/jomatheus\/"}]}},"featured_image_urls":{"full":["https:\/\/infoecos.com.ar\/wp-content\/uploads\/2022\/10\/image-2.png",1000,666,false],"thumbnail":["https:\/\/infoecos.com.ar\/wp-content\/uploads\/2022\/10\/image-2-150x150.png",150,150,true],"medium":["https:\/\/infoecos.com.ar\/wp-content\/uploads\/2022\/10\/image-2-460x306.png",460,306,true],"medium_large":["https:\/\/infoecos.com.ar\/wp-content\/uploads\/2022\/10\/image-2-768x511.png",640,426,true],"large":["https:\/\/infoecos.com.ar\/wp-content\/uploads\/2022\/10\/image-2-920x613.png",640,426,true],"1536x1536":["https:\/\/infoecos.com.ar\/wp-content\/uploads\/2022\/10\/image-2.png",1000,666,false],"2048x2048":["https:\/\/infoecos.com.ar\/wp-content\/uploads\/2022\/10\/image-2.png",1000,666,false],"covernews-slider-full":["https:\/\/infoecos.com.ar\/wp-content\/uploads\/2022\/10\/image-2.png",1000,666,false],"covernews-slider-center":["https:\/\/infoecos.com.ar\/wp-content\/uploads\/2022\/10\/image-2-936x666.png",703,500,true],"covernews-featured":["https:\/\/infoecos.com.ar\/wp-content\/uploads\/2022\/10\/image-2.png",1000,666,false],"covernews-medium":["https:\/\/infoecos.com.ar\/wp-content\/uploads\/2022\/10\/image-2-720x380.png",540,285,true],"covernews-medium-square":["https:\/\/infoecos.com.ar\/wp-content\/uploads\/2022\/10\/image-2-675x450.png",375,250,true]},"author_info":{"info":["Jorge Matheus"]},"category_info":"<a href=\"https:\/\/infoecos.com.ar\/index.php\/category\/inferior4\/\" rel=\"category tag\">Bloque inferior - 4<\/a>","tag_info":"Bloque inferior - 4","comment_count":"0","_links":{"self":[{"href":"https:\/\/infoecos.com.ar\/index.php\/wp-json\/wp\/v2\/posts\/98413"}],"collection":[{"href":"https:\/\/infoecos.com.ar\/index.php\/wp-json\/wp\/v2\/posts"}],"about":[{"href":"https:\/\/infoecos.com.ar\/index.php\/wp-json\/wp\/v2\/types\/post"}],"author":[{"embeddable":true,"href":"https:\/\/infoecos.com.ar\/index.php\/wp-json\/wp\/v2\/users\/2"}],"replies":[{"embeddable":true,"href":"https:\/\/infoecos.com.ar\/index.php\/wp-json\/wp\/v2\/comments?post=98413"}],"version-history":[{"count":2,"href":"https:\/\/infoecos.com.ar\/index.php\/wp-json\/wp\/v2\/posts\/98413\/revisions"}],"predecessor-version":[{"id":98517,"href":"https:\/\/infoecos.com.ar\/index.php\/wp-json\/wp\/v2\/posts\/98413\/revisions\/98517"}],"wp:featuredmedia":[{"embeddable":true,"href":"https:\/\/infoecos.com.ar\/index.php\/wp-json\/wp\/v2\/media\/98414"}],"wp:attachment":[{"href":"https:\/\/infoecos.com.ar\/index.php\/wp-json\/wp\/v2\/media?parent=98413"}],"wp:term":[{"taxonomy":"category","embeddable":true,"href":"https:\/\/infoecos.com.ar\/index.php\/wp-json\/wp\/v2\/categories?post=98413"},{"taxonomy":"post_tag","embeddable":true,"href":"https:\/\/infoecos.com.ar\/index.php\/wp-json\/wp\/v2\/tags?post=98413"}],"curies":[{"name":"wp","href":"https:\/\/api.w.org\/{rel}","templated":true}]}}