{"id":98514,"date":"2022-10-04T02:59:59","date_gmt":"2022-10-04T05:59:59","guid":{"rendered":"http:\/\/infoecos.com.ar\/?p=98514"},"modified":"2022-10-05T04:03:38","modified_gmt":"2022-10-05T07:03:38","slug":"viernes-7-no-habra-recoleccion-de-residuos-en-la-ampliacion-urbana-y-zona-de-quintas","status":"publish","type":"post","link":"https:\/\/infoecos.com.ar\/index.php\/viernes-7-no-habra-recoleccion-de-residuos-en-la-ampliacion-urbana-y-zona-de-quintas\/","title":{"rendered":"Viernes 7: no habr\u00e1 recolecci\u00f3n de residuos en la Ampliaci\u00f3n Urbana y Zona de Quintas"},"content":{"rendered":"\n<p>El pr\u00f3ximo viernes 7, d\u00eda no laborable con fines tur\u00edsticos, no habr\u00e1 recolecci\u00f3n de residuos en la Ampliaci\u00f3n Urbana (AU) y Zona de Quintas, pero s\u00ed se prestar\u00e1 servicio en el \u00c1rea Urbana de la ciudad cabecera, inform\u00f3 la direcci\u00f3n de Higiene Urbana municipal.<\/p>\n\n\n\n<figure class=\"wp-block-image aligncenter size-full\"><img loading=\"lazy\" decoding=\"async\" width=\"702\" height=\"485\" src=\"http:\/\/infoecos.com.ar\/wp-content\/uploads\/Recoleccion-de-residuos.jpg\" alt=\"\" class=\"wp-image-63520\" srcset=\"https:\/\/infoecos.com.ar\/wp-content\/uploads\/Recoleccion-de-residuos.jpg 702w, https:\/\/infoecos.com.ar\/wp-content\/uploads\/Recoleccion-de-residuos-460x318.jpg 460w\" sizes=\"(max-width: 702px) 100vw, 702px\" \/><\/figure>\n\n\n\n<p>En cambio, el feriado del lunes que viene 10 por el D\u00eda del Respeto a la Diversidad Cultural, cuya fecha original es el 12 de octubre, habr\u00e1 recolecci\u00f3n de residuos en la Ampliaci\u00f3n Urbana y Zona de Quintas y no habr\u00e1 servicio en el \u00c1rea Urbana.<\/p>\n\n\n\n<p>El s\u00e1bado (8) y domingo (9) se mantendr\u00e1 el esquema habitual: el s\u00e1bado recolecci\u00f3n en la AU y Zona de Quintas desde las 6 y el domingo a partir de las 8 en la localidad de Beruti y de las 19 en el \u00c1rea Urbana de la ciudad de Trenque Lauquen.&nbsp;&nbsp; Luego de este fin de semana largo determinado por el ministerio de la Naci\u00f3n, el martes 11 de octubre se retomar\u00e1 en forma completa el cronograma de recolecci\u00f3n de residuos:<\/p>\n\n\n\n<p>&nbsp;TRENQUE LAUQUEN<\/p>\n\n\n\n<p>\u2013 En la Ampliaci\u00f3n Urbana:<br>El servicio se presta desde las 6 horas.<br>Residuos org\u00e1nicos y no reciclables: Lunes, martes, mi\u00e9rcoles, jueves y s\u00e1bado.<br>Reciclables: Viernes.<\/p>\n\n\n\n<p>\u2013 Zona de Quintas:<br>La recolecci\u00f3n se realiza desde las 6.<br>Residuos org\u00e1nicos y no reciclables: Lunes, mi\u00e9rcoles y s\u00e1bado.<br>Reciclables: Viernes.<\/p>\n\n\n\n<p>\u2013 \u00c1rea Urbana<br>La recolecci\u00f3n comienza a partir de las 19.<br>Residuos org\u00e1nicos y no reciclables: Martes, mi\u00e9rcoles, viernes y domingo.<br>Reciclables: Lunes y jueves.<\/p>\n\n\n\n<p>. BERUTI<\/p>\n\n\n\n<p>Martes, jueves y domingo.<\/p>\n\n\n\n<p>La recolecci\u00f3n comienza a las 8.<\/p>\n","protected":false},"excerpt":{"rendered":"<p>El feriado del lunes que viene 10 por el D\u00eda del Respeto a la Diversidad Cultural, cuya fecha original es el 12 de octubre, habr\u00e1 recolecci\u00f3n de residuos en la Ampliaci\u00f3n Urbana y Zona de Quintas y no habr\u00e1 servicio en el \u00c1rea Urbana<\/p>\n","protected":false},"author":2,"featured_media":63520,"comment_status":"closed","ping_status":"open","sticky":false,"template":"","format":"standard","meta":{"footnotes":""},"categories":[1326],"tags":[6914],"class_list":["post-98514","post","type-post","status-publish","format-standard","has-post-thumbnail","hentry","category-c2nota6","tag-no-laborable"],"yoast_head":"<!-- This site is optimized with the Yoast SEO plugin v23.4 - https:\/\/yoast.com\/wordpress\/plugins\/seo\/ -->\n<title>Viernes 7: no habr\u00e1 recolecci\u00f3n de residuos en la Ampliaci\u00f3n Urbana y Zona de Quintas - Infoecos<\/title>\n<meta name=\"robots\" content=\"index, follow, max-snippet:-1, max-image-preview:large, max-video-preview:-1\" \/>\n<link rel=\"canonical\" href=\"https:\/\/infoecos.com.ar\/index.php\/viernes-7-no-habra-recoleccion-de-residuos-en-la-ampliacion-urbana-y-zona-de-quintas\/\" \/>\n<meta property=\"og:locale\" content=\"es_ES\" \/>\n<meta property=\"og:type\" content=\"article\" \/>\n<meta property=\"og:title\" content=\"Viernes 7: no habr\u00e1 recolecci\u00f3n de residuos en la Ampliaci\u00f3n Urbana y Zona de Quintas - Infoecos\" \/>\n<meta property=\"og:description\" content=\"El feriado del lunes que viene 10 por el D\u00eda del Respeto a la Diversidad Cultural, cuya fecha original es el 12 de octubre, habr\u00e1 recolecci\u00f3n de residuos en la Ampliaci\u00f3n Urbana y Zona de Quintas y no habr\u00e1 servicio en el \u00c1rea Urbana\" \/>\n<meta property=\"og:url\" content=\"https:\/\/infoecos.com.ar\/index.php\/viernes-7-no-habra-recoleccion-de-residuos-en-la-ampliacion-urbana-y-zona-de-quintas\/\" \/>\n<meta property=\"og:site_name\" content=\"Infoecos\" \/>\n<meta property=\"article:publisher\" content=\"https:\/\/www.facebook.com\/profile.php?id=100063200290284\" \/>\n<meta property=\"article:published_time\" content=\"2022-10-04T05:59:59+00:00\" \/>\n<meta property=\"article:modified_time\" content=\"2022-10-05T07:03:38+00:00\" \/>\n<meta property=\"og:image\" content=\"https:\/\/infoecos.com.ar\/wp-content\/uploads\/Recoleccion-de-residuos.jpg\" \/>\n\t<meta property=\"og:image:width\" content=\"702\" \/>\n\t<meta property=\"og:image:height\" content=\"485\" \/>\n\t<meta property=\"og:image:type\" content=\"image\/jpeg\" \/>\n<meta name=\"author\" content=\"Jorge Matheus\" \/>\n<meta name=\"twitter:card\" content=\"summary_large_image\" \/>\n<meta name=\"twitter:creator\" content=\"@infoecos\" \/>\n<meta name=\"twitter:site\" content=\"@infoecos\" \/>\n<meta name=\"twitter:label1\" content=\"Escrito por\" \/>\n\t<meta name=\"twitter:data1\" content=\"Jorge Matheus\" \/>\n\t<meta name=\"twitter:label2\" content=\"Tiempo de lectura\" \/>\n\t<meta name=\"twitter:data2\" content=\"1 minuto\" \/>\n<script type=\"application\/ld+json\" class=\"yoast-schema-graph\">{\"@context\":\"https:\/\/schema.org\",\"@graph\":[{\"@type\":\"Article\",\"@id\":\"https:\/\/infoecos.com.ar\/index.php\/viernes-7-no-habra-recoleccion-de-residuos-en-la-ampliacion-urbana-y-zona-de-quintas\/#article\",\"isPartOf\":{\"@id\":\"https:\/\/infoecos.com.ar\/index.php\/viernes-7-no-habra-recoleccion-de-residuos-en-la-ampliacion-urbana-y-zona-de-quintas\/\"},\"author\":{\"name\":\"Jorge Matheus\",\"@id\":\"https:\/\/infoecos.com.ar\/#\/schema\/person\/8f5ace5ce73b4b4aac4b7245aee6f191\"},\"headline\":\"Viernes 7: no habr\u00e1 recolecci\u00f3n de residuos en la Ampliaci\u00f3n Urbana y Zona de Quintas\",\"datePublished\":\"2022-10-04T05:59:59+00:00\",\"dateModified\":\"2022-10-05T07:03:38+00:00\",\"mainEntityOfPage\":{\"@id\":\"https:\/\/infoecos.com.ar\/index.php\/viernes-7-no-habra-recoleccion-de-residuos-en-la-ampliacion-urbana-y-zona-de-quintas\/\"},\"wordCount\":285,\"publisher\":{\"@id\":\"https:\/\/infoecos.com.ar\/#organization\"},\"image\":{\"@id\":\"https:\/\/infoecos.com.ar\/index.php\/viernes-7-no-habra-recoleccion-de-residuos-en-la-ampliacion-urbana-y-zona-de-quintas\/#primaryimage\"},\"thumbnailUrl\":\"https:\/\/infoecos.com.ar\/wp-content\/uploads\/Recoleccion-de-residuos.jpg\",\"keywords\":[\"no laborable\"],\"articleSection\":[\"C2 N6\"],\"inLanguage\":\"es\"},{\"@type\":\"WebPage\",\"@id\":\"https:\/\/infoecos.com.ar\/index.php\/viernes-7-no-habra-recoleccion-de-residuos-en-la-ampliacion-urbana-y-zona-de-quintas\/\",\"url\":\"https:\/\/infoecos.com.ar\/index.php\/viernes-7-no-habra-recoleccion-de-residuos-en-la-ampliacion-urbana-y-zona-de-quintas\/\",\"name\":\"Viernes 7: no habr\u00e1 recolecci\u00f3n de residuos en la Ampliaci\u00f3n Urbana y Zona de Quintas - Infoecos\",\"isPartOf\":{\"@id\":\"https:\/\/infoecos.com.ar\/#website\"},\"primaryImageOfPage\":{\"@id\":\"https:\/\/infoecos.com.ar\/index.php\/viernes-7-no-habra-recoleccion-de-residuos-en-la-ampliacion-urbana-y-zona-de-quintas\/#primaryimage\"},\"image\":{\"@id\":\"https:\/\/infoecos.com.ar\/index.php\/viernes-7-no-habra-recoleccion-de-residuos-en-la-ampliacion-urbana-y-zona-de-quintas\/#primaryimage\"},\"thumbnailUrl\":\"https:\/\/infoecos.com.ar\/wp-content\/uploads\/Recoleccion-de-residuos.jpg\",\"datePublished\":\"2022-10-04T05:59:59+00:00\",\"dateModified\":\"2022-10-05T07:03:38+00:00\",\"breadcrumb\":{\"@id\":\"https:\/\/infoecos.com.ar\/index.php\/viernes-7-no-habra-recoleccion-de-residuos-en-la-ampliacion-urbana-y-zona-de-quintas\/#breadcrumb\"},\"inLanguage\":\"es\",\"potentialAction\":[{\"@type\":\"ReadAction\",\"target\":[\"https:\/\/infoecos.com.ar\/index.php\/viernes-7-no-habra-recoleccion-de-residuos-en-la-ampliacion-urbana-y-zona-de-quintas\/\"]}]},{\"@type\":\"ImageObject\",\"inLanguage\":\"es\",\"@id\":\"https:\/\/infoecos.com.ar\/index.php\/viernes-7-no-habra-recoleccion-de-residuos-en-la-ampliacion-urbana-y-zona-de-quintas\/#primaryimage\",\"url\":\"https:\/\/infoecos.com.ar\/wp-content\/uploads\/Recoleccion-de-residuos.jpg\",\"contentUrl\":\"https:\/\/infoecos.com.ar\/wp-content\/uploads\/Recoleccion-de-residuos.jpg\",\"width\":702,\"height\":485},{\"@type\":\"BreadcrumbList\",\"@id\":\"https:\/\/infoecos.com.ar\/index.php\/viernes-7-no-habra-recoleccion-de-residuos-en-la-ampliacion-urbana-y-zona-de-quintas\/#breadcrumb\",\"itemListElement\":[{\"@type\":\"ListItem\",\"position\":1,\"name\":\"Portada\",\"item\":\"https:\/\/infoecos.com.ar\/\"},{\"@type\":\"ListItem\",\"position\":2,\"name\":\"Viernes 7: no habr\u00e1 recolecci\u00f3n de residuos en la Ampliaci\u00f3n Urbana y Zona de Quintas\"}]},{\"@type\":\"WebSite\",\"@id\":\"https:\/\/infoecos.com.ar\/#website\",\"url\":\"https:\/\/infoecos.com.ar\/\",\"name\":\"Infoecos\",\"description\":\"Noticias de trenque lauquen y la zona\",\"publisher\":{\"@id\":\"https:\/\/infoecos.com.ar\/#organization\"},\"alternateName\":\"Noticias\",\"potentialAction\":[{\"@type\":\"SearchAction\",\"target\":{\"@type\":\"EntryPoint\",\"urlTemplate\":\"https:\/\/infoecos.com.ar\/?s={search_term_string}\"},\"query-input\":{\"@type\":\"PropertyValueSpecification\",\"valueRequired\":true,\"valueName\":\"search_term_string\"}}],\"inLanguage\":\"es\"},{\"@type\":\"Organization\",\"@id\":\"https:\/\/infoecos.com.ar\/#organization\",\"name\":\"Infoecos\",\"alternateName\":\"Noticias\",\"url\":\"https:\/\/infoecos.com.ar\/\",\"logo\":{\"@type\":\"ImageObject\",\"inLanguage\":\"es\",\"@id\":\"https:\/\/infoecos.com.ar\/#\/schema\/logo\/image\/\",\"url\":\"https:\/\/infoecos.com.ar\/wp-content\/uploads\/2024\/03\/cropped-logo.png\",\"contentUrl\":\"https:\/\/infoecos.com.ar\/wp-content\/uploads\/2024\/03\/cropped-logo.png\",\"width\":374,\"height\":90,\"caption\":\"Infoecos\"},\"image\":{\"@id\":\"https:\/\/infoecos.com.ar\/#\/schema\/logo\/image\/\"},\"sameAs\":[\"https:\/\/www.facebook.com\/profile.php?id=100063200290284\",\"https:\/\/x.com\/infoecos\"]},{\"@type\":\"Person\",\"@id\":\"https:\/\/infoecos.com.ar\/#\/schema\/person\/8f5ace5ce73b4b4aac4b7245aee6f191\",\"name\":\"Jorge Matheus\",\"url\":\"https:\/\/infoecos.com.ar\/index.php\/author\/jomatheus\/\"}]}<\/script>\n<!-- \/ Yoast SEO plugin. -->","yoast_head_json":{"title":"Viernes 7: no habr\u00e1 recolecci\u00f3n de residuos en la Ampliaci\u00f3n Urbana y Zona de Quintas - Infoecos","robots":{"index":"index","follow":"follow","max-snippet":"max-snippet:-1","max-image-preview":"max-image-preview:large","max-video-preview":"max-video-preview:-1"},"canonical":"https:\/\/infoecos.com.ar\/index.php\/viernes-7-no-habra-recoleccion-de-residuos-en-la-ampliacion-urbana-y-zona-de-quintas\/","og_locale":"es_ES","og_type":"article","og_title":"Viernes 7: no habr\u00e1 recolecci\u00f3n de residuos en la Ampliaci\u00f3n Urbana y Zona de Quintas - Infoecos","og_description":"El feriado del lunes que viene 10 por el D\u00eda del Respeto a la Diversidad Cultural, cuya fecha original es el 12 de octubre, habr\u00e1 recolecci\u00f3n de residuos en la Ampliaci\u00f3n Urbana y Zona de Quintas y no habr\u00e1 servicio en el \u00c1rea Urbana","og_url":"https:\/\/infoecos.com.ar\/index.php\/viernes-7-no-habra-recoleccion-de-residuos-en-la-ampliacion-urbana-y-zona-de-quintas\/","og_site_name":"Infoecos","article_publisher":"https:\/\/www.facebook.com\/profile.php?id=100063200290284","article_published_time":"2022-10-04T05:59:59+00:00","article_modified_time":"2022-10-05T07:03:38+00:00","og_image":[{"width":702,"height":485,"url":"https:\/\/infoecos.com.ar\/wp-content\/uploads\/Recoleccion-de-residuos.jpg","type":"image\/jpeg"}],"author":"Jorge Matheus","twitter_card":"summary_large_image","twitter_creator":"@infoecos","twitter_site":"@infoecos","twitter_misc":{"Escrito por":"Jorge Matheus","Tiempo de lectura":"1 minuto"},"schema":{"@context":"https:\/\/schema.org","@graph":[{"@type":"Article","@id":"https:\/\/infoecos.com.ar\/index.php\/viernes-7-no-habra-recoleccion-de-residuos-en-la-ampliacion-urbana-y-zona-de-quintas\/#article","isPartOf":{"@id":"https:\/\/infoecos.com.ar\/index.php\/viernes-7-no-habra-recoleccion-de-residuos-en-la-ampliacion-urbana-y-zona-de-quintas\/"},"author":{"name":"Jorge Matheus","@id":"https:\/\/infoecos.com.ar\/#\/schema\/person\/8f5ace5ce73b4b4aac4b7245aee6f191"},"headline":"Viernes 7: no habr\u00e1 recolecci\u00f3n de residuos en la Ampliaci\u00f3n Urbana y Zona de Quintas","datePublished":"2022-10-04T05:59:59+00:00","dateModified":"2022-10-05T07:03:38+00:00","mainEntityOfPage":{"@id":"https:\/\/infoecos.com.ar\/index.php\/viernes-7-no-habra-recoleccion-de-residuos-en-la-ampliacion-urbana-y-zona-de-quintas\/"},"wordCount":285,"publisher":{"@id":"https:\/\/infoecos.com.ar\/#organization"},"image":{"@id":"https:\/\/infoecos.com.ar\/index.php\/viernes-7-no-habra-recoleccion-de-residuos-en-la-ampliacion-urbana-y-zona-de-quintas\/#primaryimage"},"thumbnailUrl":"https:\/\/infoecos.com.ar\/wp-content\/uploads\/Recoleccion-de-residuos.jpg","keywords":["no laborable"],"articleSection":["C2 N6"],"inLanguage":"es"},{"@type":"WebPage","@id":"https:\/\/infoecos.com.ar\/index.php\/viernes-7-no-habra-recoleccion-de-residuos-en-la-ampliacion-urbana-y-zona-de-quintas\/","url":"https:\/\/infoecos.com.ar\/index.php\/viernes-7-no-habra-recoleccion-de-residuos-en-la-ampliacion-urbana-y-zona-de-quintas\/","name":"Viernes 7: no habr\u00e1 recolecci\u00f3n de residuos en la Ampliaci\u00f3n Urbana y Zona de Quintas - Infoecos","isPartOf":{"@id":"https:\/\/infoecos.com.ar\/#website"},"primaryImageOfPage":{"@id":"https:\/\/infoecos.com.ar\/index.php\/viernes-7-no-habra-recoleccion-de-residuos-en-la-ampliacion-urbana-y-zona-de-quintas\/#primaryimage"},"image":{"@id":"https:\/\/infoecos.com.ar\/index.php\/viernes-7-no-habra-recoleccion-de-residuos-en-la-ampliacion-urbana-y-zona-de-quintas\/#primaryimage"},"thumbnailUrl":"https:\/\/infoecos.com.ar\/wp-content\/uploads\/Recoleccion-de-residuos.jpg","datePublished":"2022-10-04T05:59:59+00:00","dateModified":"2022-10-05T07:03:38+00:00","breadcrumb":{"@id":"https:\/\/infoecos.com.ar\/index.php\/viernes-7-no-habra-recoleccion-de-residuos-en-la-ampliacion-urbana-y-zona-de-quintas\/#breadcrumb"},"inLanguage":"es","potentialAction":[{"@type":"ReadAction","target":["https:\/\/infoecos.com.ar\/index.php\/viernes-7-no-habra-recoleccion-de-residuos-en-la-ampliacion-urbana-y-zona-de-quintas\/"]}]},{"@type":"ImageObject","inLanguage":"es","@id":"https:\/\/infoecos.com.ar\/index.php\/viernes-7-no-habra-recoleccion-de-residuos-en-la-ampliacion-urbana-y-zona-de-quintas\/#primaryimage","url":"https:\/\/infoecos.com.ar\/wp-content\/uploads\/Recoleccion-de-residuos.jpg","contentUrl":"https:\/\/infoecos.com.ar\/wp-content\/uploads\/Recoleccion-de-residuos.jpg","width":702,"height":485},{"@type":"BreadcrumbList","@id":"https:\/\/infoecos.com.ar\/index.php\/viernes-7-no-habra-recoleccion-de-residuos-en-la-ampliacion-urbana-y-zona-de-quintas\/#breadcrumb","itemListElement":[{"@type":"ListItem","position":1,"name":"Portada","item":"https:\/\/infoecos.com.ar\/"},{"@type":"ListItem","position":2,"name":"Viernes 7: no habr\u00e1 recolecci\u00f3n de residuos en la Ampliaci\u00f3n Urbana y Zona de Quintas"}]},{"@type":"WebSite","@id":"https:\/\/infoecos.com.ar\/#website","url":"https:\/\/infoecos.com.ar\/","name":"Infoecos","description":"Noticias de trenque lauquen y la zona","publisher":{"@id":"https:\/\/infoecos.com.ar\/#organization"},"alternateName":"Noticias","potentialAction":[{"@type":"SearchAction","target":{"@type":"EntryPoint","urlTemplate":"https:\/\/infoecos.com.ar\/?s={search_term_string}"},"query-input":{"@type":"PropertyValueSpecification","valueRequired":true,"valueName":"search_term_string"}}],"inLanguage":"es"},{"@type":"Organization","@id":"https:\/\/infoecos.com.ar\/#organization","name":"Infoecos","alternateName":"Noticias","url":"https:\/\/infoecos.com.ar\/","logo":{"@type":"ImageObject","inLanguage":"es","@id":"https:\/\/infoecos.com.ar\/#\/schema\/logo\/image\/","url":"https:\/\/infoecos.com.ar\/wp-content\/uploads\/2024\/03\/cropped-logo.png","contentUrl":"https:\/\/infoecos.com.ar\/wp-content\/uploads\/2024\/03\/cropped-logo.png","width":374,"height":90,"caption":"Infoecos"},"image":{"@id":"https:\/\/infoecos.com.ar\/#\/schema\/logo\/image\/"},"sameAs":["https:\/\/www.facebook.com\/profile.php?id=100063200290284","https:\/\/x.com\/infoecos"]},{"@type":"Person","@id":"https:\/\/infoecos.com.ar\/#\/schema\/person\/8f5ace5ce73b4b4aac4b7245aee6f191","name":"Jorge Matheus","url":"https:\/\/infoecos.com.ar\/index.php\/author\/jomatheus\/"}]}},"featured_image_urls":{"full":["https:\/\/infoecos.com.ar\/wp-content\/uploads\/Recoleccion-de-residuos.jpg",702,485,false],"thumbnail":["https:\/\/infoecos.com.ar\/wp-content\/uploads\/Recoleccion-de-residuos-150x150.jpg",150,150,true],"medium":["https:\/\/infoecos.com.ar\/wp-content\/uploads\/Recoleccion-de-residuos-460x318.jpg",460,318,true],"medium_large":["https:\/\/infoecos.com.ar\/wp-content\/uploads\/Recoleccion-de-residuos.jpg",640,442,false],"large":["https:\/\/infoecos.com.ar\/wp-content\/uploads\/Recoleccion-de-residuos.jpg",640,442,false],"1536x1536":["https:\/\/infoecos.com.ar\/wp-content\/uploads\/Recoleccion-de-residuos.jpg",702,485,false],"2048x2048":["https:\/\/infoecos.com.ar\/wp-content\/uploads\/Recoleccion-de-residuos.jpg",702,485,false],"covernews-slider-full":["https:\/\/infoecos.com.ar\/wp-content\/uploads\/Recoleccion-de-residuos.jpg",702,485,false],"covernews-slider-center":["https:\/\/infoecos.com.ar\/wp-content\/uploads\/Recoleccion-de-residuos.jpg",702,485,false],"covernews-featured":["https:\/\/infoecos.com.ar\/wp-content\/uploads\/Recoleccion-de-residuos.jpg",702,485,false],"covernews-medium":["https:\/\/infoecos.com.ar\/wp-content\/uploads\/Recoleccion-de-residuos-702x380.jpg",540,292,true],"covernews-medium-square":["https:\/\/infoecos.com.ar\/wp-content\/uploads\/Recoleccion-de-residuos-675x450.jpg",375,250,true]},"author_info":{"info":["Jorge Matheus"]},"category_info":"<a href=\"https:\/\/infoecos.com.ar\/index.php\/category\/c2nota6\/\" rel=\"category tag\">C2 N6<\/a>","tag_info":"C2 N6","comment_count":"0","_links":{"self":[{"href":"https:\/\/infoecos.com.ar\/index.php\/wp-json\/wp\/v2\/posts\/98514"}],"collection":[{"href":"https:\/\/infoecos.com.ar\/index.php\/wp-json\/wp\/v2\/posts"}],"about":[{"href":"https:\/\/infoecos.com.ar\/index.php\/wp-json\/wp\/v2\/types\/post"}],"author":[{"embeddable":true,"href":"https:\/\/infoecos.com.ar\/index.php\/wp-json\/wp\/v2\/users\/2"}],"replies":[{"embeddable":true,"href":"https:\/\/infoecos.com.ar\/index.php\/wp-json\/wp\/v2\/comments?post=98514"}],"version-history":[{"count":2,"href":"https:\/\/infoecos.com.ar\/index.php\/wp-json\/wp\/v2\/posts\/98514\/revisions"}],"predecessor-version":[{"id":98592,"href":"https:\/\/infoecos.com.ar\/index.php\/wp-json\/wp\/v2\/posts\/98514\/revisions\/98592"}],"wp:featuredmedia":[{"embeddable":true,"href":"https:\/\/infoecos.com.ar\/index.php\/wp-json\/wp\/v2\/media\/63520"}],"wp:attachment":[{"href":"https:\/\/infoecos.com.ar\/index.php\/wp-json\/wp\/v2\/media?parent=98514"}],"wp:term":[{"taxonomy":"category","embeddable":true,"href":"https:\/\/infoecos.com.ar\/index.php\/wp-json\/wp\/v2\/categories?post=98514"},{"taxonomy":"post_tag","embeddable":true,"href":"https:\/\/infoecos.com.ar\/index.php\/wp-json\/wp\/v2\/tags?post=98514"}],"curies":[{"name":"wp","href":"https:\/\/api.w.org\/{rel}","templated":true}]}}