{"id":98638,"date":"2022-10-06T01:26:36","date_gmt":"2022-10-06T04:26:36","guid":{"rendered":"http:\/\/infoecos.com.ar\/?p=98638"},"modified":"2022-10-07T04:34:00","modified_gmt":"2022-10-07T07:34:00","slug":"a-partir-del-1-de-noviembre-habra-cambios-en-la-comercializacion-de-la-carne-vacuna","status":"publish","type":"post","link":"https:\/\/infoecos.com.ar\/index.php\/a-partir-del-1-de-noviembre-habra-cambios-en-la-comercializacion-de-la-carne-vacuna\/","title":{"rendered":"A partir del 1\u00b0 de Noviembre habr\u00e1 cambios en la comercializaci\u00f3n de la carne vacuna"},"content":{"rendered":"\n<p>A partir del 1\u00ba de noviembre habr\u00e1 cambios en la comercializaci\u00f3n de la carne vacuna: ya no se vender\u00e1 la media res sino cortes de hasta 32 kg.&nbsp;<\/p>\n\n\n\n<figure class=\"wp-block-image aligncenter size-full is-resized\"><img loading=\"lazy\" decoding=\"async\" src=\"http:\/\/infoecos.com.ar\/wp-content\/uploads\/20190319220831_.carniceria.jpg\" alt=\"\" class=\"wp-image-54900\" width=\"546\" height=\"327\"\/><figcaption>Corte de carne en carnicer\u00eda<\/figcaption><\/figure>\n\n\n\n<p>La medida se aplicar\u00e1 a trav\u00e9s de la una Resoluci\u00f3n conjunta de los ministerios de Trabajo, Agricultura, y Desarrollo Productivo, del pasado 21 de abril del 2021 que en su momento gener\u00f3 profundas diferencias en la cadena.<\/p>\n\n\n\n<p>A partir de esta decisi\u00f3n, se eliminar\u00e1n las medias reses y la carne llegar\u00e1 al consumidor a trav\u00e9s de un troceo o cuarteo de los animales en piezas de un peso inferior a los 32 kilos.&nbsp;<\/p>\n\n\n\n<p>Los frigor\u00edficos exportadores, que est\u00e1n a favor de la iniciativa, se\u00f1alaron que la misma beneficiar\u00e1 a los trabajadores, que dejar\u00e1n de cargar sobre sus hombros cerca de 100 kilos de carne.&nbsp;<\/p>\n\n\n\n<p>Adem\u00e1s, indicaron que \u00abprovocar\u00e1 ventajas econ\u00f3micas, se garantiza una mayor seguridad sanitaria ya que evita que la carne se arrastre por superficies cuando baja del cami\u00f3n hacia el punto de venta, y se mejorar\u00e1 la eficiencia del sector\u00bb.<\/p>\n\n\n\n<p>Y aseguraron que esta medida \u00abgenerar\u00e1 una baja de los precios en los mostradores\u00bb.<\/p>\n","protected":false},"excerpt":{"rendered":"<p>Se eliminar\u00e1n las medias reses y la carne llegar\u00e1 al consumidor a trav\u00e9s de un troceo o cuarteo de los animales en piezas de un peso inferior a los 32 kilos<\/p>\n","protected":false},"author":2,"featured_media":56224,"comment_status":"closed","ping_status":"open","sticky":false,"template":"","format":"standard","meta":{"footnotes":""},"categories":[26],"tags":[6930],"class_list":["post-98638","post","type-post","status-publish","format-standard","has-post-thumbnail","hentry","category-inferior6","tag-se-venderan-solo-cortes"],"yoast_head":"<!-- This site is optimized with the Yoast SEO plugin v23.4 - https:\/\/yoast.com\/wordpress\/plugins\/seo\/ -->\n<title>A partir del 1\u00b0 de Noviembre habr\u00e1 cambios en la comercializaci\u00f3n de la carne vacuna - Infoecos<\/title>\n<meta name=\"robots\" content=\"index, follow, max-snippet:-1, max-image-preview:large, max-video-preview:-1\" \/>\n<link rel=\"canonical\" href=\"https:\/\/infoecos.com.ar\/index.php\/a-partir-del-1-de-noviembre-habra-cambios-en-la-comercializacion-de-la-carne-vacuna\/\" \/>\n<meta property=\"og:locale\" content=\"es_ES\" \/>\n<meta property=\"og:type\" content=\"article\" \/>\n<meta property=\"og:title\" content=\"A partir del 1\u00b0 de Noviembre habr\u00e1 cambios en la comercializaci\u00f3n de la carne vacuna - Infoecos\" \/>\n<meta property=\"og:description\" content=\"Se eliminar\u00e1n las medias reses y la carne llegar\u00e1 al consumidor a trav\u00e9s de un troceo o cuarteo de los animales en piezas de un peso inferior a los 32 kilos\" \/>\n<meta property=\"og:url\" content=\"https:\/\/infoecos.com.ar\/index.php\/a-partir-del-1-de-noviembre-habra-cambios-en-la-comercializacion-de-la-carne-vacuna\/\" \/>\n<meta property=\"og:site_name\" content=\"Infoecos\" \/>\n<meta property=\"article:publisher\" content=\"https:\/\/www.facebook.com\/profile.php?id=100063200290284\" \/>\n<meta property=\"article:published_time\" content=\"2022-10-06T04:26:36+00:00\" \/>\n<meta property=\"article:modified_time\" content=\"2022-10-07T07:34:00+00:00\" \/>\n<meta property=\"og:image\" content=\"https:\/\/infoecos.com.ar\/wp-content\/uploads\/06-05-inaug-obras-en-Carnes-Pampeanas3.jpeg\" \/>\n\t<meta property=\"og:image:width\" content=\"768\" \/>\n\t<meta property=\"og:image:height\" content=\"1024\" \/>\n\t<meta property=\"og:image:type\" content=\"image\/jpeg\" \/>\n<meta name=\"author\" content=\"Jorge Matheus\" \/>\n<meta name=\"twitter:card\" content=\"summary_large_image\" \/>\n<meta name=\"twitter:creator\" content=\"@infoecos\" \/>\n<meta name=\"twitter:site\" content=\"@infoecos\" \/>\n<meta name=\"twitter:label1\" content=\"Escrito por\" \/>\n\t<meta name=\"twitter:data1\" content=\"Jorge Matheus\" \/>\n\t<meta name=\"twitter:label2\" content=\"Tiempo de lectura\" \/>\n\t<meta name=\"twitter:data2\" content=\"1 minuto\" \/>\n<script type=\"application\/ld+json\" class=\"yoast-schema-graph\">{\"@context\":\"https:\/\/schema.org\",\"@graph\":[{\"@type\":\"Article\",\"@id\":\"https:\/\/infoecos.com.ar\/index.php\/a-partir-del-1-de-noviembre-habra-cambios-en-la-comercializacion-de-la-carne-vacuna\/#article\",\"isPartOf\":{\"@id\":\"https:\/\/infoecos.com.ar\/index.php\/a-partir-del-1-de-noviembre-habra-cambios-en-la-comercializacion-de-la-carne-vacuna\/\"},\"author\":{\"name\":\"Jorge Matheus\",\"@id\":\"https:\/\/infoecos.com.ar\/#\/schema\/person\/8f5ace5ce73b4b4aac4b7245aee6f191\"},\"headline\":\"A partir del 1\u00b0 de Noviembre habr\u00e1 cambios en la comercializaci\u00f3n de la carne vacuna\",\"datePublished\":\"2022-10-06T04:26:36+00:00\",\"dateModified\":\"2022-10-07T07:34:00+00:00\",\"mainEntityOfPage\":{\"@id\":\"https:\/\/infoecos.com.ar\/index.php\/a-partir-del-1-de-noviembre-habra-cambios-en-la-comercializacion-de-la-carne-vacuna\/\"},\"wordCount\":215,\"publisher\":{\"@id\":\"https:\/\/infoecos.com.ar\/#organization\"},\"image\":{\"@id\":\"https:\/\/infoecos.com.ar\/index.php\/a-partir-del-1-de-noviembre-habra-cambios-en-la-comercializacion-de-la-carne-vacuna\/#primaryimage\"},\"thumbnailUrl\":\"\",\"keywords\":[\"se vender\u00e1n solo cortes\"],\"articleSection\":[\"Bloque inferior - 6\"],\"inLanguage\":\"es\"},{\"@type\":\"WebPage\",\"@id\":\"https:\/\/infoecos.com.ar\/index.php\/a-partir-del-1-de-noviembre-habra-cambios-en-la-comercializacion-de-la-carne-vacuna\/\",\"url\":\"https:\/\/infoecos.com.ar\/index.php\/a-partir-del-1-de-noviembre-habra-cambios-en-la-comercializacion-de-la-carne-vacuna\/\",\"name\":\"A partir del 1\u00b0 de Noviembre habr\u00e1 cambios en la comercializaci\u00f3n de la carne vacuna - Infoecos\",\"isPartOf\":{\"@id\":\"https:\/\/infoecos.com.ar\/#website\"},\"primaryImageOfPage\":{\"@id\":\"https:\/\/infoecos.com.ar\/index.php\/a-partir-del-1-de-noviembre-habra-cambios-en-la-comercializacion-de-la-carne-vacuna\/#primaryimage\"},\"image\":{\"@id\":\"https:\/\/infoecos.com.ar\/index.php\/a-partir-del-1-de-noviembre-habra-cambios-en-la-comercializacion-de-la-carne-vacuna\/#primaryimage\"},\"thumbnailUrl\":\"\",\"datePublished\":\"2022-10-06T04:26:36+00:00\",\"dateModified\":\"2022-10-07T07:34:00+00:00\",\"breadcrumb\":{\"@id\":\"https:\/\/infoecos.com.ar\/index.php\/a-partir-del-1-de-noviembre-habra-cambios-en-la-comercializacion-de-la-carne-vacuna\/#breadcrumb\"},\"inLanguage\":\"es\",\"potentialAction\":[{\"@type\":\"ReadAction\",\"target\":[\"https:\/\/infoecos.com.ar\/index.php\/a-partir-del-1-de-noviembre-habra-cambios-en-la-comercializacion-de-la-carne-vacuna\/\"]}]},{\"@type\":\"ImageObject\",\"inLanguage\":\"es\",\"@id\":\"https:\/\/infoecos.com.ar\/index.php\/a-partir-del-1-de-noviembre-habra-cambios-en-la-comercializacion-de-la-carne-vacuna\/#primaryimage\",\"url\":\"\",\"contentUrl\":\"\"},{\"@type\":\"BreadcrumbList\",\"@id\":\"https:\/\/infoecos.com.ar\/index.php\/a-partir-del-1-de-noviembre-habra-cambios-en-la-comercializacion-de-la-carne-vacuna\/#breadcrumb\",\"itemListElement\":[{\"@type\":\"ListItem\",\"position\":1,\"name\":\"Portada\",\"item\":\"https:\/\/infoecos.com.ar\/\"},{\"@type\":\"ListItem\",\"position\":2,\"name\":\"A partir del 1\u00b0 de Noviembre habr\u00e1 cambios en la comercializaci\u00f3n de la carne vacuna\"}]},{\"@type\":\"WebSite\",\"@id\":\"https:\/\/infoecos.com.ar\/#website\",\"url\":\"https:\/\/infoecos.com.ar\/\",\"name\":\"Infoecos\",\"description\":\"Noticias de trenque lauquen y la zona\",\"publisher\":{\"@id\":\"https:\/\/infoecos.com.ar\/#organization\"},\"alternateName\":\"Noticias\",\"potentialAction\":[{\"@type\":\"SearchAction\",\"target\":{\"@type\":\"EntryPoint\",\"urlTemplate\":\"https:\/\/infoecos.com.ar\/?s={search_term_string}\"},\"query-input\":{\"@type\":\"PropertyValueSpecification\",\"valueRequired\":true,\"valueName\":\"search_term_string\"}}],\"inLanguage\":\"es\"},{\"@type\":\"Organization\",\"@id\":\"https:\/\/infoecos.com.ar\/#organization\",\"name\":\"Infoecos\",\"alternateName\":\"Noticias\",\"url\":\"https:\/\/infoecos.com.ar\/\",\"logo\":{\"@type\":\"ImageObject\",\"inLanguage\":\"es\",\"@id\":\"https:\/\/infoecos.com.ar\/#\/schema\/logo\/image\/\",\"url\":\"https:\/\/infoecos.com.ar\/wp-content\/uploads\/2024\/03\/cropped-logo.png\",\"contentUrl\":\"https:\/\/infoecos.com.ar\/wp-content\/uploads\/2024\/03\/cropped-logo.png\",\"width\":374,\"height\":90,\"caption\":\"Infoecos\"},\"image\":{\"@id\":\"https:\/\/infoecos.com.ar\/#\/schema\/logo\/image\/\"},\"sameAs\":[\"https:\/\/www.facebook.com\/profile.php?id=100063200290284\",\"https:\/\/x.com\/infoecos\"]},{\"@type\":\"Person\",\"@id\":\"https:\/\/infoecos.com.ar\/#\/schema\/person\/8f5ace5ce73b4b4aac4b7245aee6f191\",\"name\":\"Jorge Matheus\",\"url\":\"https:\/\/infoecos.com.ar\/index.php\/author\/jomatheus\/\"}]}<\/script>\n<!-- \/ Yoast SEO plugin. -->","yoast_head_json":{"title":"A partir del 1\u00b0 de Noviembre habr\u00e1 cambios en la comercializaci\u00f3n de la carne vacuna - Infoecos","robots":{"index":"index","follow":"follow","max-snippet":"max-snippet:-1","max-image-preview":"max-image-preview:large","max-video-preview":"max-video-preview:-1"},"canonical":"https:\/\/infoecos.com.ar\/index.php\/a-partir-del-1-de-noviembre-habra-cambios-en-la-comercializacion-de-la-carne-vacuna\/","og_locale":"es_ES","og_type":"article","og_title":"A partir del 1\u00b0 de Noviembre habr\u00e1 cambios en la comercializaci\u00f3n de la carne vacuna - Infoecos","og_description":"Se eliminar\u00e1n las medias reses y la carne llegar\u00e1 al consumidor a trav\u00e9s de un troceo o cuarteo de los animales en piezas de un peso inferior a los 32 kilos","og_url":"https:\/\/infoecos.com.ar\/index.php\/a-partir-del-1-de-noviembre-habra-cambios-en-la-comercializacion-de-la-carne-vacuna\/","og_site_name":"Infoecos","article_publisher":"https:\/\/www.facebook.com\/profile.php?id=100063200290284","article_published_time":"2022-10-06T04:26:36+00:00","article_modified_time":"2022-10-07T07:34:00+00:00","og_image":[{"width":768,"height":1024,"url":"https:\/\/infoecos.com.ar\/wp-content\/uploads\/06-05-inaug-obras-en-Carnes-Pampeanas3.jpeg","type":"image\/jpeg"}],"author":"Jorge Matheus","twitter_card":"summary_large_image","twitter_creator":"@infoecos","twitter_site":"@infoecos","twitter_misc":{"Escrito por":"Jorge Matheus","Tiempo de lectura":"1 minuto"},"schema":{"@context":"https:\/\/schema.org","@graph":[{"@type":"Article","@id":"https:\/\/infoecos.com.ar\/index.php\/a-partir-del-1-de-noviembre-habra-cambios-en-la-comercializacion-de-la-carne-vacuna\/#article","isPartOf":{"@id":"https:\/\/infoecos.com.ar\/index.php\/a-partir-del-1-de-noviembre-habra-cambios-en-la-comercializacion-de-la-carne-vacuna\/"},"author":{"name":"Jorge Matheus","@id":"https:\/\/infoecos.com.ar\/#\/schema\/person\/8f5ace5ce73b4b4aac4b7245aee6f191"},"headline":"A partir del 1\u00b0 de Noviembre habr\u00e1 cambios en la comercializaci\u00f3n de la carne vacuna","datePublished":"2022-10-06T04:26:36+00:00","dateModified":"2022-10-07T07:34:00+00:00","mainEntityOfPage":{"@id":"https:\/\/infoecos.com.ar\/index.php\/a-partir-del-1-de-noviembre-habra-cambios-en-la-comercializacion-de-la-carne-vacuna\/"},"wordCount":215,"publisher":{"@id":"https:\/\/infoecos.com.ar\/#organization"},"image":{"@id":"https:\/\/infoecos.com.ar\/index.php\/a-partir-del-1-de-noviembre-habra-cambios-en-la-comercializacion-de-la-carne-vacuna\/#primaryimage"},"thumbnailUrl":"","keywords":["se vender\u00e1n solo cortes"],"articleSection":["Bloque inferior - 6"],"inLanguage":"es"},{"@type":"WebPage","@id":"https:\/\/infoecos.com.ar\/index.php\/a-partir-del-1-de-noviembre-habra-cambios-en-la-comercializacion-de-la-carne-vacuna\/","url":"https:\/\/infoecos.com.ar\/index.php\/a-partir-del-1-de-noviembre-habra-cambios-en-la-comercializacion-de-la-carne-vacuna\/","name":"A partir del 1\u00b0 de Noviembre habr\u00e1 cambios en la comercializaci\u00f3n de la carne vacuna - Infoecos","isPartOf":{"@id":"https:\/\/infoecos.com.ar\/#website"},"primaryImageOfPage":{"@id":"https:\/\/infoecos.com.ar\/index.php\/a-partir-del-1-de-noviembre-habra-cambios-en-la-comercializacion-de-la-carne-vacuna\/#primaryimage"},"image":{"@id":"https:\/\/infoecos.com.ar\/index.php\/a-partir-del-1-de-noviembre-habra-cambios-en-la-comercializacion-de-la-carne-vacuna\/#primaryimage"},"thumbnailUrl":"","datePublished":"2022-10-06T04:26:36+00:00","dateModified":"2022-10-07T07:34:00+00:00","breadcrumb":{"@id":"https:\/\/infoecos.com.ar\/index.php\/a-partir-del-1-de-noviembre-habra-cambios-en-la-comercializacion-de-la-carne-vacuna\/#breadcrumb"},"inLanguage":"es","potentialAction":[{"@type":"ReadAction","target":["https:\/\/infoecos.com.ar\/index.php\/a-partir-del-1-de-noviembre-habra-cambios-en-la-comercializacion-de-la-carne-vacuna\/"]}]},{"@type":"ImageObject","inLanguage":"es","@id":"https:\/\/infoecos.com.ar\/index.php\/a-partir-del-1-de-noviembre-habra-cambios-en-la-comercializacion-de-la-carne-vacuna\/#primaryimage","url":"","contentUrl":""},{"@type":"BreadcrumbList","@id":"https:\/\/infoecos.com.ar\/index.php\/a-partir-del-1-de-noviembre-habra-cambios-en-la-comercializacion-de-la-carne-vacuna\/#breadcrumb","itemListElement":[{"@type":"ListItem","position":1,"name":"Portada","item":"https:\/\/infoecos.com.ar\/"},{"@type":"ListItem","position":2,"name":"A partir del 1\u00b0 de Noviembre habr\u00e1 cambios en la comercializaci\u00f3n de la carne vacuna"}]},{"@type":"WebSite","@id":"https:\/\/infoecos.com.ar\/#website","url":"https:\/\/infoecos.com.ar\/","name":"Infoecos","description":"Noticias de trenque lauquen y la zona","publisher":{"@id":"https:\/\/infoecos.com.ar\/#organization"},"alternateName":"Noticias","potentialAction":[{"@type":"SearchAction","target":{"@type":"EntryPoint","urlTemplate":"https:\/\/infoecos.com.ar\/?s={search_term_string}"},"query-input":{"@type":"PropertyValueSpecification","valueRequired":true,"valueName":"search_term_string"}}],"inLanguage":"es"},{"@type":"Organization","@id":"https:\/\/infoecos.com.ar\/#organization","name":"Infoecos","alternateName":"Noticias","url":"https:\/\/infoecos.com.ar\/","logo":{"@type":"ImageObject","inLanguage":"es","@id":"https:\/\/infoecos.com.ar\/#\/schema\/logo\/image\/","url":"https:\/\/infoecos.com.ar\/wp-content\/uploads\/2024\/03\/cropped-logo.png","contentUrl":"https:\/\/infoecos.com.ar\/wp-content\/uploads\/2024\/03\/cropped-logo.png","width":374,"height":90,"caption":"Infoecos"},"image":{"@id":"https:\/\/infoecos.com.ar\/#\/schema\/logo\/image\/"},"sameAs":["https:\/\/www.facebook.com\/profile.php?id=100063200290284","https:\/\/x.com\/infoecos"]},{"@type":"Person","@id":"https:\/\/infoecos.com.ar\/#\/schema\/person\/8f5ace5ce73b4b4aac4b7245aee6f191","name":"Jorge Matheus","url":"https:\/\/infoecos.com.ar\/index.php\/author\/jomatheus\/"}]}},"featured_image_urls":{"full":"","thumbnail":"","medium":"","medium_large":"","large":"","1536x1536":"","2048x2048":"","covernews-slider-full":"","covernews-slider-center":"","covernews-featured":"","covernews-medium":"","covernews-medium-square":""},"author_info":{"info":["Jorge Matheus"]},"category_info":"<a href=\"https:\/\/infoecos.com.ar\/index.php\/category\/inferior6\/\" rel=\"category tag\">Bloque inferior - 6<\/a>","tag_info":"Bloque inferior - 6","comment_count":"0","_links":{"self":[{"href":"https:\/\/infoecos.com.ar\/index.php\/wp-json\/wp\/v2\/posts\/98638"}],"collection":[{"href":"https:\/\/infoecos.com.ar\/index.php\/wp-json\/wp\/v2\/posts"}],"about":[{"href":"https:\/\/infoecos.com.ar\/index.php\/wp-json\/wp\/v2\/types\/post"}],"author":[{"embeddable":true,"href":"https:\/\/infoecos.com.ar\/index.php\/wp-json\/wp\/v2\/users\/2"}],"replies":[{"embeddable":true,"href":"https:\/\/infoecos.com.ar\/index.php\/wp-json\/wp\/v2\/comments?post=98638"}],"version-history":[{"count":2,"href":"https:\/\/infoecos.com.ar\/index.php\/wp-json\/wp\/v2\/posts\/98638\/revisions"}],"predecessor-version":[{"id":98769,"href":"https:\/\/infoecos.com.ar\/index.php\/wp-json\/wp\/v2\/posts\/98638\/revisions\/98769"}],"wp:featuredmedia":[{"embeddable":true,"href":"https:\/\/infoecos.com.ar\/index.php\/wp-json\/"}],"wp:attachment":[{"href":"https:\/\/infoecos.com.ar\/index.php\/wp-json\/wp\/v2\/media?parent=98638"}],"wp:term":[{"taxonomy":"category","embeddable":true,"href":"https:\/\/infoecos.com.ar\/index.php\/wp-json\/wp\/v2\/categories?post=98638"},{"taxonomy":"post_tag","embeddable":true,"href":"https:\/\/infoecos.com.ar\/index.php\/wp-json\/wp\/v2\/tags?post=98638"}],"curies":[{"name":"wp","href":"https:\/\/api.w.org\/{rel}","templated":true}]}}