{"id":98640,"date":"2022-10-06T01:35:26","date_gmt":"2022-10-06T04:35:26","guid":{"rendered":"http:\/\/infoecos.com.ar\/?p=98640"},"modified":"2022-10-07T04:33:14","modified_gmt":"2022-10-07T07:33:14","slug":"dirigentes-del-frente-de-todos-por-la-4-seccion-electoral-se-reunieron-con-cristina-alvarez-rodriguez","status":"publish","type":"post","link":"https:\/\/infoecos.com.ar\/index.php\/dirigentes-del-frente-de-todos-por-la-4-seccion-electoral-se-reunieron-con-cristina-alvarez-rodriguez\/","title":{"rendered":"Dirigentes del Frente de Todos por la 4\u00b0 Secci\u00f3n Electoral se reunieron con Cristina \u00c1lvarez Rodr\u00edguez"},"content":{"rendered":"\n<p>La ministra de Gobierno bonaerense y su par de Comunicaci\u00f3n P\u00fablica, <strong>Jesica Rey<\/strong>, mantuvieron ayer <strong>una reuni\u00f3n de trabajo con legisladores y legisladoras provinciales, concejales y concejalas; y referentes y referentas de la Cuarta Secci\u00f3n Electoral<\/strong> en la que se realiz\u00f3 un seguimiento de las pol\u00edticas que la gesti\u00f3n del gobernador Axel Kicillof impulsa en cada uno de los municipios<em>.&nbsp;<\/em><\/p>\n\n\n\n<figure class=\"wp-block-image aligncenter size-large is-resized\"><img loading=\"lazy\" decoding=\"async\" src=\"http:\/\/infoecos.com.ar\/wp-content\/uploads\/2022\/10\/CAR_9360-920x614.jpg\" alt=\"\" class=\"wp-image-98641\" width=\"492\" height=\"328\" srcset=\"https:\/\/infoecos.com.ar\/wp-content\/uploads\/2022\/10\/CAR_9360-920x614.jpg 920w, https:\/\/infoecos.com.ar\/wp-content\/uploads\/2022\/10\/CAR_9360-460x307.jpg 460w, https:\/\/infoecos.com.ar\/wp-content\/uploads\/2022\/10\/CAR_9360-768x513.jpg 768w, https:\/\/infoecos.com.ar\/wp-content\/uploads\/2022\/10\/CAR_9360-1536x1020.jpg 1536w, https:\/\/infoecos.com.ar\/wp-content\/uploads\/2022\/10\/CAR_9360-2048x1367.jpg 2048w, https:\/\/infoecos.com.ar\/wp-content\/uploads\/2022\/10\/CAR_9360-1024x684.jpg 1024w, https:\/\/infoecos.com.ar\/wp-content\/uploads\/2022\/10\/CAR_9360-675x450.jpg 675w\" sizes=\"(max-width: 492px) 100vw, 492px\" \/><\/figure>\n\n\n\n<p>Participaron tambi\u00e9n el jefe de gabinete del Ministerio de Gobierno, Omar Furlan; el Secretario de Municipios de la Naci\u00f3n, Avelino Zurro; el subsecretario de planificaci\u00f3n de Jefatura de Gabinete, Luis Morales; el director provincial de Jefatura de Gabinete, Juan Pablo Garc\u00eda y el subsecretario de An\u00e1lisis y seguimiento Pol\u00edtico Estrat\u00e9gico, Agust\u00edn Robla.<\/p>\n\n\n\n<p>\u201cCompartimos un productivo encuentro de gesti\u00f3n en el que analizamos la situaci\u00f3n de cada municipio para seguir coordinando acciones y pol\u00edticas que den respuesta a las demandas de las y los vecinos. Tambi\u00e9n repasamos el avance de las obras que estamos ejecutando en cada distrito\u201d, expres\u00f3 Alvarez Rodr\u00edguez.<\/p>\n\n\n\n<figure class=\"wp-block-image aligncenter size-full is-resized\"><img loading=\"lazy\" decoding=\"async\" src=\"http:\/\/infoecos.com.ar\/wp-content\/uploads\/2022\/10\/alvarezridruka4.jpg\" alt=\"\" class=\"wp-image-98643\" width=\"469\" height=\"266\" srcset=\"https:\/\/infoecos.com.ar\/wp-content\/uploads\/2022\/10\/alvarezridruka4.jpg 790w, https:\/\/infoecos.com.ar\/wp-content\/uploads\/2022\/10\/alvarezridruka4-460x261.jpg 460w, https:\/\/infoecos.com.ar\/wp-content\/uploads\/2022\/10\/alvarezridruka4-768x436.jpg 768w\" sizes=\"(max-width: 469px) 100vw, 469px\" \/><\/figure>\n\n\n\n<p>Estuvieron presentes las diputadas provinciales Viviana Guzzo, Micaela Olivetto, Constanza Alonso y Valeria Arata; las y los senadores provinciales Malena Defunchio y Juanci Mart\u00ednez; el secretario legislativo de la C\u00e1mara de Diputados provincial, Mauricio Barrientos; los concejales\/as Lautaro Mazzutti (Jun\u00edn), Soledad Fern\u00e1ndez (Villegas), Leticia Badino (Trenque Lauquen), Ariel Luna (Trenque Lauquen), Mar\u00eda del Carmen Pan Rivas (Bragado), Patricia Gatti (Lincoln), Jorge Fern\u00e1ndez (Bragado).<\/p>\n\n\n\n<p>Tambi\u00e9n el director regional de IOMA Jun\u00edn, Mauricio Mart\u00edn; el titular de PAMI Jun\u00edn, Andr\u00e9s Merani, la jefa de Anses de Trenque Lauquen, Leticia Badino; el titular de Anses de Rivadavia, Hern\u00e1n Romero; la titular de Anses de Arenales, Silvia Lugano; el director provincial de inversi\u00f3n p\u00fablica del Ministerio de Hacienda y Finanzas, Emir Miranda y el delegado de Anses de Lincoln, Santiago Camer\u00f3n.<\/p>\n\n\n\n<p>Participaron adem\u00e1s Julieta Garello, Gustavo Traverso, Dar\u00edo Golia, Tom\u00e1s Dom\u00ednguez, Mariano Salvini, Joaqu\u00edn Labarca, Jorge Jord\u00e1n, Hector Trucco, Dar\u00edo Duretti, Ramiro San Pedro, Salvador Alonso, Horacio Delgado y Guillermo Rodr\u00edguez.<\/p>\n","protected":false},"excerpt":{"rendered":"<p>Tambi\u00e9n repasamos el avance de las obras que estamos ejecutando en cada distrito\u201d, expres\u00f3 Alvarez Rodr\u00edguez<\/p>\n","protected":false},"author":2,"featured_media":98641,"comment_status":"closed","ping_status":"open","sticky":false,"template":"","format":"standard","meta":{"footnotes":""},"categories":[44],"tags":[6931],"class_list":["post-98640","post","type-post","status-publish","format-standard","has-post-thumbnail","hentry","category-inferior5","tag-situacion-de-cada-distrito"],"yoast_head":"<!-- This site is optimized with the Yoast SEO plugin v23.4 - https:\/\/yoast.com\/wordpress\/plugins\/seo\/ -->\n<title>Dirigentes del Frente de Todos por la 4\u00b0 Secci\u00f3n Electoral se reunieron con Cristina \u00c1lvarez Rodr\u00edguez - Infoecos<\/title>\n<meta name=\"robots\" content=\"index, follow, max-snippet:-1, max-image-preview:large, max-video-preview:-1\" \/>\n<link rel=\"canonical\" href=\"https:\/\/infoecos.com.ar\/index.php\/dirigentes-del-frente-de-todos-por-la-4-seccion-electoral-se-reunieron-con-cristina-alvarez-rodriguez\/\" \/>\n<meta property=\"og:locale\" content=\"es_ES\" \/>\n<meta property=\"og:type\" content=\"article\" \/>\n<meta property=\"og:title\" content=\"Dirigentes del Frente de Todos por la 4\u00b0 Secci\u00f3n Electoral se reunieron con Cristina \u00c1lvarez Rodr\u00edguez - Infoecos\" \/>\n<meta property=\"og:description\" content=\"Tambi\u00e9n repasamos el avance de las obras que estamos ejecutando en cada distrito\u201d, expres\u00f3 Alvarez Rodr\u00edguez\" \/>\n<meta property=\"og:url\" content=\"https:\/\/infoecos.com.ar\/index.php\/dirigentes-del-frente-de-todos-por-la-4-seccion-electoral-se-reunieron-con-cristina-alvarez-rodriguez\/\" \/>\n<meta property=\"og:site_name\" content=\"Infoecos\" \/>\n<meta property=\"article:publisher\" content=\"https:\/\/www.facebook.com\/profile.php?id=100063200290284\" \/>\n<meta property=\"article:published_time\" content=\"2022-10-06T04:35:26+00:00\" \/>\n<meta property=\"article:modified_time\" content=\"2022-10-07T07:33:14+00:00\" \/>\n<meta property=\"og:image\" content=\"https:\/\/infoecos.com.ar\/wp-content\/uploads\/2022\/10\/CAR_9360-scaled.jpg\" \/>\n\t<meta property=\"og:image:width\" content=\"2560\" \/>\n\t<meta property=\"og:image:height\" content=\"1709\" \/>\n\t<meta property=\"og:image:type\" content=\"image\/jpeg\" \/>\n<meta name=\"author\" content=\"Jorge Matheus\" \/>\n<meta name=\"twitter:card\" content=\"summary_large_image\" \/>\n<meta name=\"twitter:creator\" content=\"@infoecos\" \/>\n<meta name=\"twitter:site\" content=\"@infoecos\" \/>\n<meta name=\"twitter:label1\" content=\"Escrito por\" \/>\n\t<meta name=\"twitter:data1\" content=\"Jorge Matheus\" \/>\n\t<meta name=\"twitter:label2\" content=\"Tiempo de lectura\" \/>\n\t<meta name=\"twitter:data2\" content=\"2 minutos\" \/>\n<script type=\"application\/ld+json\" class=\"yoast-schema-graph\">{\"@context\":\"https:\/\/schema.org\",\"@graph\":[{\"@type\":\"Article\",\"@id\":\"https:\/\/infoecos.com.ar\/index.php\/dirigentes-del-frente-de-todos-por-la-4-seccion-electoral-se-reunieron-con-cristina-alvarez-rodriguez\/#article\",\"isPartOf\":{\"@id\":\"https:\/\/infoecos.com.ar\/index.php\/dirigentes-del-frente-de-todos-por-la-4-seccion-electoral-se-reunieron-con-cristina-alvarez-rodriguez\/\"},\"author\":{\"name\":\"Jorge Matheus\",\"@id\":\"https:\/\/infoecos.com.ar\/#\/schema\/person\/8f5ace5ce73b4b4aac4b7245aee6f191\"},\"headline\":\"Dirigentes del Frente de Todos por la 4\u00b0 Secci\u00f3n Electoral se reunieron con Cristina \u00c1lvarez Rodr\u00edguez\",\"datePublished\":\"2022-10-06T04:35:26+00:00\",\"dateModified\":\"2022-10-07T07:33:14+00:00\",\"mainEntityOfPage\":{\"@id\":\"https:\/\/infoecos.com.ar\/index.php\/dirigentes-del-frente-de-todos-por-la-4-seccion-electoral-se-reunieron-con-cristina-alvarez-rodriguez\/\"},\"wordCount\":378,\"publisher\":{\"@id\":\"https:\/\/infoecos.com.ar\/#organization\"},\"image\":{\"@id\":\"https:\/\/infoecos.com.ar\/index.php\/dirigentes-del-frente-de-todos-por-la-4-seccion-electoral-se-reunieron-con-cristina-alvarez-rodriguez\/#primaryimage\"},\"thumbnailUrl\":\"https:\/\/infoecos.com.ar\/wp-content\/uploads\/2022\/10\/CAR_9360-scaled.jpg\",\"keywords\":[\"SITUACI\u00d3N DE CADA DISTRITO\"],\"articleSection\":[\"Bloque inferior - 5\"],\"inLanguage\":\"es\"},{\"@type\":\"WebPage\",\"@id\":\"https:\/\/infoecos.com.ar\/index.php\/dirigentes-del-frente-de-todos-por-la-4-seccion-electoral-se-reunieron-con-cristina-alvarez-rodriguez\/\",\"url\":\"https:\/\/infoecos.com.ar\/index.php\/dirigentes-del-frente-de-todos-por-la-4-seccion-electoral-se-reunieron-con-cristina-alvarez-rodriguez\/\",\"name\":\"Dirigentes del Frente de Todos por la 4\u00b0 Secci\u00f3n Electoral se reunieron con Cristina \u00c1lvarez Rodr\u00edguez - Infoecos\",\"isPartOf\":{\"@id\":\"https:\/\/infoecos.com.ar\/#website\"},\"primaryImageOfPage\":{\"@id\":\"https:\/\/infoecos.com.ar\/index.php\/dirigentes-del-frente-de-todos-por-la-4-seccion-electoral-se-reunieron-con-cristina-alvarez-rodriguez\/#primaryimage\"},\"image\":{\"@id\":\"https:\/\/infoecos.com.ar\/index.php\/dirigentes-del-frente-de-todos-por-la-4-seccion-electoral-se-reunieron-con-cristina-alvarez-rodriguez\/#primaryimage\"},\"thumbnailUrl\":\"https:\/\/infoecos.com.ar\/wp-content\/uploads\/2022\/10\/CAR_9360-scaled.jpg\",\"datePublished\":\"2022-10-06T04:35:26+00:00\",\"dateModified\":\"2022-10-07T07:33:14+00:00\",\"breadcrumb\":{\"@id\":\"https:\/\/infoecos.com.ar\/index.php\/dirigentes-del-frente-de-todos-por-la-4-seccion-electoral-se-reunieron-con-cristina-alvarez-rodriguez\/#breadcrumb\"},\"inLanguage\":\"es\",\"potentialAction\":[{\"@type\":\"ReadAction\",\"target\":[\"https:\/\/infoecos.com.ar\/index.php\/dirigentes-del-frente-de-todos-por-la-4-seccion-electoral-se-reunieron-con-cristina-alvarez-rodriguez\/\"]}]},{\"@type\":\"ImageObject\",\"inLanguage\":\"es\",\"@id\":\"https:\/\/infoecos.com.ar\/index.php\/dirigentes-del-frente-de-todos-por-la-4-seccion-electoral-se-reunieron-con-cristina-alvarez-rodriguez\/#primaryimage\",\"url\":\"https:\/\/infoecos.com.ar\/wp-content\/uploads\/2022\/10\/CAR_9360-scaled.jpg\",\"contentUrl\":\"https:\/\/infoecos.com.ar\/wp-content\/uploads\/2022\/10\/CAR_9360-scaled.jpg\",\"width\":2560,\"height\":1709},{\"@type\":\"BreadcrumbList\",\"@id\":\"https:\/\/infoecos.com.ar\/index.php\/dirigentes-del-frente-de-todos-por-la-4-seccion-electoral-se-reunieron-con-cristina-alvarez-rodriguez\/#breadcrumb\",\"itemListElement\":[{\"@type\":\"ListItem\",\"position\":1,\"name\":\"Portada\",\"item\":\"https:\/\/infoecos.com.ar\/\"},{\"@type\":\"ListItem\",\"position\":2,\"name\":\"Dirigentes del Frente de Todos por la 4\u00b0 Secci\u00f3n Electoral se reunieron con Cristina \u00c1lvarez Rodr\u00edguez\"}]},{\"@type\":\"WebSite\",\"@id\":\"https:\/\/infoecos.com.ar\/#website\",\"url\":\"https:\/\/infoecos.com.ar\/\",\"name\":\"Infoecos\",\"description\":\"Noticias de trenque lauquen y la zona\",\"publisher\":{\"@id\":\"https:\/\/infoecos.com.ar\/#organization\"},\"alternateName\":\"Noticias\",\"potentialAction\":[{\"@type\":\"SearchAction\",\"target\":{\"@type\":\"EntryPoint\",\"urlTemplate\":\"https:\/\/infoecos.com.ar\/?s={search_term_string}\"},\"query-input\":{\"@type\":\"PropertyValueSpecification\",\"valueRequired\":true,\"valueName\":\"search_term_string\"}}],\"inLanguage\":\"es\"},{\"@type\":\"Organization\",\"@id\":\"https:\/\/infoecos.com.ar\/#organization\",\"name\":\"Infoecos\",\"alternateName\":\"Noticias\",\"url\":\"https:\/\/infoecos.com.ar\/\",\"logo\":{\"@type\":\"ImageObject\",\"inLanguage\":\"es\",\"@id\":\"https:\/\/infoecos.com.ar\/#\/schema\/logo\/image\/\",\"url\":\"https:\/\/infoecos.com.ar\/wp-content\/uploads\/2024\/03\/cropped-logo.png\",\"contentUrl\":\"https:\/\/infoecos.com.ar\/wp-content\/uploads\/2024\/03\/cropped-logo.png\",\"width\":374,\"height\":90,\"caption\":\"Infoecos\"},\"image\":{\"@id\":\"https:\/\/infoecos.com.ar\/#\/schema\/logo\/image\/\"},\"sameAs\":[\"https:\/\/www.facebook.com\/profile.php?id=100063200290284\",\"https:\/\/x.com\/infoecos\"]},{\"@type\":\"Person\",\"@id\":\"https:\/\/infoecos.com.ar\/#\/schema\/person\/8f5ace5ce73b4b4aac4b7245aee6f191\",\"name\":\"Jorge Matheus\",\"url\":\"https:\/\/infoecos.com.ar\/index.php\/author\/jomatheus\/\"}]}<\/script>\n<!-- \/ Yoast SEO plugin. -->","yoast_head_json":{"title":"Dirigentes del Frente de Todos por la 4\u00b0 Secci\u00f3n Electoral se reunieron con Cristina \u00c1lvarez Rodr\u00edguez - Infoecos","robots":{"index":"index","follow":"follow","max-snippet":"max-snippet:-1","max-image-preview":"max-image-preview:large","max-video-preview":"max-video-preview:-1"},"canonical":"https:\/\/infoecos.com.ar\/index.php\/dirigentes-del-frente-de-todos-por-la-4-seccion-electoral-se-reunieron-con-cristina-alvarez-rodriguez\/","og_locale":"es_ES","og_type":"article","og_title":"Dirigentes del Frente de Todos por la 4\u00b0 Secci\u00f3n Electoral se reunieron con Cristina \u00c1lvarez Rodr\u00edguez - Infoecos","og_description":"Tambi\u00e9n repasamos el avance de las obras que estamos ejecutando en cada distrito\u201d, expres\u00f3 Alvarez Rodr\u00edguez","og_url":"https:\/\/infoecos.com.ar\/index.php\/dirigentes-del-frente-de-todos-por-la-4-seccion-electoral-se-reunieron-con-cristina-alvarez-rodriguez\/","og_site_name":"Infoecos","article_publisher":"https:\/\/www.facebook.com\/profile.php?id=100063200290284","article_published_time":"2022-10-06T04:35:26+00:00","article_modified_time":"2022-10-07T07:33:14+00:00","og_image":[{"width":2560,"height":1709,"url":"https:\/\/infoecos.com.ar\/wp-content\/uploads\/2022\/10\/CAR_9360-scaled.jpg","type":"image\/jpeg"}],"author":"Jorge Matheus","twitter_card":"summary_large_image","twitter_creator":"@infoecos","twitter_site":"@infoecos","twitter_misc":{"Escrito por":"Jorge Matheus","Tiempo de lectura":"2 minutos"},"schema":{"@context":"https:\/\/schema.org","@graph":[{"@type":"Article","@id":"https:\/\/infoecos.com.ar\/index.php\/dirigentes-del-frente-de-todos-por-la-4-seccion-electoral-se-reunieron-con-cristina-alvarez-rodriguez\/#article","isPartOf":{"@id":"https:\/\/infoecos.com.ar\/index.php\/dirigentes-del-frente-de-todos-por-la-4-seccion-electoral-se-reunieron-con-cristina-alvarez-rodriguez\/"},"author":{"name":"Jorge Matheus","@id":"https:\/\/infoecos.com.ar\/#\/schema\/person\/8f5ace5ce73b4b4aac4b7245aee6f191"},"headline":"Dirigentes del Frente de Todos por la 4\u00b0 Secci\u00f3n Electoral se reunieron con Cristina \u00c1lvarez Rodr\u00edguez","datePublished":"2022-10-06T04:35:26+00:00","dateModified":"2022-10-07T07:33:14+00:00","mainEntityOfPage":{"@id":"https:\/\/infoecos.com.ar\/index.php\/dirigentes-del-frente-de-todos-por-la-4-seccion-electoral-se-reunieron-con-cristina-alvarez-rodriguez\/"},"wordCount":378,"publisher":{"@id":"https:\/\/infoecos.com.ar\/#organization"},"image":{"@id":"https:\/\/infoecos.com.ar\/index.php\/dirigentes-del-frente-de-todos-por-la-4-seccion-electoral-se-reunieron-con-cristina-alvarez-rodriguez\/#primaryimage"},"thumbnailUrl":"https:\/\/infoecos.com.ar\/wp-content\/uploads\/2022\/10\/CAR_9360-scaled.jpg","keywords":["SITUACI\u00d3N DE CADA DISTRITO"],"articleSection":["Bloque inferior - 5"],"inLanguage":"es"},{"@type":"WebPage","@id":"https:\/\/infoecos.com.ar\/index.php\/dirigentes-del-frente-de-todos-por-la-4-seccion-electoral-se-reunieron-con-cristina-alvarez-rodriguez\/","url":"https:\/\/infoecos.com.ar\/index.php\/dirigentes-del-frente-de-todos-por-la-4-seccion-electoral-se-reunieron-con-cristina-alvarez-rodriguez\/","name":"Dirigentes del Frente de Todos por la 4\u00b0 Secci\u00f3n Electoral se reunieron con Cristina \u00c1lvarez Rodr\u00edguez - Infoecos","isPartOf":{"@id":"https:\/\/infoecos.com.ar\/#website"},"primaryImageOfPage":{"@id":"https:\/\/infoecos.com.ar\/index.php\/dirigentes-del-frente-de-todos-por-la-4-seccion-electoral-se-reunieron-con-cristina-alvarez-rodriguez\/#primaryimage"},"image":{"@id":"https:\/\/infoecos.com.ar\/index.php\/dirigentes-del-frente-de-todos-por-la-4-seccion-electoral-se-reunieron-con-cristina-alvarez-rodriguez\/#primaryimage"},"thumbnailUrl":"https:\/\/infoecos.com.ar\/wp-content\/uploads\/2022\/10\/CAR_9360-scaled.jpg","datePublished":"2022-10-06T04:35:26+00:00","dateModified":"2022-10-07T07:33:14+00:00","breadcrumb":{"@id":"https:\/\/infoecos.com.ar\/index.php\/dirigentes-del-frente-de-todos-por-la-4-seccion-electoral-se-reunieron-con-cristina-alvarez-rodriguez\/#breadcrumb"},"inLanguage":"es","potentialAction":[{"@type":"ReadAction","target":["https:\/\/infoecos.com.ar\/index.php\/dirigentes-del-frente-de-todos-por-la-4-seccion-electoral-se-reunieron-con-cristina-alvarez-rodriguez\/"]}]},{"@type":"ImageObject","inLanguage":"es","@id":"https:\/\/infoecos.com.ar\/index.php\/dirigentes-del-frente-de-todos-por-la-4-seccion-electoral-se-reunieron-con-cristina-alvarez-rodriguez\/#primaryimage","url":"https:\/\/infoecos.com.ar\/wp-content\/uploads\/2022\/10\/CAR_9360-scaled.jpg","contentUrl":"https:\/\/infoecos.com.ar\/wp-content\/uploads\/2022\/10\/CAR_9360-scaled.jpg","width":2560,"height":1709},{"@type":"BreadcrumbList","@id":"https:\/\/infoecos.com.ar\/index.php\/dirigentes-del-frente-de-todos-por-la-4-seccion-electoral-se-reunieron-con-cristina-alvarez-rodriguez\/#breadcrumb","itemListElement":[{"@type":"ListItem","position":1,"name":"Portada","item":"https:\/\/infoecos.com.ar\/"},{"@type":"ListItem","position":2,"name":"Dirigentes del Frente de Todos por la 4\u00b0 Secci\u00f3n Electoral se reunieron con Cristina \u00c1lvarez Rodr\u00edguez"}]},{"@type":"WebSite","@id":"https:\/\/infoecos.com.ar\/#website","url":"https:\/\/infoecos.com.ar\/","name":"Infoecos","description":"Noticias de trenque lauquen y la zona","publisher":{"@id":"https:\/\/infoecos.com.ar\/#organization"},"alternateName":"Noticias","potentialAction":[{"@type":"SearchAction","target":{"@type":"EntryPoint","urlTemplate":"https:\/\/infoecos.com.ar\/?s={search_term_string}"},"query-input":{"@type":"PropertyValueSpecification","valueRequired":true,"valueName":"search_term_string"}}],"inLanguage":"es"},{"@type":"Organization","@id":"https:\/\/infoecos.com.ar\/#organization","name":"Infoecos","alternateName":"Noticias","url":"https:\/\/infoecos.com.ar\/","logo":{"@type":"ImageObject","inLanguage":"es","@id":"https:\/\/infoecos.com.ar\/#\/schema\/logo\/image\/","url":"https:\/\/infoecos.com.ar\/wp-content\/uploads\/2024\/03\/cropped-logo.png","contentUrl":"https:\/\/infoecos.com.ar\/wp-content\/uploads\/2024\/03\/cropped-logo.png","width":374,"height":90,"caption":"Infoecos"},"image":{"@id":"https:\/\/infoecos.com.ar\/#\/schema\/logo\/image\/"},"sameAs":["https:\/\/www.facebook.com\/profile.php?id=100063200290284","https:\/\/x.com\/infoecos"]},{"@type":"Person","@id":"https:\/\/infoecos.com.ar\/#\/schema\/person\/8f5ace5ce73b4b4aac4b7245aee6f191","name":"Jorge Matheus","url":"https:\/\/infoecos.com.ar\/index.php\/author\/jomatheus\/"}]}},"featured_image_urls":{"full":["https:\/\/infoecos.com.ar\/wp-content\/uploads\/2022\/10\/CAR_9360-scaled.jpg",2560,1709,false],"thumbnail":["https:\/\/infoecos.com.ar\/wp-content\/uploads\/2022\/10\/CAR_9360-150x150.jpg",150,150,true],"medium":["https:\/\/infoecos.com.ar\/wp-content\/uploads\/2022\/10\/CAR_9360-460x307.jpg",460,307,true],"medium_large":["https:\/\/infoecos.com.ar\/wp-content\/uploads\/2022\/10\/CAR_9360-768x513.jpg",640,428,true],"large":["https:\/\/infoecos.com.ar\/wp-content\/uploads\/2022\/10\/CAR_9360-920x614.jpg",640,427,true],"1536x1536":["https:\/\/infoecos.com.ar\/wp-content\/uploads\/2022\/10\/CAR_9360-1536x1025.jpg",1536,1025,true],"2048x2048":["https:\/\/infoecos.com.ar\/wp-content\/uploads\/2022\/10\/CAR_9360-2048x1367.jpg",2048,1367,true],"covernews-slider-full":["https:\/\/infoecos.com.ar\/wp-content\/uploads\/2022\/10\/CAR_9360-1536x1020.jpg",1077,715,true],"covernews-slider-center":["https:\/\/infoecos.com.ar\/wp-content\/uploads\/2022\/10\/CAR_9360-936x897.jpg",522,500,true],"covernews-featured":["https:\/\/infoecos.com.ar\/wp-content\/uploads\/2022\/10\/CAR_9360-1024x684.jpg",1024,684,true],"covernews-medium":["https:\/\/infoecos.com.ar\/wp-content\/uploads\/2022\/10\/CAR_9360-720x380.jpg",540,285,true],"covernews-medium-square":["https:\/\/infoecos.com.ar\/wp-content\/uploads\/2022\/10\/CAR_9360-675x450.jpg",375,250,true]},"author_info":{"info":["Jorge Matheus"]},"category_info":"<a href=\"https:\/\/infoecos.com.ar\/index.php\/category\/inferior5\/\" rel=\"category tag\">Bloque inferior - 5<\/a>","tag_info":"Bloque inferior - 5","comment_count":"0","_links":{"self":[{"href":"https:\/\/infoecos.com.ar\/index.php\/wp-json\/wp\/v2\/posts\/98640"}],"collection":[{"href":"https:\/\/infoecos.com.ar\/index.php\/wp-json\/wp\/v2\/posts"}],"about":[{"href":"https:\/\/infoecos.com.ar\/index.php\/wp-json\/wp\/v2\/types\/post"}],"author":[{"embeddable":true,"href":"https:\/\/infoecos.com.ar\/index.php\/wp-json\/wp\/v2\/users\/2"}],"replies":[{"embeddable":true,"href":"https:\/\/infoecos.com.ar\/index.php\/wp-json\/wp\/v2\/comments?post=98640"}],"version-history":[{"count":3,"href":"https:\/\/infoecos.com.ar\/index.php\/wp-json\/wp\/v2\/posts\/98640\/revisions"}],"predecessor-version":[{"id":98768,"href":"https:\/\/infoecos.com.ar\/index.php\/wp-json\/wp\/v2\/posts\/98640\/revisions\/98768"}],"wp:featuredmedia":[{"embeddable":true,"href":"https:\/\/infoecos.com.ar\/index.php\/wp-json\/wp\/v2\/media\/98641"}],"wp:attachment":[{"href":"https:\/\/infoecos.com.ar\/index.php\/wp-json\/wp\/v2\/media?parent=98640"}],"wp:term":[{"taxonomy":"category","embeddable":true,"href":"https:\/\/infoecos.com.ar\/index.php\/wp-json\/wp\/v2\/categories?post=98640"},{"taxonomy":"post_tag","embeddable":true,"href":"https:\/\/infoecos.com.ar\/index.php\/wp-json\/wp\/v2\/tags?post=98640"}],"curies":[{"name":"wp","href":"https:\/\/api.w.org\/{rel}","templated":true}]}}