{"id":98691,"date":"2022-10-06T17:48:08","date_gmt":"2022-10-06T20:48:08","guid":{"rendered":"http:\/\/infoecos.com.ar\/?p=98691"},"modified":"2022-10-11T02:57:44","modified_gmt":"2022-10-11T05:57:44","slug":"georgina-meloni-podria-jurar-como-primera-ministra-de-italia-el-18-o-19-de-octubre","status":"publish","type":"post","link":"https:\/\/infoecos.com.ar\/index.php\/georgina-meloni-podria-jurar-como-primera-ministra-de-italia-el-18-o-19-de-octubre\/","title":{"rendered":"Georgina Meloni podr\u00eda jurar como Primera Ministra de Italia el 18 o 19 de Octubre"},"content":{"rendered":"\n<p><strong>Giorgia Meloni<\/strong>, presidenta de&nbsp;<strong>Fratelli d\u2019Italia (FDI), el partido que gan\u00f3 el pasado 25 de se<\/strong>ptiembre las elecciones parlamentarias italianas, podr\u00eda jurar como primera ministra el 18 o 19 de octubre.<\/p>\n\n\n\n<figure class=\"wp-block-image aligncenter size-large\"><img loading=\"lazy\" decoding=\"async\" width=\"920\" height=\"518\" src=\"http:\/\/infoecos.com.ar\/wp-content\/uploads\/2022\/10\/2022-2022-09-26t112811942jpg-920x518.webp\" alt=\"\" class=\"wp-image-98692\" srcset=\"https:\/\/infoecos.com.ar\/wp-content\/uploads\/2022\/10\/2022-2022-09-26t112811942jpg-920x518.webp 920w, https:\/\/infoecos.com.ar\/wp-content\/uploads\/2022\/10\/2022-2022-09-26t112811942jpg-460x259.webp 460w, https:\/\/infoecos.com.ar\/wp-content\/uploads\/2022\/10\/2022-2022-09-26t112811942jpg-768x432.webp 768w, https:\/\/infoecos.com.ar\/wp-content\/uploads\/2022\/10\/2022-2022-09-26t112811942jpg-1024x576.webp 1024w, https:\/\/infoecos.com.ar\/wp-content\/uploads\/2022\/10\/2022-2022-09-26t112811942jpg.webp 1200w\" sizes=\"(max-width: 920px) 100vw, 920px\" \/><figcaption>Georgina Meloni<\/figcaption><\/figure>\n\n\n\n<p>Dado que su alianza tiene la mayor\u00eda absoluta en el Parlamento (235 sobre un total de 400 diputados y 112 senadores sobre un total de 200), el nuevo gobierno podr\u00eda ser aprobado por el Parlamento en poco tiempo.<\/p>\n\n\n\n<p>En Italia la elecci\u00f3n del primer ministro no es directa sino que prev\u00e9 una primera reuni\u00f3n de la C\u00e1mara de Diputados y del Senado (el 13 y 15 de octubre) y luego las consultas del presidente de Italia, Sergio Mattarella, con los partidos.<\/p>\n\n\n\n<figure class=\"wp-block-image aligncenter size-full\"><img loading=\"lazy\" decoding=\"async\" width=\"777\" height=\"628\" src=\"http:\/\/infoecos.com.ar\/wp-content\/uploads\/2022\/10\/310558639_517407360391928_2247410062838966696_n.jpg\" alt=\"\" class=\"wp-image-98693\" srcset=\"https:\/\/infoecos.com.ar\/wp-content\/uploads\/2022\/10\/310558639_517407360391928_2247410062838966696_n.jpg 777w, https:\/\/infoecos.com.ar\/wp-content\/uploads\/2022\/10\/310558639_517407360391928_2247410062838966696_n-460x372.jpg 460w, https:\/\/infoecos.com.ar\/wp-content\/uploads\/2022\/10\/310558639_517407360391928_2247410062838966696_n-768x621.jpg 768w\" sizes=\"(max-width: 777px) 100vw, 777px\" \/><figcaption>Georgina Meloni<\/figcaption><\/figure>\n\n\n\n<p>Los analistas internacionales e italianos se\u00f1alan que entre los<strong>&nbsp;<\/strong>objetivos principales del nuevo gobierno, se destaca la&nbsp;crisis energ\u00e9tica que Italia podr\u00eda sufrir el pr\u00f3ximo invierno a causa de la guerra en Ucrania, dado que buena parte del gas se lo compraba a Rusia. Y como parte de la crisis energ\u00e9tica, el otro tema es el precio cada vez m\u00e1s elevado de las facturas de gas y luz que est\u00e1n recibiendo los ciudadanos italianos.<\/p>\n\n\n\n<figure class=\"wp-block-image aligncenter size-full is-resized\"><img loading=\"lazy\" decoding=\"async\" src=\"http:\/\/infoecos.com.ar\/wp-content\/uploads\/2022\/10\/311120834_517408717058459_2806039448005226009_n.jpg\" alt=\"\" class=\"wp-image-98694\" width=\"805\" height=\"841\" srcset=\"https:\/\/infoecos.com.ar\/wp-content\/uploads\/2022\/10\/311120834_517408717058459_2806039448005226009_n.jpg 444w, https:\/\/infoecos.com.ar\/wp-content\/uploads\/2022\/10\/311120834_517408717058459_2806039448005226009_n-440x460.jpg 440w\" sizes=\"(max-width: 805px) 100vw, 805px\" \/><figcaption>Georgina Meloni<\/figcaption><\/figure>\n\n\n\n<p><strong>Qui\u00e9n es Georgina Meloni &#8211; Descripci\u00f3n en el diario P\u00e1gina 12<\/strong><\/p>\n\n\n\n<p>Nacida en Roma en 1977, Meloni se interes\u00f3 en la pol\u00edtica desde muy jovencita. A los 15 a\u00f1os entr\u00f3 en el Frente de la Juventud, una organizaci\u00f3n de j\u00f3venes del Movimiento Social Italiano, un partido de derecha, heredero del partido fascista, que luego pas\u00f3 a llamarse Alianza Nacional y con el que se candidate\u00f3 a consejera de la provincia de Roma en 1998 y fue elegida.<\/p>\n\n\n\n<p>En 2001 la dirigencia de Alianza Nacional la nombr\u00f3 coordinadora del comit\u00e9 nacional de Acci\u00f3n J\u00f3venes. En 2008, cuando ten\u00eda poco m\u00e1s de 30 a\u00f1os, fue nombrada Ministra para la Juventud por el entonces primer ministro Silvio Berlusconi. Y en 2012 decidi\u00f3 con otros de sus correligionarios, fundar otro partido de derecha, Fratelli d\u2019Italia. Desde 2006 es diputada y desde 2006 a 2008 fue vicepresidente de la C\u00e1mara de Diputados.<\/p>\n\n\n\n<p>Seg\u00fan algunas fuentes, Meloni tiene una visi\u00f3n de la pol\u00edtica internacional muy cercana a Estados Unidos y mantiene buenas relaciones con el sector del Partido Republicano cercano a Donald Trump. Por otro lado, tal como su amigo Matteo Salvini,&nbsp;<strong>se opone a los migrantes y a conceder la ciudadan\u00eda a los hijos de migrantes nacidos y crecidos en Italia.<\/strong>&nbsp;Tambi\u00e9n se opone a recibir a los migrantes que escapan de guerras, persecuciones o pobreza porque no quiere una sociedad multicultural que, seg\u00fan ella, destruir\u00eda la sociedad italiana y su identidad cultural. Pero diciendo esto desconoce los millones de migrantes italianos que escaparon de la pobreza y de las guerras desde principios del 1900 y que fueron acogidos y se integraron difundiendo su cultura en pa\u00edses como Argentina, Venezuela, Brasil o Estados Unidos, s\u00f3lo por dar algunos ejemplos.<\/p>\n\n\n\n<figure class=\"wp-block-gallery has-nested-images columns-default is-cropped wp-block-gallery-1 is-layout-flex wp-block-gallery-is-layout-flex\">\n<figure class=\"wp-block-image size-large\"><img loading=\"lazy\" decoding=\"async\" width=\"181\" height=\"245\" data-id=\"98695\" src=\"http:\/\/infoecos.com.ar\/wp-content\/uploads\/2022\/10\/310474175_517407133725284_2164425259037419093_n.jpg\" alt=\"\" class=\"wp-image-98695\"\/><figcaption>Georgina Meloni<\/figcaption><\/figure>\n\n\n\n<figure class=\"wp-block-image size-large\"><img loading=\"lazy\" decoding=\"async\" width=\"802\" height=\"720\" data-id=\"98696\" src=\"http:\/\/infoecos.com.ar\/wp-content\/uploads\/2022\/10\/310547383_517407977058533_6300438938232298407_n.jpg\" alt=\"\" class=\"wp-image-98696\" srcset=\"https:\/\/infoecos.com.ar\/wp-content\/uploads\/2022\/10\/310547383_517407977058533_6300438938232298407_n.jpg 802w, https:\/\/infoecos.com.ar\/wp-content\/uploads\/2022\/10\/310547383_517407977058533_6300438938232298407_n-460x413.jpg 460w, https:\/\/infoecos.com.ar\/wp-content\/uploads\/2022\/10\/310547383_517407977058533_6300438938232298407_n-768x689.jpg 768w\" sizes=\"(max-width: 802px) 100vw, 802px\" \/><figcaption>Georgina Meloni<\/figcaption><\/figure>\n\n\n\n<figure class=\"wp-block-image size-large\"><img loading=\"lazy\" decoding=\"async\" width=\"777\" height=\"628\" data-id=\"98698\" src=\"http:\/\/infoecos.com.ar\/wp-content\/uploads\/2022\/10\/310558639_517407360391928_2247410062838966696_n-1.jpg\" alt=\"\" class=\"wp-image-98698\" srcset=\"https:\/\/infoecos.com.ar\/wp-content\/uploads\/2022\/10\/310558639_517407360391928_2247410062838966696_n-1.jpg 777w, https:\/\/infoecos.com.ar\/wp-content\/uploads\/2022\/10\/310558639_517407360391928_2247410062838966696_n-1-460x372.jpg 460w, https:\/\/infoecos.com.ar\/wp-content\/uploads\/2022\/10\/310558639_517407360391928_2247410062838966696_n-1-768x621.jpg 768w\" sizes=\"(max-width: 777px) 100vw, 777px\" \/><figcaption>Georgina Meloni<\/figcaption><\/figure>\n\n\n\n<figure class=\"wp-block-image size-large\"><img loading=\"lazy\" decoding=\"async\" width=\"609\" height=\"741\" data-id=\"98697\" src=\"http:\/\/infoecos.com.ar\/wp-content\/uploads\/2022\/10\/311099238_517407250391939_6397639467609250995_n.jpg\" alt=\"\" class=\"wp-image-98697\" srcset=\"https:\/\/infoecos.com.ar\/wp-content\/uploads\/2022\/10\/311099238_517407250391939_6397639467609250995_n.jpg 609w, https:\/\/infoecos.com.ar\/wp-content\/uploads\/2022\/10\/311099238_517407250391939_6397639467609250995_n-378x460.jpg 378w\" sizes=\"(max-width: 609px) 100vw, 609px\" \/><figcaption>Georgina Meloni<\/figcaption><\/figure>\n\n\n\n<figure class=\"wp-block-image size-large\"><img loading=\"lazy\" decoding=\"async\" width=\"444\" height=\"464\" data-id=\"98699\" src=\"http:\/\/infoecos.com.ar\/wp-content\/uploads\/2022\/10\/311120834_517408717058459_2806039448005226009_n-1.jpg\" alt=\"\" class=\"wp-image-98699\" srcset=\"https:\/\/infoecos.com.ar\/wp-content\/uploads\/2022\/10\/311120834_517408717058459_2806039448005226009_n-1.jpg 444w, https:\/\/infoecos.com.ar\/wp-content\/uploads\/2022\/10\/311120834_517408717058459_2806039448005226009_n-1-440x460.jpg 440w\" sizes=\"(max-width: 444px) 100vw, 444px\" \/><figcaption>Georgina Meloni<\/figcaption><\/figure>\n<\/figure>\n","protected":false},"excerpt":{"rendered":"<p>Ideolog\u00eda: Derecha. Atributos: inteligente, estudiosa, de antecedentes pol\u00edticos interesantes y bella<\/p>\n","protected":false},"author":2,"featured_media":98698,"comment_status":"closed","ping_status":"open","sticky":false,"template":"","format":"standard","meta":{"footnotes":""},"categories":[43],"tags":[6944],"class_list":["post-98691","post","type-post","status-publish","format-standard","has-post-thumbnail","hentry","category-inferior4","tag-objetivos-que-se-plantea"],"yoast_head":"<!-- This site is optimized with the Yoast SEO plugin v23.4 - https:\/\/yoast.com\/wordpress\/plugins\/seo\/ -->\n<title>Georgina Meloni podr\u00eda jurar como Primera Ministra de Italia el 18 o 19 de Octubre - Infoecos<\/title>\n<meta name=\"robots\" content=\"index, follow, max-snippet:-1, max-image-preview:large, max-video-preview:-1\" \/>\n<link rel=\"canonical\" href=\"https:\/\/infoecos.com.ar\/index.php\/georgina-meloni-podria-jurar-como-primera-ministra-de-italia-el-18-o-19-de-octubre\/\" \/>\n<meta property=\"og:locale\" content=\"es_ES\" \/>\n<meta property=\"og:type\" content=\"article\" \/>\n<meta property=\"og:title\" content=\"Georgina Meloni podr\u00eda jurar como Primera Ministra de Italia el 18 o 19 de Octubre - Infoecos\" \/>\n<meta property=\"og:description\" content=\"Ideolog\u00eda: Derecha. Atributos: inteligente, estudiosa, de antecedentes pol\u00edticos interesantes y bella\" \/>\n<meta property=\"og:url\" content=\"https:\/\/infoecos.com.ar\/index.php\/georgina-meloni-podria-jurar-como-primera-ministra-de-italia-el-18-o-19-de-octubre\/\" \/>\n<meta property=\"og:site_name\" content=\"Infoecos\" \/>\n<meta property=\"article:publisher\" content=\"https:\/\/www.facebook.com\/profile.php?id=100063200290284\" \/>\n<meta property=\"article:published_time\" content=\"2022-10-06T20:48:08+00:00\" \/>\n<meta property=\"article:modified_time\" content=\"2022-10-11T05:57:44+00:00\" \/>\n<meta property=\"og:image\" content=\"https:\/\/infoecos.com.ar\/wp-content\/uploads\/2022\/10\/310558639_517407360391928_2247410062838966696_n-1.jpg\" \/>\n\t<meta property=\"og:image:width\" content=\"777\" \/>\n\t<meta property=\"og:image:height\" content=\"628\" \/>\n\t<meta property=\"og:image:type\" content=\"image\/jpeg\" \/>\n<meta name=\"author\" content=\"Jorge Matheus\" \/>\n<meta name=\"twitter:card\" content=\"summary_large_image\" \/>\n<meta name=\"twitter:creator\" content=\"@infoecos\" \/>\n<meta name=\"twitter:site\" content=\"@infoecos\" \/>\n<meta name=\"twitter:label1\" content=\"Escrito por\" \/>\n\t<meta name=\"twitter:data1\" content=\"Jorge Matheus\" \/>\n\t<meta name=\"twitter:label2\" content=\"Tiempo de lectura\" \/>\n\t<meta name=\"twitter:data2\" content=\"3 minutos\" \/>\n<script type=\"application\/ld+json\" class=\"yoast-schema-graph\">{\"@context\":\"https:\/\/schema.org\",\"@graph\":[{\"@type\":\"Article\",\"@id\":\"https:\/\/infoecos.com.ar\/index.php\/georgina-meloni-podria-jurar-como-primera-ministra-de-italia-el-18-o-19-de-octubre\/#article\",\"isPartOf\":{\"@id\":\"https:\/\/infoecos.com.ar\/index.php\/georgina-meloni-podria-jurar-como-primera-ministra-de-italia-el-18-o-19-de-octubre\/\"},\"author\":{\"name\":\"Jorge Matheus\",\"@id\":\"https:\/\/infoecos.com.ar\/#\/schema\/person\/8f5ace5ce73b4b4aac4b7245aee6f191\"},\"headline\":\"Georgina Meloni podr\u00eda jurar como Primera Ministra de Italia el 18 o 19 de Octubre\",\"datePublished\":\"2022-10-06T20:48:08+00:00\",\"dateModified\":\"2022-10-11T05:57:44+00:00\",\"mainEntityOfPage\":{\"@id\":\"https:\/\/infoecos.com.ar\/index.php\/georgina-meloni-podria-jurar-como-primera-ministra-de-italia-el-18-o-19-de-octubre\/\"},\"wordCount\":521,\"publisher\":{\"@id\":\"https:\/\/infoecos.com.ar\/#organization\"},\"image\":{\"@id\":\"https:\/\/infoecos.com.ar\/index.php\/georgina-meloni-podria-jurar-como-primera-ministra-de-italia-el-18-o-19-de-octubre\/#primaryimage\"},\"thumbnailUrl\":\"https:\/\/infoecos.com.ar\/wp-content\/uploads\/2022\/10\/310558639_517407360391928_2247410062838966696_n-1.jpg\",\"keywords\":[\"objetivos que se plantea\"],\"articleSection\":[\"Bloque inferior - 4\"],\"inLanguage\":\"es\"},{\"@type\":\"WebPage\",\"@id\":\"https:\/\/infoecos.com.ar\/index.php\/georgina-meloni-podria-jurar-como-primera-ministra-de-italia-el-18-o-19-de-octubre\/\",\"url\":\"https:\/\/infoecos.com.ar\/index.php\/georgina-meloni-podria-jurar-como-primera-ministra-de-italia-el-18-o-19-de-octubre\/\",\"name\":\"Georgina Meloni podr\u00eda jurar como Primera Ministra de Italia el 18 o 19 de Octubre - Infoecos\",\"isPartOf\":{\"@id\":\"https:\/\/infoecos.com.ar\/#website\"},\"primaryImageOfPage\":{\"@id\":\"https:\/\/infoecos.com.ar\/index.php\/georgina-meloni-podria-jurar-como-primera-ministra-de-italia-el-18-o-19-de-octubre\/#primaryimage\"},\"image\":{\"@id\":\"https:\/\/infoecos.com.ar\/index.php\/georgina-meloni-podria-jurar-como-primera-ministra-de-italia-el-18-o-19-de-octubre\/#primaryimage\"},\"thumbnailUrl\":\"https:\/\/infoecos.com.ar\/wp-content\/uploads\/2022\/10\/310558639_517407360391928_2247410062838966696_n-1.jpg\",\"datePublished\":\"2022-10-06T20:48:08+00:00\",\"dateModified\":\"2022-10-11T05:57:44+00:00\",\"breadcrumb\":{\"@id\":\"https:\/\/infoecos.com.ar\/index.php\/georgina-meloni-podria-jurar-como-primera-ministra-de-italia-el-18-o-19-de-octubre\/#breadcrumb\"},\"inLanguage\":\"es\",\"potentialAction\":[{\"@type\":\"ReadAction\",\"target\":[\"https:\/\/infoecos.com.ar\/index.php\/georgina-meloni-podria-jurar-como-primera-ministra-de-italia-el-18-o-19-de-octubre\/\"]}]},{\"@type\":\"ImageObject\",\"inLanguage\":\"es\",\"@id\":\"https:\/\/infoecos.com.ar\/index.php\/georgina-meloni-podria-jurar-como-primera-ministra-de-italia-el-18-o-19-de-octubre\/#primaryimage\",\"url\":\"https:\/\/infoecos.com.ar\/wp-content\/uploads\/2022\/10\/310558639_517407360391928_2247410062838966696_n-1.jpg\",\"contentUrl\":\"https:\/\/infoecos.com.ar\/wp-content\/uploads\/2022\/10\/310558639_517407360391928_2247410062838966696_n-1.jpg\",\"width\":777,\"height\":628},{\"@type\":\"BreadcrumbList\",\"@id\":\"https:\/\/infoecos.com.ar\/index.php\/georgina-meloni-podria-jurar-como-primera-ministra-de-italia-el-18-o-19-de-octubre\/#breadcrumb\",\"itemListElement\":[{\"@type\":\"ListItem\",\"position\":1,\"name\":\"Portada\",\"item\":\"https:\/\/infoecos.com.ar\/\"},{\"@type\":\"ListItem\",\"position\":2,\"name\":\"Georgina Meloni podr\u00eda jurar como Primera Ministra de Italia el 18 o 19 de Octubre\"}]},{\"@type\":\"WebSite\",\"@id\":\"https:\/\/infoecos.com.ar\/#website\",\"url\":\"https:\/\/infoecos.com.ar\/\",\"name\":\"Infoecos\",\"description\":\"Noticias de trenque lauquen y la zona\",\"publisher\":{\"@id\":\"https:\/\/infoecos.com.ar\/#organization\"},\"alternateName\":\"Noticias\",\"potentialAction\":[{\"@type\":\"SearchAction\",\"target\":{\"@type\":\"EntryPoint\",\"urlTemplate\":\"https:\/\/infoecos.com.ar\/?s={search_term_string}\"},\"query-input\":{\"@type\":\"PropertyValueSpecification\",\"valueRequired\":true,\"valueName\":\"search_term_string\"}}],\"inLanguage\":\"es\"},{\"@type\":\"Organization\",\"@id\":\"https:\/\/infoecos.com.ar\/#organization\",\"name\":\"Infoecos\",\"alternateName\":\"Noticias\",\"url\":\"https:\/\/infoecos.com.ar\/\",\"logo\":{\"@type\":\"ImageObject\",\"inLanguage\":\"es\",\"@id\":\"https:\/\/infoecos.com.ar\/#\/schema\/logo\/image\/\",\"url\":\"https:\/\/infoecos.com.ar\/wp-content\/uploads\/2024\/03\/cropped-logo.png\",\"contentUrl\":\"https:\/\/infoecos.com.ar\/wp-content\/uploads\/2024\/03\/cropped-logo.png\",\"width\":374,\"height\":90,\"caption\":\"Infoecos\"},\"image\":{\"@id\":\"https:\/\/infoecos.com.ar\/#\/schema\/logo\/image\/\"},\"sameAs\":[\"https:\/\/www.facebook.com\/profile.php?id=100063200290284\",\"https:\/\/x.com\/infoecos\"]},{\"@type\":\"Person\",\"@id\":\"https:\/\/infoecos.com.ar\/#\/schema\/person\/8f5ace5ce73b4b4aac4b7245aee6f191\",\"name\":\"Jorge Matheus\",\"url\":\"https:\/\/infoecos.com.ar\/index.php\/author\/jomatheus\/\"}]}<\/script>\n<!-- \/ Yoast SEO plugin. -->","yoast_head_json":{"title":"Georgina Meloni podr\u00eda jurar como Primera Ministra de Italia el 18 o 19 de Octubre - Infoecos","robots":{"index":"index","follow":"follow","max-snippet":"max-snippet:-1","max-image-preview":"max-image-preview:large","max-video-preview":"max-video-preview:-1"},"canonical":"https:\/\/infoecos.com.ar\/index.php\/georgina-meloni-podria-jurar-como-primera-ministra-de-italia-el-18-o-19-de-octubre\/","og_locale":"es_ES","og_type":"article","og_title":"Georgina Meloni podr\u00eda jurar como Primera Ministra de Italia el 18 o 19 de Octubre - Infoecos","og_description":"Ideolog\u00eda: Derecha. Atributos: inteligente, estudiosa, de antecedentes pol\u00edticos interesantes y bella","og_url":"https:\/\/infoecos.com.ar\/index.php\/georgina-meloni-podria-jurar-como-primera-ministra-de-italia-el-18-o-19-de-octubre\/","og_site_name":"Infoecos","article_publisher":"https:\/\/www.facebook.com\/profile.php?id=100063200290284","article_published_time":"2022-10-06T20:48:08+00:00","article_modified_time":"2022-10-11T05:57:44+00:00","og_image":[{"width":777,"height":628,"url":"https:\/\/infoecos.com.ar\/wp-content\/uploads\/2022\/10\/310558639_517407360391928_2247410062838966696_n-1.jpg","type":"image\/jpeg"}],"author":"Jorge Matheus","twitter_card":"summary_large_image","twitter_creator":"@infoecos","twitter_site":"@infoecos","twitter_misc":{"Escrito por":"Jorge Matheus","Tiempo de lectura":"3 minutos"},"schema":{"@context":"https:\/\/schema.org","@graph":[{"@type":"Article","@id":"https:\/\/infoecos.com.ar\/index.php\/georgina-meloni-podria-jurar-como-primera-ministra-de-italia-el-18-o-19-de-octubre\/#article","isPartOf":{"@id":"https:\/\/infoecos.com.ar\/index.php\/georgina-meloni-podria-jurar-como-primera-ministra-de-italia-el-18-o-19-de-octubre\/"},"author":{"name":"Jorge Matheus","@id":"https:\/\/infoecos.com.ar\/#\/schema\/person\/8f5ace5ce73b4b4aac4b7245aee6f191"},"headline":"Georgina Meloni podr\u00eda jurar como Primera Ministra de Italia el 18 o 19 de Octubre","datePublished":"2022-10-06T20:48:08+00:00","dateModified":"2022-10-11T05:57:44+00:00","mainEntityOfPage":{"@id":"https:\/\/infoecos.com.ar\/index.php\/georgina-meloni-podria-jurar-como-primera-ministra-de-italia-el-18-o-19-de-octubre\/"},"wordCount":521,"publisher":{"@id":"https:\/\/infoecos.com.ar\/#organization"},"image":{"@id":"https:\/\/infoecos.com.ar\/index.php\/georgina-meloni-podria-jurar-como-primera-ministra-de-italia-el-18-o-19-de-octubre\/#primaryimage"},"thumbnailUrl":"https:\/\/infoecos.com.ar\/wp-content\/uploads\/2022\/10\/310558639_517407360391928_2247410062838966696_n-1.jpg","keywords":["objetivos que se plantea"],"articleSection":["Bloque inferior - 4"],"inLanguage":"es"},{"@type":"WebPage","@id":"https:\/\/infoecos.com.ar\/index.php\/georgina-meloni-podria-jurar-como-primera-ministra-de-italia-el-18-o-19-de-octubre\/","url":"https:\/\/infoecos.com.ar\/index.php\/georgina-meloni-podria-jurar-como-primera-ministra-de-italia-el-18-o-19-de-octubre\/","name":"Georgina Meloni podr\u00eda jurar como Primera Ministra de Italia el 18 o 19 de Octubre - Infoecos","isPartOf":{"@id":"https:\/\/infoecos.com.ar\/#website"},"primaryImageOfPage":{"@id":"https:\/\/infoecos.com.ar\/index.php\/georgina-meloni-podria-jurar-como-primera-ministra-de-italia-el-18-o-19-de-octubre\/#primaryimage"},"image":{"@id":"https:\/\/infoecos.com.ar\/index.php\/georgina-meloni-podria-jurar-como-primera-ministra-de-italia-el-18-o-19-de-octubre\/#primaryimage"},"thumbnailUrl":"https:\/\/infoecos.com.ar\/wp-content\/uploads\/2022\/10\/310558639_517407360391928_2247410062838966696_n-1.jpg","datePublished":"2022-10-06T20:48:08+00:00","dateModified":"2022-10-11T05:57:44+00:00","breadcrumb":{"@id":"https:\/\/infoecos.com.ar\/index.php\/georgina-meloni-podria-jurar-como-primera-ministra-de-italia-el-18-o-19-de-octubre\/#breadcrumb"},"inLanguage":"es","potentialAction":[{"@type":"ReadAction","target":["https:\/\/infoecos.com.ar\/index.php\/georgina-meloni-podria-jurar-como-primera-ministra-de-italia-el-18-o-19-de-octubre\/"]}]},{"@type":"ImageObject","inLanguage":"es","@id":"https:\/\/infoecos.com.ar\/index.php\/georgina-meloni-podria-jurar-como-primera-ministra-de-italia-el-18-o-19-de-octubre\/#primaryimage","url":"https:\/\/infoecos.com.ar\/wp-content\/uploads\/2022\/10\/310558639_517407360391928_2247410062838966696_n-1.jpg","contentUrl":"https:\/\/infoecos.com.ar\/wp-content\/uploads\/2022\/10\/310558639_517407360391928_2247410062838966696_n-1.jpg","width":777,"height":628},{"@type":"BreadcrumbList","@id":"https:\/\/infoecos.com.ar\/index.php\/georgina-meloni-podria-jurar-como-primera-ministra-de-italia-el-18-o-19-de-octubre\/#breadcrumb","itemListElement":[{"@type":"ListItem","position":1,"name":"Portada","item":"https:\/\/infoecos.com.ar\/"},{"@type":"ListItem","position":2,"name":"Georgina Meloni podr\u00eda jurar como Primera Ministra de Italia el 18 o 19 de Octubre"}]},{"@type":"WebSite","@id":"https:\/\/infoecos.com.ar\/#website","url":"https:\/\/infoecos.com.ar\/","name":"Infoecos","description":"Noticias de trenque lauquen y la zona","publisher":{"@id":"https:\/\/infoecos.com.ar\/#organization"},"alternateName":"Noticias","potentialAction":[{"@type":"SearchAction","target":{"@type":"EntryPoint","urlTemplate":"https:\/\/infoecos.com.ar\/?s={search_term_string}"},"query-input":{"@type":"PropertyValueSpecification","valueRequired":true,"valueName":"search_term_string"}}],"inLanguage":"es"},{"@type":"Organization","@id":"https:\/\/infoecos.com.ar\/#organization","name":"Infoecos","alternateName":"Noticias","url":"https:\/\/infoecos.com.ar\/","logo":{"@type":"ImageObject","inLanguage":"es","@id":"https:\/\/infoecos.com.ar\/#\/schema\/logo\/image\/","url":"https:\/\/infoecos.com.ar\/wp-content\/uploads\/2024\/03\/cropped-logo.png","contentUrl":"https:\/\/infoecos.com.ar\/wp-content\/uploads\/2024\/03\/cropped-logo.png","width":374,"height":90,"caption":"Infoecos"},"image":{"@id":"https:\/\/infoecos.com.ar\/#\/schema\/logo\/image\/"},"sameAs":["https:\/\/www.facebook.com\/profile.php?id=100063200290284","https:\/\/x.com\/infoecos"]},{"@type":"Person","@id":"https:\/\/infoecos.com.ar\/#\/schema\/person\/8f5ace5ce73b4b4aac4b7245aee6f191","name":"Jorge Matheus","url":"https:\/\/infoecos.com.ar\/index.php\/author\/jomatheus\/"}]}},"featured_image_urls":{"full":["https:\/\/infoecos.com.ar\/wp-content\/uploads\/2022\/10\/310558639_517407360391928_2247410062838966696_n-1.jpg",777,628,false],"thumbnail":["https:\/\/infoecos.com.ar\/wp-content\/uploads\/2022\/10\/310558639_517407360391928_2247410062838966696_n-1-150x150.jpg",150,150,true],"medium":["https:\/\/infoecos.com.ar\/wp-content\/uploads\/2022\/10\/310558639_517407360391928_2247410062838966696_n-1-460x372.jpg",460,372,true],"medium_large":["https:\/\/infoecos.com.ar\/wp-content\/uploads\/2022\/10\/310558639_517407360391928_2247410062838966696_n-1-768x621.jpg",640,518,true],"large":["https:\/\/infoecos.com.ar\/wp-content\/uploads\/2022\/10\/310558639_517407360391928_2247410062838966696_n-1.jpg",640,517,false],"1536x1536":["https:\/\/infoecos.com.ar\/wp-content\/uploads\/2022\/10\/310558639_517407360391928_2247410062838966696_n-1.jpg",777,628,false],"2048x2048":["https:\/\/infoecos.com.ar\/wp-content\/uploads\/2022\/10\/310558639_517407360391928_2247410062838966696_n-1.jpg",777,628,false],"covernews-slider-full":["https:\/\/infoecos.com.ar\/wp-content\/uploads\/2022\/10\/310558639_517407360391928_2247410062838966696_n-1.jpg",777,628,false],"covernews-slider-center":["https:\/\/infoecos.com.ar\/wp-content\/uploads\/2022\/10\/310558639_517407360391928_2247410062838966696_n-1.jpg",619,500,false],"covernews-featured":["https:\/\/infoecos.com.ar\/wp-content\/uploads\/2022\/10\/310558639_517407360391928_2247410062838966696_n-1.jpg",777,628,false],"covernews-medium":["https:\/\/infoecos.com.ar\/wp-content\/uploads\/2022\/10\/310558639_517407360391928_2247410062838966696_n-1-720x380.jpg",540,285,true],"covernews-medium-square":["https:\/\/infoecos.com.ar\/wp-content\/uploads\/2022\/10\/310558639_517407360391928_2247410062838966696_n-1-675x450.jpg",375,250,true]},"author_info":{"info":["Jorge Matheus"]},"category_info":"<a href=\"https:\/\/infoecos.com.ar\/index.php\/category\/inferior4\/\" rel=\"category tag\">Bloque inferior - 4<\/a>","tag_info":"Bloque inferior - 4","comment_count":"0","_links":{"self":[{"href":"https:\/\/infoecos.com.ar\/index.php\/wp-json\/wp\/v2\/posts\/98691"}],"collection":[{"href":"https:\/\/infoecos.com.ar\/index.php\/wp-json\/wp\/v2\/posts"}],"about":[{"href":"https:\/\/infoecos.com.ar\/index.php\/wp-json\/wp\/v2\/types\/post"}],"author":[{"embeddable":true,"href":"https:\/\/infoecos.com.ar\/index.php\/wp-json\/wp\/v2\/users\/2"}],"replies":[{"embeddable":true,"href":"https:\/\/infoecos.com.ar\/index.php\/wp-json\/wp\/v2\/comments?post=98691"}],"version-history":[{"count":2,"href":"https:\/\/infoecos.com.ar\/index.php\/wp-json\/wp\/v2\/posts\/98691\/revisions"}],"predecessor-version":[{"id":98911,"href":"https:\/\/infoecos.com.ar\/index.php\/wp-json\/wp\/v2\/posts\/98691\/revisions\/98911"}],"wp:featuredmedia":[{"embeddable":true,"href":"https:\/\/infoecos.com.ar\/index.php\/wp-json\/wp\/v2\/media\/98698"}],"wp:attachment":[{"href":"https:\/\/infoecos.com.ar\/index.php\/wp-json\/wp\/v2\/media?parent=98691"}],"wp:term":[{"taxonomy":"category","embeddable":true,"href":"https:\/\/infoecos.com.ar\/index.php\/wp-json\/wp\/v2\/categories?post=98691"},{"taxonomy":"post_tag","embeddable":true,"href":"https:\/\/infoecos.com.ar\/index.php\/wp-json\/wp\/v2\/tags?post=98691"}],"curies":[{"name":"wp","href":"https:\/\/api.w.org\/{rel}","templated":true}]}}