{"id":98710,"date":"2022-10-07T02:07:13","date_gmt":"2022-10-07T05:07:13","guid":{"rendered":"http:\/\/infoecos.com.ar\/?p=98710"},"modified":"2022-10-07T02:40:43","modified_gmt":"2022-10-07T05:40:43","slug":"por-un-paro-cardiorespiratorio-fallecio-un-simpatizante-de-gimnasia-y-esgrima-de-la-plata","status":"publish","type":"post","link":"https:\/\/infoecos.com.ar\/index.php\/por-un-paro-cardiorespiratorio-fallecio-un-simpatizante-de-gimnasia-y-esgrima-de-la-plata\/","title":{"rendered":"Por un paro cardiorespiratorio falleci\u00f3 un simpatizante de Gimnasia y Esgrima de La Plata"},"content":{"rendered":"\n<p>Falleci\u00f3 por un paro cardiorrespiratorio un simpatizante de Gimnasia y Esgrima de La Plata,&nbsp;tras los incidentes que tuvieron lugar afuera del estadio Juan Carmelo Zerillo.<\/p>\n\n\n\n<p> <\/p>\n\n\n\n<figure class=\"wp-block-image aligncenter size-large is-resized\"><img loading=\"lazy\" decoding=\"async\" src=\"http:\/\/infoecos.com.ar\/wp-content\/uploads\/2022\/10\/gimnasiabocas-920x431.jpg\" alt=\"\" class=\"wp-image-98711\" width=\"605\" height=\"283\" srcset=\"https:\/\/infoecos.com.ar\/wp-content\/uploads\/2022\/10\/gimnasiabocas-920x431.jpg 920w, https:\/\/infoecos.com.ar\/wp-content\/uploads\/2022\/10\/gimnasiabocas-460x215.jpg 460w, https:\/\/infoecos.com.ar\/wp-content\/uploads\/2022\/10\/gimnasiabocas-768x360.jpg 768w, https:\/\/infoecos.com.ar\/wp-content\/uploads\/2022\/10\/gimnasiabocas-1024x480.jpg 1024w, https:\/\/infoecos.com.ar\/wp-content\/uploads\/2022\/10\/gimnasiabocas.jpg 1153w\" sizes=\"(max-width: 605px) 100vw, 605px\" \/><\/figure>\n\n\n\n<p>La hija del hincha se expres\u00f3 a trav\u00e9s de sus redes sociales.&nbsp;\u201cVinimos a alentar lobo y se me fue el gordo. Quiero avisar acaba de fallecer mi papa\u201d, escribi\u00f3 en su cuenta de Facebook.<\/p>\n\n\n\n<p>.<\/p>\n\n\n\n<p>Cesar Regueiro, se desvaneci\u00f3 porque no pod\u00eda respirar por sus propios medios.&nbsp;Lo trasladaron al Hospital San Mart\u00edn, pero falleci\u00f3 en el camino.<\/p>\n\n\n\n<p><\/p>\n","protected":false},"excerpt":{"rendered":"<p>El hombre, apodado \u201cLolo\u201d, viv\u00eda en Tolosa y era empleado municipalidad de La Plata. Adem\u00e1s, fue futbolista profesional en el Club Atl\u00e9tico Villa San Carlos y en la Liga Platense de F\u00fatbol<\/p>\n","protected":false},"author":2,"featured_media":98712,"comment_status":"closed","ping_status":"open","sticky":false,"template":"","format":"standard","meta":{"footnotes":""},"categories":[1613],"tags":[6947],"class_list":["post-98710","post","type-post","status-publish","format-standard","has-post-thumbnail","hentry","category-noticia-secundaria","tag-cesar-regueiro"],"yoast_head":"<!-- This site is optimized with the Yoast SEO plugin v23.4 - https:\/\/yoast.com\/wordpress\/plugins\/seo\/ -->\n<title>Por un paro cardiorespiratorio falleci\u00f3 un simpatizante de Gimnasia y Esgrima de La Plata - Infoecos<\/title>\n<meta name=\"robots\" content=\"index, follow, max-snippet:-1, max-image-preview:large, max-video-preview:-1\" \/>\n<link rel=\"canonical\" href=\"https:\/\/infoecos.com.ar\/index.php\/por-un-paro-cardiorespiratorio-fallecio-un-simpatizante-de-gimnasia-y-esgrima-de-la-plata\/\" \/>\n<meta property=\"og:locale\" content=\"es_ES\" \/>\n<meta property=\"og:type\" content=\"article\" \/>\n<meta property=\"og:title\" content=\"Por un paro cardiorespiratorio falleci\u00f3 un simpatizante de Gimnasia y Esgrima de La Plata - Infoecos\" \/>\n<meta property=\"og:description\" content=\"El hombre, apodado \u201cLolo\u201d, viv\u00eda en Tolosa y era empleado municipalidad de La Plata. Adem\u00e1s, fue futbolista profesional en el Club Atl\u00e9tico Villa San Carlos y en la Liga Platense de F\u00fatbol\" \/>\n<meta property=\"og:url\" content=\"https:\/\/infoecos.com.ar\/index.php\/por-un-paro-cardiorespiratorio-fallecio-un-simpatizante-de-gimnasia-y-esgrima-de-la-plata\/\" \/>\n<meta property=\"og:site_name\" content=\"Infoecos\" \/>\n<meta property=\"article:publisher\" content=\"https:\/\/www.facebook.com\/profile.php?id=100063200290284\" \/>\n<meta property=\"article:published_time\" content=\"2022-10-07T05:07:13+00:00\" \/>\n<meta property=\"article:modified_time\" content=\"2022-10-07T05:40:43+00:00\" \/>\n<meta property=\"og:image\" content=\"https:\/\/infoecos.com.ar\/wp-content\/uploads\/2022\/10\/gimnasiabocaunmuerto.jpg\" \/>\n\t<meta property=\"og:image:width\" content=\"1440\" \/>\n\t<meta property=\"og:image:height\" content=\"720\" \/>\n\t<meta property=\"og:image:type\" content=\"image\/jpeg\" \/>\n<meta name=\"author\" content=\"Jorge Matheus\" \/>\n<meta name=\"twitter:card\" content=\"summary_large_image\" \/>\n<meta name=\"twitter:creator\" content=\"@infoecos\" \/>\n<meta name=\"twitter:site\" content=\"@infoecos\" \/>\n<meta name=\"twitter:label1\" content=\"Escrito por\" \/>\n\t<meta name=\"twitter:data1\" content=\"Jorge Matheus\" \/>\n<script type=\"application\/ld+json\" class=\"yoast-schema-graph\">{\"@context\":\"https:\/\/schema.org\",\"@graph\":[{\"@type\":\"Article\",\"@id\":\"https:\/\/infoecos.com.ar\/index.php\/por-un-paro-cardiorespiratorio-fallecio-un-simpatizante-de-gimnasia-y-esgrima-de-la-plata\/#article\",\"isPartOf\":{\"@id\":\"https:\/\/infoecos.com.ar\/index.php\/por-un-paro-cardiorespiratorio-fallecio-un-simpatizante-de-gimnasia-y-esgrima-de-la-plata\/\"},\"author\":{\"name\":\"Jorge Matheus\",\"@id\":\"https:\/\/infoecos.com.ar\/#\/schema\/person\/8f5ace5ce73b4b4aac4b7245aee6f191\"},\"headline\":\"Por un paro cardiorespiratorio falleci\u00f3 un simpatizante de Gimnasia y Esgrima de La Plata\",\"datePublished\":\"2022-10-07T05:07:13+00:00\",\"dateModified\":\"2022-10-07T05:40:43+00:00\",\"mainEntityOfPage\":{\"@id\":\"https:\/\/infoecos.com.ar\/index.php\/por-un-paro-cardiorespiratorio-fallecio-un-simpatizante-de-gimnasia-y-esgrima-de-la-plata\/\"},\"wordCount\":104,\"publisher\":{\"@id\":\"https:\/\/infoecos.com.ar\/#organization\"},\"image\":{\"@id\":\"https:\/\/infoecos.com.ar\/index.php\/por-un-paro-cardiorespiratorio-fallecio-un-simpatizante-de-gimnasia-y-esgrima-de-la-plata\/#primaryimage\"},\"thumbnailUrl\":\"https:\/\/infoecos.com.ar\/wp-content\/uploads\/2022\/10\/gimnasiabocaunmuerto.jpg\",\"keywords\":[\"C\u00e9sar Regueiro\"],\"articleSection\":[\"Noticia Secundaria\"],\"inLanguage\":\"es\"},{\"@type\":\"WebPage\",\"@id\":\"https:\/\/infoecos.com.ar\/index.php\/por-un-paro-cardiorespiratorio-fallecio-un-simpatizante-de-gimnasia-y-esgrima-de-la-plata\/\",\"url\":\"https:\/\/infoecos.com.ar\/index.php\/por-un-paro-cardiorespiratorio-fallecio-un-simpatizante-de-gimnasia-y-esgrima-de-la-plata\/\",\"name\":\"Por un paro cardiorespiratorio falleci\u00f3 un simpatizante de Gimnasia y Esgrima de La Plata - Infoecos\",\"isPartOf\":{\"@id\":\"https:\/\/infoecos.com.ar\/#website\"},\"primaryImageOfPage\":{\"@id\":\"https:\/\/infoecos.com.ar\/index.php\/por-un-paro-cardiorespiratorio-fallecio-un-simpatizante-de-gimnasia-y-esgrima-de-la-plata\/#primaryimage\"},\"image\":{\"@id\":\"https:\/\/infoecos.com.ar\/index.php\/por-un-paro-cardiorespiratorio-fallecio-un-simpatizante-de-gimnasia-y-esgrima-de-la-plata\/#primaryimage\"},\"thumbnailUrl\":\"https:\/\/infoecos.com.ar\/wp-content\/uploads\/2022\/10\/gimnasiabocaunmuerto.jpg\",\"datePublished\":\"2022-10-07T05:07:13+00:00\",\"dateModified\":\"2022-10-07T05:40:43+00:00\",\"breadcrumb\":{\"@id\":\"https:\/\/infoecos.com.ar\/index.php\/por-un-paro-cardiorespiratorio-fallecio-un-simpatizante-de-gimnasia-y-esgrima-de-la-plata\/#breadcrumb\"},\"inLanguage\":\"es\",\"potentialAction\":[{\"@type\":\"ReadAction\",\"target\":[\"https:\/\/infoecos.com.ar\/index.php\/por-un-paro-cardiorespiratorio-fallecio-un-simpatizante-de-gimnasia-y-esgrima-de-la-plata\/\"]}]},{\"@type\":\"ImageObject\",\"inLanguage\":\"es\",\"@id\":\"https:\/\/infoecos.com.ar\/index.php\/por-un-paro-cardiorespiratorio-fallecio-un-simpatizante-de-gimnasia-y-esgrima-de-la-plata\/#primaryimage\",\"url\":\"https:\/\/infoecos.com.ar\/wp-content\/uploads\/2022\/10\/gimnasiabocaunmuerto.jpg\",\"contentUrl\":\"https:\/\/infoecos.com.ar\/wp-content\/uploads\/2022\/10\/gimnasiabocaunmuerto.jpg\",\"width\":1440,\"height\":720},{\"@type\":\"BreadcrumbList\",\"@id\":\"https:\/\/infoecos.com.ar\/index.php\/por-un-paro-cardiorespiratorio-fallecio-un-simpatizante-de-gimnasia-y-esgrima-de-la-plata\/#breadcrumb\",\"itemListElement\":[{\"@type\":\"ListItem\",\"position\":1,\"name\":\"Portada\",\"item\":\"https:\/\/infoecos.com.ar\/\"},{\"@type\":\"ListItem\",\"position\":2,\"name\":\"Por un paro cardiorespiratorio falleci\u00f3 un simpatizante de Gimnasia y Esgrima de La Plata\"}]},{\"@type\":\"WebSite\",\"@id\":\"https:\/\/infoecos.com.ar\/#website\",\"url\":\"https:\/\/infoecos.com.ar\/\",\"name\":\"Infoecos\",\"description\":\"Noticias de trenque lauquen y la zona\",\"publisher\":{\"@id\":\"https:\/\/infoecos.com.ar\/#organization\"},\"alternateName\":\"Noticias\",\"potentialAction\":[{\"@type\":\"SearchAction\",\"target\":{\"@type\":\"EntryPoint\",\"urlTemplate\":\"https:\/\/infoecos.com.ar\/?s={search_term_string}\"},\"query-input\":{\"@type\":\"PropertyValueSpecification\",\"valueRequired\":true,\"valueName\":\"search_term_string\"}}],\"inLanguage\":\"es\"},{\"@type\":\"Organization\",\"@id\":\"https:\/\/infoecos.com.ar\/#organization\",\"name\":\"Infoecos\",\"alternateName\":\"Noticias\",\"url\":\"https:\/\/infoecos.com.ar\/\",\"logo\":{\"@type\":\"ImageObject\",\"inLanguage\":\"es\",\"@id\":\"https:\/\/infoecos.com.ar\/#\/schema\/logo\/image\/\",\"url\":\"https:\/\/infoecos.com.ar\/wp-content\/uploads\/2024\/03\/cropped-logo.png\",\"contentUrl\":\"https:\/\/infoecos.com.ar\/wp-content\/uploads\/2024\/03\/cropped-logo.png\",\"width\":374,\"height\":90,\"caption\":\"Infoecos\"},\"image\":{\"@id\":\"https:\/\/infoecos.com.ar\/#\/schema\/logo\/image\/\"},\"sameAs\":[\"https:\/\/www.facebook.com\/profile.php?id=100063200290284\",\"https:\/\/x.com\/infoecos\"]},{\"@type\":\"Person\",\"@id\":\"https:\/\/infoecos.com.ar\/#\/schema\/person\/8f5ace5ce73b4b4aac4b7245aee6f191\",\"name\":\"Jorge Matheus\",\"url\":\"https:\/\/infoecos.com.ar\/index.php\/author\/jomatheus\/\"}]}<\/script>\n<!-- \/ Yoast SEO plugin. -->","yoast_head_json":{"title":"Por un paro cardiorespiratorio falleci\u00f3 un simpatizante de Gimnasia y Esgrima de La Plata - Infoecos","robots":{"index":"index","follow":"follow","max-snippet":"max-snippet:-1","max-image-preview":"max-image-preview:large","max-video-preview":"max-video-preview:-1"},"canonical":"https:\/\/infoecos.com.ar\/index.php\/por-un-paro-cardiorespiratorio-fallecio-un-simpatizante-de-gimnasia-y-esgrima-de-la-plata\/","og_locale":"es_ES","og_type":"article","og_title":"Por un paro cardiorespiratorio falleci\u00f3 un simpatizante de Gimnasia y Esgrima de La Plata - Infoecos","og_description":"El hombre, apodado \u201cLolo\u201d, viv\u00eda en Tolosa y era empleado municipalidad de La Plata. Adem\u00e1s, fue futbolista profesional en el Club Atl\u00e9tico Villa San Carlos y en la Liga Platense de F\u00fatbol","og_url":"https:\/\/infoecos.com.ar\/index.php\/por-un-paro-cardiorespiratorio-fallecio-un-simpatizante-de-gimnasia-y-esgrima-de-la-plata\/","og_site_name":"Infoecos","article_publisher":"https:\/\/www.facebook.com\/profile.php?id=100063200290284","article_published_time":"2022-10-07T05:07:13+00:00","article_modified_time":"2022-10-07T05:40:43+00:00","og_image":[{"width":1440,"height":720,"url":"https:\/\/infoecos.com.ar\/wp-content\/uploads\/2022\/10\/gimnasiabocaunmuerto.jpg","type":"image\/jpeg"}],"author":"Jorge Matheus","twitter_card":"summary_large_image","twitter_creator":"@infoecos","twitter_site":"@infoecos","twitter_misc":{"Escrito por":"Jorge Matheus"},"schema":{"@context":"https:\/\/schema.org","@graph":[{"@type":"Article","@id":"https:\/\/infoecos.com.ar\/index.php\/por-un-paro-cardiorespiratorio-fallecio-un-simpatizante-de-gimnasia-y-esgrima-de-la-plata\/#article","isPartOf":{"@id":"https:\/\/infoecos.com.ar\/index.php\/por-un-paro-cardiorespiratorio-fallecio-un-simpatizante-de-gimnasia-y-esgrima-de-la-plata\/"},"author":{"name":"Jorge Matheus","@id":"https:\/\/infoecos.com.ar\/#\/schema\/person\/8f5ace5ce73b4b4aac4b7245aee6f191"},"headline":"Por un paro cardiorespiratorio falleci\u00f3 un simpatizante de Gimnasia y Esgrima de La Plata","datePublished":"2022-10-07T05:07:13+00:00","dateModified":"2022-10-07T05:40:43+00:00","mainEntityOfPage":{"@id":"https:\/\/infoecos.com.ar\/index.php\/por-un-paro-cardiorespiratorio-fallecio-un-simpatizante-de-gimnasia-y-esgrima-de-la-plata\/"},"wordCount":104,"publisher":{"@id":"https:\/\/infoecos.com.ar\/#organization"},"image":{"@id":"https:\/\/infoecos.com.ar\/index.php\/por-un-paro-cardiorespiratorio-fallecio-un-simpatizante-de-gimnasia-y-esgrima-de-la-plata\/#primaryimage"},"thumbnailUrl":"https:\/\/infoecos.com.ar\/wp-content\/uploads\/2022\/10\/gimnasiabocaunmuerto.jpg","keywords":["C\u00e9sar Regueiro"],"articleSection":["Noticia Secundaria"],"inLanguage":"es"},{"@type":"WebPage","@id":"https:\/\/infoecos.com.ar\/index.php\/por-un-paro-cardiorespiratorio-fallecio-un-simpatizante-de-gimnasia-y-esgrima-de-la-plata\/","url":"https:\/\/infoecos.com.ar\/index.php\/por-un-paro-cardiorespiratorio-fallecio-un-simpatizante-de-gimnasia-y-esgrima-de-la-plata\/","name":"Por un paro cardiorespiratorio falleci\u00f3 un simpatizante de Gimnasia y Esgrima de La Plata - Infoecos","isPartOf":{"@id":"https:\/\/infoecos.com.ar\/#website"},"primaryImageOfPage":{"@id":"https:\/\/infoecos.com.ar\/index.php\/por-un-paro-cardiorespiratorio-fallecio-un-simpatizante-de-gimnasia-y-esgrima-de-la-plata\/#primaryimage"},"image":{"@id":"https:\/\/infoecos.com.ar\/index.php\/por-un-paro-cardiorespiratorio-fallecio-un-simpatizante-de-gimnasia-y-esgrima-de-la-plata\/#primaryimage"},"thumbnailUrl":"https:\/\/infoecos.com.ar\/wp-content\/uploads\/2022\/10\/gimnasiabocaunmuerto.jpg","datePublished":"2022-10-07T05:07:13+00:00","dateModified":"2022-10-07T05:40:43+00:00","breadcrumb":{"@id":"https:\/\/infoecos.com.ar\/index.php\/por-un-paro-cardiorespiratorio-fallecio-un-simpatizante-de-gimnasia-y-esgrima-de-la-plata\/#breadcrumb"},"inLanguage":"es","potentialAction":[{"@type":"ReadAction","target":["https:\/\/infoecos.com.ar\/index.php\/por-un-paro-cardiorespiratorio-fallecio-un-simpatizante-de-gimnasia-y-esgrima-de-la-plata\/"]}]},{"@type":"ImageObject","inLanguage":"es","@id":"https:\/\/infoecos.com.ar\/index.php\/por-un-paro-cardiorespiratorio-fallecio-un-simpatizante-de-gimnasia-y-esgrima-de-la-plata\/#primaryimage","url":"https:\/\/infoecos.com.ar\/wp-content\/uploads\/2022\/10\/gimnasiabocaunmuerto.jpg","contentUrl":"https:\/\/infoecos.com.ar\/wp-content\/uploads\/2022\/10\/gimnasiabocaunmuerto.jpg","width":1440,"height":720},{"@type":"BreadcrumbList","@id":"https:\/\/infoecos.com.ar\/index.php\/por-un-paro-cardiorespiratorio-fallecio-un-simpatizante-de-gimnasia-y-esgrima-de-la-plata\/#breadcrumb","itemListElement":[{"@type":"ListItem","position":1,"name":"Portada","item":"https:\/\/infoecos.com.ar\/"},{"@type":"ListItem","position":2,"name":"Por un paro cardiorespiratorio falleci\u00f3 un simpatizante de Gimnasia y Esgrima de La Plata"}]},{"@type":"WebSite","@id":"https:\/\/infoecos.com.ar\/#website","url":"https:\/\/infoecos.com.ar\/","name":"Infoecos","description":"Noticias de trenque lauquen y la zona","publisher":{"@id":"https:\/\/infoecos.com.ar\/#organization"},"alternateName":"Noticias","potentialAction":[{"@type":"SearchAction","target":{"@type":"EntryPoint","urlTemplate":"https:\/\/infoecos.com.ar\/?s={search_term_string}"},"query-input":{"@type":"PropertyValueSpecification","valueRequired":true,"valueName":"search_term_string"}}],"inLanguage":"es"},{"@type":"Organization","@id":"https:\/\/infoecos.com.ar\/#organization","name":"Infoecos","alternateName":"Noticias","url":"https:\/\/infoecos.com.ar\/","logo":{"@type":"ImageObject","inLanguage":"es","@id":"https:\/\/infoecos.com.ar\/#\/schema\/logo\/image\/","url":"https:\/\/infoecos.com.ar\/wp-content\/uploads\/2024\/03\/cropped-logo.png","contentUrl":"https:\/\/infoecos.com.ar\/wp-content\/uploads\/2024\/03\/cropped-logo.png","width":374,"height":90,"caption":"Infoecos"},"image":{"@id":"https:\/\/infoecos.com.ar\/#\/schema\/logo\/image\/"},"sameAs":["https:\/\/www.facebook.com\/profile.php?id=100063200290284","https:\/\/x.com\/infoecos"]},{"@type":"Person","@id":"https:\/\/infoecos.com.ar\/#\/schema\/person\/8f5ace5ce73b4b4aac4b7245aee6f191","name":"Jorge Matheus","url":"https:\/\/infoecos.com.ar\/index.php\/author\/jomatheus\/"}]}},"featured_image_urls":{"full":["https:\/\/infoecos.com.ar\/wp-content\/uploads\/2022\/10\/gimnasiabocaunmuerto.jpg",1440,720,false],"thumbnail":["https:\/\/infoecos.com.ar\/wp-content\/uploads\/2022\/10\/gimnasiabocaunmuerto-150x150.jpg",150,150,true],"medium":["https:\/\/infoecos.com.ar\/wp-content\/uploads\/2022\/10\/gimnasiabocaunmuerto-460x230.jpg",460,230,true],"medium_large":["https:\/\/infoecos.com.ar\/wp-content\/uploads\/2022\/10\/gimnasiabocaunmuerto-768x384.jpg",640,320,true],"large":["https:\/\/infoecos.com.ar\/wp-content\/uploads\/2022\/10\/gimnasiabocaunmuerto-920x460.jpg",640,320,true],"1536x1536":["https:\/\/infoecos.com.ar\/wp-content\/uploads\/2022\/10\/gimnasiabocaunmuerto.jpg",1440,720,false],"2048x2048":["https:\/\/infoecos.com.ar\/wp-content\/uploads\/2022\/10\/gimnasiabocaunmuerto.jpg",1440,720,false],"covernews-slider-full":["https:\/\/infoecos.com.ar\/wp-content\/uploads\/2022\/10\/gimnasiabocaunmuerto.jpg",1115,558,false],"covernews-slider-center":["https:\/\/infoecos.com.ar\/wp-content\/uploads\/2022\/10\/gimnasiabocaunmuerto-936x720.jpg",650,500,true],"covernews-featured":["https:\/\/infoecos.com.ar\/wp-content\/uploads\/2022\/10\/gimnasiabocaunmuerto-1024x512.jpg",1024,512,true],"covernews-medium":["https:\/\/infoecos.com.ar\/wp-content\/uploads\/2022\/10\/gimnasiabocaunmuerto-720x380.jpg",540,285,true],"covernews-medium-square":["https:\/\/infoecos.com.ar\/wp-content\/uploads\/2022\/10\/gimnasiabocaunmuerto-675x450.jpg",375,250,true]},"author_info":{"info":["Jorge Matheus"]},"category_info":"<a href=\"https:\/\/infoecos.com.ar\/index.php\/category\/noticia-secundaria\/\" rel=\"category tag\">Noticia Secundaria<\/a>","tag_info":"Noticia Secundaria","comment_count":"0","_links":{"self":[{"href":"https:\/\/infoecos.com.ar\/index.php\/wp-json\/wp\/v2\/posts\/98710"}],"collection":[{"href":"https:\/\/infoecos.com.ar\/index.php\/wp-json\/wp\/v2\/posts"}],"about":[{"href":"https:\/\/infoecos.com.ar\/index.php\/wp-json\/wp\/v2\/types\/post"}],"author":[{"embeddable":true,"href":"https:\/\/infoecos.com.ar\/index.php\/wp-json\/wp\/v2\/users\/2"}],"replies":[{"embeddable":true,"href":"https:\/\/infoecos.com.ar\/index.php\/wp-json\/wp\/v2\/comments?post=98710"}],"version-history":[{"count":2,"href":"https:\/\/infoecos.com.ar\/index.php\/wp-json\/wp\/v2\/posts\/98710\/revisions"}],"predecessor-version":[{"id":98720,"href":"https:\/\/infoecos.com.ar\/index.php\/wp-json\/wp\/v2\/posts\/98710\/revisions\/98720"}],"wp:featuredmedia":[{"embeddable":true,"href":"https:\/\/infoecos.com.ar\/index.php\/wp-json\/wp\/v2\/media\/98712"}],"wp:attachment":[{"href":"https:\/\/infoecos.com.ar\/index.php\/wp-json\/wp\/v2\/media?parent=98710"}],"wp:term":[{"taxonomy":"category","embeddable":true,"href":"https:\/\/infoecos.com.ar\/index.php\/wp-json\/wp\/v2\/categories?post=98710"},{"taxonomy":"post_tag","embeddable":true,"href":"https:\/\/infoecos.com.ar\/index.php\/wp-json\/wp\/v2\/tags?post=98710"}],"curies":[{"name":"wp","href":"https:\/\/api.w.org\/{rel}","templated":true}]}}