{"id":98721,"date":"2022-10-07T02:48:49","date_gmt":"2022-10-07T05:48:49","guid":{"rendered":"http:\/\/infoecos.com.ar\/?p=98721"},"modified":"2022-10-11T02:36:20","modified_gmt":"2022-10-11T05:36:20","slug":"mes-de-la-concientizacion-sobre-el-cancer-de-mama-en-trenque-lauquen-importantes-actividades","status":"publish","type":"post","link":"https:\/\/infoecos.com.ar\/index.php\/mes-de-la-concientizacion-sobre-el-cancer-de-mama-en-trenque-lauquen-importantes-actividades\/","title":{"rendered":"Mes de la Concientizaci\u00f3n sobre el C\u00e1ncer de mama en Trenque Lauquen: importantes actividades"},"content":{"rendered":"\n<p>En el Mes de la Concientizaci\u00f3n sobre el C\u00e1ncer de Mama, que se conmemora anualmente en octubre, y a partir de una iniciativa de la vecina Griselda Camarano acompa\u00f1ada por Lipolcc, Genap y el Servicio de Oncolog\u00eda del Hospital Municipal Dr. Pedro T. Orellana, y con el auspicio de la municipalidad de Trenque Lauquen, el pr\u00f3ximo viernes 14 a partir de las 19.30 en el Sal\u00f3n Auditorio del Centro C\u00edvico, la Dra. Melisa Vicacqua, mast\u00f3loga de la Cl\u00ednica Breast de la ciudad de La Plata, ofrecer\u00e1 una charla sobre \u201cNutrici\u00f3n y C\u00e1ncer de mama\u201d, y la jornada cerrar\u00e1 con un desfile de moda sustentable, denominado \u201cMujeres Reales\u201d.<\/p>\n\n\n\n<figure class=\"wp-block-image size-large\"><img loading=\"lazy\" decoding=\"async\" width=\"920\" height=\"690\" src=\"http:\/\/infoecos.com.ar\/wp-content\/uploads\/2022\/10\/Mes-de-la-concientizacion-sobre-el-cancer-de-mama-1-920x690.jpg\" alt=\"\" class=\"wp-image-98722\" srcset=\"https:\/\/infoecos.com.ar\/wp-content\/uploads\/2022\/10\/Mes-de-la-concientizacion-sobre-el-cancer-de-mama-1-920x690.jpg 920w, https:\/\/infoecos.com.ar\/wp-content\/uploads\/2022\/10\/Mes-de-la-concientizacion-sobre-el-cancer-de-mama-1-460x345.jpg 460w, https:\/\/infoecos.com.ar\/wp-content\/uploads\/2022\/10\/Mes-de-la-concientizacion-sobre-el-cancer-de-mama-1-768x576.jpg 768w, https:\/\/infoecos.com.ar\/wp-content\/uploads\/2022\/10\/Mes-de-la-concientizacion-sobre-el-cancer-de-mama-1-1024x768.jpg 1024w, https:\/\/infoecos.com.ar\/wp-content\/uploads\/2022\/10\/Mes-de-la-concientizacion-sobre-el-cancer-de-mama-1.jpg 1280w\" sizes=\"(max-width: 920px) 100vw, 920px\" \/><\/figure>\n\n\n\n<p>El evento, de entrada libre y gratuita, forma parte de una agenda cargada de actividades programada para este mes, que tienen como principal objetivo sensibilizar sobre la importancia de la prevenci\u00f3n y la detecci\u00f3n precoz de la enfermedad, y que contempla una actividad art\u00edstica con el Colectivo de Muralistas, clases de Zumba, una bicicleteada y la presentaci\u00f3n del informe anual del Registro de Tumores del Hospital Municipal.<\/p>\n\n\n\n<figure class=\"wp-block-image size-large\"><img loading=\"lazy\" decoding=\"async\" width=\"920\" height=\"690\" src=\"http:\/\/infoecos.com.ar\/wp-content\/uploads\/2022\/10\/Mes-de-la-concientizacion-sobre-el-cancer-de-mama-2-920x690.jpg\" alt=\"\" class=\"wp-image-98723\" srcset=\"https:\/\/infoecos.com.ar\/wp-content\/uploads\/2022\/10\/Mes-de-la-concientizacion-sobre-el-cancer-de-mama-2-920x690.jpg 920w, https:\/\/infoecos.com.ar\/wp-content\/uploads\/2022\/10\/Mes-de-la-concientizacion-sobre-el-cancer-de-mama-2-460x345.jpg 460w, https:\/\/infoecos.com.ar\/wp-content\/uploads\/2022\/10\/Mes-de-la-concientizacion-sobre-el-cancer-de-mama-2-768x576.jpg 768w, https:\/\/infoecos.com.ar\/wp-content\/uploads\/2022\/10\/Mes-de-la-concientizacion-sobre-el-cancer-de-mama-2-1024x768.jpg 1024w, https:\/\/infoecos.com.ar\/wp-content\/uploads\/2022\/10\/Mes-de-la-concientizacion-sobre-el-cancer-de-mama-2.jpg 1280w\" sizes=\"(max-width: 920px) 100vw, 920px\" \/><\/figure>\n\n\n\n<p>El anuncio fue realizado en el marco de una conferencia de prensa que tuvo lugar en el Sal\u00f3n Auditorio del Hospital Dr. Pedro T. Orellana, el viernes, y de la que participaron la directora del Hospital, Dra. Silvina San Juan, y la Dra. Sof\u00eda Robles, por el Municipio; L\u00eda Luaces y Zulema Molina, por Genap; Ana Mina, por Lipolcc, y Griselda Camarano (Otras Tramas), organizadora del desfile de Moda Sustentable.<\/p>\n\n\n\n<figure class=\"wp-block-image size-large\"><img loading=\"lazy\" decoding=\"async\" width=\"920\" height=\"690\" src=\"http:\/\/infoecos.com.ar\/wp-content\/uploads\/2022\/10\/mes-de-la-concientizacion-sobre-el-cancer-de-mama-3-920x690.jpg\" alt=\"\" class=\"wp-image-98724\" srcset=\"https:\/\/infoecos.com.ar\/wp-content\/uploads\/2022\/10\/mes-de-la-concientizacion-sobre-el-cancer-de-mama-3-920x690.jpg 920w, https:\/\/infoecos.com.ar\/wp-content\/uploads\/2022\/10\/mes-de-la-concientizacion-sobre-el-cancer-de-mama-3-460x345.jpg 460w, https:\/\/infoecos.com.ar\/wp-content\/uploads\/2022\/10\/mes-de-la-concientizacion-sobre-el-cancer-de-mama-3-768x576.jpg 768w, https:\/\/infoecos.com.ar\/wp-content\/uploads\/2022\/10\/mes-de-la-concientizacion-sobre-el-cancer-de-mama-3-1024x768.jpg 1024w, https:\/\/infoecos.com.ar\/wp-content\/uploads\/2022\/10\/mes-de-la-concientizacion-sobre-el-cancer-de-mama-3.jpg 1280w\" sizes=\"(max-width: 920px) 100vw, 920px\" \/><\/figure>\n\n\n\n<p>\u201cEn el marco del Mes Rosa (color que identifica la lucha contra el c\u00e1ncer) que ha sido declarado de Inter\u00e9s Municipal se van a estar desarrollando distintas actividades respecto del c\u00e1ncer de mama\u201d, coment\u00f3 la directora del Hospital Municipal, Dra. Silvina San Juan.<\/p>\n\n\n\n<figure class=\"wp-block-image size-large\"><img loading=\"lazy\" decoding=\"async\" width=\"920\" height=\"690\" src=\"http:\/\/infoecos.com.ar\/wp-content\/uploads\/2022\/10\/Mes-de-la-concientizacion-sobre-el-cancer-de-mama-4-920x690.jpg\" alt=\"\" class=\"wp-image-98725\" srcset=\"https:\/\/infoecos.com.ar\/wp-content\/uploads\/2022\/10\/Mes-de-la-concientizacion-sobre-el-cancer-de-mama-4-920x690.jpg 920w, https:\/\/infoecos.com.ar\/wp-content\/uploads\/2022\/10\/Mes-de-la-concientizacion-sobre-el-cancer-de-mama-4-460x345.jpg 460w, https:\/\/infoecos.com.ar\/wp-content\/uploads\/2022\/10\/Mes-de-la-concientizacion-sobre-el-cancer-de-mama-4-768x576.jpg 768w, https:\/\/infoecos.com.ar\/wp-content\/uploads\/2022\/10\/Mes-de-la-concientizacion-sobre-el-cancer-de-mama-4-1024x768.jpg 1024w, https:\/\/infoecos.com.ar\/wp-content\/uploads\/2022\/10\/Mes-de-la-concientizacion-sobre-el-cancer-de-mama-4.jpg 1280w\" sizes=\"(max-width: 920px) 100vw, 920px\" \/><\/figure>\n\n\n\n<p>Entre las actividades que ya est\u00e1n definidas, la profesional inform\u00f3 que \u201cel 14 de octubre a las 19.30 habr\u00e1 una charla sobre nutrici\u00f3n y c\u00e1ncer de mama y el mismo d\u00eda, a partir de las 18 en el Polideportivo de Beruti, una clase de Zumba\u201d.<\/p>\n\n\n\n<p>Tambi\u00e9n adelant\u00f3 que se est\u00e1 organizando \u201cuna actividad art\u00edstica con el Colectivo de Muralistas, en fecha a definir; una bicicleteada; se va a presentar el informe anual del Registro de Tumores y para finalizar, el 5 de noviembre, se va a contar con una instructora internacional de Zumba, Magal\u00ed Cepeda, que va a compartir una gran jornada de Zumba Rosa\u201d.<\/p>\n\n\n\n<figure class=\"wp-block-image size-large\"><img loading=\"lazy\" decoding=\"async\" width=\"920\" height=\"690\" src=\"http:\/\/infoecos.com.ar\/wp-content\/uploads\/2022\/10\/Mes-de-la-concientizacion-sobre-el-cancer-de-mama-5-920x690.jpg\" alt=\"\" class=\"wp-image-98726\" srcset=\"https:\/\/infoecos.com.ar\/wp-content\/uploads\/2022\/10\/Mes-de-la-concientizacion-sobre-el-cancer-de-mama-5-920x690.jpg 920w, https:\/\/infoecos.com.ar\/wp-content\/uploads\/2022\/10\/Mes-de-la-concientizacion-sobre-el-cancer-de-mama-5-460x345.jpg 460w, https:\/\/infoecos.com.ar\/wp-content\/uploads\/2022\/10\/Mes-de-la-concientizacion-sobre-el-cancer-de-mama-5-768x576.jpg 768w, https:\/\/infoecos.com.ar\/wp-content\/uploads\/2022\/10\/Mes-de-la-concientizacion-sobre-el-cancer-de-mama-5-1024x768.jpg 1024w, https:\/\/infoecos.com.ar\/wp-content\/uploads\/2022\/10\/Mes-de-la-concientizacion-sobre-el-cancer-de-mama-5.jpg 1280w\" sizes=\"(max-width: 920px) 100vw, 920px\" \/><\/figure>\n\n\n\n<p>La Dra. Sof\u00eda Robles se\u00f1al\u00f3 que \u201cel Mes Rosa es el mes de concientizaci\u00f3n sobre el c\u00e1ncer de mama, se eligi\u00f3 octubre y surge de una marat\u00f3n que se hizo en Estados Unidos para sensibilizar y concientizar a las mujeres y a los hombres sobre la prevenci\u00f3n y que la detecci\u00f3n temprana puede curar el c\u00e1ncer de mama\u201d.<\/p>\n\n\n\n<figure class=\"wp-block-image size-large\"><img loading=\"lazy\" decoding=\"async\" width=\"920\" height=\"690\" src=\"http:\/\/infoecos.com.ar\/wp-content\/uploads\/2022\/10\/Mes-de-la-concientizacion-sobre-el-cancer-de-mama-6-920x690.jpg\" alt=\"\" class=\"wp-image-98727\" srcset=\"https:\/\/infoecos.com.ar\/wp-content\/uploads\/2022\/10\/Mes-de-la-concientizacion-sobre-el-cancer-de-mama-6-920x690.jpg 920w, https:\/\/infoecos.com.ar\/wp-content\/uploads\/2022\/10\/Mes-de-la-concientizacion-sobre-el-cancer-de-mama-6-460x345.jpg 460w, https:\/\/infoecos.com.ar\/wp-content\/uploads\/2022\/10\/Mes-de-la-concientizacion-sobre-el-cancer-de-mama-6-768x576.jpg 768w, https:\/\/infoecos.com.ar\/wp-content\/uploads\/2022\/10\/Mes-de-la-concientizacion-sobre-el-cancer-de-mama-6-1024x768.jpg 1024w, https:\/\/infoecos.com.ar\/wp-content\/uploads\/2022\/10\/Mes-de-la-concientizacion-sobre-el-cancer-de-mama-6.jpg 1280w\" sizes=\"(max-width: 920px) 100vw, 920px\" \/><\/figure>\n\n\n\n<p>Acerca de la actividad prevista para el 14 de octubre, la profesional se\u00f1al\u00f3 que \u201ces una idea de Griselda Camarano, y fue convocada la Dra. Melisa Vivacqua, mast\u00f3loga de la Cl\u00ednica Breast, que va a dar una charla sobre c\u00e1ncer de mama y nutrici\u00f3n, sabiendo que hay una relaci\u00f3n directa entre la nutrici\u00f3n y el c\u00e1ncer de mama, y teniendo en cuenta que a partir de la incorporaci\u00f3n de h\u00e1bitos saludables, actividad f\u00edsica, y evitando el sobrepeso se puede prevenir el c\u00e1ncer de mama\u201d.<\/p>\n\n\n\n<p>En este sentido apunt\u00f3 a la \u201cprevenci\u00f3n primaria y a la detecci\u00f3n precoz para que esta enfermedad pueda curarse\u201d.<\/p>\n\n\n\n<p>Griselda Camarano cont\u00f3 que \u201ccomo paciente oncol\u00f3gica, hace varios a\u00f1os que me atiendo en Trenque Lauquen y tambi\u00e9n en la ciudad de La Plata, en la cl\u00ednica Breast, y precisamente la mast\u00f3loga Melisa Vivacqua es quien me atiende, y en conversaciones con la profesional -porque hay un alto grado de humanidad en la atenci\u00f3n, me dijo que le gustar\u00eda venir a Trenque Lauquen, y le respond\u00ed que a nosotros recibirla\u201d.<\/p>\n\n\n\n<p>\u201cAs\u00ed surgi\u00f3 esta propuesta que es como una devoluci\u00f3n a la cantidad de kil\u00f3metros que han hecho las mujeres de Trenque Lauquen para llegar hasta La Plata, y para la cl\u00ednica tambi\u00e9n es una manera de abrirse al pa\u00eds\u201d, subray\u00f3 Camarano, para agregar que la m\u00e9dica la convoc\u00f3 para organizar \u201calgo divertido\u201d para complementar la disertaci\u00f3n, y que se le ocurri\u00f3 hacer un desfile ya que su hobby es tejer.<\/p>\n\n\n\n<p>Camarano coment\u00f3 que \u201cnos pusimos a trabajar en el armado de un desfile que tenga que ver con el cuidado del planeta, la moda sustentable, con la nutrici\u00f3n, y en c\u00f3mo andamos por la vida, pensando en que m\u00e1s all\u00e1 de la enfermedad hay un tratamiento y tambi\u00e9n hay una vida, y hay ganas de verse bien\u201d.<\/p>\n\n\n\n<p>Asimismo, adelant\u00f3 que \u201cel desfile tiene un nombre: \u201cMujeres reales\u201d, porque precisamente las personas que van a desfilar est\u00e1n involucradas de alguna manera con el proceso de tratamiento\u201d.<\/p>\n\n\n\n<p>Al respecto se\u00f1al\u00f3 que \u201clo estamos preparando con mucha alegr\u00eda y se van a exhibir prendas de origen animal y vegetal, son hilados de llama, alpaca, algod\u00f3n, lino y de oveja, como corolario de la charla de la doctora; hemos armado un equipo hermos\u00edsimo para este evento\u201d.<\/p>\n\n\n\n<p>En este marco, L\u00eda Luaces, de Genap, coment\u00f3 que \u201ccuando Griselda (Camarano) nos convoca ya estaba todo armado, as\u00ed que nosotros con much\u00edsimo gusto adherimos a la idea y a la importancia que tiene el estar presentes en este tipo de eventos como instituciones que trabajamos con enfermos oncol\u00f3gicos, tanto Fundaci\u00f3n Genap como la gente de Lipolcc\u201d.<\/p>\n\n\n\n<p>Al respecto destac\u00f3 la importancia de participar en iniciativas que apuntan a la \u201cprevenci\u00f3n, difusi\u00f3n, y concientizar sobre lo que significa llegar a tiempo para prevenir el c\u00e1ncer de mama que en las mujeres prevalece m\u00e1s que en los hombres y a veces de manera alarmante\u201d.<\/p>\n\n\n\n<p>\u201cHacerlo de este modo nos pareci\u00f3 interesante, la forma en que Griselda, que ha trabajado much\u00edsimo, decidi\u00f3 llevar adelante esta iniciativa; es una idea muy creativa esto de que desfilen tambi\u00e9n como forma de recuperar elementos naturales, y adem\u00e1s es interesante que no sea solamente una charla acad\u00e9mica, para saber que hay vida que se recrea pese a un golpe fuerte como puede ser un diagn\u00f3stico de c\u00e1ncer de mama\u201d, subray\u00f3.<\/p>\n\n\n\n<p>\u201cCada instituci\u00f3n presta una modelo para que esas prendas, hechas por las manos laboriosas de Griselda, puedan lucirse\u201d, dijo L\u00eda, quien agradeci\u00f3 a la Municipalidad y a las autoridades sanitarias por sumarnos en esta actividad\u201d.<\/p>\n\n\n\n<p>Ana Mina, de Lipolcc, consider\u00f3 que \u201cse trata de una idea extraordinaria porque es por lo que siempre, tanto Genap como Lipolcc, luchan diariamente: por la prevenci\u00f3n y para que las mujeres y los hombres se hagan los controles correspondientes\u201d.<\/p>\n","protected":false},"excerpt":{"rendered":"<p>A partir de una iniciativa de la vecina Griselda Camarano acompa\u00f1ada por Lipolcc, Genap y el Servicio de Oncolog\u00eda del Hospital Municipal Dr. Pedro T. Orellana, y con el auspicio de la municipalidad de Trenque Lauquen<\/p>\n","protected":false},"author":2,"featured_media":98722,"comment_status":"closed","ping_status":"open","sticky":false,"template":"","format":"standard","meta":{"footnotes":""},"categories":[1341],"tags":[6949],"class_list":["post-98721","post","type-post","status-publish","format-standard","has-post-thumbnail","hentry","category-c1nota7","tag-se-inician-el-viernes-14"],"yoast_head":"<!-- This site is optimized with the Yoast SEO plugin v23.4 - https:\/\/yoast.com\/wordpress\/plugins\/seo\/ -->\n<title>Mes de la Concientizaci\u00f3n sobre el C\u00e1ncer de mama en Trenque Lauquen: importantes actividades - Infoecos<\/title>\n<meta name=\"robots\" content=\"index, follow, max-snippet:-1, max-image-preview:large, max-video-preview:-1\" \/>\n<link rel=\"canonical\" href=\"https:\/\/infoecos.com.ar\/index.php\/mes-de-la-concientizacion-sobre-el-cancer-de-mama-en-trenque-lauquen-importantes-actividades\/\" \/>\n<meta property=\"og:locale\" content=\"es_ES\" \/>\n<meta property=\"og:type\" content=\"article\" \/>\n<meta property=\"og:title\" content=\"Mes de la Concientizaci\u00f3n sobre el C\u00e1ncer de mama en Trenque Lauquen: importantes actividades - Infoecos\" \/>\n<meta property=\"og:description\" content=\"A partir de una iniciativa de la vecina Griselda Camarano acompa\u00f1ada por Lipolcc, Genap y el Servicio de Oncolog\u00eda del Hospital Municipal Dr. Pedro T. Orellana, y con el auspicio de la municipalidad de Trenque Lauquen\" \/>\n<meta property=\"og:url\" content=\"https:\/\/infoecos.com.ar\/index.php\/mes-de-la-concientizacion-sobre-el-cancer-de-mama-en-trenque-lauquen-importantes-actividades\/\" \/>\n<meta property=\"og:site_name\" content=\"Infoecos\" \/>\n<meta property=\"article:publisher\" content=\"https:\/\/www.facebook.com\/profile.php?id=100063200290284\" \/>\n<meta property=\"article:published_time\" content=\"2022-10-07T05:48:49+00:00\" \/>\n<meta property=\"article:modified_time\" content=\"2022-10-11T05:36:20+00:00\" \/>\n<meta property=\"og:image\" content=\"https:\/\/infoecos.com.ar\/wp-content\/uploads\/2022\/10\/Mes-de-la-concientizacion-sobre-el-cancer-de-mama-1.jpg\" \/>\n\t<meta property=\"og:image:width\" content=\"1280\" \/>\n\t<meta property=\"og:image:height\" content=\"960\" \/>\n\t<meta property=\"og:image:type\" content=\"image\/jpeg\" \/>\n<meta name=\"author\" content=\"Jorge Matheus\" \/>\n<meta name=\"twitter:card\" content=\"summary_large_image\" \/>\n<meta name=\"twitter:creator\" content=\"@infoecos\" \/>\n<meta name=\"twitter:site\" content=\"@infoecos\" \/>\n<meta name=\"twitter:label1\" content=\"Escrito por\" \/>\n\t<meta name=\"twitter:data1\" content=\"Jorge Matheus\" \/>\n\t<meta name=\"twitter:label2\" content=\"Tiempo de lectura\" \/>\n\t<meta name=\"twitter:data2\" content=\"6 minutos\" \/>\n<script type=\"application\/ld+json\" class=\"yoast-schema-graph\">{\"@context\":\"https:\/\/schema.org\",\"@graph\":[{\"@type\":\"Article\",\"@id\":\"https:\/\/infoecos.com.ar\/index.php\/mes-de-la-concientizacion-sobre-el-cancer-de-mama-en-trenque-lauquen-importantes-actividades\/#article\",\"isPartOf\":{\"@id\":\"https:\/\/infoecos.com.ar\/index.php\/mes-de-la-concientizacion-sobre-el-cancer-de-mama-en-trenque-lauquen-importantes-actividades\/\"},\"author\":{\"name\":\"Jorge Matheus\",\"@id\":\"https:\/\/infoecos.com.ar\/#\/schema\/person\/8f5ace5ce73b4b4aac4b7245aee6f191\"},\"headline\":\"Mes de la Concientizaci\u00f3n sobre el C\u00e1ncer de mama en Trenque Lauquen: importantes actividades\",\"datePublished\":\"2022-10-07T05:48:49+00:00\",\"dateModified\":\"2022-10-11T05:36:20+00:00\",\"mainEntityOfPage\":{\"@id\":\"https:\/\/infoecos.com.ar\/index.php\/mes-de-la-concientizacion-sobre-el-cancer-de-mama-en-trenque-lauquen-importantes-actividades\/\"},\"wordCount\":1172,\"publisher\":{\"@id\":\"https:\/\/infoecos.com.ar\/#organization\"},\"image\":{\"@id\":\"https:\/\/infoecos.com.ar\/index.php\/mes-de-la-concientizacion-sobre-el-cancer-de-mama-en-trenque-lauquen-importantes-actividades\/#primaryimage\"},\"thumbnailUrl\":\"https:\/\/infoecos.com.ar\/wp-content\/uploads\/2022\/10\/Mes-de-la-concientizacion-sobre-el-cancer-de-mama-1.jpg\",\"keywords\":[\"SE INICIAN EL VIERNES 14\"],\"articleSection\":[\"C1 nota 7\"],\"inLanguage\":\"es\"},{\"@type\":\"WebPage\",\"@id\":\"https:\/\/infoecos.com.ar\/index.php\/mes-de-la-concientizacion-sobre-el-cancer-de-mama-en-trenque-lauquen-importantes-actividades\/\",\"url\":\"https:\/\/infoecos.com.ar\/index.php\/mes-de-la-concientizacion-sobre-el-cancer-de-mama-en-trenque-lauquen-importantes-actividades\/\",\"name\":\"Mes de la Concientizaci\u00f3n sobre el C\u00e1ncer de mama en Trenque Lauquen: importantes actividades - Infoecos\",\"isPartOf\":{\"@id\":\"https:\/\/infoecos.com.ar\/#website\"},\"primaryImageOfPage\":{\"@id\":\"https:\/\/infoecos.com.ar\/index.php\/mes-de-la-concientizacion-sobre-el-cancer-de-mama-en-trenque-lauquen-importantes-actividades\/#primaryimage\"},\"image\":{\"@id\":\"https:\/\/infoecos.com.ar\/index.php\/mes-de-la-concientizacion-sobre-el-cancer-de-mama-en-trenque-lauquen-importantes-actividades\/#primaryimage\"},\"thumbnailUrl\":\"https:\/\/infoecos.com.ar\/wp-content\/uploads\/2022\/10\/Mes-de-la-concientizacion-sobre-el-cancer-de-mama-1.jpg\",\"datePublished\":\"2022-10-07T05:48:49+00:00\",\"dateModified\":\"2022-10-11T05:36:20+00:00\",\"breadcrumb\":{\"@id\":\"https:\/\/infoecos.com.ar\/index.php\/mes-de-la-concientizacion-sobre-el-cancer-de-mama-en-trenque-lauquen-importantes-actividades\/#breadcrumb\"},\"inLanguage\":\"es\",\"potentialAction\":[{\"@type\":\"ReadAction\",\"target\":[\"https:\/\/infoecos.com.ar\/index.php\/mes-de-la-concientizacion-sobre-el-cancer-de-mama-en-trenque-lauquen-importantes-actividades\/\"]}]},{\"@type\":\"ImageObject\",\"inLanguage\":\"es\",\"@id\":\"https:\/\/infoecos.com.ar\/index.php\/mes-de-la-concientizacion-sobre-el-cancer-de-mama-en-trenque-lauquen-importantes-actividades\/#primaryimage\",\"url\":\"https:\/\/infoecos.com.ar\/wp-content\/uploads\/2022\/10\/Mes-de-la-concientizacion-sobre-el-cancer-de-mama-1.jpg\",\"contentUrl\":\"https:\/\/infoecos.com.ar\/wp-content\/uploads\/2022\/10\/Mes-de-la-concientizacion-sobre-el-cancer-de-mama-1.jpg\",\"width\":1280,\"height\":960},{\"@type\":\"BreadcrumbList\",\"@id\":\"https:\/\/infoecos.com.ar\/index.php\/mes-de-la-concientizacion-sobre-el-cancer-de-mama-en-trenque-lauquen-importantes-actividades\/#breadcrumb\",\"itemListElement\":[{\"@type\":\"ListItem\",\"position\":1,\"name\":\"Portada\",\"item\":\"https:\/\/infoecos.com.ar\/\"},{\"@type\":\"ListItem\",\"position\":2,\"name\":\"Mes de la Concientizaci\u00f3n sobre el C\u00e1ncer de mama en Trenque Lauquen: importantes actividades\"}]},{\"@type\":\"WebSite\",\"@id\":\"https:\/\/infoecos.com.ar\/#website\",\"url\":\"https:\/\/infoecos.com.ar\/\",\"name\":\"Infoecos\",\"description\":\"Noticias de trenque lauquen y la zona\",\"publisher\":{\"@id\":\"https:\/\/infoecos.com.ar\/#organization\"},\"alternateName\":\"Noticias\",\"potentialAction\":[{\"@type\":\"SearchAction\",\"target\":{\"@type\":\"EntryPoint\",\"urlTemplate\":\"https:\/\/infoecos.com.ar\/?s={search_term_string}\"},\"query-input\":{\"@type\":\"PropertyValueSpecification\",\"valueRequired\":true,\"valueName\":\"search_term_string\"}}],\"inLanguage\":\"es\"},{\"@type\":\"Organization\",\"@id\":\"https:\/\/infoecos.com.ar\/#organization\",\"name\":\"Infoecos\",\"alternateName\":\"Noticias\",\"url\":\"https:\/\/infoecos.com.ar\/\",\"logo\":{\"@type\":\"ImageObject\",\"inLanguage\":\"es\",\"@id\":\"https:\/\/infoecos.com.ar\/#\/schema\/logo\/image\/\",\"url\":\"https:\/\/infoecos.com.ar\/wp-content\/uploads\/2024\/03\/cropped-logo.png\",\"contentUrl\":\"https:\/\/infoecos.com.ar\/wp-content\/uploads\/2024\/03\/cropped-logo.png\",\"width\":374,\"height\":90,\"caption\":\"Infoecos\"},\"image\":{\"@id\":\"https:\/\/infoecos.com.ar\/#\/schema\/logo\/image\/\"},\"sameAs\":[\"https:\/\/www.facebook.com\/profile.php?id=100063200290284\",\"https:\/\/x.com\/infoecos\"]},{\"@type\":\"Person\",\"@id\":\"https:\/\/infoecos.com.ar\/#\/schema\/person\/8f5ace5ce73b4b4aac4b7245aee6f191\",\"name\":\"Jorge Matheus\",\"url\":\"https:\/\/infoecos.com.ar\/index.php\/author\/jomatheus\/\"}]}<\/script>\n<!-- \/ Yoast SEO plugin. -->","yoast_head_json":{"title":"Mes de la Concientizaci\u00f3n sobre el C\u00e1ncer de mama en Trenque Lauquen: importantes actividades - Infoecos","robots":{"index":"index","follow":"follow","max-snippet":"max-snippet:-1","max-image-preview":"max-image-preview:large","max-video-preview":"max-video-preview:-1"},"canonical":"https:\/\/infoecos.com.ar\/index.php\/mes-de-la-concientizacion-sobre-el-cancer-de-mama-en-trenque-lauquen-importantes-actividades\/","og_locale":"es_ES","og_type":"article","og_title":"Mes de la Concientizaci\u00f3n sobre el C\u00e1ncer de mama en Trenque Lauquen: importantes actividades - Infoecos","og_description":"A partir de una iniciativa de la vecina Griselda Camarano acompa\u00f1ada por Lipolcc, Genap y el Servicio de Oncolog\u00eda del Hospital Municipal Dr. Pedro T. Orellana, y con el auspicio de la municipalidad de Trenque Lauquen","og_url":"https:\/\/infoecos.com.ar\/index.php\/mes-de-la-concientizacion-sobre-el-cancer-de-mama-en-trenque-lauquen-importantes-actividades\/","og_site_name":"Infoecos","article_publisher":"https:\/\/www.facebook.com\/profile.php?id=100063200290284","article_published_time":"2022-10-07T05:48:49+00:00","article_modified_time":"2022-10-11T05:36:20+00:00","og_image":[{"width":1280,"height":960,"url":"https:\/\/infoecos.com.ar\/wp-content\/uploads\/2022\/10\/Mes-de-la-concientizacion-sobre-el-cancer-de-mama-1.jpg","type":"image\/jpeg"}],"author":"Jorge Matheus","twitter_card":"summary_large_image","twitter_creator":"@infoecos","twitter_site":"@infoecos","twitter_misc":{"Escrito por":"Jorge Matheus","Tiempo de lectura":"6 minutos"},"schema":{"@context":"https:\/\/schema.org","@graph":[{"@type":"Article","@id":"https:\/\/infoecos.com.ar\/index.php\/mes-de-la-concientizacion-sobre-el-cancer-de-mama-en-trenque-lauquen-importantes-actividades\/#article","isPartOf":{"@id":"https:\/\/infoecos.com.ar\/index.php\/mes-de-la-concientizacion-sobre-el-cancer-de-mama-en-trenque-lauquen-importantes-actividades\/"},"author":{"name":"Jorge Matheus","@id":"https:\/\/infoecos.com.ar\/#\/schema\/person\/8f5ace5ce73b4b4aac4b7245aee6f191"},"headline":"Mes de la Concientizaci\u00f3n sobre el C\u00e1ncer de mama en Trenque Lauquen: importantes actividades","datePublished":"2022-10-07T05:48:49+00:00","dateModified":"2022-10-11T05:36:20+00:00","mainEntityOfPage":{"@id":"https:\/\/infoecos.com.ar\/index.php\/mes-de-la-concientizacion-sobre-el-cancer-de-mama-en-trenque-lauquen-importantes-actividades\/"},"wordCount":1172,"publisher":{"@id":"https:\/\/infoecos.com.ar\/#organization"},"image":{"@id":"https:\/\/infoecos.com.ar\/index.php\/mes-de-la-concientizacion-sobre-el-cancer-de-mama-en-trenque-lauquen-importantes-actividades\/#primaryimage"},"thumbnailUrl":"https:\/\/infoecos.com.ar\/wp-content\/uploads\/2022\/10\/Mes-de-la-concientizacion-sobre-el-cancer-de-mama-1.jpg","keywords":["SE INICIAN EL VIERNES 14"],"articleSection":["C1 nota 7"],"inLanguage":"es"},{"@type":"WebPage","@id":"https:\/\/infoecos.com.ar\/index.php\/mes-de-la-concientizacion-sobre-el-cancer-de-mama-en-trenque-lauquen-importantes-actividades\/","url":"https:\/\/infoecos.com.ar\/index.php\/mes-de-la-concientizacion-sobre-el-cancer-de-mama-en-trenque-lauquen-importantes-actividades\/","name":"Mes de la Concientizaci\u00f3n sobre el C\u00e1ncer de mama en Trenque Lauquen: importantes actividades - Infoecos","isPartOf":{"@id":"https:\/\/infoecos.com.ar\/#website"},"primaryImageOfPage":{"@id":"https:\/\/infoecos.com.ar\/index.php\/mes-de-la-concientizacion-sobre-el-cancer-de-mama-en-trenque-lauquen-importantes-actividades\/#primaryimage"},"image":{"@id":"https:\/\/infoecos.com.ar\/index.php\/mes-de-la-concientizacion-sobre-el-cancer-de-mama-en-trenque-lauquen-importantes-actividades\/#primaryimage"},"thumbnailUrl":"https:\/\/infoecos.com.ar\/wp-content\/uploads\/2022\/10\/Mes-de-la-concientizacion-sobre-el-cancer-de-mama-1.jpg","datePublished":"2022-10-07T05:48:49+00:00","dateModified":"2022-10-11T05:36:20+00:00","breadcrumb":{"@id":"https:\/\/infoecos.com.ar\/index.php\/mes-de-la-concientizacion-sobre-el-cancer-de-mama-en-trenque-lauquen-importantes-actividades\/#breadcrumb"},"inLanguage":"es","potentialAction":[{"@type":"ReadAction","target":["https:\/\/infoecos.com.ar\/index.php\/mes-de-la-concientizacion-sobre-el-cancer-de-mama-en-trenque-lauquen-importantes-actividades\/"]}]},{"@type":"ImageObject","inLanguage":"es","@id":"https:\/\/infoecos.com.ar\/index.php\/mes-de-la-concientizacion-sobre-el-cancer-de-mama-en-trenque-lauquen-importantes-actividades\/#primaryimage","url":"https:\/\/infoecos.com.ar\/wp-content\/uploads\/2022\/10\/Mes-de-la-concientizacion-sobre-el-cancer-de-mama-1.jpg","contentUrl":"https:\/\/infoecos.com.ar\/wp-content\/uploads\/2022\/10\/Mes-de-la-concientizacion-sobre-el-cancer-de-mama-1.jpg","width":1280,"height":960},{"@type":"BreadcrumbList","@id":"https:\/\/infoecos.com.ar\/index.php\/mes-de-la-concientizacion-sobre-el-cancer-de-mama-en-trenque-lauquen-importantes-actividades\/#breadcrumb","itemListElement":[{"@type":"ListItem","position":1,"name":"Portada","item":"https:\/\/infoecos.com.ar\/"},{"@type":"ListItem","position":2,"name":"Mes de la Concientizaci\u00f3n sobre el C\u00e1ncer de mama en Trenque Lauquen: importantes actividades"}]},{"@type":"WebSite","@id":"https:\/\/infoecos.com.ar\/#website","url":"https:\/\/infoecos.com.ar\/","name":"Infoecos","description":"Noticias de trenque lauquen y la zona","publisher":{"@id":"https:\/\/infoecos.com.ar\/#organization"},"alternateName":"Noticias","potentialAction":[{"@type":"SearchAction","target":{"@type":"EntryPoint","urlTemplate":"https:\/\/infoecos.com.ar\/?s={search_term_string}"},"query-input":{"@type":"PropertyValueSpecification","valueRequired":true,"valueName":"search_term_string"}}],"inLanguage":"es"},{"@type":"Organization","@id":"https:\/\/infoecos.com.ar\/#organization","name":"Infoecos","alternateName":"Noticias","url":"https:\/\/infoecos.com.ar\/","logo":{"@type":"ImageObject","inLanguage":"es","@id":"https:\/\/infoecos.com.ar\/#\/schema\/logo\/image\/","url":"https:\/\/infoecos.com.ar\/wp-content\/uploads\/2024\/03\/cropped-logo.png","contentUrl":"https:\/\/infoecos.com.ar\/wp-content\/uploads\/2024\/03\/cropped-logo.png","width":374,"height":90,"caption":"Infoecos"},"image":{"@id":"https:\/\/infoecos.com.ar\/#\/schema\/logo\/image\/"},"sameAs":["https:\/\/www.facebook.com\/profile.php?id=100063200290284","https:\/\/x.com\/infoecos"]},{"@type":"Person","@id":"https:\/\/infoecos.com.ar\/#\/schema\/person\/8f5ace5ce73b4b4aac4b7245aee6f191","name":"Jorge Matheus","url":"https:\/\/infoecos.com.ar\/index.php\/author\/jomatheus\/"}]}},"featured_image_urls":{"full":["https:\/\/infoecos.com.ar\/wp-content\/uploads\/2022\/10\/Mes-de-la-concientizacion-sobre-el-cancer-de-mama-1.jpg",1280,960,false],"thumbnail":["https:\/\/infoecos.com.ar\/wp-content\/uploads\/2022\/10\/Mes-de-la-concientizacion-sobre-el-cancer-de-mama-1-150x150.jpg",150,150,true],"medium":["https:\/\/infoecos.com.ar\/wp-content\/uploads\/2022\/10\/Mes-de-la-concientizacion-sobre-el-cancer-de-mama-1-460x345.jpg",460,345,true],"medium_large":["https:\/\/infoecos.com.ar\/wp-content\/uploads\/2022\/10\/Mes-de-la-concientizacion-sobre-el-cancer-de-mama-1-768x576.jpg",640,480,true],"large":["https:\/\/infoecos.com.ar\/wp-content\/uploads\/2022\/10\/Mes-de-la-concientizacion-sobre-el-cancer-de-mama-1-920x690.jpg",640,480,true],"1536x1536":["https:\/\/infoecos.com.ar\/wp-content\/uploads\/2022\/10\/Mes-de-la-concientizacion-sobre-el-cancer-de-mama-1.jpg",1280,960,false],"2048x2048":["https:\/\/infoecos.com.ar\/wp-content\/uploads\/2022\/10\/Mes-de-la-concientizacion-sobre-el-cancer-de-mama-1.jpg",1280,960,false],"covernews-slider-full":["https:\/\/infoecos.com.ar\/wp-content\/uploads\/2022\/10\/Mes-de-la-concientizacion-sobre-el-cancer-de-mama-1.jpg",953,715,false],"covernews-slider-center":["https:\/\/infoecos.com.ar\/wp-content\/uploads\/2022\/10\/Mes-de-la-concientizacion-sobre-el-cancer-de-mama-1-936x897.jpg",522,500,true],"covernews-featured":["https:\/\/infoecos.com.ar\/wp-content\/uploads\/2022\/10\/Mes-de-la-concientizacion-sobre-el-cancer-de-mama-1-1024x768.jpg",1024,768,true],"covernews-medium":["https:\/\/infoecos.com.ar\/wp-content\/uploads\/2022\/10\/Mes-de-la-concientizacion-sobre-el-cancer-de-mama-1-720x380.jpg",540,285,true],"covernews-medium-square":["https:\/\/infoecos.com.ar\/wp-content\/uploads\/2022\/10\/Mes-de-la-concientizacion-sobre-el-cancer-de-mama-1-675x450.jpg",375,250,true]},"author_info":{"info":["Jorge Matheus"]},"category_info":"<a href=\"https:\/\/infoecos.com.ar\/index.php\/category\/c1nota7\/\" rel=\"category tag\">C1 nota 7<\/a>","tag_info":"C1 nota 7","comment_count":"0","_links":{"self":[{"href":"https:\/\/infoecos.com.ar\/index.php\/wp-json\/wp\/v2\/posts\/98721"}],"collection":[{"href":"https:\/\/infoecos.com.ar\/index.php\/wp-json\/wp\/v2\/posts"}],"about":[{"href":"https:\/\/infoecos.com.ar\/index.php\/wp-json\/wp\/v2\/types\/post"}],"author":[{"embeddable":true,"href":"https:\/\/infoecos.com.ar\/index.php\/wp-json\/wp\/v2\/users\/2"}],"replies":[{"embeddable":true,"href":"https:\/\/infoecos.com.ar\/index.php\/wp-json\/wp\/v2\/comments?post=98721"}],"version-history":[{"count":1,"href":"https:\/\/infoecos.com.ar\/index.php\/wp-json\/wp\/v2\/posts\/98721\/revisions"}],"predecessor-version":[{"id":98728,"href":"https:\/\/infoecos.com.ar\/index.php\/wp-json\/wp\/v2\/posts\/98721\/revisions\/98728"}],"wp:featuredmedia":[{"embeddable":true,"href":"https:\/\/infoecos.com.ar\/index.php\/wp-json\/wp\/v2\/media\/98722"}],"wp:attachment":[{"href":"https:\/\/infoecos.com.ar\/index.php\/wp-json\/wp\/v2\/media?parent=98721"}],"wp:term":[{"taxonomy":"category","embeddable":true,"href":"https:\/\/infoecos.com.ar\/index.php\/wp-json\/wp\/v2\/categories?post=98721"},{"taxonomy":"post_tag","embeddable":true,"href":"https:\/\/infoecos.com.ar\/index.php\/wp-json\/wp\/v2\/tags?post=98721"}],"curies":[{"name":"wp","href":"https:\/\/api.w.org\/{rel}","templated":true}]}}