{"id":98735,"date":"2022-10-07T03:09:28","date_gmt":"2022-10-07T06:09:28","guid":{"rendered":"http:\/\/infoecos.com.ar\/?p=98735"},"modified":"2022-10-11T02:55:45","modified_gmt":"2022-10-11T05:55:45","slug":"annie-ernaux-escritora-francesa-gano-el-premio-nobel-de-literatura-2022","status":"publish","type":"post","link":"https:\/\/infoecos.com.ar\/index.php\/annie-ernaux-escritora-francesa-gano-el-premio-nobel-de-literatura-2022\/","title":{"rendered":"Annie Ernaux, escritora francesa, gan\u00f3 el Premio Nobel de Literatura 2022"},"content":{"rendered":"\n<p>La prestigiosa escritora francesa Annie Ernaux recibi\u00f3 el premio Nobel de Literatura 2022, seg\u00fan anunci\u00f3 este jueves la Academia Sueca.&nbsp;<\/p>\n\n\n\n<figure class=\"wp-block-image size-full\"><img loading=\"lazy\" decoding=\"async\" width=\"860\" height=\"452\" src=\"http:\/\/infoecos.com.ar\/wp-content\/uploads\/2022\/10\/image-29.png\" alt=\"\" class=\"wp-image-98736\" srcset=\"https:\/\/infoecos.com.ar\/wp-content\/uploads\/2022\/10\/image-29.png 860w, https:\/\/infoecos.com.ar\/wp-content\/uploads\/2022\/10\/image-29-460x242.png 460w, https:\/\/infoecos.com.ar\/wp-content\/uploads\/2022\/10\/image-29-768x404.png 768w\" sizes=\"(max-width: 860px) 100vw, 860px\" \/><\/figure>\n\n\n\n<p>El comit\u00e9 sueco dio a conocer la galardonada en letras \u00abpor el coraje y la agudeza cl\u00ednica con la que descubre las ra\u00edces, los extra\u00f1amientos y las restricciones colectivas de la memoria personal\u00bb.<\/p>\n\n\n\n<p>Anders Olsson, presidente del Comit\u00e9 Nobel de Literatura, dijo que el trabajo de Ernaux a menudo era \u00abintransigente y estaba escrito en un lenguaje sencillo, limpio\u00bb. \u00abElla ha logrado algo admirable y perdurable\u00bb, a\u00f1adi\u00f3 despu\u00e9s del anuncio que se llev\u00f3 a cabo en Estocolmo, Suecia.<\/p>\n\n\n\n<p>Ernaux es autora de una veintena de libros, la mayor\u00eda autobiogr\u00e1ficos. Ella misma se define como una etn\u00f3loga de s\u00ed misma, m\u00e1s que como una escritora. Su primer libro fue Los armarios vac\u00edos (1974), en el que relataba el aborto de una chica de 20 a\u00f1os en una residencia universitaria.<\/p>\n\n\n\n<p>Otros t\u00edtulos que llevan su firma son La mujer helada (1981), No he salido de mi noche (1997), Perderse (2001), El uso de la foto (2005), Los a\u00f1os (2008) y Memoria de chica (2016). En El acontecimiento (2000), que fue llevado al cine, narr\u00f3 su propio aborto.<\/p>\n\n\n\n<p>Entre los numerosos galardones que recibi\u00f3 se destacan el Premio de la Lengua Francesa 2008 y, en Espa\u00f1a, el Premio Formentor de las Letras 2019, otorgados ambos al conjunto de su obra.<\/p>\n\n\n\n<p>El de Ernaux era uno de los nombres que circulaban entre las especulaciones previas junto al de su compatriota Michel Houllebecq, el brit\u00e1nico Salman Rushdie y la rusa Liudmila Ul\u00edtskaya.<\/p>\n\n\n\n<p>El premio incluye 10 millones de coronas suecas (casi 900.000 d\u00f3lares) en efectivo y se entregar\u00e1 el 10 de diciembre en una gala. El dinero procede de un fondo dejado por el creador del premio, el inventor sueco Alfred Nobel, que muri\u00f3 en 1985.<\/p>\n","protected":false},"excerpt":{"rendered":"<p>Ernaux es autora de una veintena de libros, la mayor\u00eda autobiogr\u00e1ficos. Se define como una etn\u00f3loga de s\u00ed misma, m\u00e1s que como una escritora. Su primer libro fue Los armarios vac\u00edos (1974)<\/p>\n","protected":false},"author":2,"featured_media":98736,"comment_status":"closed","ping_status":"open","sticky":false,"template":"","format":"standard","meta":{"footnotes":""},"categories":[41],"tags":[6953],"class_list":["post-98735","post","type-post","status-publish","format-standard","has-post-thumbnail","hentry","category-inferior2","tag-literatura"],"yoast_head":"<!-- This site is optimized with the Yoast SEO plugin v23.4 - https:\/\/yoast.com\/wordpress\/plugins\/seo\/ -->\n<title>Annie Ernaux, escritora francesa, gan\u00f3 el Premio Nobel de Literatura 2022 - Infoecos<\/title>\n<meta name=\"robots\" content=\"index, follow, max-snippet:-1, max-image-preview:large, max-video-preview:-1\" \/>\n<link rel=\"canonical\" href=\"https:\/\/infoecos.com.ar\/index.php\/annie-ernaux-escritora-francesa-gano-el-premio-nobel-de-literatura-2022\/\" \/>\n<meta property=\"og:locale\" content=\"es_ES\" \/>\n<meta property=\"og:type\" content=\"article\" \/>\n<meta property=\"og:title\" content=\"Annie Ernaux, escritora francesa, gan\u00f3 el Premio Nobel de Literatura 2022 - Infoecos\" \/>\n<meta property=\"og:description\" content=\"Ernaux es autora de una veintena de libros, la mayor\u00eda autobiogr\u00e1ficos. Se define como una etn\u00f3loga de s\u00ed misma, m\u00e1s que como una escritora. Su primer libro fue Los armarios vac\u00edos (1974)\" \/>\n<meta property=\"og:url\" content=\"https:\/\/infoecos.com.ar\/index.php\/annie-ernaux-escritora-francesa-gano-el-premio-nobel-de-literatura-2022\/\" \/>\n<meta property=\"og:site_name\" content=\"Infoecos\" \/>\n<meta property=\"article:publisher\" content=\"https:\/\/www.facebook.com\/profile.php?id=100063200290284\" \/>\n<meta property=\"article:published_time\" content=\"2022-10-07T06:09:28+00:00\" \/>\n<meta property=\"article:modified_time\" content=\"2022-10-11T05:55:45+00:00\" \/>\n<meta property=\"og:image\" content=\"https:\/\/infoecos.com.ar\/wp-content\/uploads\/2022\/10\/image-29.png\" \/>\n\t<meta property=\"og:image:width\" content=\"860\" \/>\n\t<meta property=\"og:image:height\" content=\"452\" \/>\n\t<meta property=\"og:image:type\" content=\"image\/png\" \/>\n<meta name=\"author\" content=\"Jorge Matheus\" \/>\n<meta name=\"twitter:card\" content=\"summary_large_image\" \/>\n<meta name=\"twitter:creator\" content=\"@infoecos\" \/>\n<meta name=\"twitter:site\" content=\"@infoecos\" \/>\n<meta name=\"twitter:label1\" content=\"Escrito por\" \/>\n\t<meta name=\"twitter:data1\" content=\"Jorge Matheus\" \/>\n\t<meta name=\"twitter:label2\" content=\"Tiempo de lectura\" \/>\n\t<meta name=\"twitter:data2\" content=\"2 minutos\" \/>\n<script type=\"application\/ld+json\" class=\"yoast-schema-graph\">{\"@context\":\"https:\/\/schema.org\",\"@graph\":[{\"@type\":\"Article\",\"@id\":\"https:\/\/infoecos.com.ar\/index.php\/annie-ernaux-escritora-francesa-gano-el-premio-nobel-de-literatura-2022\/#article\",\"isPartOf\":{\"@id\":\"https:\/\/infoecos.com.ar\/index.php\/annie-ernaux-escritora-francesa-gano-el-premio-nobel-de-literatura-2022\/\"},\"author\":{\"name\":\"Jorge Matheus\",\"@id\":\"https:\/\/infoecos.com.ar\/#\/schema\/person\/8f5ace5ce73b4b4aac4b7245aee6f191\"},\"headline\":\"Annie Ernaux, escritora francesa, gan\u00f3 el Premio Nobel de Literatura 2022\",\"datePublished\":\"2022-10-07T06:09:28+00:00\",\"dateModified\":\"2022-10-11T05:55:45+00:00\",\"mainEntityOfPage\":{\"@id\":\"https:\/\/infoecos.com.ar\/index.php\/annie-ernaux-escritora-francesa-gano-el-premio-nobel-de-literatura-2022\/\"},\"wordCount\":314,\"publisher\":{\"@id\":\"https:\/\/infoecos.com.ar\/#organization\"},\"image\":{\"@id\":\"https:\/\/infoecos.com.ar\/index.php\/annie-ernaux-escritora-francesa-gano-el-premio-nobel-de-literatura-2022\/#primaryimage\"},\"thumbnailUrl\":\"https:\/\/infoecos.com.ar\/wp-content\/uploads\/2022\/10\/image-29.png\",\"keywords\":[\"LITERATURA\"],\"articleSection\":[\"Bloque inferior - 2\"],\"inLanguage\":\"es\"},{\"@type\":\"WebPage\",\"@id\":\"https:\/\/infoecos.com.ar\/index.php\/annie-ernaux-escritora-francesa-gano-el-premio-nobel-de-literatura-2022\/\",\"url\":\"https:\/\/infoecos.com.ar\/index.php\/annie-ernaux-escritora-francesa-gano-el-premio-nobel-de-literatura-2022\/\",\"name\":\"Annie Ernaux, escritora francesa, gan\u00f3 el Premio Nobel de Literatura 2022 - Infoecos\",\"isPartOf\":{\"@id\":\"https:\/\/infoecos.com.ar\/#website\"},\"primaryImageOfPage\":{\"@id\":\"https:\/\/infoecos.com.ar\/index.php\/annie-ernaux-escritora-francesa-gano-el-premio-nobel-de-literatura-2022\/#primaryimage\"},\"image\":{\"@id\":\"https:\/\/infoecos.com.ar\/index.php\/annie-ernaux-escritora-francesa-gano-el-premio-nobel-de-literatura-2022\/#primaryimage\"},\"thumbnailUrl\":\"https:\/\/infoecos.com.ar\/wp-content\/uploads\/2022\/10\/image-29.png\",\"datePublished\":\"2022-10-07T06:09:28+00:00\",\"dateModified\":\"2022-10-11T05:55:45+00:00\",\"breadcrumb\":{\"@id\":\"https:\/\/infoecos.com.ar\/index.php\/annie-ernaux-escritora-francesa-gano-el-premio-nobel-de-literatura-2022\/#breadcrumb\"},\"inLanguage\":\"es\",\"potentialAction\":[{\"@type\":\"ReadAction\",\"target\":[\"https:\/\/infoecos.com.ar\/index.php\/annie-ernaux-escritora-francesa-gano-el-premio-nobel-de-literatura-2022\/\"]}]},{\"@type\":\"ImageObject\",\"inLanguage\":\"es\",\"@id\":\"https:\/\/infoecos.com.ar\/index.php\/annie-ernaux-escritora-francesa-gano-el-premio-nobel-de-literatura-2022\/#primaryimage\",\"url\":\"https:\/\/infoecos.com.ar\/wp-content\/uploads\/2022\/10\/image-29.png\",\"contentUrl\":\"https:\/\/infoecos.com.ar\/wp-content\/uploads\/2022\/10\/image-29.png\",\"width\":860,\"height\":452},{\"@type\":\"BreadcrumbList\",\"@id\":\"https:\/\/infoecos.com.ar\/index.php\/annie-ernaux-escritora-francesa-gano-el-premio-nobel-de-literatura-2022\/#breadcrumb\",\"itemListElement\":[{\"@type\":\"ListItem\",\"position\":1,\"name\":\"Portada\",\"item\":\"https:\/\/infoecos.com.ar\/\"},{\"@type\":\"ListItem\",\"position\":2,\"name\":\"Annie Ernaux, escritora francesa, gan\u00f3 el Premio Nobel de Literatura 2022\"}]},{\"@type\":\"WebSite\",\"@id\":\"https:\/\/infoecos.com.ar\/#website\",\"url\":\"https:\/\/infoecos.com.ar\/\",\"name\":\"Infoecos\",\"description\":\"Noticias de trenque lauquen y la zona\",\"publisher\":{\"@id\":\"https:\/\/infoecos.com.ar\/#organization\"},\"alternateName\":\"Noticias\",\"potentialAction\":[{\"@type\":\"SearchAction\",\"target\":{\"@type\":\"EntryPoint\",\"urlTemplate\":\"https:\/\/infoecos.com.ar\/?s={search_term_string}\"},\"query-input\":{\"@type\":\"PropertyValueSpecification\",\"valueRequired\":true,\"valueName\":\"search_term_string\"}}],\"inLanguage\":\"es\"},{\"@type\":\"Organization\",\"@id\":\"https:\/\/infoecos.com.ar\/#organization\",\"name\":\"Infoecos\",\"alternateName\":\"Noticias\",\"url\":\"https:\/\/infoecos.com.ar\/\",\"logo\":{\"@type\":\"ImageObject\",\"inLanguage\":\"es\",\"@id\":\"https:\/\/infoecos.com.ar\/#\/schema\/logo\/image\/\",\"url\":\"https:\/\/infoecos.com.ar\/wp-content\/uploads\/2024\/03\/cropped-logo.png\",\"contentUrl\":\"https:\/\/infoecos.com.ar\/wp-content\/uploads\/2024\/03\/cropped-logo.png\",\"width\":374,\"height\":90,\"caption\":\"Infoecos\"},\"image\":{\"@id\":\"https:\/\/infoecos.com.ar\/#\/schema\/logo\/image\/\"},\"sameAs\":[\"https:\/\/www.facebook.com\/profile.php?id=100063200290284\",\"https:\/\/x.com\/infoecos\"]},{\"@type\":\"Person\",\"@id\":\"https:\/\/infoecos.com.ar\/#\/schema\/person\/8f5ace5ce73b4b4aac4b7245aee6f191\",\"name\":\"Jorge Matheus\",\"url\":\"https:\/\/infoecos.com.ar\/index.php\/author\/jomatheus\/\"}]}<\/script>\n<!-- \/ Yoast SEO plugin. -->","yoast_head_json":{"title":"Annie Ernaux, escritora francesa, gan\u00f3 el Premio Nobel de Literatura 2022 - Infoecos","robots":{"index":"index","follow":"follow","max-snippet":"max-snippet:-1","max-image-preview":"max-image-preview:large","max-video-preview":"max-video-preview:-1"},"canonical":"https:\/\/infoecos.com.ar\/index.php\/annie-ernaux-escritora-francesa-gano-el-premio-nobel-de-literatura-2022\/","og_locale":"es_ES","og_type":"article","og_title":"Annie Ernaux, escritora francesa, gan\u00f3 el Premio Nobel de Literatura 2022 - Infoecos","og_description":"Ernaux es autora de una veintena de libros, la mayor\u00eda autobiogr\u00e1ficos. Se define como una etn\u00f3loga de s\u00ed misma, m\u00e1s que como una escritora. Su primer libro fue Los armarios vac\u00edos (1974)","og_url":"https:\/\/infoecos.com.ar\/index.php\/annie-ernaux-escritora-francesa-gano-el-premio-nobel-de-literatura-2022\/","og_site_name":"Infoecos","article_publisher":"https:\/\/www.facebook.com\/profile.php?id=100063200290284","article_published_time":"2022-10-07T06:09:28+00:00","article_modified_time":"2022-10-11T05:55:45+00:00","og_image":[{"width":860,"height":452,"url":"https:\/\/infoecos.com.ar\/wp-content\/uploads\/2022\/10\/image-29.png","type":"image\/png"}],"author":"Jorge Matheus","twitter_card":"summary_large_image","twitter_creator":"@infoecos","twitter_site":"@infoecos","twitter_misc":{"Escrito por":"Jorge Matheus","Tiempo de lectura":"2 minutos"},"schema":{"@context":"https:\/\/schema.org","@graph":[{"@type":"Article","@id":"https:\/\/infoecos.com.ar\/index.php\/annie-ernaux-escritora-francesa-gano-el-premio-nobel-de-literatura-2022\/#article","isPartOf":{"@id":"https:\/\/infoecos.com.ar\/index.php\/annie-ernaux-escritora-francesa-gano-el-premio-nobel-de-literatura-2022\/"},"author":{"name":"Jorge Matheus","@id":"https:\/\/infoecos.com.ar\/#\/schema\/person\/8f5ace5ce73b4b4aac4b7245aee6f191"},"headline":"Annie Ernaux, escritora francesa, gan\u00f3 el Premio Nobel de Literatura 2022","datePublished":"2022-10-07T06:09:28+00:00","dateModified":"2022-10-11T05:55:45+00:00","mainEntityOfPage":{"@id":"https:\/\/infoecos.com.ar\/index.php\/annie-ernaux-escritora-francesa-gano-el-premio-nobel-de-literatura-2022\/"},"wordCount":314,"publisher":{"@id":"https:\/\/infoecos.com.ar\/#organization"},"image":{"@id":"https:\/\/infoecos.com.ar\/index.php\/annie-ernaux-escritora-francesa-gano-el-premio-nobel-de-literatura-2022\/#primaryimage"},"thumbnailUrl":"https:\/\/infoecos.com.ar\/wp-content\/uploads\/2022\/10\/image-29.png","keywords":["LITERATURA"],"articleSection":["Bloque inferior - 2"],"inLanguage":"es"},{"@type":"WebPage","@id":"https:\/\/infoecos.com.ar\/index.php\/annie-ernaux-escritora-francesa-gano-el-premio-nobel-de-literatura-2022\/","url":"https:\/\/infoecos.com.ar\/index.php\/annie-ernaux-escritora-francesa-gano-el-premio-nobel-de-literatura-2022\/","name":"Annie Ernaux, escritora francesa, gan\u00f3 el Premio Nobel de Literatura 2022 - Infoecos","isPartOf":{"@id":"https:\/\/infoecos.com.ar\/#website"},"primaryImageOfPage":{"@id":"https:\/\/infoecos.com.ar\/index.php\/annie-ernaux-escritora-francesa-gano-el-premio-nobel-de-literatura-2022\/#primaryimage"},"image":{"@id":"https:\/\/infoecos.com.ar\/index.php\/annie-ernaux-escritora-francesa-gano-el-premio-nobel-de-literatura-2022\/#primaryimage"},"thumbnailUrl":"https:\/\/infoecos.com.ar\/wp-content\/uploads\/2022\/10\/image-29.png","datePublished":"2022-10-07T06:09:28+00:00","dateModified":"2022-10-11T05:55:45+00:00","breadcrumb":{"@id":"https:\/\/infoecos.com.ar\/index.php\/annie-ernaux-escritora-francesa-gano-el-premio-nobel-de-literatura-2022\/#breadcrumb"},"inLanguage":"es","potentialAction":[{"@type":"ReadAction","target":["https:\/\/infoecos.com.ar\/index.php\/annie-ernaux-escritora-francesa-gano-el-premio-nobel-de-literatura-2022\/"]}]},{"@type":"ImageObject","inLanguage":"es","@id":"https:\/\/infoecos.com.ar\/index.php\/annie-ernaux-escritora-francesa-gano-el-premio-nobel-de-literatura-2022\/#primaryimage","url":"https:\/\/infoecos.com.ar\/wp-content\/uploads\/2022\/10\/image-29.png","contentUrl":"https:\/\/infoecos.com.ar\/wp-content\/uploads\/2022\/10\/image-29.png","width":860,"height":452},{"@type":"BreadcrumbList","@id":"https:\/\/infoecos.com.ar\/index.php\/annie-ernaux-escritora-francesa-gano-el-premio-nobel-de-literatura-2022\/#breadcrumb","itemListElement":[{"@type":"ListItem","position":1,"name":"Portada","item":"https:\/\/infoecos.com.ar\/"},{"@type":"ListItem","position":2,"name":"Annie Ernaux, escritora francesa, gan\u00f3 el Premio Nobel de Literatura 2022"}]},{"@type":"WebSite","@id":"https:\/\/infoecos.com.ar\/#website","url":"https:\/\/infoecos.com.ar\/","name":"Infoecos","description":"Noticias de trenque lauquen y la zona","publisher":{"@id":"https:\/\/infoecos.com.ar\/#organization"},"alternateName":"Noticias","potentialAction":[{"@type":"SearchAction","target":{"@type":"EntryPoint","urlTemplate":"https:\/\/infoecos.com.ar\/?s={search_term_string}"},"query-input":{"@type":"PropertyValueSpecification","valueRequired":true,"valueName":"search_term_string"}}],"inLanguage":"es"},{"@type":"Organization","@id":"https:\/\/infoecos.com.ar\/#organization","name":"Infoecos","alternateName":"Noticias","url":"https:\/\/infoecos.com.ar\/","logo":{"@type":"ImageObject","inLanguage":"es","@id":"https:\/\/infoecos.com.ar\/#\/schema\/logo\/image\/","url":"https:\/\/infoecos.com.ar\/wp-content\/uploads\/2024\/03\/cropped-logo.png","contentUrl":"https:\/\/infoecos.com.ar\/wp-content\/uploads\/2024\/03\/cropped-logo.png","width":374,"height":90,"caption":"Infoecos"},"image":{"@id":"https:\/\/infoecos.com.ar\/#\/schema\/logo\/image\/"},"sameAs":["https:\/\/www.facebook.com\/profile.php?id=100063200290284","https:\/\/x.com\/infoecos"]},{"@type":"Person","@id":"https:\/\/infoecos.com.ar\/#\/schema\/person\/8f5ace5ce73b4b4aac4b7245aee6f191","name":"Jorge Matheus","url":"https:\/\/infoecos.com.ar\/index.php\/author\/jomatheus\/"}]}},"featured_image_urls":{"full":["https:\/\/infoecos.com.ar\/wp-content\/uploads\/2022\/10\/image-29.png",860,452,false],"thumbnail":["https:\/\/infoecos.com.ar\/wp-content\/uploads\/2022\/10\/image-29-150x150.png",150,150,true],"medium":["https:\/\/infoecos.com.ar\/wp-content\/uploads\/2022\/10\/image-29-460x242.png",460,242,true],"medium_large":["https:\/\/infoecos.com.ar\/wp-content\/uploads\/2022\/10\/image-29-768x404.png",640,337,true],"large":["https:\/\/infoecos.com.ar\/wp-content\/uploads\/2022\/10\/image-29.png",640,336,false],"1536x1536":["https:\/\/infoecos.com.ar\/wp-content\/uploads\/2022\/10\/image-29.png",860,452,false],"2048x2048":["https:\/\/infoecos.com.ar\/wp-content\/uploads\/2022\/10\/image-29.png",860,452,false],"covernews-slider-full":["https:\/\/infoecos.com.ar\/wp-content\/uploads\/2022\/10\/image-29.png",860,452,false],"covernews-slider-center":["https:\/\/infoecos.com.ar\/wp-content\/uploads\/2022\/10\/image-29.png",800,420,false],"covernews-featured":["https:\/\/infoecos.com.ar\/wp-content\/uploads\/2022\/10\/image-29.png",860,452,false],"covernews-medium":["https:\/\/infoecos.com.ar\/wp-content\/uploads\/2022\/10\/image-29-720x380.png",540,285,true],"covernews-medium-square":["https:\/\/infoecos.com.ar\/wp-content\/uploads\/2022\/10\/image-29-675x450.png",375,250,true]},"author_info":{"info":["Jorge Matheus"]},"category_info":"<a href=\"https:\/\/infoecos.com.ar\/index.php\/category\/inferior2\/\" rel=\"category tag\">Bloque inferior - 2<\/a>","tag_info":"Bloque inferior - 2","comment_count":"0","_links":{"self":[{"href":"https:\/\/infoecos.com.ar\/index.php\/wp-json\/wp\/v2\/posts\/98735"}],"collection":[{"href":"https:\/\/infoecos.com.ar\/index.php\/wp-json\/wp\/v2\/posts"}],"about":[{"href":"https:\/\/infoecos.com.ar\/index.php\/wp-json\/wp\/v2\/types\/post"}],"author":[{"embeddable":true,"href":"https:\/\/infoecos.com.ar\/index.php\/wp-json\/wp\/v2\/users\/2"}],"replies":[{"embeddable":true,"href":"https:\/\/infoecos.com.ar\/index.php\/wp-json\/wp\/v2\/comments?post=98735"}],"version-history":[{"count":2,"href":"https:\/\/infoecos.com.ar\/index.php\/wp-json\/wp\/v2\/posts\/98735\/revisions"}],"predecessor-version":[{"id":98910,"href":"https:\/\/infoecos.com.ar\/index.php\/wp-json\/wp\/v2\/posts\/98735\/revisions\/98910"}],"wp:featuredmedia":[{"embeddable":true,"href":"https:\/\/infoecos.com.ar\/index.php\/wp-json\/wp\/v2\/media\/98736"}],"wp:attachment":[{"href":"https:\/\/infoecos.com.ar\/index.php\/wp-json\/wp\/v2\/media?parent=98735"}],"wp:term":[{"taxonomy":"category","embeddable":true,"href":"https:\/\/infoecos.com.ar\/index.php\/wp-json\/wp\/v2\/categories?post=98735"},{"taxonomy":"post_tag","embeddable":true,"href":"https:\/\/infoecos.com.ar\/index.php\/wp-json\/wp\/v2\/tags?post=98735"}],"curies":[{"name":"wp","href":"https:\/\/api.w.org\/{rel}","templated":true}]}}