{"id":98836,"date":"2022-10-10T03:57:56","date_gmt":"2022-10-10T06:57:56","guid":{"rendered":"http:\/\/infoecos.com.ar\/?p=98836"},"modified":"2022-10-11T01:56:31","modified_gmt":"2022-10-11T04:56:31","slug":"nahue-mittelbach-intendente-de-ameghino-se-reunio-este-domingo-con-su-par-de-t-lauquen","status":"publish","type":"post","link":"https:\/\/infoecos.com.ar\/index.php\/nahue-mittelbach-intendente-de-ameghino-se-reunio-este-domingo-con-su-par-de-t-lauquen\/","title":{"rendered":"Nahue Mittelbach, intendente de Ameghino, se reuni\u00f3 este domingo con su par de T.Lauquen"},"content":{"rendered":"\n<p>El intendente de Trenque Lauquen, doctor Miguel Fern\u00e1ndez, recibi\u00f3 ayer domingo a su par de Florentino Ameghino, <strong>Nahue Mittelbach<\/strong>. Este \u00faltimo se hizo cargo de la responsabilidad de gobernar su distrito la semana anterior, en reemplazo de Calixto Tellechea que en principio pidi\u00f3 una suplencia por tres meses, para luego dejar el cargo definitivamente.<\/p>\n\n\n\n<figure class=\"wp-block-image aligncenter size-large is-resized\"><img loading=\"lazy\" decoding=\"async\" src=\"http:\/\/infoecos.com.ar\/wp-content\/uploads\/2022\/10\/272854069_455229169447494_623377058964697659_n-920x616.jpg\" alt=\"\" class=\"wp-image-98839\" width=\"476\" height=\"318\" srcset=\"https:\/\/infoecos.com.ar\/wp-content\/uploads\/2022\/10\/272854069_455229169447494_623377058964697659_n-920x616.jpg 920w, https:\/\/infoecos.com.ar\/wp-content\/uploads\/2022\/10\/272854069_455229169447494_623377058964697659_n-460x308.jpg 460w, https:\/\/infoecos.com.ar\/wp-content\/uploads\/2022\/10\/272854069_455229169447494_623377058964697659_n-768x514.jpg 768w, https:\/\/infoecos.com.ar\/wp-content\/uploads\/2022\/10\/272854069_455229169447494_623377058964697659_n-1024x686.jpg 1024w, https:\/\/infoecos.com.ar\/wp-content\/uploads\/2022\/10\/272854069_455229169447494_623377058964697659_n-675x450.jpg 675w, https:\/\/infoecos.com.ar\/wp-content\/uploads\/2022\/10\/272854069_455229169447494_623377058964697659_n.jpg 1280w\" sizes=\"(max-width: 476px) 100vw, 476px\" \/><figcaption>Mittelbach con Calixto Tellechea<\/figcaption><\/figure>\n\n\n\n<p>Fern\u00e1ndez en una de sus cuentas en las redes sociales mostr\u00f3 una fotograf\u00eda con el joven dirigente ameghinense y apunt\u00f3 que analizaron cuestiones vinculadas con la gesti\u00f3n.<\/p>\n\n\n\n<p>Mittelbach fue secretario de gobierno de su distrito y cuando lleg\u00f3 el anuncio de la retirada de Tellechea estaba desempe\u00f1\u00e1ndose como concejal, por lo que seguramente viaj\u00f3 a Trenque Lauquen para tomar nota de distintas cuestiones que son de inter\u00e9s para la gesti\u00f3n que emprende. <\/p>\n\n\n\n<p>El ahora mandatario comunal es el m\u00e1s joven de la provincia de Buenos Aires. Tiene 28 a\u00f1os. <\/p>\n","protected":false},"excerpt":{"rendered":"<p>Fern\u00e1ndez en una de sus cuentas en las redes sociales mostr\u00f3 una fotograf\u00eda con el joven dirigente ameghinense y apunt\u00f3 que analizaron cuestiones vinculadas con la gesti\u00f3n<\/p>\n","protected":false},"author":2,"featured_media":98838,"comment_status":"closed","ping_status":"open","sticky":false,"template":"","format":"standard","meta":{"footnotes":""},"categories":[24],"tags":[6967],"class_list":["post-98836","post","type-post","status-publish","format-standard","has-post-thumbnail","hentry","category-c1nota3","tag-se-interiorizo-de-la-gestion"],"yoast_head":"<!-- This site is optimized with the Yoast SEO plugin v23.4 - https:\/\/yoast.com\/wordpress\/plugins\/seo\/ -->\n<title>Nahue Mittelbach, intendente de Ameghino, se reuni\u00f3 este domingo con su par de T.Lauquen - Infoecos<\/title>\n<meta name=\"robots\" content=\"index, follow, max-snippet:-1, max-image-preview:large, max-video-preview:-1\" \/>\n<link rel=\"canonical\" href=\"https:\/\/infoecos.com.ar\/index.php\/nahue-mittelbach-intendente-de-ameghino-se-reunio-este-domingo-con-su-par-de-t-lauquen\/\" \/>\n<meta property=\"og:locale\" content=\"es_ES\" \/>\n<meta property=\"og:type\" content=\"article\" \/>\n<meta property=\"og:title\" content=\"Nahue Mittelbach, intendente de Ameghino, se reuni\u00f3 este domingo con su par de T.Lauquen - Infoecos\" \/>\n<meta property=\"og:description\" content=\"Fern\u00e1ndez en una de sus cuentas en las redes sociales mostr\u00f3 una fotograf\u00eda con el joven dirigente ameghinense y apunt\u00f3 que analizaron cuestiones vinculadas con la gesti\u00f3n\" \/>\n<meta property=\"og:url\" content=\"https:\/\/infoecos.com.ar\/index.php\/nahue-mittelbach-intendente-de-ameghino-se-reunio-este-domingo-con-su-par-de-t-lauquen\/\" \/>\n<meta property=\"og:site_name\" content=\"Infoecos\" \/>\n<meta property=\"article:publisher\" content=\"https:\/\/www.facebook.com\/profile.php?id=100063200290284\" \/>\n<meta property=\"article:published_time\" content=\"2022-10-10T06:57:56+00:00\" \/>\n<meta property=\"article:modified_time\" content=\"2022-10-11T04:56:31+00:00\" \/>\n<meta property=\"og:image\" content=\"https:\/\/infoecos.com.ar\/wp-content\/uploads\/2022\/10\/273383174_455229166114161_3337459641025515611_n.jpg\" \/>\n\t<meta property=\"og:image:width\" content=\"853\" \/>\n\t<meta property=\"og:image:height\" content=\"853\" \/>\n\t<meta property=\"og:image:type\" content=\"image\/jpeg\" \/>\n<meta name=\"author\" content=\"Jorge Matheus\" \/>\n<meta name=\"twitter:card\" content=\"summary_large_image\" \/>\n<meta name=\"twitter:creator\" content=\"@infoecos\" \/>\n<meta name=\"twitter:site\" content=\"@infoecos\" \/>\n<meta name=\"twitter:label1\" content=\"Escrito por\" \/>\n\t<meta name=\"twitter:data1\" content=\"Jorge Matheus\" \/>\n\t<meta name=\"twitter:label2\" content=\"Tiempo de lectura\" \/>\n\t<meta name=\"twitter:data2\" content=\"1 minuto\" \/>\n<script type=\"application\/ld+json\" class=\"yoast-schema-graph\">{\"@context\":\"https:\/\/schema.org\",\"@graph\":[{\"@type\":\"Article\",\"@id\":\"https:\/\/infoecos.com.ar\/index.php\/nahue-mittelbach-intendente-de-ameghino-se-reunio-este-domingo-con-su-par-de-t-lauquen\/#article\",\"isPartOf\":{\"@id\":\"https:\/\/infoecos.com.ar\/index.php\/nahue-mittelbach-intendente-de-ameghino-se-reunio-este-domingo-con-su-par-de-t-lauquen\/\"},\"author\":{\"name\":\"Jorge Matheus\",\"@id\":\"https:\/\/infoecos.com.ar\/#\/schema\/person\/8f5ace5ce73b4b4aac4b7245aee6f191\"},\"headline\":\"Nahue Mittelbach, intendente de Ameghino, se reuni\u00f3 este domingo con su par de T.Lauquen\",\"datePublished\":\"2022-10-10T06:57:56+00:00\",\"dateModified\":\"2022-10-11T04:56:31+00:00\",\"mainEntityOfPage\":{\"@id\":\"https:\/\/infoecos.com.ar\/index.php\/nahue-mittelbach-intendente-de-ameghino-se-reunio-este-domingo-con-su-par-de-t-lauquen\/\"},\"wordCount\":170,\"publisher\":{\"@id\":\"https:\/\/infoecos.com.ar\/#organization\"},\"image\":{\"@id\":\"https:\/\/infoecos.com.ar\/index.php\/nahue-mittelbach-intendente-de-ameghino-se-reunio-este-domingo-con-su-par-de-t-lauquen\/#primaryimage\"},\"thumbnailUrl\":\"https:\/\/infoecos.com.ar\/wp-content\/uploads\/2022\/10\/273383174_455229166114161_3337459641025515611_n.jpg\",\"keywords\":[\"SE INTERIORIZ\u00d3 DE LA GESTI\u00d3N\"],\"articleSection\":[\"C1 N3\"],\"inLanguage\":\"es\"},{\"@type\":\"WebPage\",\"@id\":\"https:\/\/infoecos.com.ar\/index.php\/nahue-mittelbach-intendente-de-ameghino-se-reunio-este-domingo-con-su-par-de-t-lauquen\/\",\"url\":\"https:\/\/infoecos.com.ar\/index.php\/nahue-mittelbach-intendente-de-ameghino-se-reunio-este-domingo-con-su-par-de-t-lauquen\/\",\"name\":\"Nahue Mittelbach, intendente de Ameghino, se reuni\u00f3 este domingo con su par de T.Lauquen - Infoecos\",\"isPartOf\":{\"@id\":\"https:\/\/infoecos.com.ar\/#website\"},\"primaryImageOfPage\":{\"@id\":\"https:\/\/infoecos.com.ar\/index.php\/nahue-mittelbach-intendente-de-ameghino-se-reunio-este-domingo-con-su-par-de-t-lauquen\/#primaryimage\"},\"image\":{\"@id\":\"https:\/\/infoecos.com.ar\/index.php\/nahue-mittelbach-intendente-de-ameghino-se-reunio-este-domingo-con-su-par-de-t-lauquen\/#primaryimage\"},\"thumbnailUrl\":\"https:\/\/infoecos.com.ar\/wp-content\/uploads\/2022\/10\/273383174_455229166114161_3337459641025515611_n.jpg\",\"datePublished\":\"2022-10-10T06:57:56+00:00\",\"dateModified\":\"2022-10-11T04:56:31+00:00\",\"breadcrumb\":{\"@id\":\"https:\/\/infoecos.com.ar\/index.php\/nahue-mittelbach-intendente-de-ameghino-se-reunio-este-domingo-con-su-par-de-t-lauquen\/#breadcrumb\"},\"inLanguage\":\"es\",\"potentialAction\":[{\"@type\":\"ReadAction\",\"target\":[\"https:\/\/infoecos.com.ar\/index.php\/nahue-mittelbach-intendente-de-ameghino-se-reunio-este-domingo-con-su-par-de-t-lauquen\/\"]}]},{\"@type\":\"ImageObject\",\"inLanguage\":\"es\",\"@id\":\"https:\/\/infoecos.com.ar\/index.php\/nahue-mittelbach-intendente-de-ameghino-se-reunio-este-domingo-con-su-par-de-t-lauquen\/#primaryimage\",\"url\":\"https:\/\/infoecos.com.ar\/wp-content\/uploads\/2022\/10\/273383174_455229166114161_3337459641025515611_n.jpg\",\"contentUrl\":\"https:\/\/infoecos.com.ar\/wp-content\/uploads\/2022\/10\/273383174_455229166114161_3337459641025515611_n.jpg\",\"width\":853,\"height\":853},{\"@type\":\"BreadcrumbList\",\"@id\":\"https:\/\/infoecos.com.ar\/index.php\/nahue-mittelbach-intendente-de-ameghino-se-reunio-este-domingo-con-su-par-de-t-lauquen\/#breadcrumb\",\"itemListElement\":[{\"@type\":\"ListItem\",\"position\":1,\"name\":\"Portada\",\"item\":\"https:\/\/infoecos.com.ar\/\"},{\"@type\":\"ListItem\",\"position\":2,\"name\":\"Nahue Mittelbach, intendente de Ameghino, se reuni\u00f3 este domingo con su par de T.Lauquen\"}]},{\"@type\":\"WebSite\",\"@id\":\"https:\/\/infoecos.com.ar\/#website\",\"url\":\"https:\/\/infoecos.com.ar\/\",\"name\":\"Infoecos\",\"description\":\"Noticias de trenque lauquen y la zona\",\"publisher\":{\"@id\":\"https:\/\/infoecos.com.ar\/#organization\"},\"alternateName\":\"Noticias\",\"potentialAction\":[{\"@type\":\"SearchAction\",\"target\":{\"@type\":\"EntryPoint\",\"urlTemplate\":\"https:\/\/infoecos.com.ar\/?s={search_term_string}\"},\"query-input\":{\"@type\":\"PropertyValueSpecification\",\"valueRequired\":true,\"valueName\":\"search_term_string\"}}],\"inLanguage\":\"es\"},{\"@type\":\"Organization\",\"@id\":\"https:\/\/infoecos.com.ar\/#organization\",\"name\":\"Infoecos\",\"alternateName\":\"Noticias\",\"url\":\"https:\/\/infoecos.com.ar\/\",\"logo\":{\"@type\":\"ImageObject\",\"inLanguage\":\"es\",\"@id\":\"https:\/\/infoecos.com.ar\/#\/schema\/logo\/image\/\",\"url\":\"https:\/\/infoecos.com.ar\/wp-content\/uploads\/2024\/03\/cropped-logo.png\",\"contentUrl\":\"https:\/\/infoecos.com.ar\/wp-content\/uploads\/2024\/03\/cropped-logo.png\",\"width\":374,\"height\":90,\"caption\":\"Infoecos\"},\"image\":{\"@id\":\"https:\/\/infoecos.com.ar\/#\/schema\/logo\/image\/\"},\"sameAs\":[\"https:\/\/www.facebook.com\/profile.php?id=100063200290284\",\"https:\/\/x.com\/infoecos\"]},{\"@type\":\"Person\",\"@id\":\"https:\/\/infoecos.com.ar\/#\/schema\/person\/8f5ace5ce73b4b4aac4b7245aee6f191\",\"name\":\"Jorge Matheus\",\"url\":\"https:\/\/infoecos.com.ar\/index.php\/author\/jomatheus\/\"}]}<\/script>\n<!-- \/ Yoast SEO plugin. -->","yoast_head_json":{"title":"Nahue Mittelbach, intendente de Ameghino, se reuni\u00f3 este domingo con su par de T.Lauquen - Infoecos","robots":{"index":"index","follow":"follow","max-snippet":"max-snippet:-1","max-image-preview":"max-image-preview:large","max-video-preview":"max-video-preview:-1"},"canonical":"https:\/\/infoecos.com.ar\/index.php\/nahue-mittelbach-intendente-de-ameghino-se-reunio-este-domingo-con-su-par-de-t-lauquen\/","og_locale":"es_ES","og_type":"article","og_title":"Nahue Mittelbach, intendente de Ameghino, se reuni\u00f3 este domingo con su par de T.Lauquen - Infoecos","og_description":"Fern\u00e1ndez en una de sus cuentas en las redes sociales mostr\u00f3 una fotograf\u00eda con el joven dirigente ameghinense y apunt\u00f3 que analizaron cuestiones vinculadas con la gesti\u00f3n","og_url":"https:\/\/infoecos.com.ar\/index.php\/nahue-mittelbach-intendente-de-ameghino-se-reunio-este-domingo-con-su-par-de-t-lauquen\/","og_site_name":"Infoecos","article_publisher":"https:\/\/www.facebook.com\/profile.php?id=100063200290284","article_published_time":"2022-10-10T06:57:56+00:00","article_modified_time":"2022-10-11T04:56:31+00:00","og_image":[{"width":853,"height":853,"url":"https:\/\/infoecos.com.ar\/wp-content\/uploads\/2022\/10\/273383174_455229166114161_3337459641025515611_n.jpg","type":"image\/jpeg"}],"author":"Jorge Matheus","twitter_card":"summary_large_image","twitter_creator":"@infoecos","twitter_site":"@infoecos","twitter_misc":{"Escrito por":"Jorge Matheus","Tiempo de lectura":"1 minuto"},"schema":{"@context":"https:\/\/schema.org","@graph":[{"@type":"Article","@id":"https:\/\/infoecos.com.ar\/index.php\/nahue-mittelbach-intendente-de-ameghino-se-reunio-este-domingo-con-su-par-de-t-lauquen\/#article","isPartOf":{"@id":"https:\/\/infoecos.com.ar\/index.php\/nahue-mittelbach-intendente-de-ameghino-se-reunio-este-domingo-con-su-par-de-t-lauquen\/"},"author":{"name":"Jorge Matheus","@id":"https:\/\/infoecos.com.ar\/#\/schema\/person\/8f5ace5ce73b4b4aac4b7245aee6f191"},"headline":"Nahue Mittelbach, intendente de Ameghino, se reuni\u00f3 este domingo con su par de T.Lauquen","datePublished":"2022-10-10T06:57:56+00:00","dateModified":"2022-10-11T04:56:31+00:00","mainEntityOfPage":{"@id":"https:\/\/infoecos.com.ar\/index.php\/nahue-mittelbach-intendente-de-ameghino-se-reunio-este-domingo-con-su-par-de-t-lauquen\/"},"wordCount":170,"publisher":{"@id":"https:\/\/infoecos.com.ar\/#organization"},"image":{"@id":"https:\/\/infoecos.com.ar\/index.php\/nahue-mittelbach-intendente-de-ameghino-se-reunio-este-domingo-con-su-par-de-t-lauquen\/#primaryimage"},"thumbnailUrl":"https:\/\/infoecos.com.ar\/wp-content\/uploads\/2022\/10\/273383174_455229166114161_3337459641025515611_n.jpg","keywords":["SE INTERIORIZ\u00d3 DE LA GESTI\u00d3N"],"articleSection":["C1 N3"],"inLanguage":"es"},{"@type":"WebPage","@id":"https:\/\/infoecos.com.ar\/index.php\/nahue-mittelbach-intendente-de-ameghino-se-reunio-este-domingo-con-su-par-de-t-lauquen\/","url":"https:\/\/infoecos.com.ar\/index.php\/nahue-mittelbach-intendente-de-ameghino-se-reunio-este-domingo-con-su-par-de-t-lauquen\/","name":"Nahue Mittelbach, intendente de Ameghino, se reuni\u00f3 este domingo con su par de T.Lauquen - Infoecos","isPartOf":{"@id":"https:\/\/infoecos.com.ar\/#website"},"primaryImageOfPage":{"@id":"https:\/\/infoecos.com.ar\/index.php\/nahue-mittelbach-intendente-de-ameghino-se-reunio-este-domingo-con-su-par-de-t-lauquen\/#primaryimage"},"image":{"@id":"https:\/\/infoecos.com.ar\/index.php\/nahue-mittelbach-intendente-de-ameghino-se-reunio-este-domingo-con-su-par-de-t-lauquen\/#primaryimage"},"thumbnailUrl":"https:\/\/infoecos.com.ar\/wp-content\/uploads\/2022\/10\/273383174_455229166114161_3337459641025515611_n.jpg","datePublished":"2022-10-10T06:57:56+00:00","dateModified":"2022-10-11T04:56:31+00:00","breadcrumb":{"@id":"https:\/\/infoecos.com.ar\/index.php\/nahue-mittelbach-intendente-de-ameghino-se-reunio-este-domingo-con-su-par-de-t-lauquen\/#breadcrumb"},"inLanguage":"es","potentialAction":[{"@type":"ReadAction","target":["https:\/\/infoecos.com.ar\/index.php\/nahue-mittelbach-intendente-de-ameghino-se-reunio-este-domingo-con-su-par-de-t-lauquen\/"]}]},{"@type":"ImageObject","inLanguage":"es","@id":"https:\/\/infoecos.com.ar\/index.php\/nahue-mittelbach-intendente-de-ameghino-se-reunio-este-domingo-con-su-par-de-t-lauquen\/#primaryimage","url":"https:\/\/infoecos.com.ar\/wp-content\/uploads\/2022\/10\/273383174_455229166114161_3337459641025515611_n.jpg","contentUrl":"https:\/\/infoecos.com.ar\/wp-content\/uploads\/2022\/10\/273383174_455229166114161_3337459641025515611_n.jpg","width":853,"height":853},{"@type":"BreadcrumbList","@id":"https:\/\/infoecos.com.ar\/index.php\/nahue-mittelbach-intendente-de-ameghino-se-reunio-este-domingo-con-su-par-de-t-lauquen\/#breadcrumb","itemListElement":[{"@type":"ListItem","position":1,"name":"Portada","item":"https:\/\/infoecos.com.ar\/"},{"@type":"ListItem","position":2,"name":"Nahue Mittelbach, intendente de Ameghino, se reuni\u00f3 este domingo con su par de T.Lauquen"}]},{"@type":"WebSite","@id":"https:\/\/infoecos.com.ar\/#website","url":"https:\/\/infoecos.com.ar\/","name":"Infoecos","description":"Noticias de trenque lauquen y la zona","publisher":{"@id":"https:\/\/infoecos.com.ar\/#organization"},"alternateName":"Noticias","potentialAction":[{"@type":"SearchAction","target":{"@type":"EntryPoint","urlTemplate":"https:\/\/infoecos.com.ar\/?s={search_term_string}"},"query-input":{"@type":"PropertyValueSpecification","valueRequired":true,"valueName":"search_term_string"}}],"inLanguage":"es"},{"@type":"Organization","@id":"https:\/\/infoecos.com.ar\/#organization","name":"Infoecos","alternateName":"Noticias","url":"https:\/\/infoecos.com.ar\/","logo":{"@type":"ImageObject","inLanguage":"es","@id":"https:\/\/infoecos.com.ar\/#\/schema\/logo\/image\/","url":"https:\/\/infoecos.com.ar\/wp-content\/uploads\/2024\/03\/cropped-logo.png","contentUrl":"https:\/\/infoecos.com.ar\/wp-content\/uploads\/2024\/03\/cropped-logo.png","width":374,"height":90,"caption":"Infoecos"},"image":{"@id":"https:\/\/infoecos.com.ar\/#\/schema\/logo\/image\/"},"sameAs":["https:\/\/www.facebook.com\/profile.php?id=100063200290284","https:\/\/x.com\/infoecos"]},{"@type":"Person","@id":"https:\/\/infoecos.com.ar\/#\/schema\/person\/8f5ace5ce73b4b4aac4b7245aee6f191","name":"Jorge Matheus","url":"https:\/\/infoecos.com.ar\/index.php\/author\/jomatheus\/"}]}},"featured_image_urls":{"full":["https:\/\/infoecos.com.ar\/wp-content\/uploads\/2022\/10\/273383174_455229166114161_3337459641025515611_n.jpg",853,853,false],"thumbnail":["https:\/\/infoecos.com.ar\/wp-content\/uploads\/2022\/10\/273383174_455229166114161_3337459641025515611_n-150x150.jpg",150,150,true],"medium":["https:\/\/infoecos.com.ar\/wp-content\/uploads\/2022\/10\/273383174_455229166114161_3337459641025515611_n-460x460.jpg",460,460,true],"medium_large":["https:\/\/infoecos.com.ar\/wp-content\/uploads\/2022\/10\/273383174_455229166114161_3337459641025515611_n-768x768.jpg",640,640,true],"large":["https:\/\/infoecos.com.ar\/wp-content\/uploads\/2022\/10\/273383174_455229166114161_3337459641025515611_n.jpg",640,640,false],"1536x1536":["https:\/\/infoecos.com.ar\/wp-content\/uploads\/2022\/10\/273383174_455229166114161_3337459641025515611_n.jpg",853,853,false],"2048x2048":["https:\/\/infoecos.com.ar\/wp-content\/uploads\/2022\/10\/273383174_455229166114161_3337459641025515611_n.jpg",853,853,false],"covernews-slider-full":["https:\/\/infoecos.com.ar\/wp-content\/uploads\/2022\/10\/273383174_455229166114161_3337459641025515611_n.jpg",715,715,false],"covernews-slider-center":["https:\/\/infoecos.com.ar\/wp-content\/uploads\/2022\/10\/273383174_455229166114161_3337459641025515611_n.jpg",500,500,false],"covernews-featured":["https:\/\/infoecos.com.ar\/wp-content\/uploads\/2022\/10\/273383174_455229166114161_3337459641025515611_n.jpg",853,853,false],"covernews-medium":["https:\/\/infoecos.com.ar\/wp-content\/uploads\/2022\/10\/273383174_455229166114161_3337459641025515611_n-720x380.jpg",540,285,true],"covernews-medium-square":["https:\/\/infoecos.com.ar\/wp-content\/uploads\/2022\/10\/273383174_455229166114161_3337459641025515611_n-675x450.jpg",375,250,true]},"author_info":{"info":["Jorge Matheus"]},"category_info":"<a href=\"https:\/\/infoecos.com.ar\/index.php\/category\/c1nota3\/\" rel=\"category tag\">C1 N3<\/a>","tag_info":"C1 N3","comment_count":"0","_links":{"self":[{"href":"https:\/\/infoecos.com.ar\/index.php\/wp-json\/wp\/v2\/posts\/98836"}],"collection":[{"href":"https:\/\/infoecos.com.ar\/index.php\/wp-json\/wp\/v2\/posts"}],"about":[{"href":"https:\/\/infoecos.com.ar\/index.php\/wp-json\/wp\/v2\/types\/post"}],"author":[{"embeddable":true,"href":"https:\/\/infoecos.com.ar\/index.php\/wp-json\/wp\/v2\/users\/2"}],"replies":[{"embeddable":true,"href":"https:\/\/infoecos.com.ar\/index.php\/wp-json\/wp\/v2\/comments?post=98836"}],"version-history":[{"count":1,"href":"https:\/\/infoecos.com.ar\/index.php\/wp-json\/wp\/v2\/posts\/98836\/revisions"}],"predecessor-version":[{"id":98840,"href":"https:\/\/infoecos.com.ar\/index.php\/wp-json\/wp\/v2\/posts\/98836\/revisions\/98840"}],"wp:featuredmedia":[{"embeddable":true,"href":"https:\/\/infoecos.com.ar\/index.php\/wp-json\/wp\/v2\/media\/98838"}],"wp:attachment":[{"href":"https:\/\/infoecos.com.ar\/index.php\/wp-json\/wp\/v2\/media?parent=98836"}],"wp:term":[{"taxonomy":"category","embeddable":true,"href":"https:\/\/infoecos.com.ar\/index.php\/wp-json\/wp\/v2\/categories?post=98836"},{"taxonomy":"post_tag","embeddable":true,"href":"https:\/\/infoecos.com.ar\/index.php\/wp-json\/wp\/v2\/tags?post=98836"}],"curies":[{"name":"wp","href":"https:\/\/api.w.org\/{rel}","templated":true}]}}