{"id":99513,"date":"2023-01-03T12:34:38","date_gmt":"2023-01-03T15:34:38","guid":{"rendered":"https:\/\/infoecos.com.ar\/?p=99513"},"modified":"2023-01-03T15:45:45","modified_gmt":"2023-01-03T18:45:45","slug":"en-juan-jose-paso-distrito-de-pehuajo-se-celebra-hoy-el-133-aniversario-de-la-fundacion","status":"publish","type":"post","link":"https:\/\/infoecos.com.ar\/index.php\/en-juan-jose-paso-distrito-de-pehuajo-se-celebra-hoy-el-133-aniversario-de-la-fundacion\/","title":{"rendered":"En Juan Jos\u00e9 Paso, distrito de Pehuaj\u00f3, se celebra hoy el 133 aniversario de la fundaci\u00f3n"},"content":{"rendered":"\n<p>Juan Jos\u00e9 Paso est\u00e1 cumpliendo el 133 aniversario de su fundaci\u00f3n. El acto oficial se desarrollar\u00e1 este martes, a partir de las 19.30 horas.<\/p>\n\n\n\n<figure class=\"wp-block-image aligncenter size-full is-resized\"><img loading=\"lazy\" decoding=\"async\" src=\"https:\/\/infoecos.com.ar\/wp-content\/uploads\/2023\/01\/image.png\" alt=\"\" class=\"wp-image-99514\" width=\"547\" height=\"364\" srcset=\"https:\/\/infoecos.com.ar\/wp-content\/uploads\/2023\/01\/image.png 1280w, https:\/\/infoecos.com.ar\/wp-content\/uploads\/2023\/01\/image-800x533.png 800w, https:\/\/infoecos.com.ar\/wp-content\/uploads\/2023\/01\/image-768x512.png 768w, https:\/\/infoecos.com.ar\/wp-content\/uploads\/2023\/01\/image-1024x682.png 1024w, https:\/\/infoecos.com.ar\/wp-content\/uploads\/2023\/01\/image-675x450.png 675w\" sizes=\"(max-width: 547px) 100vw, 547px\" \/><\/figure>\n\n\n\n<p>Habr\u00e1 un espect\u00e1culo art\u00edstico con la participaci\u00f3n de <\/p>\n\n\n\n<p><img loading=\"lazy\" decoding=\"async\" height=\"16\" width=\"16\" alt=\"&#x3030;\" src=\"https:\/\/static.xx.fbcdn.net\/images\/emoji.php\/v9\/t2a\/1.5\/16\/3030.png\">Los <a><\/a>del Campo<\/p>\n\n\n\n<p><img loading=\"lazy\" decoding=\"async\" height=\"16\" width=\"16\" alt=\"&#x3030;\" src=\"https:\/\/static.xx.fbcdn.net\/images\/emoji.php\/v9\/t2a\/1.5\/16\/3030.png\">Luisina Lasca<\/p>\n\n\n\n<p><img loading=\"lazy\" decoding=\"async\" height=\"16\" width=\"16\" alt=\"&#x3030;\" src=\"https:\/\/static.xx.fbcdn.net\/images\/emoji.php\/v9\/t2a\/1.5\/16\/3030.png\">Alejandro Merlo<\/p>\n\n\n\n<p><img loading=\"lazy\" decoding=\"async\" height=\"16\" width=\"16\" alt=\"&#x3030;\" src=\"https:\/\/static.xx.fbcdn.net\/images\/emoji.php\/v9\/t2a\/1.5\/16\/3030.png\">Ayel\u00e9n Lencina<\/p>\n\n\n\n<p><img loading=\"lazy\" decoding=\"async\" height=\"16\" width=\"16\" alt=\"&#x3030;\" src=\"https:\/\/static.xx.fbcdn.net\/images\/emoji.php\/v9\/t2a\/1.5\/16\/3030.png\">Marilina Mayoral<\/p>\n\n\n\n<p><img loading=\"lazy\" decoding=\"async\" height=\"16\" width=\"16\" alt=\"&#x3030;\" src=\"https:\/\/static.xx.fbcdn.net\/images\/emoji.php\/v9\/t2a\/1.5\/16\/3030.png\">Banda Luis<\/p>\n\n\n\n<p><img loading=\"lazy\" decoding=\"async\" height=\"16\" width=\"16\" src=\"https:\/\/static.xx.fbcdn.net\/images\/emoji.php\/v9\/t2a\/1.5\/16\/3030.png\" alt=\"&#x3030;\">Marcelo Rold\u00e1n<\/p>\n\n\n\n<p>En la informaci\u00f3n municipal que se divulga a trav\u00e9s de las redes sociales apuntan que habr\u00e1 cantina a cargo de alumnas y alumnos del \u00faltimo a\u00f1o de la escuela secundaria n\u00famero 9.<\/p>\n","protected":false},"excerpt":{"rendered":"<p>El acto oficial se desarrollar\u00e1 este martes, a partir de las 19.30 horas<\/p>\n","protected":false},"author":2,"featured_media":99514,"comment_status":"closed","ping_status":"open","sticky":false,"template":"","format":"standard","meta":{"footnotes":""},"categories":[25],"tags":[6994],"class_list":["post-99513","post","type-post","status-publish","format-standard","has-post-thumbnail","hentry","category-c3nota1","tag-festejo"],"yoast_head":"<!-- This site is optimized with the Yoast SEO plugin v23.4 - https:\/\/yoast.com\/wordpress\/plugins\/seo\/ -->\n<title>En Juan Jos\u00e9 Paso, distrito de Pehuaj\u00f3, se celebra hoy el 133 aniversario de la fundaci\u00f3n - Infoecos<\/title>\n<meta name=\"robots\" content=\"index, follow, max-snippet:-1, max-image-preview:large, max-video-preview:-1\" \/>\n<link rel=\"canonical\" href=\"https:\/\/infoecos.com.ar\/index.php\/en-juan-jose-paso-distrito-de-pehuajo-se-celebra-hoy-el-133-aniversario-de-la-fundacion\/\" \/>\n<meta property=\"og:locale\" content=\"es_ES\" \/>\n<meta property=\"og:type\" content=\"article\" \/>\n<meta property=\"og:title\" content=\"En Juan Jos\u00e9 Paso, distrito de Pehuaj\u00f3, se celebra hoy el 133 aniversario de la fundaci\u00f3n - Infoecos\" \/>\n<meta property=\"og:description\" content=\"El acto oficial se desarrollar\u00e1 este martes, a partir de las 19.30 horas\" \/>\n<meta property=\"og:url\" content=\"https:\/\/infoecos.com.ar\/index.php\/en-juan-jose-paso-distrito-de-pehuajo-se-celebra-hoy-el-133-aniversario-de-la-fundacion\/\" \/>\n<meta property=\"og:site_name\" content=\"Infoecos\" \/>\n<meta property=\"article:publisher\" content=\"https:\/\/www.facebook.com\/profile.php?id=100063200290284\" \/>\n<meta property=\"article:published_time\" content=\"2023-01-03T15:34:38+00:00\" \/>\n<meta property=\"article:modified_time\" content=\"2023-01-03T18:45:45+00:00\" \/>\n<meta property=\"og:image\" content=\"https:\/\/infoecos.com.ar\/wp-content\/uploads\/2023\/01\/image.png\" \/>\n\t<meta property=\"og:image:width\" content=\"1280\" \/>\n\t<meta property=\"og:image:height\" content=\"853\" \/>\n\t<meta property=\"og:image:type\" content=\"image\/png\" \/>\n<meta name=\"author\" content=\"Jorge Matheus\" \/>\n<meta name=\"twitter:card\" content=\"summary_large_image\" \/>\n<meta name=\"twitter:creator\" content=\"@infoecos\" \/>\n<meta name=\"twitter:site\" content=\"@infoecos\" \/>\n<meta name=\"twitter:label1\" content=\"Escrito por\" \/>\n\t<meta name=\"twitter:data1\" content=\"Jorge Matheus\" \/>\n\t<meta name=\"twitter:label2\" content=\"Tiempo de lectura\" \/>\n\t<meta name=\"twitter:data2\" content=\"2 minutos\" \/>\n<script type=\"application\/ld+json\" class=\"yoast-schema-graph\">{\"@context\":\"https:\/\/schema.org\",\"@graph\":[{\"@type\":\"Article\",\"@id\":\"https:\/\/infoecos.com.ar\/index.php\/en-juan-jose-paso-distrito-de-pehuajo-se-celebra-hoy-el-133-aniversario-de-la-fundacion\/#article\",\"isPartOf\":{\"@id\":\"https:\/\/infoecos.com.ar\/index.php\/en-juan-jose-paso-distrito-de-pehuajo-se-celebra-hoy-el-133-aniversario-de-la-fundacion\/\"},\"author\":{\"name\":\"Jorge Matheus\",\"@id\":\"https:\/\/infoecos.com.ar\/#\/schema\/person\/8f5ace5ce73b4b4aac4b7245aee6f191\"},\"headline\":\"En Juan Jos\u00e9 Paso, distrito de Pehuaj\u00f3, se celebra hoy el 133 aniversario de la fundaci\u00f3n\",\"datePublished\":\"2023-01-03T15:34:38+00:00\",\"dateModified\":\"2023-01-03T18:45:45+00:00\",\"mainEntityOfPage\":{\"@id\":\"https:\/\/infoecos.com.ar\/index.php\/en-juan-jose-paso-distrito-de-pehuajo-se-celebra-hoy-el-133-aniversario-de-la-fundacion\/\"},\"wordCount\":102,\"publisher\":{\"@id\":\"https:\/\/infoecos.com.ar\/#organization\"},\"image\":{\"@id\":\"https:\/\/infoecos.com.ar\/index.php\/en-juan-jose-paso-distrito-de-pehuajo-se-celebra-hoy-el-133-aniversario-de-la-fundacion\/#primaryimage\"},\"thumbnailUrl\":\"https:\/\/infoecos.com.ar\/wp-content\/uploads\/2023\/01\/image.png\",\"keywords\":[\"festejo\"],\"articleSection\":[\"C3 N1\"],\"inLanguage\":\"es\"},{\"@type\":\"WebPage\",\"@id\":\"https:\/\/infoecos.com.ar\/index.php\/en-juan-jose-paso-distrito-de-pehuajo-se-celebra-hoy-el-133-aniversario-de-la-fundacion\/\",\"url\":\"https:\/\/infoecos.com.ar\/index.php\/en-juan-jose-paso-distrito-de-pehuajo-se-celebra-hoy-el-133-aniversario-de-la-fundacion\/\",\"name\":\"En Juan Jos\u00e9 Paso, distrito de Pehuaj\u00f3, se celebra hoy el 133 aniversario de la fundaci\u00f3n - Infoecos\",\"isPartOf\":{\"@id\":\"https:\/\/infoecos.com.ar\/#website\"},\"primaryImageOfPage\":{\"@id\":\"https:\/\/infoecos.com.ar\/index.php\/en-juan-jose-paso-distrito-de-pehuajo-se-celebra-hoy-el-133-aniversario-de-la-fundacion\/#primaryimage\"},\"image\":{\"@id\":\"https:\/\/infoecos.com.ar\/index.php\/en-juan-jose-paso-distrito-de-pehuajo-se-celebra-hoy-el-133-aniversario-de-la-fundacion\/#primaryimage\"},\"thumbnailUrl\":\"https:\/\/infoecos.com.ar\/wp-content\/uploads\/2023\/01\/image.png\",\"datePublished\":\"2023-01-03T15:34:38+00:00\",\"dateModified\":\"2023-01-03T18:45:45+00:00\",\"breadcrumb\":{\"@id\":\"https:\/\/infoecos.com.ar\/index.php\/en-juan-jose-paso-distrito-de-pehuajo-se-celebra-hoy-el-133-aniversario-de-la-fundacion\/#breadcrumb\"},\"inLanguage\":\"es\",\"potentialAction\":[{\"@type\":\"ReadAction\",\"target\":[\"https:\/\/infoecos.com.ar\/index.php\/en-juan-jose-paso-distrito-de-pehuajo-se-celebra-hoy-el-133-aniversario-de-la-fundacion\/\"]}]},{\"@type\":\"ImageObject\",\"inLanguage\":\"es\",\"@id\":\"https:\/\/infoecos.com.ar\/index.php\/en-juan-jose-paso-distrito-de-pehuajo-se-celebra-hoy-el-133-aniversario-de-la-fundacion\/#primaryimage\",\"url\":\"https:\/\/infoecos.com.ar\/wp-content\/uploads\/2023\/01\/image.png\",\"contentUrl\":\"https:\/\/infoecos.com.ar\/wp-content\/uploads\/2023\/01\/image.png\",\"width\":1280,\"height\":853},{\"@type\":\"BreadcrumbList\",\"@id\":\"https:\/\/infoecos.com.ar\/index.php\/en-juan-jose-paso-distrito-de-pehuajo-se-celebra-hoy-el-133-aniversario-de-la-fundacion\/#breadcrumb\",\"itemListElement\":[{\"@type\":\"ListItem\",\"position\":1,\"name\":\"Portada\",\"item\":\"https:\/\/infoecos.com.ar\/\"},{\"@type\":\"ListItem\",\"position\":2,\"name\":\"En Juan Jos\u00e9 Paso, distrito de Pehuaj\u00f3, se celebra hoy el 133 aniversario de la fundaci\u00f3n\"}]},{\"@type\":\"WebSite\",\"@id\":\"https:\/\/infoecos.com.ar\/#website\",\"url\":\"https:\/\/infoecos.com.ar\/\",\"name\":\"Infoecos\",\"description\":\"Noticias de trenque lauquen y la zona\",\"publisher\":{\"@id\":\"https:\/\/infoecos.com.ar\/#organization\"},\"alternateName\":\"Noticias\",\"potentialAction\":[{\"@type\":\"SearchAction\",\"target\":{\"@type\":\"EntryPoint\",\"urlTemplate\":\"https:\/\/infoecos.com.ar\/?s={search_term_string}\"},\"query-input\":{\"@type\":\"PropertyValueSpecification\",\"valueRequired\":true,\"valueName\":\"search_term_string\"}}],\"inLanguage\":\"es\"},{\"@type\":\"Organization\",\"@id\":\"https:\/\/infoecos.com.ar\/#organization\",\"name\":\"Infoecos\",\"alternateName\":\"Noticias\",\"url\":\"https:\/\/infoecos.com.ar\/\",\"logo\":{\"@type\":\"ImageObject\",\"inLanguage\":\"es\",\"@id\":\"https:\/\/infoecos.com.ar\/#\/schema\/logo\/image\/\",\"url\":\"https:\/\/infoecos.com.ar\/wp-content\/uploads\/2024\/03\/cropped-logo.png\",\"contentUrl\":\"https:\/\/infoecos.com.ar\/wp-content\/uploads\/2024\/03\/cropped-logo.png\",\"width\":374,\"height\":90,\"caption\":\"Infoecos\"},\"image\":{\"@id\":\"https:\/\/infoecos.com.ar\/#\/schema\/logo\/image\/\"},\"sameAs\":[\"https:\/\/www.facebook.com\/profile.php?id=100063200290284\",\"https:\/\/x.com\/infoecos\"]},{\"@type\":\"Person\",\"@id\":\"https:\/\/infoecos.com.ar\/#\/schema\/person\/8f5ace5ce73b4b4aac4b7245aee6f191\",\"name\":\"Jorge Matheus\",\"url\":\"https:\/\/infoecos.com.ar\/index.php\/author\/jomatheus\/\"}]}<\/script>\n<!-- \/ Yoast SEO plugin. -->","yoast_head_json":{"title":"En Juan Jos\u00e9 Paso, distrito de Pehuaj\u00f3, se celebra hoy el 133 aniversario de la fundaci\u00f3n - Infoecos","robots":{"index":"index","follow":"follow","max-snippet":"max-snippet:-1","max-image-preview":"max-image-preview:large","max-video-preview":"max-video-preview:-1"},"canonical":"https:\/\/infoecos.com.ar\/index.php\/en-juan-jose-paso-distrito-de-pehuajo-se-celebra-hoy-el-133-aniversario-de-la-fundacion\/","og_locale":"es_ES","og_type":"article","og_title":"En Juan Jos\u00e9 Paso, distrito de Pehuaj\u00f3, se celebra hoy el 133 aniversario de la fundaci\u00f3n - Infoecos","og_description":"El acto oficial se desarrollar\u00e1 este martes, a partir de las 19.30 horas","og_url":"https:\/\/infoecos.com.ar\/index.php\/en-juan-jose-paso-distrito-de-pehuajo-se-celebra-hoy-el-133-aniversario-de-la-fundacion\/","og_site_name":"Infoecos","article_publisher":"https:\/\/www.facebook.com\/profile.php?id=100063200290284","article_published_time":"2023-01-03T15:34:38+00:00","article_modified_time":"2023-01-03T18:45:45+00:00","og_image":[{"width":1280,"height":853,"url":"https:\/\/infoecos.com.ar\/wp-content\/uploads\/2023\/01\/image.png","type":"image\/png"}],"author":"Jorge Matheus","twitter_card":"summary_large_image","twitter_creator":"@infoecos","twitter_site":"@infoecos","twitter_misc":{"Escrito por":"Jorge Matheus","Tiempo de lectura":"2 minutos"},"schema":{"@context":"https:\/\/schema.org","@graph":[{"@type":"Article","@id":"https:\/\/infoecos.com.ar\/index.php\/en-juan-jose-paso-distrito-de-pehuajo-se-celebra-hoy-el-133-aniversario-de-la-fundacion\/#article","isPartOf":{"@id":"https:\/\/infoecos.com.ar\/index.php\/en-juan-jose-paso-distrito-de-pehuajo-se-celebra-hoy-el-133-aniversario-de-la-fundacion\/"},"author":{"name":"Jorge Matheus","@id":"https:\/\/infoecos.com.ar\/#\/schema\/person\/8f5ace5ce73b4b4aac4b7245aee6f191"},"headline":"En Juan Jos\u00e9 Paso, distrito de Pehuaj\u00f3, se celebra hoy el 133 aniversario de la fundaci\u00f3n","datePublished":"2023-01-03T15:34:38+00:00","dateModified":"2023-01-03T18:45:45+00:00","mainEntityOfPage":{"@id":"https:\/\/infoecos.com.ar\/index.php\/en-juan-jose-paso-distrito-de-pehuajo-se-celebra-hoy-el-133-aniversario-de-la-fundacion\/"},"wordCount":102,"publisher":{"@id":"https:\/\/infoecos.com.ar\/#organization"},"image":{"@id":"https:\/\/infoecos.com.ar\/index.php\/en-juan-jose-paso-distrito-de-pehuajo-se-celebra-hoy-el-133-aniversario-de-la-fundacion\/#primaryimage"},"thumbnailUrl":"https:\/\/infoecos.com.ar\/wp-content\/uploads\/2023\/01\/image.png","keywords":["festejo"],"articleSection":["C3 N1"],"inLanguage":"es"},{"@type":"WebPage","@id":"https:\/\/infoecos.com.ar\/index.php\/en-juan-jose-paso-distrito-de-pehuajo-se-celebra-hoy-el-133-aniversario-de-la-fundacion\/","url":"https:\/\/infoecos.com.ar\/index.php\/en-juan-jose-paso-distrito-de-pehuajo-se-celebra-hoy-el-133-aniversario-de-la-fundacion\/","name":"En Juan Jos\u00e9 Paso, distrito de Pehuaj\u00f3, se celebra hoy el 133 aniversario de la fundaci\u00f3n - Infoecos","isPartOf":{"@id":"https:\/\/infoecos.com.ar\/#website"},"primaryImageOfPage":{"@id":"https:\/\/infoecos.com.ar\/index.php\/en-juan-jose-paso-distrito-de-pehuajo-se-celebra-hoy-el-133-aniversario-de-la-fundacion\/#primaryimage"},"image":{"@id":"https:\/\/infoecos.com.ar\/index.php\/en-juan-jose-paso-distrito-de-pehuajo-se-celebra-hoy-el-133-aniversario-de-la-fundacion\/#primaryimage"},"thumbnailUrl":"https:\/\/infoecos.com.ar\/wp-content\/uploads\/2023\/01\/image.png","datePublished":"2023-01-03T15:34:38+00:00","dateModified":"2023-01-03T18:45:45+00:00","breadcrumb":{"@id":"https:\/\/infoecos.com.ar\/index.php\/en-juan-jose-paso-distrito-de-pehuajo-se-celebra-hoy-el-133-aniversario-de-la-fundacion\/#breadcrumb"},"inLanguage":"es","potentialAction":[{"@type":"ReadAction","target":["https:\/\/infoecos.com.ar\/index.php\/en-juan-jose-paso-distrito-de-pehuajo-se-celebra-hoy-el-133-aniversario-de-la-fundacion\/"]}]},{"@type":"ImageObject","inLanguage":"es","@id":"https:\/\/infoecos.com.ar\/index.php\/en-juan-jose-paso-distrito-de-pehuajo-se-celebra-hoy-el-133-aniversario-de-la-fundacion\/#primaryimage","url":"https:\/\/infoecos.com.ar\/wp-content\/uploads\/2023\/01\/image.png","contentUrl":"https:\/\/infoecos.com.ar\/wp-content\/uploads\/2023\/01\/image.png","width":1280,"height":853},{"@type":"BreadcrumbList","@id":"https:\/\/infoecos.com.ar\/index.php\/en-juan-jose-paso-distrito-de-pehuajo-se-celebra-hoy-el-133-aniversario-de-la-fundacion\/#breadcrumb","itemListElement":[{"@type":"ListItem","position":1,"name":"Portada","item":"https:\/\/infoecos.com.ar\/"},{"@type":"ListItem","position":2,"name":"En Juan Jos\u00e9 Paso, distrito de Pehuaj\u00f3, se celebra hoy el 133 aniversario de la fundaci\u00f3n"}]},{"@type":"WebSite","@id":"https:\/\/infoecos.com.ar\/#website","url":"https:\/\/infoecos.com.ar\/","name":"Infoecos","description":"Noticias de trenque lauquen y la zona","publisher":{"@id":"https:\/\/infoecos.com.ar\/#organization"},"alternateName":"Noticias","potentialAction":[{"@type":"SearchAction","target":{"@type":"EntryPoint","urlTemplate":"https:\/\/infoecos.com.ar\/?s={search_term_string}"},"query-input":{"@type":"PropertyValueSpecification","valueRequired":true,"valueName":"search_term_string"}}],"inLanguage":"es"},{"@type":"Organization","@id":"https:\/\/infoecos.com.ar\/#organization","name":"Infoecos","alternateName":"Noticias","url":"https:\/\/infoecos.com.ar\/","logo":{"@type":"ImageObject","inLanguage":"es","@id":"https:\/\/infoecos.com.ar\/#\/schema\/logo\/image\/","url":"https:\/\/infoecos.com.ar\/wp-content\/uploads\/2024\/03\/cropped-logo.png","contentUrl":"https:\/\/infoecos.com.ar\/wp-content\/uploads\/2024\/03\/cropped-logo.png","width":374,"height":90,"caption":"Infoecos"},"image":{"@id":"https:\/\/infoecos.com.ar\/#\/schema\/logo\/image\/"},"sameAs":["https:\/\/www.facebook.com\/profile.php?id=100063200290284","https:\/\/x.com\/infoecos"]},{"@type":"Person","@id":"https:\/\/infoecos.com.ar\/#\/schema\/person\/8f5ace5ce73b4b4aac4b7245aee6f191","name":"Jorge Matheus","url":"https:\/\/infoecos.com.ar\/index.php\/author\/jomatheus\/"}]}},"featured_image_urls":{"full":["https:\/\/infoecos.com.ar\/wp-content\/uploads\/2023\/01\/image.png",1280,853,false],"thumbnail":["https:\/\/infoecos.com.ar\/wp-content\/uploads\/2023\/01\/image-300x150.png",300,150,true],"medium":["https:\/\/infoecos.com.ar\/wp-content\/uploads\/2023\/01\/image-800x533.png",800,533,true],"medium_large":["https:\/\/infoecos.com.ar\/wp-content\/uploads\/2023\/01\/image-768x512.png",640,427,true],"large":["https:\/\/infoecos.com.ar\/wp-content\/uploads\/2023\/01\/image.png",640,427,false],"1536x1536":["https:\/\/infoecos.com.ar\/wp-content\/uploads\/2023\/01\/image.png",1280,853,false],"2048x2048":["https:\/\/infoecos.com.ar\/wp-content\/uploads\/2023\/01\/image.png",1280,853,false],"covernews-slider-full":["https:\/\/infoecos.com.ar\/wp-content\/uploads\/2023\/01\/image.png",1073,715,false],"covernews-slider-center":["https:\/\/infoecos.com.ar\/wp-content\/uploads\/2023\/01\/image-936x853.png",549,500,true],"covernews-featured":["https:\/\/infoecos.com.ar\/wp-content\/uploads\/2023\/01\/image-1024x682.png",1024,682,true],"covernews-medium":["https:\/\/infoecos.com.ar\/wp-content\/uploads\/2023\/01\/image-720x380.png",540,285,true],"covernews-medium-square":["https:\/\/infoecos.com.ar\/wp-content\/uploads\/2023\/01\/image-675x450.png",375,250,true]},"author_info":{"info":["Jorge Matheus"]},"category_info":"<a href=\"https:\/\/infoecos.com.ar\/index.php\/category\/c3nota1\/\" rel=\"category tag\">C3 N1<\/a>","tag_info":"C3 N1","comment_count":"0","_links":{"self":[{"href":"https:\/\/infoecos.com.ar\/index.php\/wp-json\/wp\/v2\/posts\/99513"}],"collection":[{"href":"https:\/\/infoecos.com.ar\/index.php\/wp-json\/wp\/v2\/posts"}],"about":[{"href":"https:\/\/infoecos.com.ar\/index.php\/wp-json\/wp\/v2\/types\/post"}],"author":[{"embeddable":true,"href":"https:\/\/infoecos.com.ar\/index.php\/wp-json\/wp\/v2\/users\/2"}],"replies":[{"embeddable":true,"href":"https:\/\/infoecos.com.ar\/index.php\/wp-json\/wp\/v2\/comments?post=99513"}],"version-history":[{"count":1,"href":"https:\/\/infoecos.com.ar\/index.php\/wp-json\/wp\/v2\/posts\/99513\/revisions"}],"predecessor-version":[{"id":99515,"href":"https:\/\/infoecos.com.ar\/index.php\/wp-json\/wp\/v2\/posts\/99513\/revisions\/99515"}],"wp:featuredmedia":[{"embeddable":true,"href":"https:\/\/infoecos.com.ar\/index.php\/wp-json\/wp\/v2\/media\/99514"}],"wp:attachment":[{"href":"https:\/\/infoecos.com.ar\/index.php\/wp-json\/wp\/v2\/media?parent=99513"}],"wp:term":[{"taxonomy":"category","embeddable":true,"href":"https:\/\/infoecos.com.ar\/index.php\/wp-json\/wp\/v2\/categories?post=99513"},{"taxonomy":"post_tag","embeddable":true,"href":"https:\/\/infoecos.com.ar\/index.php\/wp-json\/wp\/v2\/tags?post=99513"}],"curies":[{"name":"wp","href":"https:\/\/api.w.org\/{rel}","templated":true}]}}