{"id":99519,"date":"2023-01-03T12:00:00","date_gmt":"2023-01-03T15:00:00","guid":{"rendered":"https:\/\/infoecos.com.ar\/?p=99519"},"modified":"2023-01-06T12:53:11","modified_gmt":"2023-01-06T15:53:11","slug":"kreplak-la-temporada-de-verano-y-el-covid","status":"publish","type":"post","link":"https:\/\/infoecos.com.ar\/index.php\/kreplak-la-temporada-de-verano-y-el-covid\/","title":{"rendered":"Kreplak: la temporada de verano y el Covid"},"content":{"rendered":"\n<p>El ministro de Salud de la provincia de Buenos Aires, Nicol\u00e1s Kreplak dijo que \u201chay un despliegue de verano muy grande porque las expectativas son muy grandes tambi\u00e9n, ya hace bastantes meses que est\u00e1n en su totalidad las plazas ocupadas\u201d.<\/p>\n\n\n\n<p>\u201cNos preparamos para esto, con una situaci\u00f3n de Covid distinta, pero tambi\u00e9n atender el Covid, a situaciones de accidentes en las rutas y reforzar el sistema sanitario de los distintos puntos tur\u00edsticos\u201d, expres\u00f3 Kreplak, en di\u00e1logo con&nbsp;<strong>C\u00f3digo BAIRES<\/strong>, por&nbsp;<strong>Radio La Plata (FM 90.9)<\/strong>.<\/p>\n\n\n\n<figure class=\"wp-block-audio\"><audio controls src=\"https:\/\/infoecos.com.ar\/wp-content\/uploads\/2023\/01\/20221229-Nicolas-Kreplak.mp3\"><\/audio><\/figure>\n\n\n\n<p>Respecto a las campa\u00f1as de vacunaci\u00f3n en la Provincia donde se intensificaron de cara al verano 2023, Kreplak mencion\u00f3 que \u201cviene bien, hace un poco m\u00e1s de un mes comenz\u00f3 una nueva ola de casos de Covid y eso tambi\u00e9n ayud\u00f3 a que la indicaci\u00f3n que ya estaba de las dosis sea reforzada y estamos vacunando bastante\u201d.<\/p>\n\n\n\n<p>\u201cEs importante que nos vacunemos todos, sobre todo las personas que tienen m\u00e1s de 50 a\u00f1os o con enfermedades cr\u00f3nicas o personas de riesgo, tiene que recibir cinco dosis, es decir, tres refuerzos, y el resto al menos cuatro\u201d, a\u00f1adi\u00f3.<\/p>\n\n\n\n<figure class=\"wp-block-image aligncenter size-full is-resized\"><img loading=\"lazy\" decoding=\"async\" src=\"https:\/\/infoecos.com.ar\/wp-content\/uploads\/2023\/01\/kreplak.jpg\" alt=\"\" class=\"wp-image-99521\" width=\"559\" height=\"314\" srcset=\"https:\/\/infoecos.com.ar\/wp-content\/uploads\/2023\/01\/kreplak.jpg 1200w, https:\/\/infoecos.com.ar\/wp-content\/uploads\/2023\/01\/kreplak-800x450.jpg 800w, https:\/\/infoecos.com.ar\/wp-content\/uploads\/2023\/01\/kreplak-768x432.jpg 768w, https:\/\/infoecos.com.ar\/wp-content\/uploads\/2023\/01\/kreplak-1024x576.jpg 1024w\" sizes=\"(max-width: 559px) 100vw, 559px\" \/><\/figure>\n\n\n\n<p>Asimismo, mencion\u00f3: \u201cVacunarnos ahora nos prepara para que en caso de que nos contagiemos se presente un cuadro muy leve, como un resfr\u00edo y que no implique internaci\u00f3n ni consecuencias graves\u201d. Y sostuvo que en dos a\u00f1os se aplicaron m\u00e1s de 43 millones de vacunas, \u201cfue hist\u00f3rica y extraordinaria, de una penetrancia incre\u00edble\u201d.<\/p>\n","protected":false},"excerpt":{"rendered":"<p>\u201cEs importante que nos vacunemos todos, sobre todo las personas que tienen m\u00e1s de 50 a\u00f1os o con enfermedades cr\u00f3nicas o personas de riesgo\u00bb, se\u00f1ala<\/p>\n","protected":false},"author":2,"featured_media":99521,"comment_status":"closed","ping_status":"open","sticky":false,"template":"","format":"standard","meta":{"footnotes":""},"categories":[1327,1334],"tags":[6996],"class_list":["post-99519","post","type-post","status-publish","format-standard","has-post-thumbnail","hentry","category-audio","category-inferior14","tag-ministro-de-salud-bonaerense"],"yoast_head":"<!-- This site is optimized with the Yoast SEO plugin v23.4 - https:\/\/yoast.com\/wordpress\/plugins\/seo\/ -->\n<title>Kreplak: la temporada de verano y el Covid - Infoecos<\/title>\n<meta name=\"robots\" content=\"index, follow, max-snippet:-1, max-image-preview:large, max-video-preview:-1\" \/>\n<link rel=\"canonical\" href=\"https:\/\/infoecos.com.ar\/index.php\/kreplak-la-temporada-de-verano-y-el-covid\/\" \/>\n<meta property=\"og:locale\" content=\"es_ES\" \/>\n<meta property=\"og:type\" content=\"article\" \/>\n<meta property=\"og:title\" content=\"Kreplak: la temporada de verano y el Covid - Infoecos\" \/>\n<meta property=\"og:description\" content=\"\u201cEs importante que nos vacunemos todos, sobre todo las personas que tienen m\u00e1s de 50 a\u00f1os o con enfermedades cr\u00f3nicas o personas de riesgo&quot;, se\u00f1ala\" \/>\n<meta property=\"og:url\" content=\"https:\/\/infoecos.com.ar\/index.php\/kreplak-la-temporada-de-verano-y-el-covid\/\" \/>\n<meta property=\"og:site_name\" content=\"Infoecos\" \/>\n<meta property=\"article:publisher\" content=\"https:\/\/www.facebook.com\/profile.php?id=100063200290284\" \/>\n<meta property=\"article:published_time\" content=\"2023-01-03T15:00:00+00:00\" \/>\n<meta property=\"article:modified_time\" content=\"2023-01-06T15:53:11+00:00\" \/>\n<meta property=\"og:image\" content=\"https:\/\/infoecos.com.ar\/wp-content\/uploads\/2023\/01\/kreplak.jpg\" \/>\n\t<meta property=\"og:image:width\" content=\"1200\" \/>\n\t<meta property=\"og:image:height\" content=\"675\" \/>\n\t<meta property=\"og:image:type\" content=\"image\/jpeg\" \/>\n<meta name=\"author\" content=\"Jorge Matheus\" \/>\n<meta name=\"twitter:card\" content=\"summary_large_image\" \/>\n<meta name=\"twitter:creator\" content=\"@infoecos\" \/>\n<meta name=\"twitter:site\" content=\"@infoecos\" \/>\n<meta name=\"twitter:label1\" content=\"Escrito por\" \/>\n\t<meta name=\"twitter:data1\" content=\"Jorge Matheus\" \/>\n\t<meta name=\"twitter:label2\" content=\"Tiempo de lectura\" \/>\n\t<meta name=\"twitter:data2\" content=\"2 minutos\" \/>\n<script type=\"application\/ld+json\" class=\"yoast-schema-graph\">{\"@context\":\"https:\/\/schema.org\",\"@graph\":[{\"@type\":\"Article\",\"@id\":\"https:\/\/infoecos.com.ar\/index.php\/kreplak-la-temporada-de-verano-y-el-covid\/#article\",\"isPartOf\":{\"@id\":\"https:\/\/infoecos.com.ar\/index.php\/kreplak-la-temporada-de-verano-y-el-covid\/\"},\"author\":{\"name\":\"Jorge Matheus\",\"@id\":\"https:\/\/infoecos.com.ar\/#\/schema\/person\/8f5ace5ce73b4b4aac4b7245aee6f191\"},\"headline\":\"Kreplak: la temporada de verano y el Covid\",\"datePublished\":\"2023-01-03T15:00:00+00:00\",\"dateModified\":\"2023-01-06T15:53:11+00:00\",\"mainEntityOfPage\":{\"@id\":\"https:\/\/infoecos.com.ar\/index.php\/kreplak-la-temporada-de-verano-y-el-covid\/\"},\"wordCount\":264,\"publisher\":{\"@id\":\"https:\/\/infoecos.com.ar\/#organization\"},\"image\":{\"@id\":\"https:\/\/infoecos.com.ar\/index.php\/kreplak-la-temporada-de-verano-y-el-covid\/#primaryimage\"},\"thumbnailUrl\":\"https:\/\/infoecos.com.ar\/wp-content\/uploads\/2023\/01\/kreplak.jpg\",\"keywords\":[\"MINISTRO DE SALUD BONAERENSE\"],\"articleSection\":[\"Audio\",\"Bloque inferior - 14\"],\"inLanguage\":\"es\"},{\"@type\":\"WebPage\",\"@id\":\"https:\/\/infoecos.com.ar\/index.php\/kreplak-la-temporada-de-verano-y-el-covid\/\",\"url\":\"https:\/\/infoecos.com.ar\/index.php\/kreplak-la-temporada-de-verano-y-el-covid\/\",\"name\":\"Kreplak: la temporada de verano y el Covid - Infoecos\",\"isPartOf\":{\"@id\":\"https:\/\/infoecos.com.ar\/#website\"},\"primaryImageOfPage\":{\"@id\":\"https:\/\/infoecos.com.ar\/index.php\/kreplak-la-temporada-de-verano-y-el-covid\/#primaryimage\"},\"image\":{\"@id\":\"https:\/\/infoecos.com.ar\/index.php\/kreplak-la-temporada-de-verano-y-el-covid\/#primaryimage\"},\"thumbnailUrl\":\"https:\/\/infoecos.com.ar\/wp-content\/uploads\/2023\/01\/kreplak.jpg\",\"datePublished\":\"2023-01-03T15:00:00+00:00\",\"dateModified\":\"2023-01-06T15:53:11+00:00\",\"breadcrumb\":{\"@id\":\"https:\/\/infoecos.com.ar\/index.php\/kreplak-la-temporada-de-verano-y-el-covid\/#breadcrumb\"},\"inLanguage\":\"es\",\"potentialAction\":[{\"@type\":\"ReadAction\",\"target\":[\"https:\/\/infoecos.com.ar\/index.php\/kreplak-la-temporada-de-verano-y-el-covid\/\"]}]},{\"@type\":\"ImageObject\",\"inLanguage\":\"es\",\"@id\":\"https:\/\/infoecos.com.ar\/index.php\/kreplak-la-temporada-de-verano-y-el-covid\/#primaryimage\",\"url\":\"https:\/\/infoecos.com.ar\/wp-content\/uploads\/2023\/01\/kreplak.jpg\",\"contentUrl\":\"https:\/\/infoecos.com.ar\/wp-content\/uploads\/2023\/01\/kreplak.jpg\",\"width\":1200,\"height\":675},{\"@type\":\"BreadcrumbList\",\"@id\":\"https:\/\/infoecos.com.ar\/index.php\/kreplak-la-temporada-de-verano-y-el-covid\/#breadcrumb\",\"itemListElement\":[{\"@type\":\"ListItem\",\"position\":1,\"name\":\"Portada\",\"item\":\"https:\/\/infoecos.com.ar\/\"},{\"@type\":\"ListItem\",\"position\":2,\"name\":\"Kreplak: la temporada de verano y el Covid\"}]},{\"@type\":\"WebSite\",\"@id\":\"https:\/\/infoecos.com.ar\/#website\",\"url\":\"https:\/\/infoecos.com.ar\/\",\"name\":\"Infoecos\",\"description\":\"Noticias de trenque lauquen y la zona\",\"publisher\":{\"@id\":\"https:\/\/infoecos.com.ar\/#organization\"},\"alternateName\":\"Noticias\",\"potentialAction\":[{\"@type\":\"SearchAction\",\"target\":{\"@type\":\"EntryPoint\",\"urlTemplate\":\"https:\/\/infoecos.com.ar\/?s={search_term_string}\"},\"query-input\":{\"@type\":\"PropertyValueSpecification\",\"valueRequired\":true,\"valueName\":\"search_term_string\"}}],\"inLanguage\":\"es\"},{\"@type\":\"Organization\",\"@id\":\"https:\/\/infoecos.com.ar\/#organization\",\"name\":\"Infoecos\",\"alternateName\":\"Noticias\",\"url\":\"https:\/\/infoecos.com.ar\/\",\"logo\":{\"@type\":\"ImageObject\",\"inLanguage\":\"es\",\"@id\":\"https:\/\/infoecos.com.ar\/#\/schema\/logo\/image\/\",\"url\":\"https:\/\/infoecos.com.ar\/wp-content\/uploads\/2024\/03\/cropped-logo.png\",\"contentUrl\":\"https:\/\/infoecos.com.ar\/wp-content\/uploads\/2024\/03\/cropped-logo.png\",\"width\":374,\"height\":90,\"caption\":\"Infoecos\"},\"image\":{\"@id\":\"https:\/\/infoecos.com.ar\/#\/schema\/logo\/image\/\"},\"sameAs\":[\"https:\/\/www.facebook.com\/profile.php?id=100063200290284\",\"https:\/\/x.com\/infoecos\"]},{\"@type\":\"Person\",\"@id\":\"https:\/\/infoecos.com.ar\/#\/schema\/person\/8f5ace5ce73b4b4aac4b7245aee6f191\",\"name\":\"Jorge Matheus\",\"url\":\"https:\/\/infoecos.com.ar\/index.php\/author\/jomatheus\/\"}]}<\/script>\n<!-- \/ Yoast SEO plugin. -->","yoast_head_json":{"title":"Kreplak: la temporada de verano y el Covid - Infoecos","robots":{"index":"index","follow":"follow","max-snippet":"max-snippet:-1","max-image-preview":"max-image-preview:large","max-video-preview":"max-video-preview:-1"},"canonical":"https:\/\/infoecos.com.ar\/index.php\/kreplak-la-temporada-de-verano-y-el-covid\/","og_locale":"es_ES","og_type":"article","og_title":"Kreplak: la temporada de verano y el Covid - Infoecos","og_description":"\u201cEs importante que nos vacunemos todos, sobre todo las personas que tienen m\u00e1s de 50 a\u00f1os o con enfermedades cr\u00f3nicas o personas de riesgo\", se\u00f1ala","og_url":"https:\/\/infoecos.com.ar\/index.php\/kreplak-la-temporada-de-verano-y-el-covid\/","og_site_name":"Infoecos","article_publisher":"https:\/\/www.facebook.com\/profile.php?id=100063200290284","article_published_time":"2023-01-03T15:00:00+00:00","article_modified_time":"2023-01-06T15:53:11+00:00","og_image":[{"width":1200,"height":675,"url":"https:\/\/infoecos.com.ar\/wp-content\/uploads\/2023\/01\/kreplak.jpg","type":"image\/jpeg"}],"author":"Jorge Matheus","twitter_card":"summary_large_image","twitter_creator":"@infoecos","twitter_site":"@infoecos","twitter_misc":{"Escrito por":"Jorge Matheus","Tiempo de lectura":"2 minutos"},"schema":{"@context":"https:\/\/schema.org","@graph":[{"@type":"Article","@id":"https:\/\/infoecos.com.ar\/index.php\/kreplak-la-temporada-de-verano-y-el-covid\/#article","isPartOf":{"@id":"https:\/\/infoecos.com.ar\/index.php\/kreplak-la-temporada-de-verano-y-el-covid\/"},"author":{"name":"Jorge Matheus","@id":"https:\/\/infoecos.com.ar\/#\/schema\/person\/8f5ace5ce73b4b4aac4b7245aee6f191"},"headline":"Kreplak: la temporada de verano y el Covid","datePublished":"2023-01-03T15:00:00+00:00","dateModified":"2023-01-06T15:53:11+00:00","mainEntityOfPage":{"@id":"https:\/\/infoecos.com.ar\/index.php\/kreplak-la-temporada-de-verano-y-el-covid\/"},"wordCount":264,"publisher":{"@id":"https:\/\/infoecos.com.ar\/#organization"},"image":{"@id":"https:\/\/infoecos.com.ar\/index.php\/kreplak-la-temporada-de-verano-y-el-covid\/#primaryimage"},"thumbnailUrl":"https:\/\/infoecos.com.ar\/wp-content\/uploads\/2023\/01\/kreplak.jpg","keywords":["MINISTRO DE SALUD BONAERENSE"],"articleSection":["Audio","Bloque inferior - 14"],"inLanguage":"es"},{"@type":"WebPage","@id":"https:\/\/infoecos.com.ar\/index.php\/kreplak-la-temporada-de-verano-y-el-covid\/","url":"https:\/\/infoecos.com.ar\/index.php\/kreplak-la-temporada-de-verano-y-el-covid\/","name":"Kreplak: la temporada de verano y el Covid - Infoecos","isPartOf":{"@id":"https:\/\/infoecos.com.ar\/#website"},"primaryImageOfPage":{"@id":"https:\/\/infoecos.com.ar\/index.php\/kreplak-la-temporada-de-verano-y-el-covid\/#primaryimage"},"image":{"@id":"https:\/\/infoecos.com.ar\/index.php\/kreplak-la-temporada-de-verano-y-el-covid\/#primaryimage"},"thumbnailUrl":"https:\/\/infoecos.com.ar\/wp-content\/uploads\/2023\/01\/kreplak.jpg","datePublished":"2023-01-03T15:00:00+00:00","dateModified":"2023-01-06T15:53:11+00:00","breadcrumb":{"@id":"https:\/\/infoecos.com.ar\/index.php\/kreplak-la-temporada-de-verano-y-el-covid\/#breadcrumb"},"inLanguage":"es","potentialAction":[{"@type":"ReadAction","target":["https:\/\/infoecos.com.ar\/index.php\/kreplak-la-temporada-de-verano-y-el-covid\/"]}]},{"@type":"ImageObject","inLanguage":"es","@id":"https:\/\/infoecos.com.ar\/index.php\/kreplak-la-temporada-de-verano-y-el-covid\/#primaryimage","url":"https:\/\/infoecos.com.ar\/wp-content\/uploads\/2023\/01\/kreplak.jpg","contentUrl":"https:\/\/infoecos.com.ar\/wp-content\/uploads\/2023\/01\/kreplak.jpg","width":1200,"height":675},{"@type":"BreadcrumbList","@id":"https:\/\/infoecos.com.ar\/index.php\/kreplak-la-temporada-de-verano-y-el-covid\/#breadcrumb","itemListElement":[{"@type":"ListItem","position":1,"name":"Portada","item":"https:\/\/infoecos.com.ar\/"},{"@type":"ListItem","position":2,"name":"Kreplak: la temporada de verano y el Covid"}]},{"@type":"WebSite","@id":"https:\/\/infoecos.com.ar\/#website","url":"https:\/\/infoecos.com.ar\/","name":"Infoecos","description":"Noticias de trenque lauquen y la zona","publisher":{"@id":"https:\/\/infoecos.com.ar\/#organization"},"alternateName":"Noticias","potentialAction":[{"@type":"SearchAction","target":{"@type":"EntryPoint","urlTemplate":"https:\/\/infoecos.com.ar\/?s={search_term_string}"},"query-input":{"@type":"PropertyValueSpecification","valueRequired":true,"valueName":"search_term_string"}}],"inLanguage":"es"},{"@type":"Organization","@id":"https:\/\/infoecos.com.ar\/#organization","name":"Infoecos","alternateName":"Noticias","url":"https:\/\/infoecos.com.ar\/","logo":{"@type":"ImageObject","inLanguage":"es","@id":"https:\/\/infoecos.com.ar\/#\/schema\/logo\/image\/","url":"https:\/\/infoecos.com.ar\/wp-content\/uploads\/2024\/03\/cropped-logo.png","contentUrl":"https:\/\/infoecos.com.ar\/wp-content\/uploads\/2024\/03\/cropped-logo.png","width":374,"height":90,"caption":"Infoecos"},"image":{"@id":"https:\/\/infoecos.com.ar\/#\/schema\/logo\/image\/"},"sameAs":["https:\/\/www.facebook.com\/profile.php?id=100063200290284","https:\/\/x.com\/infoecos"]},{"@type":"Person","@id":"https:\/\/infoecos.com.ar\/#\/schema\/person\/8f5ace5ce73b4b4aac4b7245aee6f191","name":"Jorge Matheus","url":"https:\/\/infoecos.com.ar\/index.php\/author\/jomatheus\/"}]}},"featured_image_urls":{"full":["https:\/\/infoecos.com.ar\/wp-content\/uploads\/2023\/01\/kreplak.jpg",1200,675,false],"thumbnail":["https:\/\/infoecos.com.ar\/wp-content\/uploads\/2023\/01\/kreplak-300x150.jpg",300,150,true],"medium":["https:\/\/infoecos.com.ar\/wp-content\/uploads\/2023\/01\/kreplak-800x450.jpg",800,450,true],"medium_large":["https:\/\/infoecos.com.ar\/wp-content\/uploads\/2023\/01\/kreplak-768x432.jpg",640,360,true],"large":["https:\/\/infoecos.com.ar\/wp-content\/uploads\/2023\/01\/kreplak.jpg",640,360,false],"1536x1536":["https:\/\/infoecos.com.ar\/wp-content\/uploads\/2023\/01\/kreplak.jpg",1200,675,false],"2048x2048":["https:\/\/infoecos.com.ar\/wp-content\/uploads\/2023\/01\/kreplak.jpg",1200,675,false],"covernews-slider-full":["https:\/\/infoecos.com.ar\/wp-content\/uploads\/2023\/01\/kreplak.jpg",1115,627,false],"covernews-slider-center":["https:\/\/infoecos.com.ar\/wp-content\/uploads\/2023\/01\/kreplak-936x675.jpg",693,500,true],"covernews-featured":["https:\/\/infoecos.com.ar\/wp-content\/uploads\/2023\/01\/kreplak-1024x576.jpg",1024,576,true],"covernews-medium":["https:\/\/infoecos.com.ar\/wp-content\/uploads\/2023\/01\/kreplak-720x380.jpg",540,285,true],"covernews-medium-square":["https:\/\/infoecos.com.ar\/wp-content\/uploads\/2023\/01\/kreplak-675x450.jpg",375,250,true]},"author_info":{"info":["Jorge Matheus"]},"category_info":"<a href=\"https:\/\/infoecos.com.ar\/index.php\/category\/audio\/\" rel=\"category tag\">Audio<\/a> <a href=\"https:\/\/infoecos.com.ar\/index.php\/category\/inferior14\/\" rel=\"category tag\">Bloque inferior - 14<\/a>","tag_info":"Bloque inferior - 14","comment_count":"0","_links":{"self":[{"href":"https:\/\/infoecos.com.ar\/index.php\/wp-json\/wp\/v2\/posts\/99519"}],"collection":[{"href":"https:\/\/infoecos.com.ar\/index.php\/wp-json\/wp\/v2\/posts"}],"about":[{"href":"https:\/\/infoecos.com.ar\/index.php\/wp-json\/wp\/v2\/types\/post"}],"author":[{"embeddable":true,"href":"https:\/\/infoecos.com.ar\/index.php\/wp-json\/wp\/v2\/users\/2"}],"replies":[{"embeddable":true,"href":"https:\/\/infoecos.com.ar\/index.php\/wp-json\/wp\/v2\/comments?post=99519"}],"version-history":[{"count":3,"href":"https:\/\/infoecos.com.ar\/index.php\/wp-json\/wp\/v2\/posts\/99519\/revisions"}],"predecessor-version":[{"id":99587,"href":"https:\/\/infoecos.com.ar\/index.php\/wp-json\/wp\/v2\/posts\/99519\/revisions\/99587"}],"wp:featuredmedia":[{"embeddable":true,"href":"https:\/\/infoecos.com.ar\/index.php\/wp-json\/wp\/v2\/media\/99521"}],"wp:attachment":[{"href":"https:\/\/infoecos.com.ar\/index.php\/wp-json\/wp\/v2\/media?parent=99519"}],"wp:term":[{"taxonomy":"category","embeddable":true,"href":"https:\/\/infoecos.com.ar\/index.php\/wp-json\/wp\/v2\/categories?post=99519"},{"taxonomy":"post_tag","embeddable":true,"href":"https:\/\/infoecos.com.ar\/index.php\/wp-json\/wp\/v2\/tags?post=99519"}],"curies":[{"name":"wp","href":"https:\/\/api.w.org\/{rel}","templated":true}]}}