{"id":99531,"date":"2023-01-03T13:58:33","date_gmt":"2023-01-03T16:58:33","guid":{"rendered":"https:\/\/infoecos.com.ar\/?p=99531"},"modified":"2023-01-06T12:51:45","modified_gmt":"2023-01-06T15:51:45","slug":"fernandez-recuperado-del-covid-dijo-que-firmo-el-acuerdo-paritario-con-empleados-municipales","status":"publish","type":"post","link":"https:\/\/infoecos.com.ar\/index.php\/fernandez-recuperado-del-covid-dijo-que-firmo-el-acuerdo-paritario-con-empleados-municipales\/","title":{"rendered":"Se firm\u00f3 el acuerdo paritario con empleados municipales en Trenque Lauquen"},"content":{"rendered":"\n<p>El intendente de Trenque Lauquen anunci\u00f3 este martes que firm\u00f3 el acuerdo paritario para este a\u00f1o que consiste en un aumento en t\u00e9rminos absolutados acumulados del 90,4 por ciento. &nbsp;<\/p>\n\n\n\n<figure class=\"wp-block-image aligncenter size-full is-resized\"><img loading=\"lazy\" decoding=\"async\" src=\"https:\/\/infoecos.com.ar\/wp-content\/uploads\/2023\/01\/322883892_686201319879979_2344407644221452385_n.jpg\" alt=\"\" class=\"wp-image-99532\" width=\"659\" height=\"438\" srcset=\"https:\/\/infoecos.com.ar\/wp-content\/uploads\/2023\/01\/322883892_686201319879979_2344407644221452385_n.jpg 938w, https:\/\/infoecos.com.ar\/wp-content\/uploads\/2023\/01\/322883892_686201319879979_2344407644221452385_n-800x533.jpg 800w, https:\/\/infoecos.com.ar\/wp-content\/uploads\/2023\/01\/322883892_686201319879979_2344407644221452385_n-768x512.jpg 768w, https:\/\/infoecos.com.ar\/wp-content\/uploads\/2023\/01\/322883892_686201319879979_2344407644221452385_n-675x450.jpg 675w\" sizes=\"(max-width: 659px) 100vw, 659px\" \/><figcaption class=\"wp-element-caption\">Fern\u00e1ndez con Zambiasio en el brindis con periodistas<\/figcaption><\/figure>\n\n\n\n<p>Dijo adem\u00e1s que \u00abse acord\u00f3 el pase a planta permanente de empleados municipales hasta el 30 de diciembre del a\u00f1o 2020, en una pol\u00edtica que venimos llevando adelante desde el comienzo de la gesti\u00f3n con el fin de organizar y darle previsibilidad al empleo municipal\u00bb.<\/p>\n\n\n\n<p>En t\u00e9rminos de ingresos econ\u00f3micos para el personal, tambi\u00e9n manifest\u00f3 que \u00abeste a\u00f1o vamos a llegar a completar la recuperaci\u00f3n del porcentaje de la jubilaci\u00f3n, aquello que en su momento en una crisis un Intendente baj\u00f3 de 3 al 1%, nosotros hemos decidido con el sindicato recuperar ese porcentaje y llevarlo nuevamente al 3%\u00bb.<\/p>\n","protected":false},"excerpt":{"rendered":"<p>Hizo otros anuncios y enumer\u00f3 las obras realizadas, como as\u00ed tambi\u00e9n las que se encuentran en marcha<\/p>\n","protected":false},"author":2,"featured_media":61593,"comment_status":"closed","ping_status":"open","sticky":false,"template":"","format":"standard","meta":{"footnotes":""},"categories":[1332],"tags":[6999],"class_list":["post-99531","post","type-post","status-publish","format-standard","has-post-thumbnail","hentry","category-inferior12","tag-mas-del-90-por-ciento"],"yoast_head":"<!-- This site is optimized with the Yoast SEO plugin v23.4 - https:\/\/yoast.com\/wordpress\/plugins\/seo\/ -->\n<title>Se firm\u00f3 el acuerdo paritario con empleados municipales en Trenque Lauquen - Infoecos<\/title>\n<meta name=\"robots\" content=\"index, follow, max-snippet:-1, max-image-preview:large, max-video-preview:-1\" \/>\n<link rel=\"canonical\" href=\"https:\/\/infoecos.com.ar\/index.php\/fernandez-recuperado-del-covid-dijo-que-firmo-el-acuerdo-paritario-con-empleados-municipales\/\" \/>\n<meta property=\"og:locale\" content=\"es_ES\" \/>\n<meta property=\"og:type\" content=\"article\" \/>\n<meta property=\"og:title\" content=\"Se firm\u00f3 el acuerdo paritario con empleados municipales en Trenque Lauquen - Infoecos\" \/>\n<meta property=\"og:description\" content=\"Hizo otros anuncios y enumer\u00f3 las obras realizadas, como as\u00ed tambi\u00e9n las que se encuentran en marcha\" \/>\n<meta property=\"og:url\" content=\"https:\/\/infoecos.com.ar\/index.php\/fernandez-recuperado-del-covid-dijo-que-firmo-el-acuerdo-paritario-con-empleados-municipales\/\" \/>\n<meta property=\"og:site_name\" content=\"Infoecos\" \/>\n<meta property=\"article:publisher\" content=\"https:\/\/www.facebook.com\/profile.php?id=100063200290284\" \/>\n<meta property=\"article:published_time\" content=\"2023-01-03T16:58:33+00:00\" \/>\n<meta property=\"article:modified_time\" content=\"2023-01-06T15:51:45+00:00\" \/>\n<meta property=\"og:image\" content=\"https:\/\/infoecos.com.ar\/wp-content\/uploads\/Municipio-2.jpg\" \/>\n\t<meta property=\"og:image:width\" content=\"800\" \/>\n\t<meta property=\"og:image:height\" content=\"532\" \/>\n\t<meta property=\"og:image:type\" content=\"image\/jpeg\" \/>\n<meta name=\"author\" content=\"Jorge Matheus\" \/>\n<meta name=\"twitter:card\" content=\"summary_large_image\" \/>\n<meta name=\"twitter:creator\" content=\"@infoecos\" \/>\n<meta name=\"twitter:site\" content=\"@infoecos\" \/>\n<meta name=\"twitter:label1\" content=\"Escrito por\" \/>\n\t<meta name=\"twitter:data1\" content=\"Jorge Matheus\" \/>\n\t<meta name=\"twitter:label2\" content=\"Tiempo de lectura\" \/>\n\t<meta name=\"twitter:data2\" content=\"1 minuto\" \/>\n<script type=\"application\/ld+json\" class=\"yoast-schema-graph\">{\"@context\":\"https:\/\/schema.org\",\"@graph\":[{\"@type\":\"Article\",\"@id\":\"https:\/\/infoecos.com.ar\/index.php\/fernandez-recuperado-del-covid-dijo-que-firmo-el-acuerdo-paritario-con-empleados-municipales\/#article\",\"isPartOf\":{\"@id\":\"https:\/\/infoecos.com.ar\/index.php\/fernandez-recuperado-del-covid-dijo-que-firmo-el-acuerdo-paritario-con-empleados-municipales\/\"},\"author\":{\"name\":\"Jorge Matheus\",\"@id\":\"https:\/\/infoecos.com.ar\/#\/schema\/person\/8f5ace5ce73b4b4aac4b7245aee6f191\"},\"headline\":\"Se firm\u00f3 el acuerdo paritario con empleados municipales en Trenque Lauquen\",\"datePublished\":\"2023-01-03T16:58:33+00:00\",\"dateModified\":\"2023-01-06T15:51:45+00:00\",\"mainEntityOfPage\":{\"@id\":\"https:\/\/infoecos.com.ar\/index.php\/fernandez-recuperado-del-covid-dijo-que-firmo-el-acuerdo-paritario-con-empleados-municipales\/\"},\"wordCount\":155,\"publisher\":{\"@id\":\"https:\/\/infoecos.com.ar\/#organization\"},\"image\":{\"@id\":\"https:\/\/infoecos.com.ar\/index.php\/fernandez-recuperado-del-covid-dijo-que-firmo-el-acuerdo-paritario-con-empleados-municipales\/#primaryimage\"},\"thumbnailUrl\":\"https:\/\/infoecos.com.ar\/wp-content\/uploads\/Municipio-2.jpg\",\"keywords\":[\"M\u00e1s del 90 por ciento\"],\"articleSection\":[\"Bloque inferior - 12\"],\"inLanguage\":\"es\"},{\"@type\":\"WebPage\",\"@id\":\"https:\/\/infoecos.com.ar\/index.php\/fernandez-recuperado-del-covid-dijo-que-firmo-el-acuerdo-paritario-con-empleados-municipales\/\",\"url\":\"https:\/\/infoecos.com.ar\/index.php\/fernandez-recuperado-del-covid-dijo-que-firmo-el-acuerdo-paritario-con-empleados-municipales\/\",\"name\":\"Se firm\u00f3 el acuerdo paritario con empleados municipales en Trenque Lauquen - Infoecos\",\"isPartOf\":{\"@id\":\"https:\/\/infoecos.com.ar\/#website\"},\"primaryImageOfPage\":{\"@id\":\"https:\/\/infoecos.com.ar\/index.php\/fernandez-recuperado-del-covid-dijo-que-firmo-el-acuerdo-paritario-con-empleados-municipales\/#primaryimage\"},\"image\":{\"@id\":\"https:\/\/infoecos.com.ar\/index.php\/fernandez-recuperado-del-covid-dijo-que-firmo-el-acuerdo-paritario-con-empleados-municipales\/#primaryimage\"},\"thumbnailUrl\":\"https:\/\/infoecos.com.ar\/wp-content\/uploads\/Municipio-2.jpg\",\"datePublished\":\"2023-01-03T16:58:33+00:00\",\"dateModified\":\"2023-01-06T15:51:45+00:00\",\"breadcrumb\":{\"@id\":\"https:\/\/infoecos.com.ar\/index.php\/fernandez-recuperado-del-covid-dijo-que-firmo-el-acuerdo-paritario-con-empleados-municipales\/#breadcrumb\"},\"inLanguage\":\"es\",\"potentialAction\":[{\"@type\":\"ReadAction\",\"target\":[\"https:\/\/infoecos.com.ar\/index.php\/fernandez-recuperado-del-covid-dijo-que-firmo-el-acuerdo-paritario-con-empleados-municipales\/\"]}]},{\"@type\":\"ImageObject\",\"inLanguage\":\"es\",\"@id\":\"https:\/\/infoecos.com.ar\/index.php\/fernandez-recuperado-del-covid-dijo-que-firmo-el-acuerdo-paritario-con-empleados-municipales\/#primaryimage\",\"url\":\"https:\/\/infoecos.com.ar\/wp-content\/uploads\/Municipio-2.jpg\",\"contentUrl\":\"https:\/\/infoecos.com.ar\/wp-content\/uploads\/Municipio-2.jpg\",\"width\":800,\"height\":532},{\"@type\":\"BreadcrumbList\",\"@id\":\"https:\/\/infoecos.com.ar\/index.php\/fernandez-recuperado-del-covid-dijo-que-firmo-el-acuerdo-paritario-con-empleados-municipales\/#breadcrumb\",\"itemListElement\":[{\"@type\":\"ListItem\",\"position\":1,\"name\":\"Portada\",\"item\":\"https:\/\/infoecos.com.ar\/\"},{\"@type\":\"ListItem\",\"position\":2,\"name\":\"Se firm\u00f3 el acuerdo paritario con empleados municipales en Trenque Lauquen\"}]},{\"@type\":\"WebSite\",\"@id\":\"https:\/\/infoecos.com.ar\/#website\",\"url\":\"https:\/\/infoecos.com.ar\/\",\"name\":\"Infoecos\",\"description\":\"Noticias de trenque lauquen y la zona\",\"publisher\":{\"@id\":\"https:\/\/infoecos.com.ar\/#organization\"},\"alternateName\":\"Noticias\",\"potentialAction\":[{\"@type\":\"SearchAction\",\"target\":{\"@type\":\"EntryPoint\",\"urlTemplate\":\"https:\/\/infoecos.com.ar\/?s={search_term_string}\"},\"query-input\":{\"@type\":\"PropertyValueSpecification\",\"valueRequired\":true,\"valueName\":\"search_term_string\"}}],\"inLanguage\":\"es\"},{\"@type\":\"Organization\",\"@id\":\"https:\/\/infoecos.com.ar\/#organization\",\"name\":\"Infoecos\",\"alternateName\":\"Noticias\",\"url\":\"https:\/\/infoecos.com.ar\/\",\"logo\":{\"@type\":\"ImageObject\",\"inLanguage\":\"es\",\"@id\":\"https:\/\/infoecos.com.ar\/#\/schema\/logo\/image\/\",\"url\":\"https:\/\/infoecos.com.ar\/wp-content\/uploads\/2024\/03\/cropped-logo.png\",\"contentUrl\":\"https:\/\/infoecos.com.ar\/wp-content\/uploads\/2024\/03\/cropped-logo.png\",\"width\":374,\"height\":90,\"caption\":\"Infoecos\"},\"image\":{\"@id\":\"https:\/\/infoecos.com.ar\/#\/schema\/logo\/image\/\"},\"sameAs\":[\"https:\/\/www.facebook.com\/profile.php?id=100063200290284\",\"https:\/\/x.com\/infoecos\"]},{\"@type\":\"Person\",\"@id\":\"https:\/\/infoecos.com.ar\/#\/schema\/person\/8f5ace5ce73b4b4aac4b7245aee6f191\",\"name\":\"Jorge Matheus\",\"url\":\"https:\/\/infoecos.com.ar\/index.php\/author\/jomatheus\/\"}]}<\/script>\n<!-- \/ Yoast SEO plugin. -->","yoast_head_json":{"title":"Se firm\u00f3 el acuerdo paritario con empleados municipales en Trenque Lauquen - Infoecos","robots":{"index":"index","follow":"follow","max-snippet":"max-snippet:-1","max-image-preview":"max-image-preview:large","max-video-preview":"max-video-preview:-1"},"canonical":"https:\/\/infoecos.com.ar\/index.php\/fernandez-recuperado-del-covid-dijo-que-firmo-el-acuerdo-paritario-con-empleados-municipales\/","og_locale":"es_ES","og_type":"article","og_title":"Se firm\u00f3 el acuerdo paritario con empleados municipales en Trenque Lauquen - Infoecos","og_description":"Hizo otros anuncios y enumer\u00f3 las obras realizadas, como as\u00ed tambi\u00e9n las que se encuentran en marcha","og_url":"https:\/\/infoecos.com.ar\/index.php\/fernandez-recuperado-del-covid-dijo-que-firmo-el-acuerdo-paritario-con-empleados-municipales\/","og_site_name":"Infoecos","article_publisher":"https:\/\/www.facebook.com\/profile.php?id=100063200290284","article_published_time":"2023-01-03T16:58:33+00:00","article_modified_time":"2023-01-06T15:51:45+00:00","og_image":[{"width":800,"height":532,"url":"https:\/\/infoecos.com.ar\/wp-content\/uploads\/Municipio-2.jpg","type":"image\/jpeg"}],"author":"Jorge Matheus","twitter_card":"summary_large_image","twitter_creator":"@infoecos","twitter_site":"@infoecos","twitter_misc":{"Escrito por":"Jorge Matheus","Tiempo de lectura":"1 minuto"},"schema":{"@context":"https:\/\/schema.org","@graph":[{"@type":"Article","@id":"https:\/\/infoecos.com.ar\/index.php\/fernandez-recuperado-del-covid-dijo-que-firmo-el-acuerdo-paritario-con-empleados-municipales\/#article","isPartOf":{"@id":"https:\/\/infoecos.com.ar\/index.php\/fernandez-recuperado-del-covid-dijo-que-firmo-el-acuerdo-paritario-con-empleados-municipales\/"},"author":{"name":"Jorge Matheus","@id":"https:\/\/infoecos.com.ar\/#\/schema\/person\/8f5ace5ce73b4b4aac4b7245aee6f191"},"headline":"Se firm\u00f3 el acuerdo paritario con empleados municipales en Trenque Lauquen","datePublished":"2023-01-03T16:58:33+00:00","dateModified":"2023-01-06T15:51:45+00:00","mainEntityOfPage":{"@id":"https:\/\/infoecos.com.ar\/index.php\/fernandez-recuperado-del-covid-dijo-que-firmo-el-acuerdo-paritario-con-empleados-municipales\/"},"wordCount":155,"publisher":{"@id":"https:\/\/infoecos.com.ar\/#organization"},"image":{"@id":"https:\/\/infoecos.com.ar\/index.php\/fernandez-recuperado-del-covid-dijo-que-firmo-el-acuerdo-paritario-con-empleados-municipales\/#primaryimage"},"thumbnailUrl":"https:\/\/infoecos.com.ar\/wp-content\/uploads\/Municipio-2.jpg","keywords":["M\u00e1s del 90 por ciento"],"articleSection":["Bloque inferior - 12"],"inLanguage":"es"},{"@type":"WebPage","@id":"https:\/\/infoecos.com.ar\/index.php\/fernandez-recuperado-del-covid-dijo-que-firmo-el-acuerdo-paritario-con-empleados-municipales\/","url":"https:\/\/infoecos.com.ar\/index.php\/fernandez-recuperado-del-covid-dijo-que-firmo-el-acuerdo-paritario-con-empleados-municipales\/","name":"Se firm\u00f3 el acuerdo paritario con empleados municipales en Trenque Lauquen - Infoecos","isPartOf":{"@id":"https:\/\/infoecos.com.ar\/#website"},"primaryImageOfPage":{"@id":"https:\/\/infoecos.com.ar\/index.php\/fernandez-recuperado-del-covid-dijo-que-firmo-el-acuerdo-paritario-con-empleados-municipales\/#primaryimage"},"image":{"@id":"https:\/\/infoecos.com.ar\/index.php\/fernandez-recuperado-del-covid-dijo-que-firmo-el-acuerdo-paritario-con-empleados-municipales\/#primaryimage"},"thumbnailUrl":"https:\/\/infoecos.com.ar\/wp-content\/uploads\/Municipio-2.jpg","datePublished":"2023-01-03T16:58:33+00:00","dateModified":"2023-01-06T15:51:45+00:00","breadcrumb":{"@id":"https:\/\/infoecos.com.ar\/index.php\/fernandez-recuperado-del-covid-dijo-que-firmo-el-acuerdo-paritario-con-empleados-municipales\/#breadcrumb"},"inLanguage":"es","potentialAction":[{"@type":"ReadAction","target":["https:\/\/infoecos.com.ar\/index.php\/fernandez-recuperado-del-covid-dijo-que-firmo-el-acuerdo-paritario-con-empleados-municipales\/"]}]},{"@type":"ImageObject","inLanguage":"es","@id":"https:\/\/infoecos.com.ar\/index.php\/fernandez-recuperado-del-covid-dijo-que-firmo-el-acuerdo-paritario-con-empleados-municipales\/#primaryimage","url":"https:\/\/infoecos.com.ar\/wp-content\/uploads\/Municipio-2.jpg","contentUrl":"https:\/\/infoecos.com.ar\/wp-content\/uploads\/Municipio-2.jpg","width":800,"height":532},{"@type":"BreadcrumbList","@id":"https:\/\/infoecos.com.ar\/index.php\/fernandez-recuperado-del-covid-dijo-que-firmo-el-acuerdo-paritario-con-empleados-municipales\/#breadcrumb","itemListElement":[{"@type":"ListItem","position":1,"name":"Portada","item":"https:\/\/infoecos.com.ar\/"},{"@type":"ListItem","position":2,"name":"Se firm\u00f3 el acuerdo paritario con empleados municipales en Trenque Lauquen"}]},{"@type":"WebSite","@id":"https:\/\/infoecos.com.ar\/#website","url":"https:\/\/infoecos.com.ar\/","name":"Infoecos","description":"Noticias de trenque lauquen y la zona","publisher":{"@id":"https:\/\/infoecos.com.ar\/#organization"},"alternateName":"Noticias","potentialAction":[{"@type":"SearchAction","target":{"@type":"EntryPoint","urlTemplate":"https:\/\/infoecos.com.ar\/?s={search_term_string}"},"query-input":{"@type":"PropertyValueSpecification","valueRequired":true,"valueName":"search_term_string"}}],"inLanguage":"es"},{"@type":"Organization","@id":"https:\/\/infoecos.com.ar\/#organization","name":"Infoecos","alternateName":"Noticias","url":"https:\/\/infoecos.com.ar\/","logo":{"@type":"ImageObject","inLanguage":"es","@id":"https:\/\/infoecos.com.ar\/#\/schema\/logo\/image\/","url":"https:\/\/infoecos.com.ar\/wp-content\/uploads\/2024\/03\/cropped-logo.png","contentUrl":"https:\/\/infoecos.com.ar\/wp-content\/uploads\/2024\/03\/cropped-logo.png","width":374,"height":90,"caption":"Infoecos"},"image":{"@id":"https:\/\/infoecos.com.ar\/#\/schema\/logo\/image\/"},"sameAs":["https:\/\/www.facebook.com\/profile.php?id=100063200290284","https:\/\/x.com\/infoecos"]},{"@type":"Person","@id":"https:\/\/infoecos.com.ar\/#\/schema\/person\/8f5ace5ce73b4b4aac4b7245aee6f191","name":"Jorge Matheus","url":"https:\/\/infoecos.com.ar\/index.php\/author\/jomatheus\/"}]}},"featured_image_urls":{"full":["https:\/\/infoecos.com.ar\/wp-content\/uploads\/Municipio-2.jpg",800,532,false],"thumbnail":["https:\/\/infoecos.com.ar\/wp-content\/uploads\/Municipio-2-150x150.jpg",150,150,true],"medium":["https:\/\/infoecos.com.ar\/wp-content\/uploads\/Municipio-2-460x306.jpg",460,306,true],"medium_large":["https:\/\/infoecos.com.ar\/wp-content\/uploads\/Municipio-2-768x511.jpg",640,426,true],"large":["https:\/\/infoecos.com.ar\/wp-content\/uploads\/Municipio-2.jpg",640,426,false],"1536x1536":["https:\/\/infoecos.com.ar\/wp-content\/uploads\/Municipio-2.jpg",800,532,false],"2048x2048":["https:\/\/infoecos.com.ar\/wp-content\/uploads\/Municipio-2.jpg",800,532,false],"covernews-slider-full":["https:\/\/infoecos.com.ar\/wp-content\/uploads\/Municipio-2.jpg",800,532,false],"covernews-slider-center":["https:\/\/infoecos.com.ar\/wp-content\/uploads\/Municipio-2.jpg",752,500,false],"covernews-featured":["https:\/\/infoecos.com.ar\/wp-content\/uploads\/Municipio-2.jpg",800,532,false],"covernews-medium":["https:\/\/infoecos.com.ar\/wp-content\/uploads\/Municipio-2-720x380.jpg",540,285,true],"covernews-medium-square":["https:\/\/infoecos.com.ar\/wp-content\/uploads\/Municipio-2-675x450.jpg",375,250,true]},"author_info":{"info":["Jorge Matheus"]},"category_info":"<a href=\"https:\/\/infoecos.com.ar\/index.php\/category\/inferior12\/\" rel=\"category tag\">Bloque inferior - 12<\/a>","tag_info":"Bloque inferior - 12","comment_count":"0","_links":{"self":[{"href":"https:\/\/infoecos.com.ar\/index.php\/wp-json\/wp\/v2\/posts\/99531"}],"collection":[{"href":"https:\/\/infoecos.com.ar\/index.php\/wp-json\/wp\/v2\/posts"}],"about":[{"href":"https:\/\/infoecos.com.ar\/index.php\/wp-json\/wp\/v2\/types\/post"}],"author":[{"embeddable":true,"href":"https:\/\/infoecos.com.ar\/index.php\/wp-json\/wp\/v2\/users\/2"}],"replies":[{"embeddable":true,"href":"https:\/\/infoecos.com.ar\/index.php\/wp-json\/wp\/v2\/comments?post=99531"}],"version-history":[{"count":3,"href":"https:\/\/infoecos.com.ar\/index.php\/wp-json\/wp\/v2\/posts\/99531\/revisions"}],"predecessor-version":[{"id":99625,"href":"https:\/\/infoecos.com.ar\/index.php\/wp-json\/wp\/v2\/posts\/99531\/revisions\/99625"}],"wp:featuredmedia":[{"embeddable":true,"href":"https:\/\/infoecos.com.ar\/index.php\/wp-json\/wp\/v2\/media\/61593"}],"wp:attachment":[{"href":"https:\/\/infoecos.com.ar\/index.php\/wp-json\/wp\/v2\/media?parent=99531"}],"wp:term":[{"taxonomy":"category","embeddable":true,"href":"https:\/\/infoecos.com.ar\/index.php\/wp-json\/wp\/v2\/categories?post=99531"},{"taxonomy":"post_tag","embeddable":true,"href":"https:\/\/infoecos.com.ar\/index.php\/wp-json\/wp\/v2\/tags?post=99531"}],"curies":[{"name":"wp","href":"https:\/\/api.w.org\/{rel}","templated":true}]}}