{"id":99538,"date":"2023-01-03T15:43:46","date_gmt":"2023-01-03T18:43:46","guid":{"rendered":"https:\/\/infoecos.com.ar\/?p=99538"},"modified":"2023-01-06T12:51:17","modified_gmt":"2023-01-06T15:51:17","slug":"fernandez-con-periodistas-abrumador-informe-de-gestion-del-intendente-de-trenque-lauquen","status":"publish","type":"post","link":"https:\/\/infoecos.com.ar\/index.php\/fernandez-con-periodistas-abrumador-informe-de-gestion-del-intendente-de-trenque-lauquen\/","title":{"rendered":"Informe de gesti\u00f3n del intendente de Trenque Lauquen"},"content":{"rendered":"\n<p>El Intendente municipal, Miguel Fern\u00e1ndez, brind\u00f3 este martes el brindis de despedida de un a\u00f1o y bienvenida de otro, anunci\u00f3 que la entrega de las 56 viviendas del Plan Reconstruir que se levantan en un sector de la Ampliaci\u00f3n Urbana se realizar\u00e1 el pr\u00f3ximo viernes 13 de enero, y ofreci\u00f3 un pormenorizado detalle de las obras ejecutadas en 2022 con fondos municipales, provinciales y nacionales, seg\u00fan cada caso, destacando el trabajo articulado con Naci\u00f3n y Provincia.<\/p>\n\n\n\n<p>Adem\u00e1s, adelant\u00f3 que \u201cse firm\u00f3 un convenio con Provincia para concretar un Plan Director de Caminos Rurales, un tema que para nosotros es clave dejar como uno de los tantos legados del segundo mandato de gesti\u00f3n\u201d.<\/p>\n\n\n\n<figure class=\"wp-block-image aligncenter size-full is-resized\"><img loading=\"lazy\" decoding=\"async\" src=\"https:\/\/infoecos.com.ar\/wp-content\/uploads\/2023\/01\/Conferencia-de-prensa-3.jpg\" alt=\"\" class=\"wp-image-99540\" width=\"592\" height=\"394\" srcset=\"https:\/\/infoecos.com.ar\/wp-content\/uploads\/2023\/01\/Conferencia-de-prensa-3.jpg 938w, https:\/\/infoecos.com.ar\/wp-content\/uploads\/2023\/01\/Conferencia-de-prensa-3-800x533.jpg 800w, https:\/\/infoecos.com.ar\/wp-content\/uploads\/2023\/01\/Conferencia-de-prensa-3-768x512.jpg 768w, https:\/\/infoecos.com.ar\/wp-content\/uploads\/2023\/01\/Conferencia-de-prensa-3-936x625.jpg 936w, https:\/\/infoecos.com.ar\/wp-content\/uploads\/2023\/01\/Conferencia-de-prensa-3-675x450.jpg 675w\" sizes=\"(max-width: 592px) 100vw, 592px\" \/><\/figure>\n\n\n\n<p>Al respecto coment\u00f3 que dicho plan se har\u00e1 en forma conjunta con la Facultad de Ingenier\u00eda de la Universidad del Centro, y la idea es copiar el modelo del Plan Director de Olavarr\u00eda. \u201cContratamos a la Universidad y le propusimos al ministerio de Desarrollo Agrario de la Provincia participar en este proyecto con financiamiento\u201d, subray\u00f3.<\/p>\n\n\n\n<p>&#8211; <strong>OBRAS EN EJECUCI\u00d3N<\/strong><\/p>\n\n\n\n<p>En relaci\u00f3n a las obras que se encuentran en ejecuci\u00f3n en el distrito, Fern\u00e1ndez enumer\u00f3:<\/p>\n\n\n\n<p>1. Construcci\u00f3n de la Escuela n\u00ba 503 en 30 de Agosto.<\/p>\n\n\n\n<p>2. Construcci\u00f3n y ampliaci\u00f3n de la Escuela n\u00ba 44 de Girod\u00edas.<\/p>\n\n\n\n<p>3. Remodelaci\u00f3n de la Escuela n\u00ba 18 de Magnano.<\/p>\n\n\n\n<p>4. Ampliaci\u00f3n del Centro Educativo Complementario n\u00ba 802.<\/p>\n\n\n\n<p>5. Construcci\u00f3n de la nueva Terapia Intensiva y Unidad Coronaria en la planta alta de la Guardia Municipal.<\/p>\n\n\n\n<p>6. Adecuaci\u00f3n de la Sala de Im\u00e1genes donde va el Tom\u00f3grafo que ya est\u00e1 instalado con una remodelaci\u00f3n de las \u00e1reas de Ecograf\u00edas y Mamograf\u00eda.<\/p>\n\n\n\n<p>7. Construcci\u00f3n del Centro de Desarrollo Infantil, donde funcionaba el Jard\u00edn Soles (Barrio Indio Trompa).<\/p>\n\n\n\n<p>8. Construcci\u00f3n de la Planta de Transferencia de Residuos en el Polo Ambiental.<\/p>\n\n\n\n<p>9. Remodelaci\u00f3n del Sector Industrial Planificado.<\/p>\n\n\n\n<p>10. Remodelaci\u00f3n del Parque Municipal Villegas en la ciudad cabecera.<\/p>\n\n\n\n<p>\u201cDe estas diez obras, ocho se est\u00e1n haciendo por administraci\u00f3n municipal y las dos restantes se est\u00e1n haciendo por Licitaci\u00f3n, y una de las que se hace por Licitaci\u00f3n, es por obligaci\u00f3n del Ministerio, no es una opci\u00f3n\u201d, explic\u00f3.<\/p>\n\n\n\n<p>Tambi\u00e9n brind\u00f3 un detalle de las <strong>obras de infraestructura en ejecuci\u00f3n<\/strong>, que \u201cson de alta complejidad y magnitud econ\u00f3mica\u201d:<\/p>\n\n\n\n<p>1. Colector Cloacal Norte y Sur, tercera etapa y definitiva.<\/p>\n\n\n\n<p>2. Troncal de cloacas de la calle Mitre y Dorrego. \u201cUna obra a nueve metros de profundidad que nos llev\u00f3 un a\u00f1o de trabajo de alto nivel de complejidad t\u00e9cnica y realizada por empleados municipales\u201d, precis\u00f3 Fern\u00e1ndez.<\/p>\n\n\n\n<p>3. Recambio de iluminaci\u00f3n por Led en los barrios El Ceibo y El Triunfo<\/p>\n\n\n\n<p>4. Cambio de traza del pluvial de la calle Combatientes de Malvinas, atr\u00e1s de la cancha de Golf y del Polo<\/p>\n\n\n\n<p>5. Planta de combustibles de Vial<\/p>\n\n\n\n<p>6. Reparaci\u00f3n integral del acueducto Mari Lauquen &#8211; Trenque Lauquen llevada adelante por empleados municipales. \u201cEsta reparaci\u00f3n que signific\u00f3 15 reparaciones, entre muy grandes, grandes y peque\u00f1as, se pudo hacer gracias a la detecci\u00f3n de la obra que hab\u00edamos hecho hace un a\u00f1o de instalaci\u00f3n de caudal\u00edmetros a la salida de Mari Lauquen y la llegada a Trenque Lauquen, y que nos permitieron detectar que se estaban perdiendo 100 metros c\u00fabicos por hora en el acueducto\u201d, explic\u00f3, para agregar: \u201cHoy la diferencia de caudales a la salida de Mari Lauquen y a la llegada a Trenque Lauquen son solamente 8 metros c\u00fabicos\u201d.<\/p>\n\n\n\n<p>Asimismo, se\u00f1al\u00f3 que \u201ccinco (5) de estas seis (6) obras se han hecho por administraci\u00f3n municipal y una sola por Licitaci\u00f3n\u201d.<\/p>\n\n\n\n<figure class=\"wp-block-image aligncenter size-full is-resized\"><img loading=\"lazy\" decoding=\"async\" src=\"https:\/\/infoecos.com.ar\/wp-content\/uploads\/2023\/01\/Conferencia-de-prensa-4.jpg\" alt=\"\" class=\"wp-image-99541\" width=\"577\" height=\"384\" srcset=\"https:\/\/infoecos.com.ar\/wp-content\/uploads\/2023\/01\/Conferencia-de-prensa-4.jpg 938w, https:\/\/infoecos.com.ar\/wp-content\/uploads\/2023\/01\/Conferencia-de-prensa-4-800x533.jpg 800w, https:\/\/infoecos.com.ar\/wp-content\/uploads\/2023\/01\/Conferencia-de-prensa-4-768x512.jpg 768w, https:\/\/infoecos.com.ar\/wp-content\/uploads\/2023\/01\/Conferencia-de-prensa-4-936x625.jpg 936w, https:\/\/infoecos.com.ar\/wp-content\/uploads\/2023\/01\/Conferencia-de-prensa-4-675x450.jpg 675w\" sizes=\"(max-width: 577px) 100vw, 577px\" \/><\/figure>\n\n\n\n<p>&#8211; <strong>OBRAS ENTREGADAS<\/strong><\/p>\n\n\n\n<p>Fern\u00e1ndez enumer\u00f3 tambi\u00e9n las obras que se entregaron durante 2022:<\/p>\n\n\n\n<p>1. Remodelaci\u00f3n de la Guardia del Hospital Municipal de 30 de Agosto \u201cDr. Francisco Eguiguren\u201d.<\/p>\n\n\n\n<p>2. Anexo de la Unidad Santa Clotilde de Beruti.<\/p>\n\n\n\n<p>3. Recambio de la iluminaci\u00f3n por Led de toda la Circunvalaci\u00f3n y el Acceso Per\u00f3n.<\/p>\n\n\n\n<p>4. Reparaci\u00f3n integral del camino a Mart\u00edn Fierro.<\/p>\n\n\n\n<p>5. Obra de la Plaza San Mart\u00edn.<\/p>\n\n\n\n<p>6. Ejecuci\u00f3n de las veredas y remodelaci\u00f3n de la iluminaci\u00f3n en el Parque Sur.<\/p>\n\n\n\n<p>7. Obra de la Escuela n\u00ba 1.<\/p>\n\n\n\n<p>8. Construcci\u00f3n y entrega del Peque\u00f1o Hogar en la Ampliaci\u00f3n Urbana.<\/p>\n\n\n\n<p>9. Obra de la pileta del CEF n\u00ba 81, vestuarios y ba\u00f1os en 30 de Agosto.<\/p>\n\n\n\n<p>10. Centro C\u00edvico en 30 de Agosto.<\/p>\n\n\n\n<p>11. Residencia Estudiantil en Trenque Lauquen.<\/p>\n\n\n\n<p>Fern\u00e1ndez dijo que \u201cestas obras se hicieron por administraci\u00f3n municipal\u201d. Dijo que tiene un sue\u00f1o: construir una pileta climatizada en el predio del parque Escuela T\u00e9cnica.<\/p>\n\n\n\n<p><strong>Fuente: Direcci\u00f3n de Prensa Municipal<\/strong><\/p>\n\n\n\n<p><strong>T\u00edtulos: Infoecos<\/strong><\/p>\n\n\n\n<figure class=\"wp-block-gallery has-nested-images columns-default is-cropped wp-block-gallery-1 is-layout-flex wp-block-gallery-is-layout-flex\">\n<figure class=\"wp-block-image size-large\"><img loading=\"lazy\" decoding=\"async\" width=\"938\" height=\"625\" data-id=\"99542\" src=\"https:\/\/infoecos.com.ar\/wp-content\/uploads\/2023\/01\/Conferencia-de-prensa-2.jpg\" alt=\"\" class=\"wp-image-99542\" srcset=\"https:\/\/infoecos.com.ar\/wp-content\/uploads\/2023\/01\/Conferencia-de-prensa-2.jpg 938w, https:\/\/infoecos.com.ar\/wp-content\/uploads\/2023\/01\/Conferencia-de-prensa-2-800x533.jpg 800w, https:\/\/infoecos.com.ar\/wp-content\/uploads\/2023\/01\/Conferencia-de-prensa-2-768x512.jpg 768w, https:\/\/infoecos.com.ar\/wp-content\/uploads\/2023\/01\/Conferencia-de-prensa-2-936x625.jpg 936w, https:\/\/infoecos.com.ar\/wp-content\/uploads\/2023\/01\/Conferencia-de-prensa-2-675x450.jpg 675w\" sizes=\"(max-width: 938px) 100vw, 938px\" \/><\/figure>\n\n\n\n<figure class=\"wp-block-image size-large\"><img loading=\"lazy\" decoding=\"async\" width=\"938\" height=\"625\" data-id=\"99543\" src=\"https:\/\/infoecos.com.ar\/wp-content\/uploads\/2023\/01\/Conferencia-de-prensa-3-1.jpg\" alt=\"\" class=\"wp-image-99543\" srcset=\"https:\/\/infoecos.com.ar\/wp-content\/uploads\/2023\/01\/Conferencia-de-prensa-3-1.jpg 938w, https:\/\/infoecos.com.ar\/wp-content\/uploads\/2023\/01\/Conferencia-de-prensa-3-1-800x533.jpg 800w, https:\/\/infoecos.com.ar\/wp-content\/uploads\/2023\/01\/Conferencia-de-prensa-3-1-768x512.jpg 768w, https:\/\/infoecos.com.ar\/wp-content\/uploads\/2023\/01\/Conferencia-de-prensa-3-1-936x625.jpg 936w, https:\/\/infoecos.com.ar\/wp-content\/uploads\/2023\/01\/Conferencia-de-prensa-3-1-675x450.jpg 675w\" sizes=\"(max-width: 938px) 100vw, 938px\" \/><\/figure>\n\n\n\n<figure class=\"wp-block-image size-large\"><img loading=\"lazy\" decoding=\"async\" width=\"938\" height=\"625\" data-id=\"99545\" src=\"https:\/\/infoecos.com.ar\/wp-content\/uploads\/2023\/01\/Conferencia-de-prensa-4-1.jpg\" alt=\"\" class=\"wp-image-99545\" srcset=\"https:\/\/infoecos.com.ar\/wp-content\/uploads\/2023\/01\/Conferencia-de-prensa-4-1.jpg 938w, https:\/\/infoecos.com.ar\/wp-content\/uploads\/2023\/01\/Conferencia-de-prensa-4-1-800x533.jpg 800w, https:\/\/infoecos.com.ar\/wp-content\/uploads\/2023\/01\/Conferencia-de-prensa-4-1-768x512.jpg 768w, https:\/\/infoecos.com.ar\/wp-content\/uploads\/2023\/01\/Conferencia-de-prensa-4-1-936x625.jpg 936w, https:\/\/infoecos.com.ar\/wp-content\/uploads\/2023\/01\/Conferencia-de-prensa-4-1-675x450.jpg 675w\" sizes=\"(max-width: 938px) 100vw, 938px\" \/><\/figure>\n\n\n\n<figure class=\"wp-block-image size-large\"><img loading=\"lazy\" decoding=\"async\" width=\"938\" height=\"625\" data-id=\"99546\" src=\"https:\/\/infoecos.com.ar\/wp-content\/uploads\/2023\/01\/Conferencia-de-prensa-5.jpg\" alt=\"\" class=\"wp-image-99546\" srcset=\"https:\/\/infoecos.com.ar\/wp-content\/uploads\/2023\/01\/Conferencia-de-prensa-5.jpg 938w, https:\/\/infoecos.com.ar\/wp-content\/uploads\/2023\/01\/Conferencia-de-prensa-5-800x533.jpg 800w, https:\/\/infoecos.com.ar\/wp-content\/uploads\/2023\/01\/Conferencia-de-prensa-5-768x512.jpg 768w, https:\/\/infoecos.com.ar\/wp-content\/uploads\/2023\/01\/Conferencia-de-prensa-5-936x625.jpg 936w, https:\/\/infoecos.com.ar\/wp-content\/uploads\/2023\/01\/Conferencia-de-prensa-5-675x450.jpg 675w\" sizes=\"(max-width: 938px) 100vw, 938px\" \/><\/figure>\n\n\n\n<figure class=\"wp-block-image size-large\"><img loading=\"lazy\" decoding=\"async\" width=\"938\" height=\"625\" data-id=\"99544\" src=\"https:\/\/infoecos.com.ar\/wp-content\/uploads\/2023\/01\/Conferencia-de-prensa-6.jpg\" alt=\"\" class=\"wp-image-99544\" srcset=\"https:\/\/infoecos.com.ar\/wp-content\/uploads\/2023\/01\/Conferencia-de-prensa-6.jpg 938w, https:\/\/infoecos.com.ar\/wp-content\/uploads\/2023\/01\/Conferencia-de-prensa-6-800x533.jpg 800w, https:\/\/infoecos.com.ar\/wp-content\/uploads\/2023\/01\/Conferencia-de-prensa-6-768x512.jpg 768w, https:\/\/infoecos.com.ar\/wp-content\/uploads\/2023\/01\/Conferencia-de-prensa-6-936x625.jpg 936w, https:\/\/infoecos.com.ar\/wp-content\/uploads\/2023\/01\/Conferencia-de-prensa-6-675x450.jpg 675w\" sizes=\"(max-width: 938px) 100vw, 938px\" \/><\/figure>\n<\/figure>\n","protected":false},"excerpt":{"rendered":"<p>Ofreci\u00f3 un pormenorizado detalle de las obras ejecutadas en 2022 con fondos municipales, provinciales y nacionales destacando el trabajo articulado con Naci\u00f3n y Provincia.<\/p>\n","protected":false},"author":2,"featured_media":99539,"comment_status":"closed","ping_status":"open","sticky":false,"template":"","format":"standard","meta":{"footnotes":""},"categories":[1331],"tags":[7002],"class_list":["post-99538","post","type-post","status-publish","format-standard","has-post-thumbnail","hentry","category-inferior11","tag-encuentro-con-periodistas"],"yoast_head":"<!-- This site is optimized with the Yoast SEO plugin v23.4 - https:\/\/yoast.com\/wordpress\/plugins\/seo\/ -->\n<title>Informe de gesti\u00f3n del intendente de Trenque Lauquen - Infoecos<\/title>\n<meta name=\"robots\" content=\"index, follow, max-snippet:-1, max-image-preview:large, max-video-preview:-1\" \/>\n<link rel=\"canonical\" href=\"https:\/\/infoecos.com.ar\/index.php\/fernandez-con-periodistas-abrumador-informe-de-gestion-del-intendente-de-trenque-lauquen\/\" \/>\n<meta property=\"og:locale\" content=\"es_ES\" \/>\n<meta property=\"og:type\" content=\"article\" \/>\n<meta property=\"og:title\" content=\"Informe de gesti\u00f3n del intendente de Trenque Lauquen - Infoecos\" \/>\n<meta property=\"og:description\" content=\"Ofreci\u00f3 un pormenorizado detalle de las obras ejecutadas en 2022 con fondos municipales, provinciales y nacionales destacando el trabajo articulado con Naci\u00f3n y Provincia.\" \/>\n<meta property=\"og:url\" content=\"https:\/\/infoecos.com.ar\/index.php\/fernandez-con-periodistas-abrumador-informe-de-gestion-del-intendente-de-trenque-lauquen\/\" \/>\n<meta property=\"og:site_name\" content=\"Infoecos\" \/>\n<meta property=\"article:publisher\" content=\"https:\/\/www.facebook.com\/profile.php?id=100063200290284\" \/>\n<meta property=\"article:published_time\" content=\"2023-01-03T18:43:46+00:00\" \/>\n<meta property=\"article:modified_time\" content=\"2023-01-06T15:51:17+00:00\" \/>\n<meta property=\"og:image\" content=\"https:\/\/infoecos.com.ar\/wp-content\/uploads\/2023\/01\/Conferencia-de-prensa-1.jpg\" \/>\n\t<meta property=\"og:image:width\" content=\"938\" \/>\n\t<meta property=\"og:image:height\" content=\"625\" \/>\n\t<meta property=\"og:image:type\" content=\"image\/jpeg\" \/>\n<meta name=\"author\" content=\"Jorge Matheus\" \/>\n<meta name=\"twitter:card\" content=\"summary_large_image\" \/>\n<meta name=\"twitter:creator\" content=\"@infoecos\" \/>\n<meta name=\"twitter:site\" content=\"@infoecos\" \/>\n<meta name=\"twitter:label1\" content=\"Escrito por\" \/>\n\t<meta name=\"twitter:data1\" content=\"Jorge Matheus\" \/>\n\t<meta name=\"twitter:label2\" content=\"Tiempo de lectura\" \/>\n\t<meta name=\"twitter:data2\" content=\"5 minutos\" \/>\n<script type=\"application\/ld+json\" class=\"yoast-schema-graph\">{\"@context\":\"https:\/\/schema.org\",\"@graph\":[{\"@type\":\"Article\",\"@id\":\"https:\/\/infoecos.com.ar\/index.php\/fernandez-con-periodistas-abrumador-informe-de-gestion-del-intendente-de-trenque-lauquen\/#article\",\"isPartOf\":{\"@id\":\"https:\/\/infoecos.com.ar\/index.php\/fernandez-con-periodistas-abrumador-informe-de-gestion-del-intendente-de-trenque-lauquen\/\"},\"author\":{\"name\":\"Jorge Matheus\",\"@id\":\"https:\/\/infoecos.com.ar\/#\/schema\/person\/8f5ace5ce73b4b4aac4b7245aee6f191\"},\"headline\":\"Informe de gesti\u00f3n del intendente de Trenque Lauquen\",\"datePublished\":\"2023-01-03T18:43:46+00:00\",\"dateModified\":\"2023-01-06T15:51:17+00:00\",\"mainEntityOfPage\":{\"@id\":\"https:\/\/infoecos.com.ar\/index.php\/fernandez-con-periodistas-abrumador-informe-de-gestion-del-intendente-de-trenque-lauquen\/\"},\"wordCount\":788,\"publisher\":{\"@id\":\"https:\/\/infoecos.com.ar\/#organization\"},\"image\":{\"@id\":\"https:\/\/infoecos.com.ar\/index.php\/fernandez-con-periodistas-abrumador-informe-de-gestion-del-intendente-de-trenque-lauquen\/#primaryimage\"},\"thumbnailUrl\":\"https:\/\/infoecos.com.ar\/wp-content\/uploads\/2023\/01\/Conferencia-de-prensa-1.jpg\",\"keywords\":[\"ENCUENTRO CON PERIODISTAS\"],\"articleSection\":[\"Bloque inferior - 11\"],\"inLanguage\":\"es\"},{\"@type\":\"WebPage\",\"@id\":\"https:\/\/infoecos.com.ar\/index.php\/fernandez-con-periodistas-abrumador-informe-de-gestion-del-intendente-de-trenque-lauquen\/\",\"url\":\"https:\/\/infoecos.com.ar\/index.php\/fernandez-con-periodistas-abrumador-informe-de-gestion-del-intendente-de-trenque-lauquen\/\",\"name\":\"Informe de gesti\u00f3n del intendente de Trenque Lauquen - Infoecos\",\"isPartOf\":{\"@id\":\"https:\/\/infoecos.com.ar\/#website\"},\"primaryImageOfPage\":{\"@id\":\"https:\/\/infoecos.com.ar\/index.php\/fernandez-con-periodistas-abrumador-informe-de-gestion-del-intendente-de-trenque-lauquen\/#primaryimage\"},\"image\":{\"@id\":\"https:\/\/infoecos.com.ar\/index.php\/fernandez-con-periodistas-abrumador-informe-de-gestion-del-intendente-de-trenque-lauquen\/#primaryimage\"},\"thumbnailUrl\":\"https:\/\/infoecos.com.ar\/wp-content\/uploads\/2023\/01\/Conferencia-de-prensa-1.jpg\",\"datePublished\":\"2023-01-03T18:43:46+00:00\",\"dateModified\":\"2023-01-06T15:51:17+00:00\",\"breadcrumb\":{\"@id\":\"https:\/\/infoecos.com.ar\/index.php\/fernandez-con-periodistas-abrumador-informe-de-gestion-del-intendente-de-trenque-lauquen\/#breadcrumb\"},\"inLanguage\":\"es\",\"potentialAction\":[{\"@type\":\"ReadAction\",\"target\":[\"https:\/\/infoecos.com.ar\/index.php\/fernandez-con-periodistas-abrumador-informe-de-gestion-del-intendente-de-trenque-lauquen\/\"]}]},{\"@type\":\"ImageObject\",\"inLanguage\":\"es\",\"@id\":\"https:\/\/infoecos.com.ar\/index.php\/fernandez-con-periodistas-abrumador-informe-de-gestion-del-intendente-de-trenque-lauquen\/#primaryimage\",\"url\":\"https:\/\/infoecos.com.ar\/wp-content\/uploads\/2023\/01\/Conferencia-de-prensa-1.jpg\",\"contentUrl\":\"https:\/\/infoecos.com.ar\/wp-content\/uploads\/2023\/01\/Conferencia-de-prensa-1.jpg\",\"width\":938,\"height\":625},{\"@type\":\"BreadcrumbList\",\"@id\":\"https:\/\/infoecos.com.ar\/index.php\/fernandez-con-periodistas-abrumador-informe-de-gestion-del-intendente-de-trenque-lauquen\/#breadcrumb\",\"itemListElement\":[{\"@type\":\"ListItem\",\"position\":1,\"name\":\"Portada\",\"item\":\"https:\/\/infoecos.com.ar\/\"},{\"@type\":\"ListItem\",\"position\":2,\"name\":\"Informe de gesti\u00f3n del intendente de Trenque Lauquen\"}]},{\"@type\":\"WebSite\",\"@id\":\"https:\/\/infoecos.com.ar\/#website\",\"url\":\"https:\/\/infoecos.com.ar\/\",\"name\":\"Infoecos\",\"description\":\"Noticias de trenque lauquen y la zona\",\"publisher\":{\"@id\":\"https:\/\/infoecos.com.ar\/#organization\"},\"alternateName\":\"Noticias\",\"potentialAction\":[{\"@type\":\"SearchAction\",\"target\":{\"@type\":\"EntryPoint\",\"urlTemplate\":\"https:\/\/infoecos.com.ar\/?s={search_term_string}\"},\"query-input\":{\"@type\":\"PropertyValueSpecification\",\"valueRequired\":true,\"valueName\":\"search_term_string\"}}],\"inLanguage\":\"es\"},{\"@type\":\"Organization\",\"@id\":\"https:\/\/infoecos.com.ar\/#organization\",\"name\":\"Infoecos\",\"alternateName\":\"Noticias\",\"url\":\"https:\/\/infoecos.com.ar\/\",\"logo\":{\"@type\":\"ImageObject\",\"inLanguage\":\"es\",\"@id\":\"https:\/\/infoecos.com.ar\/#\/schema\/logo\/image\/\",\"url\":\"https:\/\/infoecos.com.ar\/wp-content\/uploads\/2024\/03\/cropped-logo.png\",\"contentUrl\":\"https:\/\/infoecos.com.ar\/wp-content\/uploads\/2024\/03\/cropped-logo.png\",\"width\":374,\"height\":90,\"caption\":\"Infoecos\"},\"image\":{\"@id\":\"https:\/\/infoecos.com.ar\/#\/schema\/logo\/image\/\"},\"sameAs\":[\"https:\/\/www.facebook.com\/profile.php?id=100063200290284\",\"https:\/\/x.com\/infoecos\"]},{\"@type\":\"Person\",\"@id\":\"https:\/\/infoecos.com.ar\/#\/schema\/person\/8f5ace5ce73b4b4aac4b7245aee6f191\",\"name\":\"Jorge Matheus\",\"url\":\"https:\/\/infoecos.com.ar\/index.php\/author\/jomatheus\/\"}]}<\/script>\n<!-- \/ Yoast SEO plugin. -->","yoast_head_json":{"title":"Informe de gesti\u00f3n del intendente de Trenque Lauquen - Infoecos","robots":{"index":"index","follow":"follow","max-snippet":"max-snippet:-1","max-image-preview":"max-image-preview:large","max-video-preview":"max-video-preview:-1"},"canonical":"https:\/\/infoecos.com.ar\/index.php\/fernandez-con-periodistas-abrumador-informe-de-gestion-del-intendente-de-trenque-lauquen\/","og_locale":"es_ES","og_type":"article","og_title":"Informe de gesti\u00f3n del intendente de Trenque Lauquen - Infoecos","og_description":"Ofreci\u00f3 un pormenorizado detalle de las obras ejecutadas en 2022 con fondos municipales, provinciales y nacionales destacando el trabajo articulado con Naci\u00f3n y Provincia.","og_url":"https:\/\/infoecos.com.ar\/index.php\/fernandez-con-periodistas-abrumador-informe-de-gestion-del-intendente-de-trenque-lauquen\/","og_site_name":"Infoecos","article_publisher":"https:\/\/www.facebook.com\/profile.php?id=100063200290284","article_published_time":"2023-01-03T18:43:46+00:00","article_modified_time":"2023-01-06T15:51:17+00:00","og_image":[{"width":938,"height":625,"url":"https:\/\/infoecos.com.ar\/wp-content\/uploads\/2023\/01\/Conferencia-de-prensa-1.jpg","type":"image\/jpeg"}],"author":"Jorge Matheus","twitter_card":"summary_large_image","twitter_creator":"@infoecos","twitter_site":"@infoecos","twitter_misc":{"Escrito por":"Jorge Matheus","Tiempo de lectura":"5 minutos"},"schema":{"@context":"https:\/\/schema.org","@graph":[{"@type":"Article","@id":"https:\/\/infoecos.com.ar\/index.php\/fernandez-con-periodistas-abrumador-informe-de-gestion-del-intendente-de-trenque-lauquen\/#article","isPartOf":{"@id":"https:\/\/infoecos.com.ar\/index.php\/fernandez-con-periodistas-abrumador-informe-de-gestion-del-intendente-de-trenque-lauquen\/"},"author":{"name":"Jorge Matheus","@id":"https:\/\/infoecos.com.ar\/#\/schema\/person\/8f5ace5ce73b4b4aac4b7245aee6f191"},"headline":"Informe de gesti\u00f3n del intendente de Trenque Lauquen","datePublished":"2023-01-03T18:43:46+00:00","dateModified":"2023-01-06T15:51:17+00:00","mainEntityOfPage":{"@id":"https:\/\/infoecos.com.ar\/index.php\/fernandez-con-periodistas-abrumador-informe-de-gestion-del-intendente-de-trenque-lauquen\/"},"wordCount":788,"publisher":{"@id":"https:\/\/infoecos.com.ar\/#organization"},"image":{"@id":"https:\/\/infoecos.com.ar\/index.php\/fernandez-con-periodistas-abrumador-informe-de-gestion-del-intendente-de-trenque-lauquen\/#primaryimage"},"thumbnailUrl":"https:\/\/infoecos.com.ar\/wp-content\/uploads\/2023\/01\/Conferencia-de-prensa-1.jpg","keywords":["ENCUENTRO CON PERIODISTAS"],"articleSection":["Bloque inferior - 11"],"inLanguage":"es"},{"@type":"WebPage","@id":"https:\/\/infoecos.com.ar\/index.php\/fernandez-con-periodistas-abrumador-informe-de-gestion-del-intendente-de-trenque-lauquen\/","url":"https:\/\/infoecos.com.ar\/index.php\/fernandez-con-periodistas-abrumador-informe-de-gestion-del-intendente-de-trenque-lauquen\/","name":"Informe de gesti\u00f3n del intendente de Trenque Lauquen - Infoecos","isPartOf":{"@id":"https:\/\/infoecos.com.ar\/#website"},"primaryImageOfPage":{"@id":"https:\/\/infoecos.com.ar\/index.php\/fernandez-con-periodistas-abrumador-informe-de-gestion-del-intendente-de-trenque-lauquen\/#primaryimage"},"image":{"@id":"https:\/\/infoecos.com.ar\/index.php\/fernandez-con-periodistas-abrumador-informe-de-gestion-del-intendente-de-trenque-lauquen\/#primaryimage"},"thumbnailUrl":"https:\/\/infoecos.com.ar\/wp-content\/uploads\/2023\/01\/Conferencia-de-prensa-1.jpg","datePublished":"2023-01-03T18:43:46+00:00","dateModified":"2023-01-06T15:51:17+00:00","breadcrumb":{"@id":"https:\/\/infoecos.com.ar\/index.php\/fernandez-con-periodistas-abrumador-informe-de-gestion-del-intendente-de-trenque-lauquen\/#breadcrumb"},"inLanguage":"es","potentialAction":[{"@type":"ReadAction","target":["https:\/\/infoecos.com.ar\/index.php\/fernandez-con-periodistas-abrumador-informe-de-gestion-del-intendente-de-trenque-lauquen\/"]}]},{"@type":"ImageObject","inLanguage":"es","@id":"https:\/\/infoecos.com.ar\/index.php\/fernandez-con-periodistas-abrumador-informe-de-gestion-del-intendente-de-trenque-lauquen\/#primaryimage","url":"https:\/\/infoecos.com.ar\/wp-content\/uploads\/2023\/01\/Conferencia-de-prensa-1.jpg","contentUrl":"https:\/\/infoecos.com.ar\/wp-content\/uploads\/2023\/01\/Conferencia-de-prensa-1.jpg","width":938,"height":625},{"@type":"BreadcrumbList","@id":"https:\/\/infoecos.com.ar\/index.php\/fernandez-con-periodistas-abrumador-informe-de-gestion-del-intendente-de-trenque-lauquen\/#breadcrumb","itemListElement":[{"@type":"ListItem","position":1,"name":"Portada","item":"https:\/\/infoecos.com.ar\/"},{"@type":"ListItem","position":2,"name":"Informe de gesti\u00f3n del intendente de Trenque Lauquen"}]},{"@type":"WebSite","@id":"https:\/\/infoecos.com.ar\/#website","url":"https:\/\/infoecos.com.ar\/","name":"Infoecos","description":"Noticias de trenque lauquen y la zona","publisher":{"@id":"https:\/\/infoecos.com.ar\/#organization"},"alternateName":"Noticias","potentialAction":[{"@type":"SearchAction","target":{"@type":"EntryPoint","urlTemplate":"https:\/\/infoecos.com.ar\/?s={search_term_string}"},"query-input":{"@type":"PropertyValueSpecification","valueRequired":true,"valueName":"search_term_string"}}],"inLanguage":"es"},{"@type":"Organization","@id":"https:\/\/infoecos.com.ar\/#organization","name":"Infoecos","alternateName":"Noticias","url":"https:\/\/infoecos.com.ar\/","logo":{"@type":"ImageObject","inLanguage":"es","@id":"https:\/\/infoecos.com.ar\/#\/schema\/logo\/image\/","url":"https:\/\/infoecos.com.ar\/wp-content\/uploads\/2024\/03\/cropped-logo.png","contentUrl":"https:\/\/infoecos.com.ar\/wp-content\/uploads\/2024\/03\/cropped-logo.png","width":374,"height":90,"caption":"Infoecos"},"image":{"@id":"https:\/\/infoecos.com.ar\/#\/schema\/logo\/image\/"},"sameAs":["https:\/\/www.facebook.com\/profile.php?id=100063200290284","https:\/\/x.com\/infoecos"]},{"@type":"Person","@id":"https:\/\/infoecos.com.ar\/#\/schema\/person\/8f5ace5ce73b4b4aac4b7245aee6f191","name":"Jorge Matheus","url":"https:\/\/infoecos.com.ar\/index.php\/author\/jomatheus\/"}]}},"featured_image_urls":{"full":["https:\/\/infoecos.com.ar\/wp-content\/uploads\/2023\/01\/Conferencia-de-prensa-1.jpg",938,625,false],"thumbnail":["https:\/\/infoecos.com.ar\/wp-content\/uploads\/2023\/01\/Conferencia-de-prensa-1-300x150.jpg",300,150,true],"medium":["https:\/\/infoecos.com.ar\/wp-content\/uploads\/2023\/01\/Conferencia-de-prensa-1-800x533.jpg",800,533,true],"medium_large":["https:\/\/infoecos.com.ar\/wp-content\/uploads\/2023\/01\/Conferencia-de-prensa-1-768x512.jpg",640,427,true],"large":["https:\/\/infoecos.com.ar\/wp-content\/uploads\/2023\/01\/Conferencia-de-prensa-1.jpg",640,426,false],"1536x1536":["https:\/\/infoecos.com.ar\/wp-content\/uploads\/2023\/01\/Conferencia-de-prensa-1.jpg",938,625,false],"2048x2048":["https:\/\/infoecos.com.ar\/wp-content\/uploads\/2023\/01\/Conferencia-de-prensa-1.jpg",938,625,false],"covernews-slider-full":["https:\/\/infoecos.com.ar\/wp-content\/uploads\/2023\/01\/Conferencia-de-prensa-1.jpg",938,625,false],"covernews-slider-center":["https:\/\/infoecos.com.ar\/wp-content\/uploads\/2023\/01\/Conferencia-de-prensa-1-936x625.jpg",749,500,true],"covernews-featured":["https:\/\/infoecos.com.ar\/wp-content\/uploads\/2023\/01\/Conferencia-de-prensa-1.jpg",938,625,false],"covernews-medium":["https:\/\/infoecos.com.ar\/wp-content\/uploads\/2023\/01\/Conferencia-de-prensa-1-720x380.jpg",540,285,true],"covernews-medium-square":["https:\/\/infoecos.com.ar\/wp-content\/uploads\/2023\/01\/Conferencia-de-prensa-1-675x450.jpg",375,250,true]},"author_info":{"info":["Jorge Matheus"]},"category_info":"<a href=\"https:\/\/infoecos.com.ar\/index.php\/category\/inferior11\/\" rel=\"category tag\">Bloque inferior - 11<\/a>","tag_info":"Bloque inferior - 11","comment_count":"0","_links":{"self":[{"href":"https:\/\/infoecos.com.ar\/index.php\/wp-json\/wp\/v2\/posts\/99538"}],"collection":[{"href":"https:\/\/infoecos.com.ar\/index.php\/wp-json\/wp\/v2\/posts"}],"about":[{"href":"https:\/\/infoecos.com.ar\/index.php\/wp-json\/wp\/v2\/types\/post"}],"author":[{"embeddable":true,"href":"https:\/\/infoecos.com.ar\/index.php\/wp-json\/wp\/v2\/users\/2"}],"replies":[{"embeddable":true,"href":"https:\/\/infoecos.com.ar\/index.php\/wp-json\/wp\/v2\/comments?post=99538"}],"version-history":[{"count":5,"href":"https:\/\/infoecos.com.ar\/index.php\/wp-json\/wp\/v2\/posts\/99538\/revisions"}],"predecessor-version":[{"id":99626,"href":"https:\/\/infoecos.com.ar\/index.php\/wp-json\/wp\/v2\/posts\/99538\/revisions\/99626"}],"wp:featuredmedia":[{"embeddable":true,"href":"https:\/\/infoecos.com.ar\/index.php\/wp-json\/wp\/v2\/media\/99539"}],"wp:attachment":[{"href":"https:\/\/infoecos.com.ar\/index.php\/wp-json\/wp\/v2\/media?parent=99538"}],"wp:term":[{"taxonomy":"category","embeddable":true,"href":"https:\/\/infoecos.com.ar\/index.php\/wp-json\/wp\/v2\/categories?post=99538"},{"taxonomy":"post_tag","embeddable":true,"href":"https:\/\/infoecos.com.ar\/index.php\/wp-json\/wp\/v2\/tags?post=99538"}],"curies":[{"name":"wp","href":"https:\/\/api.w.org\/{rel}","templated":true}]}}