{"id":99551,"date":"2023-01-03T15:57:22","date_gmt":"2023-01-03T18:57:22","guid":{"rendered":"https:\/\/infoecos.com.ar\/?p=99551"},"modified":"2023-01-06T12:50:47","modified_gmt":"2023-01-06T15:50:47","slug":"las-clases-en-la-provincia-de-buenos-aires-comenzaran-el-miercoles-1-de-marzo","status":"publish","type":"post","link":"https:\/\/infoecos.com.ar\/index.php\/las-clases-en-la-provincia-de-buenos-aires-comenzaran-el-miercoles-1-de-marzo\/","title":{"rendered":"Las clases en la provincia de Buenos Aires comenzar\u00e1n el mi\u00e9rcoles 1 de Marzo"},"content":{"rendered":"\n<p>En la provincia de Buenos Aires las clases para todos los ciclos, inicial, primario y secundario, comenzar\u00e1n el mi\u00e9rcoles 1 de marzo, con el objetivo de cumplir con un total de 190 d\u00edas de actividades en todos los establecimientos educativos.<\/p>\n\n\n\n<p>El Consejo General de Educaci\u00f3n, presidido por el director general de Cultura y Educaci\u00f3n Alberto Sileoni,&nbsp;aprob\u00f3 el Calendario Escolar 2023&nbsp;para todos los niveles y modalidades de la educaci\u00f3n en la provincia de Buenos Aires, que lleva el lema \u201c40 a\u00f1os de Democracia\u201d.<\/p>\n\n\n\n<p>Seg\u00fan lo dispuesto,&nbsp;el ciclo lectivo comenzar\u00e1 el 1 de marzo y finalizar\u00e1 el 26 de diciembre para los niveles y modalidades (Inicial, Primaria y Secundaria), garantizando un total de 190 d\u00edas m\u00ednimos de clases&nbsp;de acuerdo a lo establecido por el Consejo Federal de Educaci\u00f3n; mientras el receso de invierno ser\u00e1 entre el 17 y el 28 de julio.<\/p>\n\n\n\n<p>En cuanto a la Educaci\u00f3n Superior, tendr\u00e1 actividad educativa entre el 13 de marzo y el 24 de noviembre y los jardines maternales iniciar\u00e1n el ciclo el 1 de febrero y lo culminar\u00e1n el 29 de diciembre.<\/p>\n\n\n\n<p>Tambi\u00e9n el calendario escolar 2023 prev\u00e9 jornadas institucionales que se llevar\u00e1n a cabo en forma regionalizada a lo largo del ciclo lectivo. Ser\u00e1n durante los meses de febrero, agosto y diciembre.<\/p>\n\n\n\n<p>Entre las novedades, el calendario contempla una fecha muy especial, el 2 de agosto, en homenaje a la vicedirectora Sandra Calamano y al auxiliar docente Rub\u00e9n Rodr\u00edguez, fallecidos en la explosi\u00f3n de la Primaria 74 de Moreno en el a\u00f1o 2018. De esta forma, las escuelas bonaerenses conmemorar\u00e1n el \u201cD\u00eda de la escuela p\u00fablica digna\u201d, una jornada de reivindicaci\u00f3n y reflexi\u00f3n.<\/p>\n\n\n\n<p>Tambi\u00e9n est\u00e1 establecido conmemorar el 27 de mayo el D\u00eda de la Prevenci\u00f3n de la Violencia en el Noviazgo y el 30 de mayo, el D\u00eda Internacional del desaparecido.<\/p>\n","protected":false},"excerpt":{"rendered":"<p>Seg\u00fan lo dispuesto,\u00a0el ciclo lectivo comenzar\u00e1 el 1 de marzo y finalizar\u00e1 el 26 de diciembre para los niveles y modalidades (Inicial, Primaria y Secundaria)<\/p>\n","protected":false},"author":2,"featured_media":96305,"comment_status":"closed","ping_status":"open","sticky":false,"template":"","format":"standard","meta":{"footnotes":""},"categories":[1330],"tags":[7003],"class_list":["post-99551","post","type-post","status-publish","format-standard","has-post-thumbnail","hentry","category-inferior10","tag-objetivo-190-dias-de-clase"],"yoast_head":"<!-- This site is optimized with the Yoast SEO plugin v23.4 - https:\/\/yoast.com\/wordpress\/plugins\/seo\/ -->\n<title>Las clases en la provincia de Buenos Aires comenzar\u00e1n el mi\u00e9rcoles 1 de Marzo - Infoecos<\/title>\n<meta name=\"robots\" content=\"index, follow, max-snippet:-1, max-image-preview:large, max-video-preview:-1\" \/>\n<link rel=\"canonical\" href=\"https:\/\/infoecos.com.ar\/index.php\/las-clases-en-la-provincia-de-buenos-aires-comenzaran-el-miercoles-1-de-marzo\/\" \/>\n<meta property=\"og:locale\" content=\"es_ES\" \/>\n<meta property=\"og:type\" content=\"article\" \/>\n<meta property=\"og:title\" content=\"Las clases en la provincia de Buenos Aires comenzar\u00e1n el mi\u00e9rcoles 1 de Marzo - Infoecos\" \/>\n<meta property=\"og:description\" content=\"Seg\u00fan lo dispuesto,\u00a0el ciclo lectivo comenzar\u00e1 el 1 de marzo y finalizar\u00e1 el 26 de diciembre para los niveles y modalidades (Inicial, Primaria y Secundaria)\" \/>\n<meta property=\"og:url\" content=\"https:\/\/infoecos.com.ar\/index.php\/las-clases-en-la-provincia-de-buenos-aires-comenzaran-el-miercoles-1-de-marzo\/\" \/>\n<meta property=\"og:site_name\" content=\"Infoecos\" \/>\n<meta property=\"article:publisher\" content=\"https:\/\/www.facebook.com\/profile.php?id=100063200290284\" \/>\n<meta property=\"article:published_time\" content=\"2023-01-03T18:57:22+00:00\" \/>\n<meta property=\"article:modified_time\" content=\"2023-01-06T15:50:47+00:00\" \/>\n<meta property=\"og:image\" content=\"https:\/\/infoecos.com.ar\/wp-content\/uploads\/2022\/08\/Escuelas-aulas-vacias-1200x720-1.jpg\" \/>\n\t<meta property=\"og:image:width\" content=\"1200\" \/>\n\t<meta property=\"og:image:height\" content=\"720\" \/>\n\t<meta property=\"og:image:type\" content=\"image\/jpeg\" \/>\n<meta name=\"author\" content=\"Jorge Matheus\" \/>\n<meta name=\"twitter:card\" content=\"summary_large_image\" \/>\n<meta name=\"twitter:creator\" content=\"@infoecos\" \/>\n<meta name=\"twitter:site\" content=\"@infoecos\" \/>\n<meta name=\"twitter:label1\" content=\"Escrito por\" \/>\n\t<meta name=\"twitter:data1\" content=\"Jorge Matheus\" \/>\n\t<meta name=\"twitter:label2\" content=\"Tiempo de lectura\" \/>\n\t<meta name=\"twitter:data2\" content=\"2 minutos\" \/>\n<script type=\"application\/ld+json\" class=\"yoast-schema-graph\">{\"@context\":\"https:\/\/schema.org\",\"@graph\":[{\"@type\":\"Article\",\"@id\":\"https:\/\/infoecos.com.ar\/index.php\/las-clases-en-la-provincia-de-buenos-aires-comenzaran-el-miercoles-1-de-marzo\/#article\",\"isPartOf\":{\"@id\":\"https:\/\/infoecos.com.ar\/index.php\/las-clases-en-la-provincia-de-buenos-aires-comenzaran-el-miercoles-1-de-marzo\/\"},\"author\":{\"name\":\"Jorge Matheus\",\"@id\":\"https:\/\/infoecos.com.ar\/#\/schema\/person\/8f5ace5ce73b4b4aac4b7245aee6f191\"},\"headline\":\"Las clases en la provincia de Buenos Aires comenzar\u00e1n el mi\u00e9rcoles 1 de Marzo\",\"datePublished\":\"2023-01-03T18:57:22+00:00\",\"dateModified\":\"2023-01-06T15:50:47+00:00\",\"mainEntityOfPage\":{\"@id\":\"https:\/\/infoecos.com.ar\/index.php\/las-clases-en-la-provincia-de-buenos-aires-comenzaran-el-miercoles-1-de-marzo\/\"},\"wordCount\":332,\"publisher\":{\"@id\":\"https:\/\/infoecos.com.ar\/#organization\"},\"image\":{\"@id\":\"https:\/\/infoecos.com.ar\/index.php\/las-clases-en-la-provincia-de-buenos-aires-comenzaran-el-miercoles-1-de-marzo\/#primaryimage\"},\"thumbnailUrl\":\"https:\/\/infoecos.com.ar\/wp-content\/uploads\/2022\/08\/Escuelas-aulas-vacias-1200x720-1.jpg\",\"keywords\":[\"OBJETIVO: 190 D\u00cdAS DE CLASE\"],\"articleSection\":[\"Bloque inferior - 10\"],\"inLanguage\":\"es\"},{\"@type\":\"WebPage\",\"@id\":\"https:\/\/infoecos.com.ar\/index.php\/las-clases-en-la-provincia-de-buenos-aires-comenzaran-el-miercoles-1-de-marzo\/\",\"url\":\"https:\/\/infoecos.com.ar\/index.php\/las-clases-en-la-provincia-de-buenos-aires-comenzaran-el-miercoles-1-de-marzo\/\",\"name\":\"Las clases en la provincia de Buenos Aires comenzar\u00e1n el mi\u00e9rcoles 1 de Marzo - Infoecos\",\"isPartOf\":{\"@id\":\"https:\/\/infoecos.com.ar\/#website\"},\"primaryImageOfPage\":{\"@id\":\"https:\/\/infoecos.com.ar\/index.php\/las-clases-en-la-provincia-de-buenos-aires-comenzaran-el-miercoles-1-de-marzo\/#primaryimage\"},\"image\":{\"@id\":\"https:\/\/infoecos.com.ar\/index.php\/las-clases-en-la-provincia-de-buenos-aires-comenzaran-el-miercoles-1-de-marzo\/#primaryimage\"},\"thumbnailUrl\":\"https:\/\/infoecos.com.ar\/wp-content\/uploads\/2022\/08\/Escuelas-aulas-vacias-1200x720-1.jpg\",\"datePublished\":\"2023-01-03T18:57:22+00:00\",\"dateModified\":\"2023-01-06T15:50:47+00:00\",\"breadcrumb\":{\"@id\":\"https:\/\/infoecos.com.ar\/index.php\/las-clases-en-la-provincia-de-buenos-aires-comenzaran-el-miercoles-1-de-marzo\/#breadcrumb\"},\"inLanguage\":\"es\",\"potentialAction\":[{\"@type\":\"ReadAction\",\"target\":[\"https:\/\/infoecos.com.ar\/index.php\/las-clases-en-la-provincia-de-buenos-aires-comenzaran-el-miercoles-1-de-marzo\/\"]}]},{\"@type\":\"ImageObject\",\"inLanguage\":\"es\",\"@id\":\"https:\/\/infoecos.com.ar\/index.php\/las-clases-en-la-provincia-de-buenos-aires-comenzaran-el-miercoles-1-de-marzo\/#primaryimage\",\"url\":\"https:\/\/infoecos.com.ar\/wp-content\/uploads\/2022\/08\/Escuelas-aulas-vacias-1200x720-1.jpg\",\"contentUrl\":\"https:\/\/infoecos.com.ar\/wp-content\/uploads\/2022\/08\/Escuelas-aulas-vacias-1200x720-1.jpg\",\"width\":1200,\"height\":720},{\"@type\":\"BreadcrumbList\",\"@id\":\"https:\/\/infoecos.com.ar\/index.php\/las-clases-en-la-provincia-de-buenos-aires-comenzaran-el-miercoles-1-de-marzo\/#breadcrumb\",\"itemListElement\":[{\"@type\":\"ListItem\",\"position\":1,\"name\":\"Portada\",\"item\":\"https:\/\/infoecos.com.ar\/\"},{\"@type\":\"ListItem\",\"position\":2,\"name\":\"Las clases en la provincia de Buenos Aires comenzar\u00e1n el mi\u00e9rcoles 1 de Marzo\"}]},{\"@type\":\"WebSite\",\"@id\":\"https:\/\/infoecos.com.ar\/#website\",\"url\":\"https:\/\/infoecos.com.ar\/\",\"name\":\"Infoecos\",\"description\":\"Noticias de trenque lauquen y la zona\",\"publisher\":{\"@id\":\"https:\/\/infoecos.com.ar\/#organization\"},\"alternateName\":\"Noticias\",\"potentialAction\":[{\"@type\":\"SearchAction\",\"target\":{\"@type\":\"EntryPoint\",\"urlTemplate\":\"https:\/\/infoecos.com.ar\/?s={search_term_string}\"},\"query-input\":{\"@type\":\"PropertyValueSpecification\",\"valueRequired\":true,\"valueName\":\"search_term_string\"}}],\"inLanguage\":\"es\"},{\"@type\":\"Organization\",\"@id\":\"https:\/\/infoecos.com.ar\/#organization\",\"name\":\"Infoecos\",\"alternateName\":\"Noticias\",\"url\":\"https:\/\/infoecos.com.ar\/\",\"logo\":{\"@type\":\"ImageObject\",\"inLanguage\":\"es\",\"@id\":\"https:\/\/infoecos.com.ar\/#\/schema\/logo\/image\/\",\"url\":\"https:\/\/infoecos.com.ar\/wp-content\/uploads\/2024\/03\/cropped-logo.png\",\"contentUrl\":\"https:\/\/infoecos.com.ar\/wp-content\/uploads\/2024\/03\/cropped-logo.png\",\"width\":374,\"height\":90,\"caption\":\"Infoecos\"},\"image\":{\"@id\":\"https:\/\/infoecos.com.ar\/#\/schema\/logo\/image\/\"},\"sameAs\":[\"https:\/\/www.facebook.com\/profile.php?id=100063200290284\",\"https:\/\/x.com\/infoecos\"]},{\"@type\":\"Person\",\"@id\":\"https:\/\/infoecos.com.ar\/#\/schema\/person\/8f5ace5ce73b4b4aac4b7245aee6f191\",\"name\":\"Jorge Matheus\",\"url\":\"https:\/\/infoecos.com.ar\/index.php\/author\/jomatheus\/\"}]}<\/script>\n<!-- \/ Yoast SEO plugin. -->","yoast_head_json":{"title":"Las clases en la provincia de Buenos Aires comenzar\u00e1n el mi\u00e9rcoles 1 de Marzo - Infoecos","robots":{"index":"index","follow":"follow","max-snippet":"max-snippet:-1","max-image-preview":"max-image-preview:large","max-video-preview":"max-video-preview:-1"},"canonical":"https:\/\/infoecos.com.ar\/index.php\/las-clases-en-la-provincia-de-buenos-aires-comenzaran-el-miercoles-1-de-marzo\/","og_locale":"es_ES","og_type":"article","og_title":"Las clases en la provincia de Buenos Aires comenzar\u00e1n el mi\u00e9rcoles 1 de Marzo - Infoecos","og_description":"Seg\u00fan lo dispuesto,\u00a0el ciclo lectivo comenzar\u00e1 el 1 de marzo y finalizar\u00e1 el 26 de diciembre para los niveles y modalidades (Inicial, Primaria y Secundaria)","og_url":"https:\/\/infoecos.com.ar\/index.php\/las-clases-en-la-provincia-de-buenos-aires-comenzaran-el-miercoles-1-de-marzo\/","og_site_name":"Infoecos","article_publisher":"https:\/\/www.facebook.com\/profile.php?id=100063200290284","article_published_time":"2023-01-03T18:57:22+00:00","article_modified_time":"2023-01-06T15:50:47+00:00","og_image":[{"width":1200,"height":720,"url":"https:\/\/infoecos.com.ar\/wp-content\/uploads\/2022\/08\/Escuelas-aulas-vacias-1200x720-1.jpg","type":"image\/jpeg"}],"author":"Jorge Matheus","twitter_card":"summary_large_image","twitter_creator":"@infoecos","twitter_site":"@infoecos","twitter_misc":{"Escrito por":"Jorge Matheus","Tiempo de lectura":"2 minutos"},"schema":{"@context":"https:\/\/schema.org","@graph":[{"@type":"Article","@id":"https:\/\/infoecos.com.ar\/index.php\/las-clases-en-la-provincia-de-buenos-aires-comenzaran-el-miercoles-1-de-marzo\/#article","isPartOf":{"@id":"https:\/\/infoecos.com.ar\/index.php\/las-clases-en-la-provincia-de-buenos-aires-comenzaran-el-miercoles-1-de-marzo\/"},"author":{"name":"Jorge Matheus","@id":"https:\/\/infoecos.com.ar\/#\/schema\/person\/8f5ace5ce73b4b4aac4b7245aee6f191"},"headline":"Las clases en la provincia de Buenos Aires comenzar\u00e1n el mi\u00e9rcoles 1 de Marzo","datePublished":"2023-01-03T18:57:22+00:00","dateModified":"2023-01-06T15:50:47+00:00","mainEntityOfPage":{"@id":"https:\/\/infoecos.com.ar\/index.php\/las-clases-en-la-provincia-de-buenos-aires-comenzaran-el-miercoles-1-de-marzo\/"},"wordCount":332,"publisher":{"@id":"https:\/\/infoecos.com.ar\/#organization"},"image":{"@id":"https:\/\/infoecos.com.ar\/index.php\/las-clases-en-la-provincia-de-buenos-aires-comenzaran-el-miercoles-1-de-marzo\/#primaryimage"},"thumbnailUrl":"https:\/\/infoecos.com.ar\/wp-content\/uploads\/2022\/08\/Escuelas-aulas-vacias-1200x720-1.jpg","keywords":["OBJETIVO: 190 D\u00cdAS DE CLASE"],"articleSection":["Bloque inferior - 10"],"inLanguage":"es"},{"@type":"WebPage","@id":"https:\/\/infoecos.com.ar\/index.php\/las-clases-en-la-provincia-de-buenos-aires-comenzaran-el-miercoles-1-de-marzo\/","url":"https:\/\/infoecos.com.ar\/index.php\/las-clases-en-la-provincia-de-buenos-aires-comenzaran-el-miercoles-1-de-marzo\/","name":"Las clases en la provincia de Buenos Aires comenzar\u00e1n el mi\u00e9rcoles 1 de Marzo - Infoecos","isPartOf":{"@id":"https:\/\/infoecos.com.ar\/#website"},"primaryImageOfPage":{"@id":"https:\/\/infoecos.com.ar\/index.php\/las-clases-en-la-provincia-de-buenos-aires-comenzaran-el-miercoles-1-de-marzo\/#primaryimage"},"image":{"@id":"https:\/\/infoecos.com.ar\/index.php\/las-clases-en-la-provincia-de-buenos-aires-comenzaran-el-miercoles-1-de-marzo\/#primaryimage"},"thumbnailUrl":"https:\/\/infoecos.com.ar\/wp-content\/uploads\/2022\/08\/Escuelas-aulas-vacias-1200x720-1.jpg","datePublished":"2023-01-03T18:57:22+00:00","dateModified":"2023-01-06T15:50:47+00:00","breadcrumb":{"@id":"https:\/\/infoecos.com.ar\/index.php\/las-clases-en-la-provincia-de-buenos-aires-comenzaran-el-miercoles-1-de-marzo\/#breadcrumb"},"inLanguage":"es","potentialAction":[{"@type":"ReadAction","target":["https:\/\/infoecos.com.ar\/index.php\/las-clases-en-la-provincia-de-buenos-aires-comenzaran-el-miercoles-1-de-marzo\/"]}]},{"@type":"ImageObject","inLanguage":"es","@id":"https:\/\/infoecos.com.ar\/index.php\/las-clases-en-la-provincia-de-buenos-aires-comenzaran-el-miercoles-1-de-marzo\/#primaryimage","url":"https:\/\/infoecos.com.ar\/wp-content\/uploads\/2022\/08\/Escuelas-aulas-vacias-1200x720-1.jpg","contentUrl":"https:\/\/infoecos.com.ar\/wp-content\/uploads\/2022\/08\/Escuelas-aulas-vacias-1200x720-1.jpg","width":1200,"height":720},{"@type":"BreadcrumbList","@id":"https:\/\/infoecos.com.ar\/index.php\/las-clases-en-la-provincia-de-buenos-aires-comenzaran-el-miercoles-1-de-marzo\/#breadcrumb","itemListElement":[{"@type":"ListItem","position":1,"name":"Portada","item":"https:\/\/infoecos.com.ar\/"},{"@type":"ListItem","position":2,"name":"Las clases en la provincia de Buenos Aires comenzar\u00e1n el mi\u00e9rcoles 1 de Marzo"}]},{"@type":"WebSite","@id":"https:\/\/infoecos.com.ar\/#website","url":"https:\/\/infoecos.com.ar\/","name":"Infoecos","description":"Noticias de trenque lauquen y la zona","publisher":{"@id":"https:\/\/infoecos.com.ar\/#organization"},"alternateName":"Noticias","potentialAction":[{"@type":"SearchAction","target":{"@type":"EntryPoint","urlTemplate":"https:\/\/infoecos.com.ar\/?s={search_term_string}"},"query-input":{"@type":"PropertyValueSpecification","valueRequired":true,"valueName":"search_term_string"}}],"inLanguage":"es"},{"@type":"Organization","@id":"https:\/\/infoecos.com.ar\/#organization","name":"Infoecos","alternateName":"Noticias","url":"https:\/\/infoecos.com.ar\/","logo":{"@type":"ImageObject","inLanguage":"es","@id":"https:\/\/infoecos.com.ar\/#\/schema\/logo\/image\/","url":"https:\/\/infoecos.com.ar\/wp-content\/uploads\/2024\/03\/cropped-logo.png","contentUrl":"https:\/\/infoecos.com.ar\/wp-content\/uploads\/2024\/03\/cropped-logo.png","width":374,"height":90,"caption":"Infoecos"},"image":{"@id":"https:\/\/infoecos.com.ar\/#\/schema\/logo\/image\/"},"sameAs":["https:\/\/www.facebook.com\/profile.php?id=100063200290284","https:\/\/x.com\/infoecos"]},{"@type":"Person","@id":"https:\/\/infoecos.com.ar\/#\/schema\/person\/8f5ace5ce73b4b4aac4b7245aee6f191","name":"Jorge Matheus","url":"https:\/\/infoecos.com.ar\/index.php\/author\/jomatheus\/"}]}},"featured_image_urls":{"full":["https:\/\/infoecos.com.ar\/wp-content\/uploads\/2022\/08\/Escuelas-aulas-vacias-1200x720-1.jpg",1200,720,false],"thumbnail":["https:\/\/infoecos.com.ar\/wp-content\/uploads\/2022\/08\/Escuelas-aulas-vacias-1200x720-1-150x150.jpg",150,150,true],"medium":["https:\/\/infoecos.com.ar\/wp-content\/uploads\/2022\/08\/Escuelas-aulas-vacias-1200x720-1-460x276.jpg",460,276,true],"medium_large":["https:\/\/infoecos.com.ar\/wp-content\/uploads\/2022\/08\/Escuelas-aulas-vacias-1200x720-1-768x461.jpg",640,384,true],"large":["https:\/\/infoecos.com.ar\/wp-content\/uploads\/2022\/08\/Escuelas-aulas-vacias-1200x720-1-920x552.jpg",640,384,true],"1536x1536":["https:\/\/infoecos.com.ar\/wp-content\/uploads\/2022\/08\/Escuelas-aulas-vacias-1200x720-1.jpg",1200,720,false],"2048x2048":["https:\/\/infoecos.com.ar\/wp-content\/uploads\/2022\/08\/Escuelas-aulas-vacias-1200x720-1.jpg",1200,720,false],"covernews-slider-full":["https:\/\/infoecos.com.ar\/wp-content\/uploads\/2022\/08\/Escuelas-aulas-vacias-1200x720-1.jpg",1115,669,false],"covernews-slider-center":["https:\/\/infoecos.com.ar\/wp-content\/uploads\/2022\/08\/Escuelas-aulas-vacias-1200x720-1-936x720.jpg",650,500,true],"covernews-featured":["https:\/\/infoecos.com.ar\/wp-content\/uploads\/2022\/08\/Escuelas-aulas-vacias-1200x720-1-1024x614.jpg",1024,614,true],"covernews-medium":["https:\/\/infoecos.com.ar\/wp-content\/uploads\/2022\/08\/Escuelas-aulas-vacias-1200x720-1-720x380.jpg",540,285,true],"covernews-medium-square":["https:\/\/infoecos.com.ar\/wp-content\/uploads\/2022\/08\/Escuelas-aulas-vacias-1200x720-1-675x450.jpg",375,250,true]},"author_info":{"info":["Jorge Matheus"]},"category_info":"<a href=\"https:\/\/infoecos.com.ar\/index.php\/category\/inferior10\/\" rel=\"category tag\">Bloque inferior - 10<\/a>","tag_info":"Bloque inferior - 10","comment_count":"0","_links":{"self":[{"href":"https:\/\/infoecos.com.ar\/index.php\/wp-json\/wp\/v2\/posts\/99551"}],"collection":[{"href":"https:\/\/infoecos.com.ar\/index.php\/wp-json\/wp\/v2\/posts"}],"about":[{"href":"https:\/\/infoecos.com.ar\/index.php\/wp-json\/wp\/v2\/types\/post"}],"author":[{"embeddable":true,"href":"https:\/\/infoecos.com.ar\/index.php\/wp-json\/wp\/v2\/users\/2"}],"replies":[{"embeddable":true,"href":"https:\/\/infoecos.com.ar\/index.php\/wp-json\/wp\/v2\/comments?post=99551"}],"version-history":[{"count":1,"href":"https:\/\/infoecos.com.ar\/index.php\/wp-json\/wp\/v2\/posts\/99551\/revisions"}],"predecessor-version":[{"id":99552,"href":"https:\/\/infoecos.com.ar\/index.php\/wp-json\/wp\/v2\/posts\/99551\/revisions\/99552"}],"wp:featuredmedia":[{"embeddable":true,"href":"https:\/\/infoecos.com.ar\/index.php\/wp-json\/wp\/v2\/media\/96305"}],"wp:attachment":[{"href":"https:\/\/infoecos.com.ar\/index.php\/wp-json\/wp\/v2\/media?parent=99551"}],"wp:term":[{"taxonomy":"category","embeddable":true,"href":"https:\/\/infoecos.com.ar\/index.php\/wp-json\/wp\/v2\/categories?post=99551"},{"taxonomy":"post_tag","embeddable":true,"href":"https:\/\/infoecos.com.ar\/index.php\/wp-json\/wp\/v2\/tags?post=99551"}],"curies":[{"name":"wp","href":"https:\/\/api.w.org\/{rel}","templated":true}]}}