{"id":99553,"date":"2023-01-03T16:10:44","date_gmt":"2023-01-03T19:10:44","guid":{"rendered":"https:\/\/infoecos.com.ar\/?p=99553"},"modified":"2023-01-05T01:53:17","modified_gmt":"2023-01-05T04:53:17","slug":"el-messi-del-polo-en-trenque-lauquen-adolfo-cambiaso","status":"publish","type":"post","link":"https:\/\/infoecos.com.ar\/index.php\/el-messi-del-polo-en-trenque-lauquen-adolfo-cambiaso\/","title":{"rendered":"El Messi del Polo en Trenque Lauquen: Adolfo Cambiaso"},"content":{"rendered":"\n<p>El mejor jugador de Polo del Mundo estar\u00e1 en Trenque Lauquen en los pr\u00f3ximos d\u00edas.<\/p>\n\n\n\n<figure class=\"wp-block-image aligncenter size-full is-resized\"><img loading=\"lazy\" decoding=\"async\" src=\"https:\/\/infoecos.com.ar\/wp-content\/uploads\/2023\/01\/image-3.png\" alt=\"\" class=\"wp-image-99554\" width=\"558\" height=\"372\" srcset=\"https:\/\/infoecos.com.ar\/wp-content\/uploads\/2023\/01\/image-3.png 720w, https:\/\/infoecos.com.ar\/wp-content\/uploads\/2023\/01\/image-3-675x450.png 675w\" sizes=\"(max-width: 558px) 100vw, 558px\" \/><\/figure>\n\n\n\n<p>Adolfo Cambiaso llegar\u00e1 a esta ciudad del oeste de la provincia de Buenos Aires con el prop\u00f3sito de visitar a su hija que est\u00e1 en pareja con el destacado polista local, Mart\u00edn Zub\u00eda (hijo), reunirse con amigos, observar la crianza de caballos y estar con su compa\u00f1ero de equipo, Juan Mart\u00edn Nero. \u00c9ste \u00faltimo, recientemente designado Embajador Deportivo de Trenque Lauquen, tambi\u00e9n es considerado uno de los m\u00e1s destacados polistas de todos los tiempos, habiendo sido muy reconocido en el \u00faltimo torneo abierto que gan\u00f3 La Dolfina.<\/p>\n\n\n\n<p>De acuerdo a lo que pudo saber la redacci\u00f3n de Infoecos, Cambiaso tambi\u00e9n ser\u00e1 recibido por el intendente, Miguel Fern\u00e1ndez, que reconocer\u00e1 su gran trayectoria. <\/p>\n\n\n\n<p>El polista en la \u00faltima visita que realiz\u00f3 a Trenque Lauquen se granje\u00f3 el afecto de mucha gente, por su simpleza y disposici\u00f3n para quienes tuvieron la oportunidad de verlo jugar o participando de momentos de esparcimiento.<\/p>\n","protected":false},"excerpt":{"rendered":"<p>Adolfo Cambiaso llegar\u00e1 a esta ciudad del oeste de la provincia de Buenos Aires con el prop\u00f3sito de visitar a su hija que est\u00e1 en pareja con el destacado polista local, Mart\u00edn Zub\u00eda (hijo), reunirse con amigos, observar la crianza de caballos y estar con su compa\u00f1ero de equipo, Juan Mart\u00edn Nero<\/p>\n","protected":false},"author":2,"featured_media":99555,"comment_status":"closed","ping_status":"open","sticky":false,"template":"","format":"standard","meta":{"footnotes":""},"categories":[48],"tags":[7005],"class_list":["post-99553","post","type-post","status-publish","format-standard","has-post-thumbnail","hentry","category-c2nota3","tag-el-fin-de-semana"],"yoast_head":"<!-- This site is optimized with the Yoast SEO plugin v23.4 - https:\/\/yoast.com\/wordpress\/plugins\/seo\/ -->\n<title>El Messi del Polo en Trenque Lauquen: Adolfo Cambiaso - Infoecos<\/title>\n<meta name=\"robots\" content=\"index, follow, max-snippet:-1, max-image-preview:large, max-video-preview:-1\" \/>\n<link rel=\"canonical\" href=\"https:\/\/infoecos.com.ar\/index.php\/el-messi-del-polo-en-trenque-lauquen-adolfo-cambiaso\/\" \/>\n<meta property=\"og:locale\" content=\"es_ES\" \/>\n<meta property=\"og:type\" content=\"article\" \/>\n<meta property=\"og:title\" content=\"El Messi del Polo en Trenque Lauquen: Adolfo Cambiaso - Infoecos\" \/>\n<meta property=\"og:description\" content=\"Adolfo Cambiaso llegar\u00e1 a esta ciudad del oeste de la provincia de Buenos Aires con el prop\u00f3sito de visitar a su hija que est\u00e1 en pareja con el destacado polista local, Mart\u00edn Zub\u00eda (hijo), reunirse con amigos, observar la crianza de caballos y estar con su compa\u00f1ero de equipo, Juan Mart\u00edn Nero\" \/>\n<meta property=\"og:url\" content=\"https:\/\/infoecos.com.ar\/index.php\/el-messi-del-polo-en-trenque-lauquen-adolfo-cambiaso\/\" \/>\n<meta property=\"og:site_name\" content=\"Infoecos\" \/>\n<meta property=\"article:publisher\" content=\"https:\/\/www.facebook.com\/profile.php?id=100063200290284\" \/>\n<meta property=\"article:published_time\" content=\"2023-01-03T19:10:44+00:00\" \/>\n<meta property=\"article:modified_time\" content=\"2023-01-05T04:53:17+00:00\" \/>\n<meta property=\"og:image\" content=\"https:\/\/infoecos.com.ar\/wp-content\/uploads\/2023\/01\/656048-whatsapp-20image-202022-09-29-20at-204-50-14-20pm-1.jpeg\" \/>\n\t<meta property=\"og:image:width\" content=\"1200\" \/>\n\t<meta property=\"og:image:height\" content=\"1050\" \/>\n\t<meta property=\"og:image:type\" content=\"image\/jpeg\" \/>\n<meta name=\"author\" content=\"Jorge Matheus\" \/>\n<meta name=\"twitter:card\" content=\"summary_large_image\" \/>\n<meta name=\"twitter:creator\" content=\"@infoecos\" \/>\n<meta name=\"twitter:site\" content=\"@infoecos\" \/>\n<meta name=\"twitter:label1\" content=\"Escrito por\" \/>\n\t<meta name=\"twitter:data1\" content=\"Jorge Matheus\" \/>\n<script type=\"application\/ld+json\" class=\"yoast-schema-graph\">{\"@context\":\"https:\/\/schema.org\",\"@graph\":[{\"@type\":\"Article\",\"@id\":\"https:\/\/infoecos.com.ar\/index.php\/el-messi-del-polo-en-trenque-lauquen-adolfo-cambiaso\/#article\",\"isPartOf\":{\"@id\":\"https:\/\/infoecos.com.ar\/index.php\/el-messi-del-polo-en-trenque-lauquen-adolfo-cambiaso\/\"},\"author\":{\"name\":\"Jorge Matheus\",\"@id\":\"https:\/\/infoecos.com.ar\/#\/schema\/person\/8f5ace5ce73b4b4aac4b7245aee6f191\"},\"headline\":\"El Messi del Polo en Trenque Lauquen: Adolfo Cambiaso\",\"datePublished\":\"2023-01-03T19:10:44+00:00\",\"dateModified\":\"2023-01-05T04:53:17+00:00\",\"mainEntityOfPage\":{\"@id\":\"https:\/\/infoecos.com.ar\/index.php\/el-messi-del-polo-en-trenque-lauquen-adolfo-cambiaso\/\"},\"wordCount\":186,\"publisher\":{\"@id\":\"https:\/\/infoecos.com.ar\/#organization\"},\"image\":{\"@id\":\"https:\/\/infoecos.com.ar\/index.php\/el-messi-del-polo-en-trenque-lauquen-adolfo-cambiaso\/#primaryimage\"},\"thumbnailUrl\":\"https:\/\/infoecos.com.ar\/wp-content\/uploads\/2023\/01\/656048-whatsapp-20image-202022-09-29-20at-204-50-14-20pm-1.jpeg\",\"keywords\":[\"EL FIN DE SEMANA\"],\"articleSection\":[\"C2 N3\"],\"inLanguage\":\"es\"},{\"@type\":\"WebPage\",\"@id\":\"https:\/\/infoecos.com.ar\/index.php\/el-messi-del-polo-en-trenque-lauquen-adolfo-cambiaso\/\",\"url\":\"https:\/\/infoecos.com.ar\/index.php\/el-messi-del-polo-en-trenque-lauquen-adolfo-cambiaso\/\",\"name\":\"El Messi del Polo en Trenque Lauquen: Adolfo Cambiaso - Infoecos\",\"isPartOf\":{\"@id\":\"https:\/\/infoecos.com.ar\/#website\"},\"primaryImageOfPage\":{\"@id\":\"https:\/\/infoecos.com.ar\/index.php\/el-messi-del-polo-en-trenque-lauquen-adolfo-cambiaso\/#primaryimage\"},\"image\":{\"@id\":\"https:\/\/infoecos.com.ar\/index.php\/el-messi-del-polo-en-trenque-lauquen-adolfo-cambiaso\/#primaryimage\"},\"thumbnailUrl\":\"https:\/\/infoecos.com.ar\/wp-content\/uploads\/2023\/01\/656048-whatsapp-20image-202022-09-29-20at-204-50-14-20pm-1.jpeg\",\"datePublished\":\"2023-01-03T19:10:44+00:00\",\"dateModified\":\"2023-01-05T04:53:17+00:00\",\"breadcrumb\":{\"@id\":\"https:\/\/infoecos.com.ar\/index.php\/el-messi-del-polo-en-trenque-lauquen-adolfo-cambiaso\/#breadcrumb\"},\"inLanguage\":\"es\",\"potentialAction\":[{\"@type\":\"ReadAction\",\"target\":[\"https:\/\/infoecos.com.ar\/index.php\/el-messi-del-polo-en-trenque-lauquen-adolfo-cambiaso\/\"]}]},{\"@type\":\"ImageObject\",\"inLanguage\":\"es\",\"@id\":\"https:\/\/infoecos.com.ar\/index.php\/el-messi-del-polo-en-trenque-lauquen-adolfo-cambiaso\/#primaryimage\",\"url\":\"https:\/\/infoecos.com.ar\/wp-content\/uploads\/2023\/01\/656048-whatsapp-20image-202022-09-29-20at-204-50-14-20pm-1.jpeg\",\"contentUrl\":\"https:\/\/infoecos.com.ar\/wp-content\/uploads\/2023\/01\/656048-whatsapp-20image-202022-09-29-20at-204-50-14-20pm-1.jpeg\",\"width\":1200,\"height\":1050},{\"@type\":\"BreadcrumbList\",\"@id\":\"https:\/\/infoecos.com.ar\/index.php\/el-messi-del-polo-en-trenque-lauquen-adolfo-cambiaso\/#breadcrumb\",\"itemListElement\":[{\"@type\":\"ListItem\",\"position\":1,\"name\":\"Portada\",\"item\":\"https:\/\/infoecos.com.ar\/\"},{\"@type\":\"ListItem\",\"position\":2,\"name\":\"El Messi del Polo en Trenque Lauquen: Adolfo Cambiaso\"}]},{\"@type\":\"WebSite\",\"@id\":\"https:\/\/infoecos.com.ar\/#website\",\"url\":\"https:\/\/infoecos.com.ar\/\",\"name\":\"Infoecos\",\"description\":\"Noticias de trenque lauquen y la zona\",\"publisher\":{\"@id\":\"https:\/\/infoecos.com.ar\/#organization\"},\"alternateName\":\"Noticias\",\"potentialAction\":[{\"@type\":\"SearchAction\",\"target\":{\"@type\":\"EntryPoint\",\"urlTemplate\":\"https:\/\/infoecos.com.ar\/?s={search_term_string}\"},\"query-input\":{\"@type\":\"PropertyValueSpecification\",\"valueRequired\":true,\"valueName\":\"search_term_string\"}}],\"inLanguage\":\"es\"},{\"@type\":\"Organization\",\"@id\":\"https:\/\/infoecos.com.ar\/#organization\",\"name\":\"Infoecos\",\"alternateName\":\"Noticias\",\"url\":\"https:\/\/infoecos.com.ar\/\",\"logo\":{\"@type\":\"ImageObject\",\"inLanguage\":\"es\",\"@id\":\"https:\/\/infoecos.com.ar\/#\/schema\/logo\/image\/\",\"url\":\"https:\/\/infoecos.com.ar\/wp-content\/uploads\/2024\/03\/cropped-logo.png\",\"contentUrl\":\"https:\/\/infoecos.com.ar\/wp-content\/uploads\/2024\/03\/cropped-logo.png\",\"width\":374,\"height\":90,\"caption\":\"Infoecos\"},\"image\":{\"@id\":\"https:\/\/infoecos.com.ar\/#\/schema\/logo\/image\/\"},\"sameAs\":[\"https:\/\/www.facebook.com\/profile.php?id=100063200290284\",\"https:\/\/x.com\/infoecos\"]},{\"@type\":\"Person\",\"@id\":\"https:\/\/infoecos.com.ar\/#\/schema\/person\/8f5ace5ce73b4b4aac4b7245aee6f191\",\"name\":\"Jorge Matheus\",\"url\":\"https:\/\/infoecos.com.ar\/index.php\/author\/jomatheus\/\"}]}<\/script>\n<!-- \/ Yoast SEO plugin. -->","yoast_head_json":{"title":"El Messi del Polo en Trenque Lauquen: Adolfo Cambiaso - Infoecos","robots":{"index":"index","follow":"follow","max-snippet":"max-snippet:-1","max-image-preview":"max-image-preview:large","max-video-preview":"max-video-preview:-1"},"canonical":"https:\/\/infoecos.com.ar\/index.php\/el-messi-del-polo-en-trenque-lauquen-adolfo-cambiaso\/","og_locale":"es_ES","og_type":"article","og_title":"El Messi del Polo en Trenque Lauquen: Adolfo Cambiaso - Infoecos","og_description":"Adolfo Cambiaso llegar\u00e1 a esta ciudad del oeste de la provincia de Buenos Aires con el prop\u00f3sito de visitar a su hija que est\u00e1 en pareja con el destacado polista local, Mart\u00edn Zub\u00eda (hijo), reunirse con amigos, observar la crianza de caballos y estar con su compa\u00f1ero de equipo, Juan Mart\u00edn Nero","og_url":"https:\/\/infoecos.com.ar\/index.php\/el-messi-del-polo-en-trenque-lauquen-adolfo-cambiaso\/","og_site_name":"Infoecos","article_publisher":"https:\/\/www.facebook.com\/profile.php?id=100063200290284","article_published_time":"2023-01-03T19:10:44+00:00","article_modified_time":"2023-01-05T04:53:17+00:00","og_image":[{"width":1200,"height":1050,"url":"https:\/\/infoecos.com.ar\/wp-content\/uploads\/2023\/01\/656048-whatsapp-20image-202022-09-29-20at-204-50-14-20pm-1.jpeg","type":"image\/jpeg"}],"author":"Jorge Matheus","twitter_card":"summary_large_image","twitter_creator":"@infoecos","twitter_site":"@infoecos","twitter_misc":{"Escrito por":"Jorge Matheus"},"schema":{"@context":"https:\/\/schema.org","@graph":[{"@type":"Article","@id":"https:\/\/infoecos.com.ar\/index.php\/el-messi-del-polo-en-trenque-lauquen-adolfo-cambiaso\/#article","isPartOf":{"@id":"https:\/\/infoecos.com.ar\/index.php\/el-messi-del-polo-en-trenque-lauquen-adolfo-cambiaso\/"},"author":{"name":"Jorge Matheus","@id":"https:\/\/infoecos.com.ar\/#\/schema\/person\/8f5ace5ce73b4b4aac4b7245aee6f191"},"headline":"El Messi del Polo en Trenque Lauquen: Adolfo Cambiaso","datePublished":"2023-01-03T19:10:44+00:00","dateModified":"2023-01-05T04:53:17+00:00","mainEntityOfPage":{"@id":"https:\/\/infoecos.com.ar\/index.php\/el-messi-del-polo-en-trenque-lauquen-adolfo-cambiaso\/"},"wordCount":186,"publisher":{"@id":"https:\/\/infoecos.com.ar\/#organization"},"image":{"@id":"https:\/\/infoecos.com.ar\/index.php\/el-messi-del-polo-en-trenque-lauquen-adolfo-cambiaso\/#primaryimage"},"thumbnailUrl":"https:\/\/infoecos.com.ar\/wp-content\/uploads\/2023\/01\/656048-whatsapp-20image-202022-09-29-20at-204-50-14-20pm-1.jpeg","keywords":["EL FIN DE SEMANA"],"articleSection":["C2 N3"],"inLanguage":"es"},{"@type":"WebPage","@id":"https:\/\/infoecos.com.ar\/index.php\/el-messi-del-polo-en-trenque-lauquen-adolfo-cambiaso\/","url":"https:\/\/infoecos.com.ar\/index.php\/el-messi-del-polo-en-trenque-lauquen-adolfo-cambiaso\/","name":"El Messi del Polo en Trenque Lauquen: Adolfo Cambiaso - Infoecos","isPartOf":{"@id":"https:\/\/infoecos.com.ar\/#website"},"primaryImageOfPage":{"@id":"https:\/\/infoecos.com.ar\/index.php\/el-messi-del-polo-en-trenque-lauquen-adolfo-cambiaso\/#primaryimage"},"image":{"@id":"https:\/\/infoecos.com.ar\/index.php\/el-messi-del-polo-en-trenque-lauquen-adolfo-cambiaso\/#primaryimage"},"thumbnailUrl":"https:\/\/infoecos.com.ar\/wp-content\/uploads\/2023\/01\/656048-whatsapp-20image-202022-09-29-20at-204-50-14-20pm-1.jpeg","datePublished":"2023-01-03T19:10:44+00:00","dateModified":"2023-01-05T04:53:17+00:00","breadcrumb":{"@id":"https:\/\/infoecos.com.ar\/index.php\/el-messi-del-polo-en-trenque-lauquen-adolfo-cambiaso\/#breadcrumb"},"inLanguage":"es","potentialAction":[{"@type":"ReadAction","target":["https:\/\/infoecos.com.ar\/index.php\/el-messi-del-polo-en-trenque-lauquen-adolfo-cambiaso\/"]}]},{"@type":"ImageObject","inLanguage":"es","@id":"https:\/\/infoecos.com.ar\/index.php\/el-messi-del-polo-en-trenque-lauquen-adolfo-cambiaso\/#primaryimage","url":"https:\/\/infoecos.com.ar\/wp-content\/uploads\/2023\/01\/656048-whatsapp-20image-202022-09-29-20at-204-50-14-20pm-1.jpeg","contentUrl":"https:\/\/infoecos.com.ar\/wp-content\/uploads\/2023\/01\/656048-whatsapp-20image-202022-09-29-20at-204-50-14-20pm-1.jpeg","width":1200,"height":1050},{"@type":"BreadcrumbList","@id":"https:\/\/infoecos.com.ar\/index.php\/el-messi-del-polo-en-trenque-lauquen-adolfo-cambiaso\/#breadcrumb","itemListElement":[{"@type":"ListItem","position":1,"name":"Portada","item":"https:\/\/infoecos.com.ar\/"},{"@type":"ListItem","position":2,"name":"El Messi del Polo en Trenque Lauquen: Adolfo Cambiaso"}]},{"@type":"WebSite","@id":"https:\/\/infoecos.com.ar\/#website","url":"https:\/\/infoecos.com.ar\/","name":"Infoecos","description":"Noticias de trenque lauquen y la zona","publisher":{"@id":"https:\/\/infoecos.com.ar\/#organization"},"alternateName":"Noticias","potentialAction":[{"@type":"SearchAction","target":{"@type":"EntryPoint","urlTemplate":"https:\/\/infoecos.com.ar\/?s={search_term_string}"},"query-input":{"@type":"PropertyValueSpecification","valueRequired":true,"valueName":"search_term_string"}}],"inLanguage":"es"},{"@type":"Organization","@id":"https:\/\/infoecos.com.ar\/#organization","name":"Infoecos","alternateName":"Noticias","url":"https:\/\/infoecos.com.ar\/","logo":{"@type":"ImageObject","inLanguage":"es","@id":"https:\/\/infoecos.com.ar\/#\/schema\/logo\/image\/","url":"https:\/\/infoecos.com.ar\/wp-content\/uploads\/2024\/03\/cropped-logo.png","contentUrl":"https:\/\/infoecos.com.ar\/wp-content\/uploads\/2024\/03\/cropped-logo.png","width":374,"height":90,"caption":"Infoecos"},"image":{"@id":"https:\/\/infoecos.com.ar\/#\/schema\/logo\/image\/"},"sameAs":["https:\/\/www.facebook.com\/profile.php?id=100063200290284","https:\/\/x.com\/infoecos"]},{"@type":"Person","@id":"https:\/\/infoecos.com.ar\/#\/schema\/person\/8f5ace5ce73b4b4aac4b7245aee6f191","name":"Jorge Matheus","url":"https:\/\/infoecos.com.ar\/index.php\/author\/jomatheus\/"}]}},"featured_image_urls":{"full":["https:\/\/infoecos.com.ar\/wp-content\/uploads\/2023\/01\/656048-whatsapp-20image-202022-09-29-20at-204-50-14-20pm-1.jpeg",1200,1050,false],"thumbnail":["https:\/\/infoecos.com.ar\/wp-content\/uploads\/2023\/01\/656048-whatsapp-20image-202022-09-29-20at-204-50-14-20pm-1-300x150.jpeg",300,150,true],"medium":["https:\/\/infoecos.com.ar\/wp-content\/uploads\/2023\/01\/656048-whatsapp-20image-202022-09-29-20at-204-50-14-20pm-1-800x700.jpeg",800,700,true],"medium_large":["https:\/\/infoecos.com.ar\/wp-content\/uploads\/2023\/01\/656048-whatsapp-20image-202022-09-29-20at-204-50-14-20pm-1-768x672.jpeg",640,560,true],"large":["https:\/\/infoecos.com.ar\/wp-content\/uploads\/2023\/01\/656048-whatsapp-20image-202022-09-29-20at-204-50-14-20pm-1.jpeg",640,560,false],"1536x1536":["https:\/\/infoecos.com.ar\/wp-content\/uploads\/2023\/01\/656048-whatsapp-20image-202022-09-29-20at-204-50-14-20pm-1.jpeg",1200,1050,false],"2048x2048":["https:\/\/infoecos.com.ar\/wp-content\/uploads\/2023\/01\/656048-whatsapp-20image-202022-09-29-20at-204-50-14-20pm-1.jpeg",1200,1050,false],"covernews-slider-full":["https:\/\/infoecos.com.ar\/wp-content\/uploads\/2023\/01\/656048-whatsapp-20image-202022-09-29-20at-204-50-14-20pm-1-1200x1020.jpeg",841,715,true],"covernews-slider-center":["https:\/\/infoecos.com.ar\/wp-content\/uploads\/2023\/01\/656048-whatsapp-20image-202022-09-29-20at-204-50-14-20pm-1-936x897.jpeg",522,500,true],"covernews-featured":["https:\/\/infoecos.com.ar\/wp-content\/uploads\/2023\/01\/656048-whatsapp-20image-202022-09-29-20at-204-50-14-20pm-1-1024x896.jpeg",1024,896,true],"covernews-medium":["https:\/\/infoecos.com.ar\/wp-content\/uploads\/2023\/01\/656048-whatsapp-20image-202022-09-29-20at-204-50-14-20pm-1-720x380.jpeg",540,285,true],"covernews-medium-square":["https:\/\/infoecos.com.ar\/wp-content\/uploads\/2023\/01\/656048-whatsapp-20image-202022-09-29-20at-204-50-14-20pm-1-675x450.jpeg",375,250,true]},"author_info":{"info":["Jorge Matheus"]},"category_info":"<a href=\"https:\/\/infoecos.com.ar\/index.php\/category\/c2nota3\/\" rel=\"category tag\">C2 N3<\/a>","tag_info":"C2 N3","comment_count":"0","_links":{"self":[{"href":"https:\/\/infoecos.com.ar\/index.php\/wp-json\/wp\/v2\/posts\/99553"}],"collection":[{"href":"https:\/\/infoecos.com.ar\/index.php\/wp-json\/wp\/v2\/posts"}],"about":[{"href":"https:\/\/infoecos.com.ar\/index.php\/wp-json\/wp\/v2\/types\/post"}],"author":[{"embeddable":true,"href":"https:\/\/infoecos.com.ar\/index.php\/wp-json\/wp\/v2\/users\/2"}],"replies":[{"embeddable":true,"href":"https:\/\/infoecos.com.ar\/index.php\/wp-json\/wp\/v2\/comments?post=99553"}],"version-history":[{"count":1,"href":"https:\/\/infoecos.com.ar\/index.php\/wp-json\/wp\/v2\/posts\/99553\/revisions"}],"predecessor-version":[{"id":99556,"href":"https:\/\/infoecos.com.ar\/index.php\/wp-json\/wp\/v2\/posts\/99553\/revisions\/99556"}],"wp:featuredmedia":[{"embeddable":true,"href":"https:\/\/infoecos.com.ar\/index.php\/wp-json\/wp\/v2\/media\/99555"}],"wp:attachment":[{"href":"https:\/\/infoecos.com.ar\/index.php\/wp-json\/wp\/v2\/media?parent=99553"}],"wp:term":[{"taxonomy":"category","embeddable":true,"href":"https:\/\/infoecos.com.ar\/index.php\/wp-json\/wp\/v2\/categories?post=99553"},{"taxonomy":"post_tag","embeddable":true,"href":"https:\/\/infoecos.com.ar\/index.php\/wp-json\/wp\/v2\/tags?post=99553"}],"curies":[{"name":"wp","href":"https:\/\/api.w.org\/{rel}","templated":true}]}}