{"id":99557,"date":"2023-01-04T01:44:28","date_gmt":"2023-01-04T04:44:28","guid":{"rendered":"https:\/\/infoecos.com.ar\/?p=99557"},"modified":"2023-01-06T12:49:57","modified_gmt":"2023-01-06T15:49:57","slug":"lo-que-el-faro-es-lo-que-podria-ser","status":"publish","type":"post","link":"https:\/\/infoecos.com.ar\/index.php\/lo-que-el-faro-es-lo-que-podria-ser\/","title":{"rendered":"\u00abLo que El Faro Es&#8230;Lo que podr\u00eda Ser\u00bb"},"content":{"rendered":"\n<p><img loading=\"lazy\" decoding=\"async\" height=\"16\" width=\"16\" src=\"https:\/\/static.xx.fbcdn.net\/images\/emoji.php\/v9\/ta9\/1.5\/16\/1f525.png\" alt=\"&#x1f525;\"> Una de las noticias del d\u00eda martes en <a href=\"https:\/\/www.facebook.com\/hashtag\/trenquelauquen?__eep__=6&amp;__cft__[0]=AZUXaVZlQmt0uPxyxo7JxBUy9LnBjsBDRhIvcd2dwmwTRiUOlH6LKBlilahJJZUiWvnsElR3c6eBBA-dOF9acdTbuY_IygJ8vZm91lRk3wqx7z0iOLXQBLGtrUgA13SqtV1pKff0RdFRYRi7goQRQm66eg9Gs1MqJ7WjeIeKumShYg&amp;__tn__=*NK-R\">#TrenqueLauquen<\/a>, fue la del incendio en los s\u00f3tanos del ex hotel El Faro. La noticia difundida por Infoecos (est\u00e1 en el panel principal).<\/p>\n\n\n\n<figure class=\"wp-block-image aligncenter size-full is-resized\"><img loading=\"lazy\" decoding=\"async\" src=\"https:\/\/infoecos.com.ar\/wp-content\/uploads\/2023\/01\/elfaro.jpg\" alt=\"\" class=\"wp-image-99559\" width=\"536\" height=\"304\"\/><\/figure>\n\n\n\n<p>Como consecuencia del hecho ped\u00ed al Amigo <a href=\"https:\/\/www.facebook.com\/jorge.prieto.395454?__cft__[0]=AZUXaVZlQmt0uPxyxo7JxBUy9LnBjsBDRhIvcd2dwmwTRiUOlH6LKBlilahJJZUiWvnsElR3c6eBBA-dOF9acdTbuY_IygJ8vZm91lRk3wqx7z0iOLXQBLGtrUgA13SqtV1pKff0RdFRYRi7goQRQm66eg9Gs1MqJ7WjeIeKumShYg&amp;__tn__=-]K-R\">Jorge Prieto<\/a> que enviara un dise\u00f1o que realiz\u00f3 hace cierto tiempo para <a><\/a>darle sentido a ese \u00abmamotreto\u00bb, cuyo valor inmobiliario &#8211; en tiempos como los que transcurren &#8211; seguro est\u00e1 deprimido.<\/p>\n\n\n\n<p>El abandono no es favorable, si bien ayuda la ubicaci\u00f3n geogr\u00e1fica excelente. Se levanta como se\u00f1al en el desierto, a la vera de Avenida Garc\u00eda Salinas, entre Pereira Rosas y Arrast\u00faa. Est\u00e1 ubicado en el ingreso o egreso a la ciudad desde la Ruta Nacional n\u00famero 5. Verdadero privilegio.<\/p>\n\n\n\n<figure class=\"wp-block-image aligncenter size-full is-resized\"><img loading=\"lazy\" decoding=\"async\" src=\"https:\/\/infoecos.com.ar\/wp-content\/uploads\/2023\/01\/elfarochiqui.jpg\" alt=\"\" class=\"wp-image-99560\" width=\"571\" height=\"367\" srcset=\"https:\/\/infoecos.com.ar\/wp-content\/uploads\/2023\/01\/elfarochiqui.jpg 960w, https:\/\/infoecos.com.ar\/wp-content\/uploads\/2023\/01\/elfarochiqui-800x513.jpg 800w, https:\/\/infoecos.com.ar\/wp-content\/uploads\/2023\/01\/elfarochiqui-768x493.jpg 768w\" sizes=\"(max-width: 571px) 100vw, 571px\" \/><figcaption class=\"wp-element-caption\">Ex El Faro &#8211; Proyecto del arquitecto Jorge Prieto<\/figcaption><\/figure>\n\n\n\n<p>El Pueblo desea verlo revitalizado. Colateralmente, hay resignaci\u00f3n. Seguro no volver\u00e1 a ser lugar de alojamiento. Quedar\u00e1n en la historia los hu\u00e9spedes muy conocidos a nivel nacional e internacional que pasaron por su interior.<\/p>\n\n\n\n<p>El trabajo del Arquitecto Jorge Prieto produce fuerte efecto visual y da lugar a la imaginaci\u00f3n. Si se hiciera de esa manera mueve a pensar muy especialmente en lo que significar\u00eda un centro comercial de proporciones.<\/p>\n\n\n\n<figure class=\"wp-block-image size-full\"><img loading=\"lazy\" decoding=\"async\" width=\"975\" height=\"881\" src=\"https:\/\/infoecos.com.ar\/wp-content\/uploads\/2023\/01\/elfaro2-1.jpg\" alt=\"\" class=\"wp-image-99561\" srcset=\"https:\/\/infoecos.com.ar\/wp-content\/uploads\/2023\/01\/elfaro2-1.jpg 975w, https:\/\/infoecos.com.ar\/wp-content\/uploads\/2023\/01\/elfaro2-1-800x723.jpg 800w, https:\/\/infoecos.com.ar\/wp-content\/uploads\/2023\/01\/elfaro2-1-768x694.jpg 768w\" sizes=\"(max-width: 975px) 100vw, 975px\" \/><\/figure>\n\n\n\n<p>                                                     Ex El Faro &#8211; Proyecto del arquitecto Jorge Prieto<\/p>\n","protected":false},"excerpt":{"rendered":"<p>El abandono no es favorable, si bien ayuda la ubicaci\u00f3n geogr\u00e1fica excelente. Se levanta como se\u00f1al en el desierto, a la vera de Avenida Garc\u00eda Salinas, entre Pereira Rosas y Arrast\u00faa<\/p>\n","protected":false},"author":2,"featured_media":99558,"comment_status":"closed","ping_status":"open","sticky":false,"template":"","format":"standard","meta":{"footnotes":""},"categories":[201],"tags":[7004],"class_list":["post-99557","post","type-post","status-publish","format-standard","has-post-thumbnail","hentry","category-inferior9","tag-escribe-jorge-matheus-2"],"yoast_head":"<!-- This site is optimized with the Yoast SEO plugin v23.4 - https:\/\/yoast.com\/wordpress\/plugins\/seo\/ -->\n<title>&quot;Lo que El Faro Es...Lo que podr\u00eda Ser&quot; - Infoecos<\/title>\n<meta name=\"robots\" content=\"index, follow, max-snippet:-1, max-image-preview:large, max-video-preview:-1\" \/>\n<link rel=\"canonical\" href=\"https:\/\/infoecos.com.ar\/index.php\/lo-que-el-faro-es-lo-que-podria-ser\/\" \/>\n<meta property=\"og:locale\" content=\"es_ES\" \/>\n<meta property=\"og:type\" content=\"article\" \/>\n<meta property=\"og:title\" content=\"&quot;Lo que El Faro Es...Lo que podr\u00eda Ser&quot; - Infoecos\" \/>\n<meta property=\"og:description\" content=\"El abandono no es favorable, si bien ayuda la ubicaci\u00f3n geogr\u00e1fica excelente. Se levanta como se\u00f1al en el desierto, a la vera de Avenida Garc\u00eda Salinas, entre Pereira Rosas y Arrast\u00faa\" \/>\n<meta property=\"og:url\" content=\"https:\/\/infoecos.com.ar\/index.php\/lo-que-el-faro-es-lo-que-podria-ser\/\" \/>\n<meta property=\"og:site_name\" content=\"Infoecos\" \/>\n<meta property=\"article:publisher\" content=\"https:\/\/www.facebook.com\/profile.php?id=100063200290284\" \/>\n<meta property=\"article:published_time\" content=\"2023-01-04T04:44:28+00:00\" \/>\n<meta property=\"article:modified_time\" content=\"2023-01-06T15:49:57+00:00\" \/>\n<meta property=\"og:image\" content=\"https:\/\/infoecos.com.ar\/wp-content\/uploads\/2023\/01\/elfaro2.jpg\" \/>\n\t<meta property=\"og:image:width\" content=\"975\" \/>\n\t<meta property=\"og:image:height\" content=\"881\" \/>\n\t<meta property=\"og:image:type\" content=\"image\/jpeg\" \/>\n<meta name=\"author\" content=\"Jorge Matheus\" \/>\n<meta name=\"twitter:card\" content=\"summary_large_image\" \/>\n<meta name=\"twitter:creator\" content=\"@infoecos\" \/>\n<meta name=\"twitter:site\" content=\"@infoecos\" \/>\n<meta name=\"twitter:label1\" content=\"Escrito por\" \/>\n\t<meta name=\"twitter:data1\" content=\"Jorge Matheus\" \/>\n\t<meta name=\"twitter:label2\" content=\"Tiempo de lectura\" \/>\n\t<meta name=\"twitter:data2\" content=\"2 minutos\" \/>\n<script type=\"application\/ld+json\" class=\"yoast-schema-graph\">{\"@context\":\"https:\/\/schema.org\",\"@graph\":[{\"@type\":\"Article\",\"@id\":\"https:\/\/infoecos.com.ar\/index.php\/lo-que-el-faro-es-lo-que-podria-ser\/#article\",\"isPartOf\":{\"@id\":\"https:\/\/infoecos.com.ar\/index.php\/lo-que-el-faro-es-lo-que-podria-ser\/\"},\"author\":{\"name\":\"Jorge Matheus\",\"@id\":\"https:\/\/infoecos.com.ar\/#\/schema\/person\/8f5ace5ce73b4b4aac4b7245aee6f191\"},\"headline\":\"\u00abLo que El Faro Es&#8230;Lo que podr\u00eda Ser\u00bb\",\"datePublished\":\"2023-01-04T04:44:28+00:00\",\"dateModified\":\"2023-01-06T15:49:57+00:00\",\"mainEntityOfPage\":{\"@id\":\"https:\/\/infoecos.com.ar\/index.php\/lo-que-el-faro-es-lo-que-podria-ser\/\"},\"wordCount\":229,\"publisher\":{\"@id\":\"https:\/\/infoecos.com.ar\/#organization\"},\"image\":{\"@id\":\"https:\/\/infoecos.com.ar\/index.php\/lo-que-el-faro-es-lo-que-podria-ser\/#primaryimage\"},\"thumbnailUrl\":\"https:\/\/infoecos.com.ar\/wp-content\/uploads\/2023\/01\/elfaro2.jpg\",\"keywords\":[\"escribe Jorge Matheus\"],\"articleSection\":[\"Bloque inferior - 9\"],\"inLanguage\":\"es\"},{\"@type\":\"WebPage\",\"@id\":\"https:\/\/infoecos.com.ar\/index.php\/lo-que-el-faro-es-lo-que-podria-ser\/\",\"url\":\"https:\/\/infoecos.com.ar\/index.php\/lo-que-el-faro-es-lo-que-podria-ser\/\",\"name\":\"\\\"Lo que El Faro Es...Lo que podr\u00eda Ser\\\" - Infoecos\",\"isPartOf\":{\"@id\":\"https:\/\/infoecos.com.ar\/#website\"},\"primaryImageOfPage\":{\"@id\":\"https:\/\/infoecos.com.ar\/index.php\/lo-que-el-faro-es-lo-que-podria-ser\/#primaryimage\"},\"image\":{\"@id\":\"https:\/\/infoecos.com.ar\/index.php\/lo-que-el-faro-es-lo-que-podria-ser\/#primaryimage\"},\"thumbnailUrl\":\"https:\/\/infoecos.com.ar\/wp-content\/uploads\/2023\/01\/elfaro2.jpg\",\"datePublished\":\"2023-01-04T04:44:28+00:00\",\"dateModified\":\"2023-01-06T15:49:57+00:00\",\"breadcrumb\":{\"@id\":\"https:\/\/infoecos.com.ar\/index.php\/lo-que-el-faro-es-lo-que-podria-ser\/#breadcrumb\"},\"inLanguage\":\"es\",\"potentialAction\":[{\"@type\":\"ReadAction\",\"target\":[\"https:\/\/infoecos.com.ar\/index.php\/lo-que-el-faro-es-lo-que-podria-ser\/\"]}]},{\"@type\":\"ImageObject\",\"inLanguage\":\"es\",\"@id\":\"https:\/\/infoecos.com.ar\/index.php\/lo-que-el-faro-es-lo-que-podria-ser\/#primaryimage\",\"url\":\"https:\/\/infoecos.com.ar\/wp-content\/uploads\/2023\/01\/elfaro2.jpg\",\"contentUrl\":\"https:\/\/infoecos.com.ar\/wp-content\/uploads\/2023\/01\/elfaro2.jpg\",\"width\":975,\"height\":881},{\"@type\":\"BreadcrumbList\",\"@id\":\"https:\/\/infoecos.com.ar\/index.php\/lo-que-el-faro-es-lo-que-podria-ser\/#breadcrumb\",\"itemListElement\":[{\"@type\":\"ListItem\",\"position\":1,\"name\":\"Portada\",\"item\":\"https:\/\/infoecos.com.ar\/\"},{\"@type\":\"ListItem\",\"position\":2,\"name\":\"\u00abLo que El Faro Es&#8230;Lo que podr\u00eda Ser\u00bb\"}]},{\"@type\":\"WebSite\",\"@id\":\"https:\/\/infoecos.com.ar\/#website\",\"url\":\"https:\/\/infoecos.com.ar\/\",\"name\":\"Infoecos\",\"description\":\"Noticias de trenque lauquen y la zona\",\"publisher\":{\"@id\":\"https:\/\/infoecos.com.ar\/#organization\"},\"alternateName\":\"Noticias\",\"potentialAction\":[{\"@type\":\"SearchAction\",\"target\":{\"@type\":\"EntryPoint\",\"urlTemplate\":\"https:\/\/infoecos.com.ar\/?s={search_term_string}\"},\"query-input\":{\"@type\":\"PropertyValueSpecification\",\"valueRequired\":true,\"valueName\":\"search_term_string\"}}],\"inLanguage\":\"es\"},{\"@type\":\"Organization\",\"@id\":\"https:\/\/infoecos.com.ar\/#organization\",\"name\":\"Infoecos\",\"alternateName\":\"Noticias\",\"url\":\"https:\/\/infoecos.com.ar\/\",\"logo\":{\"@type\":\"ImageObject\",\"inLanguage\":\"es\",\"@id\":\"https:\/\/infoecos.com.ar\/#\/schema\/logo\/image\/\",\"url\":\"https:\/\/infoecos.com.ar\/wp-content\/uploads\/2024\/03\/cropped-logo.png\",\"contentUrl\":\"https:\/\/infoecos.com.ar\/wp-content\/uploads\/2024\/03\/cropped-logo.png\",\"width\":374,\"height\":90,\"caption\":\"Infoecos\"},\"image\":{\"@id\":\"https:\/\/infoecos.com.ar\/#\/schema\/logo\/image\/\"},\"sameAs\":[\"https:\/\/www.facebook.com\/profile.php?id=100063200290284\",\"https:\/\/x.com\/infoecos\"]},{\"@type\":\"Person\",\"@id\":\"https:\/\/infoecos.com.ar\/#\/schema\/person\/8f5ace5ce73b4b4aac4b7245aee6f191\",\"name\":\"Jorge Matheus\",\"url\":\"https:\/\/infoecos.com.ar\/index.php\/author\/jomatheus\/\"}]}<\/script>\n<!-- \/ Yoast SEO plugin. -->","yoast_head_json":{"title":"\"Lo que El Faro Es...Lo que podr\u00eda Ser\" - Infoecos","robots":{"index":"index","follow":"follow","max-snippet":"max-snippet:-1","max-image-preview":"max-image-preview:large","max-video-preview":"max-video-preview:-1"},"canonical":"https:\/\/infoecos.com.ar\/index.php\/lo-que-el-faro-es-lo-que-podria-ser\/","og_locale":"es_ES","og_type":"article","og_title":"\"Lo que El Faro Es...Lo que podr\u00eda Ser\" - Infoecos","og_description":"El abandono no es favorable, si bien ayuda la ubicaci\u00f3n geogr\u00e1fica excelente. Se levanta como se\u00f1al en el desierto, a la vera de Avenida Garc\u00eda Salinas, entre Pereira Rosas y Arrast\u00faa","og_url":"https:\/\/infoecos.com.ar\/index.php\/lo-que-el-faro-es-lo-que-podria-ser\/","og_site_name":"Infoecos","article_publisher":"https:\/\/www.facebook.com\/profile.php?id=100063200290284","article_published_time":"2023-01-04T04:44:28+00:00","article_modified_time":"2023-01-06T15:49:57+00:00","og_image":[{"width":975,"height":881,"url":"https:\/\/infoecos.com.ar\/wp-content\/uploads\/2023\/01\/elfaro2.jpg","type":"image\/jpeg"}],"author":"Jorge Matheus","twitter_card":"summary_large_image","twitter_creator":"@infoecos","twitter_site":"@infoecos","twitter_misc":{"Escrito por":"Jorge Matheus","Tiempo de lectura":"2 minutos"},"schema":{"@context":"https:\/\/schema.org","@graph":[{"@type":"Article","@id":"https:\/\/infoecos.com.ar\/index.php\/lo-que-el-faro-es-lo-que-podria-ser\/#article","isPartOf":{"@id":"https:\/\/infoecos.com.ar\/index.php\/lo-que-el-faro-es-lo-que-podria-ser\/"},"author":{"name":"Jorge Matheus","@id":"https:\/\/infoecos.com.ar\/#\/schema\/person\/8f5ace5ce73b4b4aac4b7245aee6f191"},"headline":"\u00abLo que El Faro Es&#8230;Lo que podr\u00eda Ser\u00bb","datePublished":"2023-01-04T04:44:28+00:00","dateModified":"2023-01-06T15:49:57+00:00","mainEntityOfPage":{"@id":"https:\/\/infoecos.com.ar\/index.php\/lo-que-el-faro-es-lo-que-podria-ser\/"},"wordCount":229,"publisher":{"@id":"https:\/\/infoecos.com.ar\/#organization"},"image":{"@id":"https:\/\/infoecos.com.ar\/index.php\/lo-que-el-faro-es-lo-que-podria-ser\/#primaryimage"},"thumbnailUrl":"https:\/\/infoecos.com.ar\/wp-content\/uploads\/2023\/01\/elfaro2.jpg","keywords":["escribe Jorge Matheus"],"articleSection":["Bloque inferior - 9"],"inLanguage":"es"},{"@type":"WebPage","@id":"https:\/\/infoecos.com.ar\/index.php\/lo-que-el-faro-es-lo-que-podria-ser\/","url":"https:\/\/infoecos.com.ar\/index.php\/lo-que-el-faro-es-lo-que-podria-ser\/","name":"\"Lo que El Faro Es...Lo que podr\u00eda Ser\" - Infoecos","isPartOf":{"@id":"https:\/\/infoecos.com.ar\/#website"},"primaryImageOfPage":{"@id":"https:\/\/infoecos.com.ar\/index.php\/lo-que-el-faro-es-lo-que-podria-ser\/#primaryimage"},"image":{"@id":"https:\/\/infoecos.com.ar\/index.php\/lo-que-el-faro-es-lo-que-podria-ser\/#primaryimage"},"thumbnailUrl":"https:\/\/infoecos.com.ar\/wp-content\/uploads\/2023\/01\/elfaro2.jpg","datePublished":"2023-01-04T04:44:28+00:00","dateModified":"2023-01-06T15:49:57+00:00","breadcrumb":{"@id":"https:\/\/infoecos.com.ar\/index.php\/lo-que-el-faro-es-lo-que-podria-ser\/#breadcrumb"},"inLanguage":"es","potentialAction":[{"@type":"ReadAction","target":["https:\/\/infoecos.com.ar\/index.php\/lo-que-el-faro-es-lo-que-podria-ser\/"]}]},{"@type":"ImageObject","inLanguage":"es","@id":"https:\/\/infoecos.com.ar\/index.php\/lo-que-el-faro-es-lo-que-podria-ser\/#primaryimage","url":"https:\/\/infoecos.com.ar\/wp-content\/uploads\/2023\/01\/elfaro2.jpg","contentUrl":"https:\/\/infoecos.com.ar\/wp-content\/uploads\/2023\/01\/elfaro2.jpg","width":975,"height":881},{"@type":"BreadcrumbList","@id":"https:\/\/infoecos.com.ar\/index.php\/lo-que-el-faro-es-lo-que-podria-ser\/#breadcrumb","itemListElement":[{"@type":"ListItem","position":1,"name":"Portada","item":"https:\/\/infoecos.com.ar\/"},{"@type":"ListItem","position":2,"name":"\u00abLo que El Faro Es&#8230;Lo que podr\u00eda Ser\u00bb"}]},{"@type":"WebSite","@id":"https:\/\/infoecos.com.ar\/#website","url":"https:\/\/infoecos.com.ar\/","name":"Infoecos","description":"Noticias de trenque lauquen y la zona","publisher":{"@id":"https:\/\/infoecos.com.ar\/#organization"},"alternateName":"Noticias","potentialAction":[{"@type":"SearchAction","target":{"@type":"EntryPoint","urlTemplate":"https:\/\/infoecos.com.ar\/?s={search_term_string}"},"query-input":{"@type":"PropertyValueSpecification","valueRequired":true,"valueName":"search_term_string"}}],"inLanguage":"es"},{"@type":"Organization","@id":"https:\/\/infoecos.com.ar\/#organization","name":"Infoecos","alternateName":"Noticias","url":"https:\/\/infoecos.com.ar\/","logo":{"@type":"ImageObject","inLanguage":"es","@id":"https:\/\/infoecos.com.ar\/#\/schema\/logo\/image\/","url":"https:\/\/infoecos.com.ar\/wp-content\/uploads\/2024\/03\/cropped-logo.png","contentUrl":"https:\/\/infoecos.com.ar\/wp-content\/uploads\/2024\/03\/cropped-logo.png","width":374,"height":90,"caption":"Infoecos"},"image":{"@id":"https:\/\/infoecos.com.ar\/#\/schema\/logo\/image\/"},"sameAs":["https:\/\/www.facebook.com\/profile.php?id=100063200290284","https:\/\/x.com\/infoecos"]},{"@type":"Person","@id":"https:\/\/infoecos.com.ar\/#\/schema\/person\/8f5ace5ce73b4b4aac4b7245aee6f191","name":"Jorge Matheus","url":"https:\/\/infoecos.com.ar\/index.php\/author\/jomatheus\/"}]}},"featured_image_urls":{"full":["https:\/\/infoecos.com.ar\/wp-content\/uploads\/2023\/01\/elfaro2.jpg",975,881,false],"thumbnail":["https:\/\/infoecos.com.ar\/wp-content\/uploads\/2023\/01\/elfaro2-300x150.jpg",300,150,true],"medium":["https:\/\/infoecos.com.ar\/wp-content\/uploads\/2023\/01\/elfaro2-800x723.jpg",800,723,true],"medium_large":["https:\/\/infoecos.com.ar\/wp-content\/uploads\/2023\/01\/elfaro2-768x694.jpg",640,578,true],"large":["https:\/\/infoecos.com.ar\/wp-content\/uploads\/2023\/01\/elfaro2.jpg",640,578,false],"1536x1536":["https:\/\/infoecos.com.ar\/wp-content\/uploads\/2023\/01\/elfaro2.jpg",975,881,false],"2048x2048":["https:\/\/infoecos.com.ar\/wp-content\/uploads\/2023\/01\/elfaro2.jpg",975,881,false],"covernews-slider-full":["https:\/\/infoecos.com.ar\/wp-content\/uploads\/2023\/01\/elfaro2.jpg",791,715,false],"covernews-slider-center":["https:\/\/infoecos.com.ar\/wp-content\/uploads\/2023\/01\/elfaro2-936x881.jpg",531,500,true],"covernews-featured":["https:\/\/infoecos.com.ar\/wp-content\/uploads\/2023\/01\/elfaro2.jpg",975,881,false],"covernews-medium":["https:\/\/infoecos.com.ar\/wp-content\/uploads\/2023\/01\/elfaro2-720x380.jpg",540,285,true],"covernews-medium-square":["https:\/\/infoecos.com.ar\/wp-content\/uploads\/2023\/01\/elfaro2-675x450.jpg",375,250,true]},"author_info":{"info":["Jorge Matheus"]},"category_info":"<a href=\"https:\/\/infoecos.com.ar\/index.php\/category\/inferior9\/\" rel=\"category tag\">Bloque inferior - 9<\/a>","tag_info":"Bloque inferior - 9","comment_count":"0","_links":{"self":[{"href":"https:\/\/infoecos.com.ar\/index.php\/wp-json\/wp\/v2\/posts\/99557"}],"collection":[{"href":"https:\/\/infoecos.com.ar\/index.php\/wp-json\/wp\/v2\/posts"}],"about":[{"href":"https:\/\/infoecos.com.ar\/index.php\/wp-json\/wp\/v2\/types\/post"}],"author":[{"embeddable":true,"href":"https:\/\/infoecos.com.ar\/index.php\/wp-json\/wp\/v2\/users\/2"}],"replies":[{"embeddable":true,"href":"https:\/\/infoecos.com.ar\/index.php\/wp-json\/wp\/v2\/comments?post=99557"}],"version-history":[{"count":1,"href":"https:\/\/infoecos.com.ar\/index.php\/wp-json\/wp\/v2\/posts\/99557\/revisions"}],"predecessor-version":[{"id":99562,"href":"https:\/\/infoecos.com.ar\/index.php\/wp-json\/wp\/v2\/posts\/99557\/revisions\/99562"}],"wp:featuredmedia":[{"embeddable":true,"href":"https:\/\/infoecos.com.ar\/index.php\/wp-json\/wp\/v2\/media\/99558"}],"wp:attachment":[{"href":"https:\/\/infoecos.com.ar\/index.php\/wp-json\/wp\/v2\/media?parent=99557"}],"wp:term":[{"taxonomy":"category","embeddable":true,"href":"https:\/\/infoecos.com.ar\/index.php\/wp-json\/wp\/v2\/categories?post=99557"},{"taxonomy":"post_tag","embeddable":true,"href":"https:\/\/infoecos.com.ar\/index.php\/wp-json\/wp\/v2\/tags?post=99557"}],"curies":[{"name":"wp","href":"https:\/\/api.w.org\/{rel}","templated":true}]}}