{"id":99565,"date":"2023-01-04T02:09:10","date_gmt":"2023-01-04T05:09:10","guid":{"rendered":"https:\/\/infoecos.com.ar\/?p=99565"},"modified":"2023-01-09T02:16:07","modified_gmt":"2023-01-09T05:16:07","slug":"las-viviendas-del-plan-reconstruir-sorteadas-recientemente-se-entregaran-el-13-de-enero","status":"publish","type":"post","link":"https:\/\/infoecos.com.ar\/index.php\/las-viviendas-del-plan-reconstruir-sorteadas-recientemente-se-entregaran-el-13-de-enero\/","title":{"rendered":"Las viviendas del Plan Reconstruir sorteadas recientemente se entregar\u00e1n el 13 de Enero"},"content":{"rendered":"\n<p>El Intendente municipal de Trenque Lauquen, Miguel Fern\u00e1ndez, anunci\u00f3 que la entrega de las 56 viviendas del Plan Reconstruir que se levantan en un sector de la Ampliaci\u00f3n Urbana se realizar\u00e1 el pr\u00f3ximo viernes 13 de enero.<\/p>\n\n\n\n<p>El Jefe comunal dijo tambi\u00e9n que al acto de entrega de viviendas ha sido invitado el ministro de H\u00e1bitat y Vivienda, Santiago Maggiotti. En cuanto a la adjudicaci\u00f3n de las viviendas,&nbsp;coment\u00f3 que \u201cse ha procedido a hacer todo el an\u00e1lisis de las encuestas socioecon\u00f3micas de los sorteados y hemos recibido todos los informes del Registro de la Propiedad de la provincia de Buenos Aires, donde no hemos encontrado hechos irregulares o alguna cuesti\u00f3n que nos hubiera obligado a desadjudicar a un sorteado para darle a un suplente\u201d.<\/p>\n\n\n\n<p><\/p>\n","protected":false},"excerpt":{"rendered":"<p>Entrega de las 56 viviendas del Plan Reconstruir que se levantan en un sector de la Ampliaci\u00f3n Urbana<\/p>\n","protected":false},"author":2,"featured_media":99566,"comment_status":"closed","ping_status":"open","sticky":false,"template":"","format":"standard","meta":{"footnotes":""},"categories":[1614],"tags":[7006],"class_list":["post-99565","post","type-post","status-publish","format-standard","has-post-thumbnail","hentry","category-c2nota7","tag-vendria-santiago-maggiotti"],"yoast_head":"<!-- This site is optimized with the Yoast SEO plugin v23.4 - https:\/\/yoast.com\/wordpress\/plugins\/seo\/ -->\n<title>Las viviendas del Plan Reconstruir sorteadas recientemente se entregar\u00e1n el 13 de Enero - Infoecos<\/title>\n<meta name=\"robots\" content=\"index, follow, max-snippet:-1, max-image-preview:large, max-video-preview:-1\" \/>\n<link rel=\"canonical\" href=\"https:\/\/infoecos.com.ar\/index.php\/las-viviendas-del-plan-reconstruir-sorteadas-recientemente-se-entregaran-el-13-de-enero\/\" \/>\n<meta property=\"og:locale\" content=\"es_ES\" \/>\n<meta property=\"og:type\" content=\"article\" \/>\n<meta property=\"og:title\" content=\"Las viviendas del Plan Reconstruir sorteadas recientemente se entregar\u00e1n el 13 de Enero - Infoecos\" \/>\n<meta property=\"og:description\" content=\"Entrega de las 56 viviendas del Plan Reconstruir que se levantan en un sector de la Ampliaci\u00f3n Urbana\" \/>\n<meta property=\"og:url\" content=\"https:\/\/infoecos.com.ar\/index.php\/las-viviendas-del-plan-reconstruir-sorteadas-recientemente-se-entregaran-el-13-de-enero\/\" \/>\n<meta property=\"og:site_name\" content=\"Infoecos\" \/>\n<meta property=\"article:publisher\" content=\"https:\/\/www.facebook.com\/profile.php?id=100063200290284\" \/>\n<meta property=\"article:published_time\" content=\"2023-01-04T05:09:10+00:00\" \/>\n<meta property=\"article:modified_time\" content=\"2023-01-09T05:16:07+00:00\" \/>\n<meta property=\"og:image\" content=\"https:\/\/infoecos.com.ar\/wp-content\/uploads\/2023\/01\/sorteovfiviendas.jpg\" \/>\n\t<meta property=\"og:image:width\" content=\"1280\" \/>\n\t<meta property=\"og:image:height\" content=\"721\" \/>\n\t<meta property=\"og:image:type\" content=\"image\/jpeg\" \/>\n<meta name=\"author\" content=\"Jorge Matheus\" \/>\n<meta name=\"twitter:card\" content=\"summary_large_image\" \/>\n<meta name=\"twitter:creator\" content=\"@infoecos\" \/>\n<meta name=\"twitter:site\" content=\"@infoecos\" \/>\n<meta name=\"twitter:label1\" content=\"Escrito por\" \/>\n\t<meta name=\"twitter:data1\" content=\"Jorge Matheus\" \/>\n\t<meta name=\"twitter:label2\" content=\"Tiempo de lectura\" \/>\n\t<meta name=\"twitter:data2\" content=\"1 minuto\" \/>\n<script type=\"application\/ld+json\" class=\"yoast-schema-graph\">{\"@context\":\"https:\/\/schema.org\",\"@graph\":[{\"@type\":\"Article\",\"@id\":\"https:\/\/infoecos.com.ar\/index.php\/las-viviendas-del-plan-reconstruir-sorteadas-recientemente-se-entregaran-el-13-de-enero\/#article\",\"isPartOf\":{\"@id\":\"https:\/\/infoecos.com.ar\/index.php\/las-viviendas-del-plan-reconstruir-sorteadas-recientemente-se-entregaran-el-13-de-enero\/\"},\"author\":{\"name\":\"Jorge Matheus\",\"@id\":\"https:\/\/infoecos.com.ar\/#\/schema\/person\/8f5ace5ce73b4b4aac4b7245aee6f191\"},\"headline\":\"Las viviendas del Plan Reconstruir sorteadas recientemente se entregar\u00e1n el 13 de Enero\",\"datePublished\":\"2023-01-04T05:09:10+00:00\",\"dateModified\":\"2023-01-09T05:16:07+00:00\",\"mainEntityOfPage\":{\"@id\":\"https:\/\/infoecos.com.ar\/index.php\/las-viviendas-del-plan-reconstruir-sorteadas-recientemente-se-entregaran-el-13-de-enero\/\"},\"wordCount\":146,\"publisher\":{\"@id\":\"https:\/\/infoecos.com.ar\/#organization\"},\"image\":{\"@id\":\"https:\/\/infoecos.com.ar\/index.php\/las-viviendas-del-plan-reconstruir-sorteadas-recientemente-se-entregaran-el-13-de-enero\/#primaryimage\"},\"thumbnailUrl\":\"https:\/\/infoecos.com.ar\/wp-content\/uploads\/2023\/01\/sorteovfiviendas.jpg\",\"keywords\":[\"VENDR\u00cdA SANTIAGO MAGGIOTTI\"],\"articleSection\":[\"C2 N7\"],\"inLanguage\":\"es\"},{\"@type\":\"WebPage\",\"@id\":\"https:\/\/infoecos.com.ar\/index.php\/las-viviendas-del-plan-reconstruir-sorteadas-recientemente-se-entregaran-el-13-de-enero\/\",\"url\":\"https:\/\/infoecos.com.ar\/index.php\/las-viviendas-del-plan-reconstruir-sorteadas-recientemente-se-entregaran-el-13-de-enero\/\",\"name\":\"Las viviendas del Plan Reconstruir sorteadas recientemente se entregar\u00e1n el 13 de Enero - Infoecos\",\"isPartOf\":{\"@id\":\"https:\/\/infoecos.com.ar\/#website\"},\"primaryImageOfPage\":{\"@id\":\"https:\/\/infoecos.com.ar\/index.php\/las-viviendas-del-plan-reconstruir-sorteadas-recientemente-se-entregaran-el-13-de-enero\/#primaryimage\"},\"image\":{\"@id\":\"https:\/\/infoecos.com.ar\/index.php\/las-viviendas-del-plan-reconstruir-sorteadas-recientemente-se-entregaran-el-13-de-enero\/#primaryimage\"},\"thumbnailUrl\":\"https:\/\/infoecos.com.ar\/wp-content\/uploads\/2023\/01\/sorteovfiviendas.jpg\",\"datePublished\":\"2023-01-04T05:09:10+00:00\",\"dateModified\":\"2023-01-09T05:16:07+00:00\",\"breadcrumb\":{\"@id\":\"https:\/\/infoecos.com.ar\/index.php\/las-viviendas-del-plan-reconstruir-sorteadas-recientemente-se-entregaran-el-13-de-enero\/#breadcrumb\"},\"inLanguage\":\"es\",\"potentialAction\":[{\"@type\":\"ReadAction\",\"target\":[\"https:\/\/infoecos.com.ar\/index.php\/las-viviendas-del-plan-reconstruir-sorteadas-recientemente-se-entregaran-el-13-de-enero\/\"]}]},{\"@type\":\"ImageObject\",\"inLanguage\":\"es\",\"@id\":\"https:\/\/infoecos.com.ar\/index.php\/las-viviendas-del-plan-reconstruir-sorteadas-recientemente-se-entregaran-el-13-de-enero\/#primaryimage\",\"url\":\"https:\/\/infoecos.com.ar\/wp-content\/uploads\/2023\/01\/sorteovfiviendas.jpg\",\"contentUrl\":\"https:\/\/infoecos.com.ar\/wp-content\/uploads\/2023\/01\/sorteovfiviendas.jpg\",\"width\":1280,\"height\":721},{\"@type\":\"BreadcrumbList\",\"@id\":\"https:\/\/infoecos.com.ar\/index.php\/las-viviendas-del-plan-reconstruir-sorteadas-recientemente-se-entregaran-el-13-de-enero\/#breadcrumb\",\"itemListElement\":[{\"@type\":\"ListItem\",\"position\":1,\"name\":\"Portada\",\"item\":\"https:\/\/infoecos.com.ar\/\"},{\"@type\":\"ListItem\",\"position\":2,\"name\":\"Las viviendas del Plan Reconstruir sorteadas recientemente se entregar\u00e1n el 13 de Enero\"}]},{\"@type\":\"WebSite\",\"@id\":\"https:\/\/infoecos.com.ar\/#website\",\"url\":\"https:\/\/infoecos.com.ar\/\",\"name\":\"Infoecos\",\"description\":\"Noticias de trenque lauquen y la zona\",\"publisher\":{\"@id\":\"https:\/\/infoecos.com.ar\/#organization\"},\"alternateName\":\"Noticias\",\"potentialAction\":[{\"@type\":\"SearchAction\",\"target\":{\"@type\":\"EntryPoint\",\"urlTemplate\":\"https:\/\/infoecos.com.ar\/?s={search_term_string}\"},\"query-input\":{\"@type\":\"PropertyValueSpecification\",\"valueRequired\":true,\"valueName\":\"search_term_string\"}}],\"inLanguage\":\"es\"},{\"@type\":\"Organization\",\"@id\":\"https:\/\/infoecos.com.ar\/#organization\",\"name\":\"Infoecos\",\"alternateName\":\"Noticias\",\"url\":\"https:\/\/infoecos.com.ar\/\",\"logo\":{\"@type\":\"ImageObject\",\"inLanguage\":\"es\",\"@id\":\"https:\/\/infoecos.com.ar\/#\/schema\/logo\/image\/\",\"url\":\"https:\/\/infoecos.com.ar\/wp-content\/uploads\/2024\/03\/cropped-logo.png\",\"contentUrl\":\"https:\/\/infoecos.com.ar\/wp-content\/uploads\/2024\/03\/cropped-logo.png\",\"width\":374,\"height\":90,\"caption\":\"Infoecos\"},\"image\":{\"@id\":\"https:\/\/infoecos.com.ar\/#\/schema\/logo\/image\/\"},\"sameAs\":[\"https:\/\/www.facebook.com\/profile.php?id=100063200290284\",\"https:\/\/x.com\/infoecos\"]},{\"@type\":\"Person\",\"@id\":\"https:\/\/infoecos.com.ar\/#\/schema\/person\/8f5ace5ce73b4b4aac4b7245aee6f191\",\"name\":\"Jorge Matheus\",\"url\":\"https:\/\/infoecos.com.ar\/index.php\/author\/jomatheus\/\"}]}<\/script>\n<!-- \/ Yoast SEO plugin. -->","yoast_head_json":{"title":"Las viviendas del Plan Reconstruir sorteadas recientemente se entregar\u00e1n el 13 de Enero - Infoecos","robots":{"index":"index","follow":"follow","max-snippet":"max-snippet:-1","max-image-preview":"max-image-preview:large","max-video-preview":"max-video-preview:-1"},"canonical":"https:\/\/infoecos.com.ar\/index.php\/las-viviendas-del-plan-reconstruir-sorteadas-recientemente-se-entregaran-el-13-de-enero\/","og_locale":"es_ES","og_type":"article","og_title":"Las viviendas del Plan Reconstruir sorteadas recientemente se entregar\u00e1n el 13 de Enero - Infoecos","og_description":"Entrega de las 56 viviendas del Plan Reconstruir que se levantan en un sector de la Ampliaci\u00f3n Urbana","og_url":"https:\/\/infoecos.com.ar\/index.php\/las-viviendas-del-plan-reconstruir-sorteadas-recientemente-se-entregaran-el-13-de-enero\/","og_site_name":"Infoecos","article_publisher":"https:\/\/www.facebook.com\/profile.php?id=100063200290284","article_published_time":"2023-01-04T05:09:10+00:00","article_modified_time":"2023-01-09T05:16:07+00:00","og_image":[{"width":1280,"height":721,"url":"https:\/\/infoecos.com.ar\/wp-content\/uploads\/2023\/01\/sorteovfiviendas.jpg","type":"image\/jpeg"}],"author":"Jorge Matheus","twitter_card":"summary_large_image","twitter_creator":"@infoecos","twitter_site":"@infoecos","twitter_misc":{"Escrito por":"Jorge Matheus","Tiempo de lectura":"1 minuto"},"schema":{"@context":"https:\/\/schema.org","@graph":[{"@type":"Article","@id":"https:\/\/infoecos.com.ar\/index.php\/las-viviendas-del-plan-reconstruir-sorteadas-recientemente-se-entregaran-el-13-de-enero\/#article","isPartOf":{"@id":"https:\/\/infoecos.com.ar\/index.php\/las-viviendas-del-plan-reconstruir-sorteadas-recientemente-se-entregaran-el-13-de-enero\/"},"author":{"name":"Jorge Matheus","@id":"https:\/\/infoecos.com.ar\/#\/schema\/person\/8f5ace5ce73b4b4aac4b7245aee6f191"},"headline":"Las viviendas del Plan Reconstruir sorteadas recientemente se entregar\u00e1n el 13 de Enero","datePublished":"2023-01-04T05:09:10+00:00","dateModified":"2023-01-09T05:16:07+00:00","mainEntityOfPage":{"@id":"https:\/\/infoecos.com.ar\/index.php\/las-viviendas-del-plan-reconstruir-sorteadas-recientemente-se-entregaran-el-13-de-enero\/"},"wordCount":146,"publisher":{"@id":"https:\/\/infoecos.com.ar\/#organization"},"image":{"@id":"https:\/\/infoecos.com.ar\/index.php\/las-viviendas-del-plan-reconstruir-sorteadas-recientemente-se-entregaran-el-13-de-enero\/#primaryimage"},"thumbnailUrl":"https:\/\/infoecos.com.ar\/wp-content\/uploads\/2023\/01\/sorteovfiviendas.jpg","keywords":["VENDR\u00cdA SANTIAGO MAGGIOTTI"],"articleSection":["C2 N7"],"inLanguage":"es"},{"@type":"WebPage","@id":"https:\/\/infoecos.com.ar\/index.php\/las-viviendas-del-plan-reconstruir-sorteadas-recientemente-se-entregaran-el-13-de-enero\/","url":"https:\/\/infoecos.com.ar\/index.php\/las-viviendas-del-plan-reconstruir-sorteadas-recientemente-se-entregaran-el-13-de-enero\/","name":"Las viviendas del Plan Reconstruir sorteadas recientemente se entregar\u00e1n el 13 de Enero - Infoecos","isPartOf":{"@id":"https:\/\/infoecos.com.ar\/#website"},"primaryImageOfPage":{"@id":"https:\/\/infoecos.com.ar\/index.php\/las-viviendas-del-plan-reconstruir-sorteadas-recientemente-se-entregaran-el-13-de-enero\/#primaryimage"},"image":{"@id":"https:\/\/infoecos.com.ar\/index.php\/las-viviendas-del-plan-reconstruir-sorteadas-recientemente-se-entregaran-el-13-de-enero\/#primaryimage"},"thumbnailUrl":"https:\/\/infoecos.com.ar\/wp-content\/uploads\/2023\/01\/sorteovfiviendas.jpg","datePublished":"2023-01-04T05:09:10+00:00","dateModified":"2023-01-09T05:16:07+00:00","breadcrumb":{"@id":"https:\/\/infoecos.com.ar\/index.php\/las-viviendas-del-plan-reconstruir-sorteadas-recientemente-se-entregaran-el-13-de-enero\/#breadcrumb"},"inLanguage":"es","potentialAction":[{"@type":"ReadAction","target":["https:\/\/infoecos.com.ar\/index.php\/las-viviendas-del-plan-reconstruir-sorteadas-recientemente-se-entregaran-el-13-de-enero\/"]}]},{"@type":"ImageObject","inLanguage":"es","@id":"https:\/\/infoecos.com.ar\/index.php\/las-viviendas-del-plan-reconstruir-sorteadas-recientemente-se-entregaran-el-13-de-enero\/#primaryimage","url":"https:\/\/infoecos.com.ar\/wp-content\/uploads\/2023\/01\/sorteovfiviendas.jpg","contentUrl":"https:\/\/infoecos.com.ar\/wp-content\/uploads\/2023\/01\/sorteovfiviendas.jpg","width":1280,"height":721},{"@type":"BreadcrumbList","@id":"https:\/\/infoecos.com.ar\/index.php\/las-viviendas-del-plan-reconstruir-sorteadas-recientemente-se-entregaran-el-13-de-enero\/#breadcrumb","itemListElement":[{"@type":"ListItem","position":1,"name":"Portada","item":"https:\/\/infoecos.com.ar\/"},{"@type":"ListItem","position":2,"name":"Las viviendas del Plan Reconstruir sorteadas recientemente se entregar\u00e1n el 13 de Enero"}]},{"@type":"WebSite","@id":"https:\/\/infoecos.com.ar\/#website","url":"https:\/\/infoecos.com.ar\/","name":"Infoecos","description":"Noticias de trenque lauquen y la zona","publisher":{"@id":"https:\/\/infoecos.com.ar\/#organization"},"alternateName":"Noticias","potentialAction":[{"@type":"SearchAction","target":{"@type":"EntryPoint","urlTemplate":"https:\/\/infoecos.com.ar\/?s={search_term_string}"},"query-input":{"@type":"PropertyValueSpecification","valueRequired":true,"valueName":"search_term_string"}}],"inLanguage":"es"},{"@type":"Organization","@id":"https:\/\/infoecos.com.ar\/#organization","name":"Infoecos","alternateName":"Noticias","url":"https:\/\/infoecos.com.ar\/","logo":{"@type":"ImageObject","inLanguage":"es","@id":"https:\/\/infoecos.com.ar\/#\/schema\/logo\/image\/","url":"https:\/\/infoecos.com.ar\/wp-content\/uploads\/2024\/03\/cropped-logo.png","contentUrl":"https:\/\/infoecos.com.ar\/wp-content\/uploads\/2024\/03\/cropped-logo.png","width":374,"height":90,"caption":"Infoecos"},"image":{"@id":"https:\/\/infoecos.com.ar\/#\/schema\/logo\/image\/"},"sameAs":["https:\/\/www.facebook.com\/profile.php?id=100063200290284","https:\/\/x.com\/infoecos"]},{"@type":"Person","@id":"https:\/\/infoecos.com.ar\/#\/schema\/person\/8f5ace5ce73b4b4aac4b7245aee6f191","name":"Jorge Matheus","url":"https:\/\/infoecos.com.ar\/index.php\/author\/jomatheus\/"}]}},"featured_image_urls":{"full":["https:\/\/infoecos.com.ar\/wp-content\/uploads\/2023\/01\/sorteovfiviendas.jpg",1280,721,false],"thumbnail":["https:\/\/infoecos.com.ar\/wp-content\/uploads\/2023\/01\/sorteovfiviendas-300x150.jpg",300,150,true],"medium":["https:\/\/infoecos.com.ar\/wp-content\/uploads\/2023\/01\/sorteovfiviendas-800x451.jpg",800,451,true],"medium_large":["https:\/\/infoecos.com.ar\/wp-content\/uploads\/2023\/01\/sorteovfiviendas-768x433.jpg",640,361,true],"large":["https:\/\/infoecos.com.ar\/wp-content\/uploads\/2023\/01\/sorteovfiviendas.jpg",640,361,false],"1536x1536":["https:\/\/infoecos.com.ar\/wp-content\/uploads\/2023\/01\/sorteovfiviendas.jpg",1280,721,false],"2048x2048":["https:\/\/infoecos.com.ar\/wp-content\/uploads\/2023\/01\/sorteovfiviendas.jpg",1280,721,false],"covernews-slider-full":["https:\/\/infoecos.com.ar\/wp-content\/uploads\/2023\/01\/sorteovfiviendas.jpg",1115,628,false],"covernews-slider-center":["https:\/\/infoecos.com.ar\/wp-content\/uploads\/2023\/01\/sorteovfiviendas-936x721.jpg",649,500,true],"covernews-featured":["https:\/\/infoecos.com.ar\/wp-content\/uploads\/2023\/01\/sorteovfiviendas-1024x577.jpg",1024,577,true],"covernews-medium":["https:\/\/infoecos.com.ar\/wp-content\/uploads\/2023\/01\/sorteovfiviendas-720x380.jpg",540,285,true],"covernews-medium-square":["https:\/\/infoecos.com.ar\/wp-content\/uploads\/2023\/01\/sorteovfiviendas-675x450.jpg",375,250,true]},"author_info":{"info":["Jorge Matheus"]},"category_info":"<a href=\"https:\/\/infoecos.com.ar\/index.php\/category\/c2nota7\/\" rel=\"category tag\">C2 N7<\/a>","tag_info":"C2 N7","comment_count":"0","_links":{"self":[{"href":"https:\/\/infoecos.com.ar\/index.php\/wp-json\/wp\/v2\/posts\/99565"}],"collection":[{"href":"https:\/\/infoecos.com.ar\/index.php\/wp-json\/wp\/v2\/posts"}],"about":[{"href":"https:\/\/infoecos.com.ar\/index.php\/wp-json\/wp\/v2\/types\/post"}],"author":[{"embeddable":true,"href":"https:\/\/infoecos.com.ar\/index.php\/wp-json\/wp\/v2\/users\/2"}],"replies":[{"embeddable":true,"href":"https:\/\/infoecos.com.ar\/index.php\/wp-json\/wp\/v2\/comments?post=99565"}],"version-history":[{"count":2,"href":"https:\/\/infoecos.com.ar\/index.php\/wp-json\/wp\/v2\/posts\/99565\/revisions"}],"predecessor-version":[{"id":99598,"href":"https:\/\/infoecos.com.ar\/index.php\/wp-json\/wp\/v2\/posts\/99565\/revisions\/99598"}],"wp:featuredmedia":[{"embeddable":true,"href":"https:\/\/infoecos.com.ar\/index.php\/wp-json\/wp\/v2\/media\/99566"}],"wp:attachment":[{"href":"https:\/\/infoecos.com.ar\/index.php\/wp-json\/wp\/v2\/media?parent=99565"}],"wp:term":[{"taxonomy":"category","embeddable":true,"href":"https:\/\/infoecos.com.ar\/index.php\/wp-json\/wp\/v2\/categories?post=99565"},{"taxonomy":"post_tag","embeddable":true,"href":"https:\/\/infoecos.com.ar\/index.php\/wp-json\/wp\/v2\/tags?post=99565"}],"curies":[{"name":"wp","href":"https:\/\/api.w.org\/{rel}","templated":true}]}}