{"id":99569,"date":"2023-01-04T02:18:59","date_gmt":"2023-01-04T05:18:59","guid":{"rendered":"https:\/\/infoecos.com.ar\/?p=99569"},"modified":"2023-01-06T12:47:53","modified_gmt":"2023-01-06T15:47:53","slug":"aumento-desde-diciembre-para-las-becas-progresar","status":"publish","type":"post","link":"https:\/\/infoecos.com.ar\/index.php\/aumento-desde-diciembre-para-las-becas-progresar\/","title":{"rendered":"Aumento, desde Diciembre, para las becas Progresar"},"content":{"rendered":"\n<p>El ministro de Educaci\u00f3n de la Naci\u00f3n,&nbsp;<strong>Jaime Perczyk,<\/strong>&nbsp;junto con el ministro de Econom\u00eda,&nbsp;<strong>Sergio Massa<\/strong>, anunci\u00f3 ayer un aumento en el monto de las becas Progresar, que pasar\u00e1n a $<strong>9.000 mensuales<\/strong>&nbsp;desde diciembre de 2022, lo que representa&nbsp;<strong>un incremento del 150% desde septiembre de 2021.<\/strong><\/p>\n\n\n\n<figure class=\"wp-block-image aligncenter size-full is-resized\"><img loading=\"lazy\" decoding=\"async\" src=\"https:\/\/infoecos.com.ar\/wp-content\/uploads\/2023\/01\/becasprogresar.jpg\" alt=\"\" class=\"wp-image-99570\" width=\"552\" height=\"367\" srcset=\"https:\/\/infoecos.com.ar\/wp-content\/uploads\/2023\/01\/becasprogresar.jpg 1280w, https:\/\/infoecos.com.ar\/wp-content\/uploads\/2023\/01\/becasprogresar-800x533.jpg 800w, https:\/\/infoecos.com.ar\/wp-content\/uploads\/2023\/01\/becasprogresar-768x512.jpg 768w, https:\/\/infoecos.com.ar\/wp-content\/uploads\/2023\/01\/becasprogresar-1024x682.jpg 1024w, https:\/\/infoecos.com.ar\/wp-content\/uploads\/2023\/01\/becasprogresar-675x450.jpg 675w\" sizes=\"(max-width: 552px) 100vw, 552px\" \/><\/figure>\n\n\n\n<p><em>\u201c<\/em><strong>Para una Argentina que quiere ser m\u00e1s justa y federal, es necesario una educaci\u00f3n p\u00fablica de calidad y nosotros, como Estado, somos los primeros responsables de que las y los estudiantes est\u00e9n en la escuela, recuperen aprendizajes, terminen sus estudios, vayan a la universidad o puedan realizar cursos de formaci\u00f3n profesional<\/strong><em>\u201d<\/em>, sostuvo el ministro Perczyk.<\/p>\n\n\n\n<p>Destac\u00f3 que <strong>\u201cpara nosotros es muy importante que los chicos contin\u00faen form\u00e1ndose, somos un gobierno que cree en la educaci\u00f3n como herramienta de movilidad social y se compromete para que todos nuestros &nbsp;j\u00f3venes tengan acceso a la educaci\u00f3n y se capaciten para los desaf\u00edos que nos plantea el siglo XXI\u201d.<\/strong><\/p>\n","protected":false},"excerpt":{"rendered":"<p>Pasar\u00e1n a $9.000 mensuales\u00a0desde diciembre de 2022, lo que representa\u00a0un incremento del 150% desde septiembre de 2021<\/p>\n","protected":false},"author":2,"featured_media":99570,"comment_status":"closed","ping_status":"open","sticky":false,"template":"","format":"standard","meta":{"footnotes":""},"categories":[26],"tags":[7007],"class_list":["post-99569","post","type-post","status-publish","format-standard","has-post-thumbnail","hentry","category-inferior6","tag-anuncio-de-perczyk"],"yoast_head":"<!-- This site is optimized with the Yoast SEO plugin v23.4 - https:\/\/yoast.com\/wordpress\/plugins\/seo\/ -->\n<title>Aumento, desde Diciembre, para las becas Progresar - Infoecos<\/title>\n<meta name=\"robots\" content=\"index, follow, max-snippet:-1, max-image-preview:large, max-video-preview:-1\" \/>\n<link rel=\"canonical\" href=\"https:\/\/infoecos.com.ar\/index.php\/aumento-desde-diciembre-para-las-becas-progresar\/\" \/>\n<meta property=\"og:locale\" content=\"es_ES\" \/>\n<meta property=\"og:type\" content=\"article\" \/>\n<meta property=\"og:title\" content=\"Aumento, desde Diciembre, para las becas Progresar - Infoecos\" \/>\n<meta property=\"og:description\" content=\"Pasar\u00e1n a $9.000 mensuales\u00a0desde diciembre de 2022, lo que representa\u00a0un incremento del 150% desde septiembre de 2021\" \/>\n<meta property=\"og:url\" content=\"https:\/\/infoecos.com.ar\/index.php\/aumento-desde-diciembre-para-las-becas-progresar\/\" \/>\n<meta property=\"og:site_name\" content=\"Infoecos\" \/>\n<meta property=\"article:publisher\" content=\"https:\/\/www.facebook.com\/profile.php?id=100063200290284\" \/>\n<meta property=\"article:published_time\" content=\"2023-01-04T05:18:59+00:00\" \/>\n<meta property=\"article:modified_time\" content=\"2023-01-06T15:47:53+00:00\" \/>\n<meta property=\"og:image\" content=\"https:\/\/infoecos.com.ar\/wp-content\/uploads\/2023\/01\/becasprogresar.jpg\" \/>\n\t<meta property=\"og:image:width\" content=\"1280\" \/>\n\t<meta property=\"og:image:height\" content=\"853\" \/>\n\t<meta property=\"og:image:type\" content=\"image\/jpeg\" \/>\n<meta name=\"author\" content=\"Jorge Matheus\" \/>\n<meta name=\"twitter:card\" content=\"summary_large_image\" \/>\n<meta name=\"twitter:creator\" content=\"@infoecos\" \/>\n<meta name=\"twitter:site\" content=\"@infoecos\" \/>\n<meta name=\"twitter:label1\" content=\"Escrito por\" \/>\n\t<meta name=\"twitter:data1\" content=\"Jorge Matheus\" \/>\n\t<meta name=\"twitter:label2\" content=\"Tiempo de lectura\" \/>\n\t<meta name=\"twitter:data2\" content=\"1 minuto\" \/>\n<script type=\"application\/ld+json\" class=\"yoast-schema-graph\">{\"@context\":\"https:\/\/schema.org\",\"@graph\":[{\"@type\":\"Article\",\"@id\":\"https:\/\/infoecos.com.ar\/index.php\/aumento-desde-diciembre-para-las-becas-progresar\/#article\",\"isPartOf\":{\"@id\":\"https:\/\/infoecos.com.ar\/index.php\/aumento-desde-diciembre-para-las-becas-progresar\/\"},\"author\":{\"name\":\"Jorge Matheus\",\"@id\":\"https:\/\/infoecos.com.ar\/#\/schema\/person\/8f5ace5ce73b4b4aac4b7245aee6f191\"},\"headline\":\"Aumento, desde Diciembre, para las becas Progresar\",\"datePublished\":\"2023-01-04T05:18:59+00:00\",\"dateModified\":\"2023-01-06T15:47:53+00:00\",\"mainEntityOfPage\":{\"@id\":\"https:\/\/infoecos.com.ar\/index.php\/aumento-desde-diciembre-para-las-becas-progresar\/\"},\"wordCount\":177,\"publisher\":{\"@id\":\"https:\/\/infoecos.com.ar\/#organization\"},\"image\":{\"@id\":\"https:\/\/infoecos.com.ar\/index.php\/aumento-desde-diciembre-para-las-becas-progresar\/#primaryimage\"},\"thumbnailUrl\":\"https:\/\/infoecos.com.ar\/wp-content\/uploads\/2023\/01\/becasprogresar.jpg\",\"keywords\":[\"ANUNCIO DE PERCZYK\"],\"articleSection\":[\"Bloque inferior - 6\"],\"inLanguage\":\"es\"},{\"@type\":\"WebPage\",\"@id\":\"https:\/\/infoecos.com.ar\/index.php\/aumento-desde-diciembre-para-las-becas-progresar\/\",\"url\":\"https:\/\/infoecos.com.ar\/index.php\/aumento-desde-diciembre-para-las-becas-progresar\/\",\"name\":\"Aumento, desde Diciembre, para las becas Progresar - Infoecos\",\"isPartOf\":{\"@id\":\"https:\/\/infoecos.com.ar\/#website\"},\"primaryImageOfPage\":{\"@id\":\"https:\/\/infoecos.com.ar\/index.php\/aumento-desde-diciembre-para-las-becas-progresar\/#primaryimage\"},\"image\":{\"@id\":\"https:\/\/infoecos.com.ar\/index.php\/aumento-desde-diciembre-para-las-becas-progresar\/#primaryimage\"},\"thumbnailUrl\":\"https:\/\/infoecos.com.ar\/wp-content\/uploads\/2023\/01\/becasprogresar.jpg\",\"datePublished\":\"2023-01-04T05:18:59+00:00\",\"dateModified\":\"2023-01-06T15:47:53+00:00\",\"breadcrumb\":{\"@id\":\"https:\/\/infoecos.com.ar\/index.php\/aumento-desde-diciembre-para-las-becas-progresar\/#breadcrumb\"},\"inLanguage\":\"es\",\"potentialAction\":[{\"@type\":\"ReadAction\",\"target\":[\"https:\/\/infoecos.com.ar\/index.php\/aumento-desde-diciembre-para-las-becas-progresar\/\"]}]},{\"@type\":\"ImageObject\",\"inLanguage\":\"es\",\"@id\":\"https:\/\/infoecos.com.ar\/index.php\/aumento-desde-diciembre-para-las-becas-progresar\/#primaryimage\",\"url\":\"https:\/\/infoecos.com.ar\/wp-content\/uploads\/2023\/01\/becasprogresar.jpg\",\"contentUrl\":\"https:\/\/infoecos.com.ar\/wp-content\/uploads\/2023\/01\/becasprogresar.jpg\",\"width\":1280,\"height\":853},{\"@type\":\"BreadcrumbList\",\"@id\":\"https:\/\/infoecos.com.ar\/index.php\/aumento-desde-diciembre-para-las-becas-progresar\/#breadcrumb\",\"itemListElement\":[{\"@type\":\"ListItem\",\"position\":1,\"name\":\"Portada\",\"item\":\"https:\/\/infoecos.com.ar\/\"},{\"@type\":\"ListItem\",\"position\":2,\"name\":\"Aumento, desde Diciembre, para las becas Progresar\"}]},{\"@type\":\"WebSite\",\"@id\":\"https:\/\/infoecos.com.ar\/#website\",\"url\":\"https:\/\/infoecos.com.ar\/\",\"name\":\"Infoecos\",\"description\":\"Noticias de trenque lauquen y la zona\",\"publisher\":{\"@id\":\"https:\/\/infoecos.com.ar\/#organization\"},\"alternateName\":\"Noticias\",\"potentialAction\":[{\"@type\":\"SearchAction\",\"target\":{\"@type\":\"EntryPoint\",\"urlTemplate\":\"https:\/\/infoecos.com.ar\/?s={search_term_string}\"},\"query-input\":{\"@type\":\"PropertyValueSpecification\",\"valueRequired\":true,\"valueName\":\"search_term_string\"}}],\"inLanguage\":\"es\"},{\"@type\":\"Organization\",\"@id\":\"https:\/\/infoecos.com.ar\/#organization\",\"name\":\"Infoecos\",\"alternateName\":\"Noticias\",\"url\":\"https:\/\/infoecos.com.ar\/\",\"logo\":{\"@type\":\"ImageObject\",\"inLanguage\":\"es\",\"@id\":\"https:\/\/infoecos.com.ar\/#\/schema\/logo\/image\/\",\"url\":\"https:\/\/infoecos.com.ar\/wp-content\/uploads\/2024\/03\/cropped-logo.png\",\"contentUrl\":\"https:\/\/infoecos.com.ar\/wp-content\/uploads\/2024\/03\/cropped-logo.png\",\"width\":374,\"height\":90,\"caption\":\"Infoecos\"},\"image\":{\"@id\":\"https:\/\/infoecos.com.ar\/#\/schema\/logo\/image\/\"},\"sameAs\":[\"https:\/\/www.facebook.com\/profile.php?id=100063200290284\",\"https:\/\/x.com\/infoecos\"]},{\"@type\":\"Person\",\"@id\":\"https:\/\/infoecos.com.ar\/#\/schema\/person\/8f5ace5ce73b4b4aac4b7245aee6f191\",\"name\":\"Jorge Matheus\",\"url\":\"https:\/\/infoecos.com.ar\/index.php\/author\/jomatheus\/\"}]}<\/script>\n<!-- \/ Yoast SEO plugin. -->","yoast_head_json":{"title":"Aumento, desde Diciembre, para las becas Progresar - Infoecos","robots":{"index":"index","follow":"follow","max-snippet":"max-snippet:-1","max-image-preview":"max-image-preview:large","max-video-preview":"max-video-preview:-1"},"canonical":"https:\/\/infoecos.com.ar\/index.php\/aumento-desde-diciembre-para-las-becas-progresar\/","og_locale":"es_ES","og_type":"article","og_title":"Aumento, desde Diciembre, para las becas Progresar - Infoecos","og_description":"Pasar\u00e1n a $9.000 mensuales\u00a0desde diciembre de 2022, lo que representa\u00a0un incremento del 150% desde septiembre de 2021","og_url":"https:\/\/infoecos.com.ar\/index.php\/aumento-desde-diciembre-para-las-becas-progresar\/","og_site_name":"Infoecos","article_publisher":"https:\/\/www.facebook.com\/profile.php?id=100063200290284","article_published_time":"2023-01-04T05:18:59+00:00","article_modified_time":"2023-01-06T15:47:53+00:00","og_image":[{"width":1280,"height":853,"url":"https:\/\/infoecos.com.ar\/wp-content\/uploads\/2023\/01\/becasprogresar.jpg","type":"image\/jpeg"}],"author":"Jorge Matheus","twitter_card":"summary_large_image","twitter_creator":"@infoecos","twitter_site":"@infoecos","twitter_misc":{"Escrito por":"Jorge Matheus","Tiempo de lectura":"1 minuto"},"schema":{"@context":"https:\/\/schema.org","@graph":[{"@type":"Article","@id":"https:\/\/infoecos.com.ar\/index.php\/aumento-desde-diciembre-para-las-becas-progresar\/#article","isPartOf":{"@id":"https:\/\/infoecos.com.ar\/index.php\/aumento-desde-diciembre-para-las-becas-progresar\/"},"author":{"name":"Jorge Matheus","@id":"https:\/\/infoecos.com.ar\/#\/schema\/person\/8f5ace5ce73b4b4aac4b7245aee6f191"},"headline":"Aumento, desde Diciembre, para las becas Progresar","datePublished":"2023-01-04T05:18:59+00:00","dateModified":"2023-01-06T15:47:53+00:00","mainEntityOfPage":{"@id":"https:\/\/infoecos.com.ar\/index.php\/aumento-desde-diciembre-para-las-becas-progresar\/"},"wordCount":177,"publisher":{"@id":"https:\/\/infoecos.com.ar\/#organization"},"image":{"@id":"https:\/\/infoecos.com.ar\/index.php\/aumento-desde-diciembre-para-las-becas-progresar\/#primaryimage"},"thumbnailUrl":"https:\/\/infoecos.com.ar\/wp-content\/uploads\/2023\/01\/becasprogresar.jpg","keywords":["ANUNCIO DE PERCZYK"],"articleSection":["Bloque inferior - 6"],"inLanguage":"es"},{"@type":"WebPage","@id":"https:\/\/infoecos.com.ar\/index.php\/aumento-desde-diciembre-para-las-becas-progresar\/","url":"https:\/\/infoecos.com.ar\/index.php\/aumento-desde-diciembre-para-las-becas-progresar\/","name":"Aumento, desde Diciembre, para las becas Progresar - Infoecos","isPartOf":{"@id":"https:\/\/infoecos.com.ar\/#website"},"primaryImageOfPage":{"@id":"https:\/\/infoecos.com.ar\/index.php\/aumento-desde-diciembre-para-las-becas-progresar\/#primaryimage"},"image":{"@id":"https:\/\/infoecos.com.ar\/index.php\/aumento-desde-diciembre-para-las-becas-progresar\/#primaryimage"},"thumbnailUrl":"https:\/\/infoecos.com.ar\/wp-content\/uploads\/2023\/01\/becasprogresar.jpg","datePublished":"2023-01-04T05:18:59+00:00","dateModified":"2023-01-06T15:47:53+00:00","breadcrumb":{"@id":"https:\/\/infoecos.com.ar\/index.php\/aumento-desde-diciembre-para-las-becas-progresar\/#breadcrumb"},"inLanguage":"es","potentialAction":[{"@type":"ReadAction","target":["https:\/\/infoecos.com.ar\/index.php\/aumento-desde-diciembre-para-las-becas-progresar\/"]}]},{"@type":"ImageObject","inLanguage":"es","@id":"https:\/\/infoecos.com.ar\/index.php\/aumento-desde-diciembre-para-las-becas-progresar\/#primaryimage","url":"https:\/\/infoecos.com.ar\/wp-content\/uploads\/2023\/01\/becasprogresar.jpg","contentUrl":"https:\/\/infoecos.com.ar\/wp-content\/uploads\/2023\/01\/becasprogresar.jpg","width":1280,"height":853},{"@type":"BreadcrumbList","@id":"https:\/\/infoecos.com.ar\/index.php\/aumento-desde-diciembre-para-las-becas-progresar\/#breadcrumb","itemListElement":[{"@type":"ListItem","position":1,"name":"Portada","item":"https:\/\/infoecos.com.ar\/"},{"@type":"ListItem","position":2,"name":"Aumento, desde Diciembre, para las becas Progresar"}]},{"@type":"WebSite","@id":"https:\/\/infoecos.com.ar\/#website","url":"https:\/\/infoecos.com.ar\/","name":"Infoecos","description":"Noticias de trenque lauquen y la zona","publisher":{"@id":"https:\/\/infoecos.com.ar\/#organization"},"alternateName":"Noticias","potentialAction":[{"@type":"SearchAction","target":{"@type":"EntryPoint","urlTemplate":"https:\/\/infoecos.com.ar\/?s={search_term_string}"},"query-input":{"@type":"PropertyValueSpecification","valueRequired":true,"valueName":"search_term_string"}}],"inLanguage":"es"},{"@type":"Organization","@id":"https:\/\/infoecos.com.ar\/#organization","name":"Infoecos","alternateName":"Noticias","url":"https:\/\/infoecos.com.ar\/","logo":{"@type":"ImageObject","inLanguage":"es","@id":"https:\/\/infoecos.com.ar\/#\/schema\/logo\/image\/","url":"https:\/\/infoecos.com.ar\/wp-content\/uploads\/2024\/03\/cropped-logo.png","contentUrl":"https:\/\/infoecos.com.ar\/wp-content\/uploads\/2024\/03\/cropped-logo.png","width":374,"height":90,"caption":"Infoecos"},"image":{"@id":"https:\/\/infoecos.com.ar\/#\/schema\/logo\/image\/"},"sameAs":["https:\/\/www.facebook.com\/profile.php?id=100063200290284","https:\/\/x.com\/infoecos"]},{"@type":"Person","@id":"https:\/\/infoecos.com.ar\/#\/schema\/person\/8f5ace5ce73b4b4aac4b7245aee6f191","name":"Jorge Matheus","url":"https:\/\/infoecos.com.ar\/index.php\/author\/jomatheus\/"}]}},"featured_image_urls":{"full":["https:\/\/infoecos.com.ar\/wp-content\/uploads\/2023\/01\/becasprogresar.jpg",1280,853,false],"thumbnail":["https:\/\/infoecos.com.ar\/wp-content\/uploads\/2023\/01\/becasprogresar-300x150.jpg",300,150,true],"medium":["https:\/\/infoecos.com.ar\/wp-content\/uploads\/2023\/01\/becasprogresar-800x533.jpg",800,533,true],"medium_large":["https:\/\/infoecos.com.ar\/wp-content\/uploads\/2023\/01\/becasprogresar-768x512.jpg",640,427,true],"large":["https:\/\/infoecos.com.ar\/wp-content\/uploads\/2023\/01\/becasprogresar.jpg",640,427,false],"1536x1536":["https:\/\/infoecos.com.ar\/wp-content\/uploads\/2023\/01\/becasprogresar.jpg",1280,853,false],"2048x2048":["https:\/\/infoecos.com.ar\/wp-content\/uploads\/2023\/01\/becasprogresar.jpg",1280,853,false],"covernews-slider-full":["https:\/\/infoecos.com.ar\/wp-content\/uploads\/2023\/01\/becasprogresar.jpg",1073,715,false],"covernews-slider-center":["https:\/\/infoecos.com.ar\/wp-content\/uploads\/2023\/01\/becasprogresar-936x853.jpg",549,500,true],"covernews-featured":["https:\/\/infoecos.com.ar\/wp-content\/uploads\/2023\/01\/becasprogresar-1024x682.jpg",1024,682,true],"covernews-medium":["https:\/\/infoecos.com.ar\/wp-content\/uploads\/2023\/01\/becasprogresar-720x380.jpg",540,285,true],"covernews-medium-square":["https:\/\/infoecos.com.ar\/wp-content\/uploads\/2023\/01\/becasprogresar-675x450.jpg",375,250,true]},"author_info":{"info":["Jorge Matheus"]},"category_info":"<a href=\"https:\/\/infoecos.com.ar\/index.php\/category\/inferior6\/\" rel=\"category tag\">Bloque inferior - 6<\/a>","tag_info":"Bloque inferior - 6","comment_count":"0","_links":{"self":[{"href":"https:\/\/infoecos.com.ar\/index.php\/wp-json\/wp\/v2\/posts\/99569"}],"collection":[{"href":"https:\/\/infoecos.com.ar\/index.php\/wp-json\/wp\/v2\/posts"}],"about":[{"href":"https:\/\/infoecos.com.ar\/index.php\/wp-json\/wp\/v2\/types\/post"}],"author":[{"embeddable":true,"href":"https:\/\/infoecos.com.ar\/index.php\/wp-json\/wp\/v2\/users\/2"}],"replies":[{"embeddable":true,"href":"https:\/\/infoecos.com.ar\/index.php\/wp-json\/wp\/v2\/comments?post=99569"}],"version-history":[{"count":2,"href":"https:\/\/infoecos.com.ar\/index.php\/wp-json\/wp\/v2\/posts\/99569\/revisions"}],"predecessor-version":[{"id":99575,"href":"https:\/\/infoecos.com.ar\/index.php\/wp-json\/wp\/v2\/posts\/99569\/revisions\/99575"}],"wp:featuredmedia":[{"embeddable":true,"href":"https:\/\/infoecos.com.ar\/index.php\/wp-json\/wp\/v2\/media\/99570"}],"wp:attachment":[{"href":"https:\/\/infoecos.com.ar\/index.php\/wp-json\/wp\/v2\/media?parent=99569"}],"wp:term":[{"taxonomy":"category","embeddable":true,"href":"https:\/\/infoecos.com.ar\/index.php\/wp-json\/wp\/v2\/categories?post=99569"},{"taxonomy":"post_tag","embeddable":true,"href":"https:\/\/infoecos.com.ar\/index.php\/wp-json\/wp\/v2\/tags?post=99569"}],"curies":[{"name":"wp","href":"https:\/\/api.w.org\/{rel}","templated":true}]}}