{"id":99572,"date":"2023-01-04T02:28:02","date_gmt":"2023-01-04T05:28:02","guid":{"rendered":"https:\/\/infoecos.com.ar\/?p=99572"},"modified":"2023-01-06T10:38:04","modified_gmt":"2023-01-06T13:38:04","slug":"el-carnaval-de-lincoln-comenzara-a-vivirse-este-fin-de-semana-en-pasteur","status":"publish","type":"post","link":"https:\/\/infoecos.com.ar\/index.php\/el-carnaval-de-lincoln-comenzara-a-vivirse-este-fin-de-semana-en-pasteur\/","title":{"rendered":"El Carnaval de Lincoln comenzar\u00e1 a vivirse este fin de semana en Pasteur"},"content":{"rendered":"\n<p>El viernes 6 y s\u00e1bado 7 de enero, el Carnaval de Lincoln comenzar\u00e1 su recorrido en la localidad de Pasteur. Adem\u00e1s de los tradicionales motivos que caracterizan a los desfiles&nbsp;pasteurenses, la primera noche tendr\u00e1 el show en vivo \u201cNueva Imagen\u201d; mientras que el s\u00e1bado el desfile cerrar\u00e1 a puro baile con \u201cGrupo Sagitario\u201d.&nbsp;&nbsp;<\/p>\n\n\n\n<figure class=\"wp-block-image aligncenter size-large is-resized\"><img loading=\"lazy\" decoding=\"async\" src=\"https:\/\/infoecos.com.ar\/wp-content\/uploads\/2023\/01\/1-finde-feed-1600x1600.jpg\" alt=\"\" class=\"wp-image-99573\" width=\"451\" height=\"451\" srcset=\"https:\/\/infoecos.com.ar\/wp-content\/uploads\/2023\/01\/1-finde-feed-1600x1600.jpg 1600w, https:\/\/infoecos.com.ar\/wp-content\/uploads\/2023\/01\/1-finde-feed-800x800.jpg 800w, https:\/\/infoecos.com.ar\/wp-content\/uploads\/2023\/01\/1-finde-feed-768x767.jpg 768w, https:\/\/infoecos.com.ar\/wp-content\/uploads\/2023\/01\/1-finde-feed-1536x1536.jpg 1536w, https:\/\/infoecos.com.ar\/wp-content\/uploads\/2023\/01\/1-finde-feed-2048x2046.jpg 2048w, https:\/\/infoecos.com.ar\/wp-content\/uploads\/2023\/01\/1-finde-feed-1024x1023.jpg 1024w\" sizes=\"(max-width: 451px) 100vw, 451px\" \/><\/figure>\n\n\n\n<p>En tanto, El Triunfo tambi\u00e9n vivir\u00e1 sus noches el s\u00e1bado 7 y domingo 8 de enero. Se esperan dos noches con un gran marco de p\u00fablico que animar\u00e1 la fiesta. La jornada del s\u00e1bado contar\u00e1 con el doble cierre musical de Luciano Ca\u00f1ete y todo el ritmo de \u201cM\u00e1gico Tropical\u201d. Por su parte, el domingo, todo el ritmo y el color llegar\u00e1 de la mano de \u201cD\u00fao Cristal\u201d y \u201cKaru\u201d&nbsp;Ortellado.&nbsp;&nbsp;<\/p>\n\n\n\n<p>Los corsos de los pueblos son la antesala de lo que ser\u00e1 la edici\u00f3n 2023 de la fiesta mayor en Lincoln. Cabe destacar que los carnavales se extender\u00e1n por todas las localidades del distrito durante todo el mes de enero y el primer fin de semana de febrero, de acuerdo al siguiente cronograma: &nbsp;&nbsp;<\/p>\n\n\n\n<p><strong>Pasteur<\/strong>:&nbsp;viernes 6 y s\u00e1bado 7 de enero&nbsp;<\/p>\n\n\n\n<p><strong>El Triunfo<\/strong>:&nbsp;s\u00e1bado 7 y domingo 8 de enero&nbsp;&nbsp;<br><strong>Arenaza<\/strong>:&nbsp;s\u00e1bado 14 y domingo 15 de enero&nbsp;&nbsp;&nbsp;<br><strong>Las Toscas:<\/strong>&nbsp;s\u00e1bado 14 y domingo 15 de enero&nbsp;&nbsp;<br><strong>Bayauca<\/strong>:&nbsp;viernes 20 y s\u00e1bado 21 de enero&nbsp;&nbsp;<br><strong>Roberts<\/strong>:&nbsp;s\u00e1bado 21 y domingo 22 de enero&nbsp;&nbsp;&nbsp;<br><strong>Carlos&nbsp;Salas<\/strong>:&nbsp;s\u00e1bado 28 de enero&nbsp;&nbsp;&nbsp;<br><strong>Berm\u00fadez<\/strong>:&nbsp;s\u00e1bado 28 de enero&nbsp;&nbsp;<br><strong>Triunvirato<\/strong>:&nbsp;s\u00e1bado 4 de febrero&nbsp;&nbsp;&nbsp;<br><strong>Mart\u00ednez&nbsp;de&nbsp;Hoz<\/strong>:&nbsp;s\u00e1bado 4 y domingo 5 de febrero&nbsp;<\/p>\n","protected":false},"excerpt":{"rendered":"<p>Los carnavales se extender\u00e1n por todas las localidades del distrito durante todo el mes de enero y el primer fin de semana de febrero<\/p>\n","protected":false},"author":2,"featured_media":99573,"comment_status":"closed","ping_status":"open","sticky":false,"template":"","format":"standard","meta":{"footnotes":""},"categories":[1323],"tags":[3068],"class_list":["post-99572","post","type-post","status-publish","format-standard","has-post-thumbnail","hentry","category-c2nota5","tag-distrito-de-lincoln"],"yoast_head":"<!-- This site is optimized with the Yoast SEO plugin v23.4 - https:\/\/yoast.com\/wordpress\/plugins\/seo\/ -->\n<title>El Carnaval de Lincoln comenzar\u00e1 a vivirse este fin de semana en Pasteur - Infoecos<\/title>\n<meta name=\"robots\" content=\"index, follow, max-snippet:-1, max-image-preview:large, max-video-preview:-1\" \/>\n<link rel=\"canonical\" href=\"https:\/\/infoecos.com.ar\/index.php\/el-carnaval-de-lincoln-comenzara-a-vivirse-este-fin-de-semana-en-pasteur\/\" \/>\n<meta property=\"og:locale\" content=\"es_ES\" \/>\n<meta property=\"og:type\" content=\"article\" \/>\n<meta property=\"og:title\" content=\"El Carnaval de Lincoln comenzar\u00e1 a vivirse este fin de semana en Pasteur - Infoecos\" \/>\n<meta property=\"og:description\" content=\"Los carnavales se extender\u00e1n por todas las localidades del distrito durante todo el mes de enero y el primer fin de semana de febrero\" \/>\n<meta property=\"og:url\" content=\"https:\/\/infoecos.com.ar\/index.php\/el-carnaval-de-lincoln-comenzara-a-vivirse-este-fin-de-semana-en-pasteur\/\" \/>\n<meta property=\"og:site_name\" content=\"Infoecos\" \/>\n<meta property=\"article:publisher\" content=\"https:\/\/www.facebook.com\/profile.php?id=100063200290284\" \/>\n<meta property=\"article:published_time\" content=\"2023-01-04T05:28:02+00:00\" \/>\n<meta property=\"article:modified_time\" content=\"2023-01-06T13:38:04+00:00\" \/>\n<meta property=\"og:image\" content=\"https:\/\/infoecos.com.ar\/wp-content\/uploads\/2023\/01\/1-finde-feed-scaled.jpg\" \/>\n\t<meta property=\"og:image:width\" content=\"2560\" \/>\n\t<meta property=\"og:image:height\" content=\"2558\" \/>\n\t<meta property=\"og:image:type\" content=\"image\/jpeg\" \/>\n<meta name=\"author\" content=\"Jorge Matheus\" \/>\n<meta name=\"twitter:card\" content=\"summary_large_image\" \/>\n<meta name=\"twitter:creator\" content=\"@infoecos\" \/>\n<meta name=\"twitter:site\" content=\"@infoecos\" \/>\n<meta name=\"twitter:label1\" content=\"Escrito por\" \/>\n\t<meta name=\"twitter:data1\" content=\"Jorge Matheus\" \/>\n\t<meta name=\"twitter:label2\" content=\"Tiempo de lectura\" \/>\n\t<meta name=\"twitter:data2\" content=\"2 minutos\" \/>\n<script type=\"application\/ld+json\" class=\"yoast-schema-graph\">{\"@context\":\"https:\/\/schema.org\",\"@graph\":[{\"@type\":\"Article\",\"@id\":\"https:\/\/infoecos.com.ar\/index.php\/el-carnaval-de-lincoln-comenzara-a-vivirse-este-fin-de-semana-en-pasteur\/#article\",\"isPartOf\":{\"@id\":\"https:\/\/infoecos.com.ar\/index.php\/el-carnaval-de-lincoln-comenzara-a-vivirse-este-fin-de-semana-en-pasteur\/\"},\"author\":{\"name\":\"Jorge Matheus\",\"@id\":\"https:\/\/infoecos.com.ar\/#\/schema\/person\/8f5ace5ce73b4b4aac4b7245aee6f191\"},\"headline\":\"El Carnaval de Lincoln comenzar\u00e1 a vivirse este fin de semana en Pasteur\",\"datePublished\":\"2023-01-04T05:28:02+00:00\",\"dateModified\":\"2023-01-06T13:38:04+00:00\",\"mainEntityOfPage\":{\"@id\":\"https:\/\/infoecos.com.ar\/index.php\/el-carnaval-de-lincoln-comenzara-a-vivirse-este-fin-de-semana-en-pasteur\/\"},\"wordCount\":312,\"publisher\":{\"@id\":\"https:\/\/infoecos.com.ar\/#organization\"},\"image\":{\"@id\":\"https:\/\/infoecos.com.ar\/index.php\/el-carnaval-de-lincoln-comenzara-a-vivirse-este-fin-de-semana-en-pasteur\/#primaryimage\"},\"thumbnailUrl\":\"https:\/\/infoecos.com.ar\/wp-content\/uploads\/2023\/01\/1-finde-feed-scaled.jpg\",\"keywords\":[\"DISTRITO DE LINCOLN\"],\"articleSection\":[\"C2 N5\"],\"inLanguage\":\"es\"},{\"@type\":\"WebPage\",\"@id\":\"https:\/\/infoecos.com.ar\/index.php\/el-carnaval-de-lincoln-comenzara-a-vivirse-este-fin-de-semana-en-pasteur\/\",\"url\":\"https:\/\/infoecos.com.ar\/index.php\/el-carnaval-de-lincoln-comenzara-a-vivirse-este-fin-de-semana-en-pasteur\/\",\"name\":\"El Carnaval de Lincoln comenzar\u00e1 a vivirse este fin de semana en Pasteur - Infoecos\",\"isPartOf\":{\"@id\":\"https:\/\/infoecos.com.ar\/#website\"},\"primaryImageOfPage\":{\"@id\":\"https:\/\/infoecos.com.ar\/index.php\/el-carnaval-de-lincoln-comenzara-a-vivirse-este-fin-de-semana-en-pasteur\/#primaryimage\"},\"image\":{\"@id\":\"https:\/\/infoecos.com.ar\/index.php\/el-carnaval-de-lincoln-comenzara-a-vivirse-este-fin-de-semana-en-pasteur\/#primaryimage\"},\"thumbnailUrl\":\"https:\/\/infoecos.com.ar\/wp-content\/uploads\/2023\/01\/1-finde-feed-scaled.jpg\",\"datePublished\":\"2023-01-04T05:28:02+00:00\",\"dateModified\":\"2023-01-06T13:38:04+00:00\",\"breadcrumb\":{\"@id\":\"https:\/\/infoecos.com.ar\/index.php\/el-carnaval-de-lincoln-comenzara-a-vivirse-este-fin-de-semana-en-pasteur\/#breadcrumb\"},\"inLanguage\":\"es\",\"potentialAction\":[{\"@type\":\"ReadAction\",\"target\":[\"https:\/\/infoecos.com.ar\/index.php\/el-carnaval-de-lincoln-comenzara-a-vivirse-este-fin-de-semana-en-pasteur\/\"]}]},{\"@type\":\"ImageObject\",\"inLanguage\":\"es\",\"@id\":\"https:\/\/infoecos.com.ar\/index.php\/el-carnaval-de-lincoln-comenzara-a-vivirse-este-fin-de-semana-en-pasteur\/#primaryimage\",\"url\":\"https:\/\/infoecos.com.ar\/wp-content\/uploads\/2023\/01\/1-finde-feed-scaled.jpg\",\"contentUrl\":\"https:\/\/infoecos.com.ar\/wp-content\/uploads\/2023\/01\/1-finde-feed-scaled.jpg\",\"width\":2560,\"height\":2558},{\"@type\":\"BreadcrumbList\",\"@id\":\"https:\/\/infoecos.com.ar\/index.php\/el-carnaval-de-lincoln-comenzara-a-vivirse-este-fin-de-semana-en-pasteur\/#breadcrumb\",\"itemListElement\":[{\"@type\":\"ListItem\",\"position\":1,\"name\":\"Portada\",\"item\":\"https:\/\/infoecos.com.ar\/\"},{\"@type\":\"ListItem\",\"position\":2,\"name\":\"El Carnaval de Lincoln comenzar\u00e1 a vivirse este fin de semana en Pasteur\"}]},{\"@type\":\"WebSite\",\"@id\":\"https:\/\/infoecos.com.ar\/#website\",\"url\":\"https:\/\/infoecos.com.ar\/\",\"name\":\"Infoecos\",\"description\":\"Noticias de trenque lauquen y la zona\",\"publisher\":{\"@id\":\"https:\/\/infoecos.com.ar\/#organization\"},\"alternateName\":\"Noticias\",\"potentialAction\":[{\"@type\":\"SearchAction\",\"target\":{\"@type\":\"EntryPoint\",\"urlTemplate\":\"https:\/\/infoecos.com.ar\/?s={search_term_string}\"},\"query-input\":{\"@type\":\"PropertyValueSpecification\",\"valueRequired\":true,\"valueName\":\"search_term_string\"}}],\"inLanguage\":\"es\"},{\"@type\":\"Organization\",\"@id\":\"https:\/\/infoecos.com.ar\/#organization\",\"name\":\"Infoecos\",\"alternateName\":\"Noticias\",\"url\":\"https:\/\/infoecos.com.ar\/\",\"logo\":{\"@type\":\"ImageObject\",\"inLanguage\":\"es\",\"@id\":\"https:\/\/infoecos.com.ar\/#\/schema\/logo\/image\/\",\"url\":\"https:\/\/infoecos.com.ar\/wp-content\/uploads\/2024\/03\/cropped-logo.png\",\"contentUrl\":\"https:\/\/infoecos.com.ar\/wp-content\/uploads\/2024\/03\/cropped-logo.png\",\"width\":374,\"height\":90,\"caption\":\"Infoecos\"},\"image\":{\"@id\":\"https:\/\/infoecos.com.ar\/#\/schema\/logo\/image\/\"},\"sameAs\":[\"https:\/\/www.facebook.com\/profile.php?id=100063200290284\",\"https:\/\/x.com\/infoecos\"]},{\"@type\":\"Person\",\"@id\":\"https:\/\/infoecos.com.ar\/#\/schema\/person\/8f5ace5ce73b4b4aac4b7245aee6f191\",\"name\":\"Jorge Matheus\",\"url\":\"https:\/\/infoecos.com.ar\/index.php\/author\/jomatheus\/\"}]}<\/script>\n<!-- \/ Yoast SEO plugin. -->","yoast_head_json":{"title":"El Carnaval de Lincoln comenzar\u00e1 a vivirse este fin de semana en Pasteur - Infoecos","robots":{"index":"index","follow":"follow","max-snippet":"max-snippet:-1","max-image-preview":"max-image-preview:large","max-video-preview":"max-video-preview:-1"},"canonical":"https:\/\/infoecos.com.ar\/index.php\/el-carnaval-de-lincoln-comenzara-a-vivirse-este-fin-de-semana-en-pasteur\/","og_locale":"es_ES","og_type":"article","og_title":"El Carnaval de Lincoln comenzar\u00e1 a vivirse este fin de semana en Pasteur - Infoecos","og_description":"Los carnavales se extender\u00e1n por todas las localidades del distrito durante todo el mes de enero y el primer fin de semana de febrero","og_url":"https:\/\/infoecos.com.ar\/index.php\/el-carnaval-de-lincoln-comenzara-a-vivirse-este-fin-de-semana-en-pasteur\/","og_site_name":"Infoecos","article_publisher":"https:\/\/www.facebook.com\/profile.php?id=100063200290284","article_published_time":"2023-01-04T05:28:02+00:00","article_modified_time":"2023-01-06T13:38:04+00:00","og_image":[{"width":2560,"height":2558,"url":"https:\/\/infoecos.com.ar\/wp-content\/uploads\/2023\/01\/1-finde-feed-scaled.jpg","type":"image\/jpeg"}],"author":"Jorge Matheus","twitter_card":"summary_large_image","twitter_creator":"@infoecos","twitter_site":"@infoecos","twitter_misc":{"Escrito por":"Jorge Matheus","Tiempo de lectura":"2 minutos"},"schema":{"@context":"https:\/\/schema.org","@graph":[{"@type":"Article","@id":"https:\/\/infoecos.com.ar\/index.php\/el-carnaval-de-lincoln-comenzara-a-vivirse-este-fin-de-semana-en-pasteur\/#article","isPartOf":{"@id":"https:\/\/infoecos.com.ar\/index.php\/el-carnaval-de-lincoln-comenzara-a-vivirse-este-fin-de-semana-en-pasteur\/"},"author":{"name":"Jorge Matheus","@id":"https:\/\/infoecos.com.ar\/#\/schema\/person\/8f5ace5ce73b4b4aac4b7245aee6f191"},"headline":"El Carnaval de Lincoln comenzar\u00e1 a vivirse este fin de semana en Pasteur","datePublished":"2023-01-04T05:28:02+00:00","dateModified":"2023-01-06T13:38:04+00:00","mainEntityOfPage":{"@id":"https:\/\/infoecos.com.ar\/index.php\/el-carnaval-de-lincoln-comenzara-a-vivirse-este-fin-de-semana-en-pasteur\/"},"wordCount":312,"publisher":{"@id":"https:\/\/infoecos.com.ar\/#organization"},"image":{"@id":"https:\/\/infoecos.com.ar\/index.php\/el-carnaval-de-lincoln-comenzara-a-vivirse-este-fin-de-semana-en-pasteur\/#primaryimage"},"thumbnailUrl":"https:\/\/infoecos.com.ar\/wp-content\/uploads\/2023\/01\/1-finde-feed-scaled.jpg","keywords":["DISTRITO DE LINCOLN"],"articleSection":["C2 N5"],"inLanguage":"es"},{"@type":"WebPage","@id":"https:\/\/infoecos.com.ar\/index.php\/el-carnaval-de-lincoln-comenzara-a-vivirse-este-fin-de-semana-en-pasteur\/","url":"https:\/\/infoecos.com.ar\/index.php\/el-carnaval-de-lincoln-comenzara-a-vivirse-este-fin-de-semana-en-pasteur\/","name":"El Carnaval de Lincoln comenzar\u00e1 a vivirse este fin de semana en Pasteur - Infoecos","isPartOf":{"@id":"https:\/\/infoecos.com.ar\/#website"},"primaryImageOfPage":{"@id":"https:\/\/infoecos.com.ar\/index.php\/el-carnaval-de-lincoln-comenzara-a-vivirse-este-fin-de-semana-en-pasteur\/#primaryimage"},"image":{"@id":"https:\/\/infoecos.com.ar\/index.php\/el-carnaval-de-lincoln-comenzara-a-vivirse-este-fin-de-semana-en-pasteur\/#primaryimage"},"thumbnailUrl":"https:\/\/infoecos.com.ar\/wp-content\/uploads\/2023\/01\/1-finde-feed-scaled.jpg","datePublished":"2023-01-04T05:28:02+00:00","dateModified":"2023-01-06T13:38:04+00:00","breadcrumb":{"@id":"https:\/\/infoecos.com.ar\/index.php\/el-carnaval-de-lincoln-comenzara-a-vivirse-este-fin-de-semana-en-pasteur\/#breadcrumb"},"inLanguage":"es","potentialAction":[{"@type":"ReadAction","target":["https:\/\/infoecos.com.ar\/index.php\/el-carnaval-de-lincoln-comenzara-a-vivirse-este-fin-de-semana-en-pasteur\/"]}]},{"@type":"ImageObject","inLanguage":"es","@id":"https:\/\/infoecos.com.ar\/index.php\/el-carnaval-de-lincoln-comenzara-a-vivirse-este-fin-de-semana-en-pasteur\/#primaryimage","url":"https:\/\/infoecos.com.ar\/wp-content\/uploads\/2023\/01\/1-finde-feed-scaled.jpg","contentUrl":"https:\/\/infoecos.com.ar\/wp-content\/uploads\/2023\/01\/1-finde-feed-scaled.jpg","width":2560,"height":2558},{"@type":"BreadcrumbList","@id":"https:\/\/infoecos.com.ar\/index.php\/el-carnaval-de-lincoln-comenzara-a-vivirse-este-fin-de-semana-en-pasteur\/#breadcrumb","itemListElement":[{"@type":"ListItem","position":1,"name":"Portada","item":"https:\/\/infoecos.com.ar\/"},{"@type":"ListItem","position":2,"name":"El Carnaval de Lincoln comenzar\u00e1 a vivirse este fin de semana en Pasteur"}]},{"@type":"WebSite","@id":"https:\/\/infoecos.com.ar\/#website","url":"https:\/\/infoecos.com.ar\/","name":"Infoecos","description":"Noticias de trenque lauquen y la zona","publisher":{"@id":"https:\/\/infoecos.com.ar\/#organization"},"alternateName":"Noticias","potentialAction":[{"@type":"SearchAction","target":{"@type":"EntryPoint","urlTemplate":"https:\/\/infoecos.com.ar\/?s={search_term_string}"},"query-input":{"@type":"PropertyValueSpecification","valueRequired":true,"valueName":"search_term_string"}}],"inLanguage":"es"},{"@type":"Organization","@id":"https:\/\/infoecos.com.ar\/#organization","name":"Infoecos","alternateName":"Noticias","url":"https:\/\/infoecos.com.ar\/","logo":{"@type":"ImageObject","inLanguage":"es","@id":"https:\/\/infoecos.com.ar\/#\/schema\/logo\/image\/","url":"https:\/\/infoecos.com.ar\/wp-content\/uploads\/2024\/03\/cropped-logo.png","contentUrl":"https:\/\/infoecos.com.ar\/wp-content\/uploads\/2024\/03\/cropped-logo.png","width":374,"height":90,"caption":"Infoecos"},"image":{"@id":"https:\/\/infoecos.com.ar\/#\/schema\/logo\/image\/"},"sameAs":["https:\/\/www.facebook.com\/profile.php?id=100063200290284","https:\/\/x.com\/infoecos"]},{"@type":"Person","@id":"https:\/\/infoecos.com.ar\/#\/schema\/person\/8f5ace5ce73b4b4aac4b7245aee6f191","name":"Jorge Matheus","url":"https:\/\/infoecos.com.ar\/index.php\/author\/jomatheus\/"}]}},"featured_image_urls":{"full":["https:\/\/infoecos.com.ar\/wp-content\/uploads\/2023\/01\/1-finde-feed-scaled.jpg",2560,2558,false],"thumbnail":["https:\/\/infoecos.com.ar\/wp-content\/uploads\/2023\/01\/1-finde-feed-300x150.jpg",300,150,true],"medium":["https:\/\/infoecos.com.ar\/wp-content\/uploads\/2023\/01\/1-finde-feed-800x800.jpg",800,800,true],"medium_large":["https:\/\/infoecos.com.ar\/wp-content\/uploads\/2023\/01\/1-finde-feed-768x767.jpg",640,639,true],"large":["https:\/\/infoecos.com.ar\/wp-content\/uploads\/2023\/01\/1-finde-feed-1600x1600.jpg",640,640,true],"1536x1536":["https:\/\/infoecos.com.ar\/wp-content\/uploads\/2023\/01\/1-finde-feed-1536x1536.jpg",1536,1536,true],"2048x2048":["https:\/\/infoecos.com.ar\/wp-content\/uploads\/2023\/01\/1-finde-feed-2048x2046.jpg",2048,2046,true],"covernews-slider-full":["https:\/\/infoecos.com.ar\/wp-content\/uploads\/2023\/01\/1-finde-feed-1536x1020.jpg",1077,715,true],"covernews-slider-center":["https:\/\/infoecos.com.ar\/wp-content\/uploads\/2023\/01\/1-finde-feed-936x897.jpg",522,500,true],"covernews-featured":["https:\/\/infoecos.com.ar\/wp-content\/uploads\/2023\/01\/1-finde-feed-1024x1023.jpg",1024,1023,true],"covernews-medium":["https:\/\/infoecos.com.ar\/wp-content\/uploads\/2023\/01\/1-finde-feed-720x380.jpg",540,285,true],"covernews-medium-square":["https:\/\/infoecos.com.ar\/wp-content\/uploads\/2023\/01\/1-finde-feed-675x450.jpg",375,250,true]},"author_info":{"info":["Jorge Matheus"]},"category_info":"<a href=\"https:\/\/infoecos.com.ar\/index.php\/category\/c2nota5\/\" rel=\"category tag\">C2 N5<\/a>","tag_info":"C2 N5","comment_count":"0","_links":{"self":[{"href":"https:\/\/infoecos.com.ar\/index.php\/wp-json\/wp\/v2\/posts\/99572"}],"collection":[{"href":"https:\/\/infoecos.com.ar\/index.php\/wp-json\/wp\/v2\/posts"}],"about":[{"href":"https:\/\/infoecos.com.ar\/index.php\/wp-json\/wp\/v2\/types\/post"}],"author":[{"embeddable":true,"href":"https:\/\/infoecos.com.ar\/index.php\/wp-json\/wp\/v2\/users\/2"}],"replies":[{"embeddable":true,"href":"https:\/\/infoecos.com.ar\/index.php\/wp-json\/wp\/v2\/comments?post=99572"}],"version-history":[{"count":2,"href":"https:\/\/infoecos.com.ar\/index.php\/wp-json\/wp\/v2\/posts\/99572\/revisions"}],"predecessor-version":[{"id":99664,"href":"https:\/\/infoecos.com.ar\/index.php\/wp-json\/wp\/v2\/posts\/99572\/revisions\/99664"}],"wp:featuredmedia":[{"embeddable":true,"href":"https:\/\/infoecos.com.ar\/index.php\/wp-json\/wp\/v2\/media\/99573"}],"wp:attachment":[{"href":"https:\/\/infoecos.com.ar\/index.php\/wp-json\/wp\/v2\/media?parent=99572"}],"wp:term":[{"taxonomy":"category","embeddable":true,"href":"https:\/\/infoecos.com.ar\/index.php\/wp-json\/wp\/v2\/categories?post=99572"},{"taxonomy":"post_tag","embeddable":true,"href":"https:\/\/infoecos.com.ar\/index.php\/wp-json\/wp\/v2\/tags?post=99572"}],"curies":[{"name":"wp","href":"https:\/\/api.w.org\/{rel}","templated":true}]}}