{"id":99576,"date":"2023-01-04T02:37:41","date_gmt":"2023-01-04T05:37:41","guid":{"rendered":"https:\/\/infoecos.com.ar\/?p=99576"},"modified":"2023-01-06T12:47:19","modified_gmt":"2023-01-06T15:47:19","slug":"comunicado-de-la-federacion-argentina-lgbt-respaldando-la-compra-de-gel-intimo","status":"publish","type":"post","link":"https:\/\/infoecos.com.ar\/index.php\/comunicado-de-la-federacion-argentina-lgbt-respaldando-la-compra-de-gel-intimo\/","title":{"rendered":"Comunicado de la Federaci\u00f3n Argentina LGBT respaldando la compra de gel \u00edntimo"},"content":{"rendered":"\n<p>La Federaci\u00f3n Argentina de Lesbianas, Gays, Bisexuales y Trans sali\u00f3 a respaldar la compra de gel \u00edntimo por parte del ministerio de Salud de la provincia de Buenos Aires, despu\u00e9s de las cr\u00edticas que formularon medios de comunicaci\u00f3n (entre los que no est\u00e1 Infoecos) y referentes del PRO.<\/p>\n\n\n\n<figure class=\"wp-block-image aligncenter size-full\"><img loading=\"lazy\" decoding=\"async\" width=\"838\" height=\"315\" src=\"https:\/\/infoecos.com.ar\/wp-content\/uploads\/2023\/01\/ligaargentinalgbt.png\" alt=\"\" class=\"wp-image-99577\" srcset=\"https:\/\/infoecos.com.ar\/wp-content\/uploads\/2023\/01\/ligaargentinalgbt.png 838w, https:\/\/infoecos.com.ar\/wp-content\/uploads\/2023\/01\/ligaargentinalgbt-800x301.png 800w, https:\/\/infoecos.com.ar\/wp-content\/uploads\/2023\/01\/ligaargentinalgbt-768x289.png 768w\" sizes=\"(max-width: 838px) 100vw, 838px\" \/><\/figure>\n\n\n\n<p>El texto es el siguiente, bajo el titular: <strong>Detengan esta ignorancia<\/strong>.<\/p>\n\n\n\n<figure class=\"wp-block-table\"><table><tbody><tr><td>Desde la Federaci\u00f3n Argentina LGBT+ queremos expresar nuestro m\u00e1s profunda preocupaci\u00f3n por las expresiones llenas de ignorancia y discriminaci\u00f3n que se est\u00e1n escuchando en algunos medios de comunicaci\u00f3n y de parte de algunos referentes del PRO sobre la compra de gel \u00edntimo por parte del Ministerio de Salud de la Provincia de Buenos Aires.<br><br>El gel lubricante es una herramienta de prevenci\u00f3n del vih y otras infecciones de transmisi\u00f3n sexual utilizada en todo el mundo. Programas de salud en muchos pa\u00edses del mundo -e incluso de Naciones Unidas- proveen de preservativos y lubricantes tal y como lo recomienda ONUSIDA, la Organizaci\u00f3n Mundial de la Salud y UNFPA (Fondo de Poblaci\u00f3n de las Naciones Unidas) en todos los documentos en donde se habla del tema, como por ejemplo la \u201cDeclaraci\u00f3n sobre los preservativos y la prevenci\u00f3n del VIH, otras infecciones de transmisi\u00f3n sexual y el embarazo no deseado\u201d de ONUSIDA, OMS y UNFPA.&nbsp;<br><br>De acuerdo a estas organizaciones \u201cdebe facilitarse el suministro adecuado de lubricantes de base acuosa para reducir al m\u00ednimo los fallos en el uso del preservativo, en especial en el sexo anal, en caso de sequedad vaginal y en el contexto del comercio sexual\u201d. Tambi\u00e9n dicen que \u201clos programas\u2026 deben garantizar una amplia disponibilidad de preservativos y lubricantes y que los j\u00f3venes y las poblaciones clave tienen los conocimientos, capacidades y empoderamiento para utilizarlos de forma correcta y sistem\u00e1tica\u201d. Los casos de sequedad vaginal se dan por diversos motivos relacionados a cuestiones hormonales o producto del padecimiento de alguna enfermedad, entre otros.&nbsp; El suministro gratuito de lubricantes, as\u00ed como el de preservativos, es recomendado en el mundo como una herramienta fundamental para la prevenci\u00f3n de infecciones de transmisi\u00f3n sexual. El Ministerio de Salud de la Provincia de Buenos Aires no hace m\u00e1s que cumplir con estas recomendaciones, como sugieren estas organizaciones internacionales y como les mandatan las leyes nacionales y tratados que dan jerarqu\u00eda constitucional al derecho a la salud.&nbsp;<br><br>Utilizar para la disputa pol\u00edtica partidaria un tema tan delicado y sensible como este no solo muestra una completa ignorancia sobre el tema sino tambi\u00e9n una mezquindad inaceptable en materia de salud y derechos humanos en nuestro pa\u00eds<\/td><\/tr><tr><\/tr><\/tbody><\/table><\/figure>\n","protected":false},"excerpt":{"rendered":"<p>El gel lubricante es una herramienta de prevenci\u00f3n del vih y otras infecciones de transmisi\u00f3n sexual utilizada en todo el mundo, se se\u00f1ala<\/p>\n","protected":false},"author":2,"featured_media":99577,"comment_status":"closed","ping_status":"open","sticky":false,"template":"","format":"standard","meta":{"footnotes":""},"categories":[44],"tags":[7008],"class_list":["post-99576","post","type-post","status-publish","format-standard","has-post-thumbnail","hentry","category-inferior5","tag-criticas-a-medios-y-al-pro"],"yoast_head":"<!-- This site is optimized with the Yoast SEO plugin v23.4 - https:\/\/yoast.com\/wordpress\/plugins\/seo\/ -->\n<title>Comunicado de la Federaci\u00f3n Argentina LGBT respaldando la compra de gel \u00edntimo - Infoecos<\/title>\n<meta name=\"robots\" content=\"index, follow, max-snippet:-1, max-image-preview:large, max-video-preview:-1\" \/>\n<link rel=\"canonical\" href=\"https:\/\/infoecos.com.ar\/index.php\/comunicado-de-la-federacion-argentina-lgbt-respaldando-la-compra-de-gel-intimo\/\" \/>\n<meta property=\"og:locale\" content=\"es_ES\" \/>\n<meta property=\"og:type\" content=\"article\" \/>\n<meta property=\"og:title\" content=\"Comunicado de la Federaci\u00f3n Argentina LGBT respaldando la compra de gel \u00edntimo - Infoecos\" \/>\n<meta property=\"og:description\" content=\"El gel lubricante es una herramienta de prevenci\u00f3n del vih y otras infecciones de transmisi\u00f3n sexual utilizada en todo el mundo, se se\u00f1ala\" \/>\n<meta property=\"og:url\" content=\"https:\/\/infoecos.com.ar\/index.php\/comunicado-de-la-federacion-argentina-lgbt-respaldando-la-compra-de-gel-intimo\/\" \/>\n<meta property=\"og:site_name\" content=\"Infoecos\" \/>\n<meta property=\"article:publisher\" content=\"https:\/\/www.facebook.com\/profile.php?id=100063200290284\" \/>\n<meta property=\"article:published_time\" content=\"2023-01-04T05:37:41+00:00\" \/>\n<meta property=\"article:modified_time\" content=\"2023-01-06T15:47:19+00:00\" \/>\n<meta property=\"og:image\" content=\"https:\/\/infoecos.com.ar\/wp-content\/uploads\/2023\/01\/ligaargentinalgbt.png\" \/>\n\t<meta property=\"og:image:width\" content=\"838\" \/>\n\t<meta property=\"og:image:height\" content=\"315\" \/>\n\t<meta property=\"og:image:type\" content=\"image\/png\" \/>\n<meta name=\"author\" content=\"Jorge Matheus\" \/>\n<meta name=\"twitter:card\" content=\"summary_large_image\" \/>\n<meta name=\"twitter:creator\" content=\"@infoecos\" \/>\n<meta name=\"twitter:site\" content=\"@infoecos\" \/>\n<meta name=\"twitter:label1\" content=\"Escrito por\" \/>\n\t<meta name=\"twitter:data1\" content=\"Jorge Matheus\" \/>\n\t<meta name=\"twitter:label2\" content=\"Tiempo de lectura\" \/>\n\t<meta name=\"twitter:data2\" content=\"3 minutos\" \/>\n<script type=\"application\/ld+json\" class=\"yoast-schema-graph\">{\"@context\":\"https:\/\/schema.org\",\"@graph\":[{\"@type\":\"Article\",\"@id\":\"https:\/\/infoecos.com.ar\/index.php\/comunicado-de-la-federacion-argentina-lgbt-respaldando-la-compra-de-gel-intimo\/#article\",\"isPartOf\":{\"@id\":\"https:\/\/infoecos.com.ar\/index.php\/comunicado-de-la-federacion-argentina-lgbt-respaldando-la-compra-de-gel-intimo\/\"},\"author\":{\"name\":\"Jorge Matheus\",\"@id\":\"https:\/\/infoecos.com.ar\/#\/schema\/person\/8f5ace5ce73b4b4aac4b7245aee6f191\"},\"headline\":\"Comunicado de la Federaci\u00f3n Argentina LGBT respaldando la compra de gel \u00edntimo\",\"datePublished\":\"2023-01-04T05:37:41+00:00\",\"dateModified\":\"2023-01-06T15:47:19+00:00\",\"mainEntityOfPage\":{\"@id\":\"https:\/\/infoecos.com.ar\/index.php\/comunicado-de-la-federacion-argentina-lgbt-respaldando-la-compra-de-gel-intimo\/\"},\"wordCount\":464,\"publisher\":{\"@id\":\"https:\/\/infoecos.com.ar\/#organization\"},\"image\":{\"@id\":\"https:\/\/infoecos.com.ar\/index.php\/comunicado-de-la-federacion-argentina-lgbt-respaldando-la-compra-de-gel-intimo\/#primaryimage\"},\"thumbnailUrl\":\"https:\/\/infoecos.com.ar\/wp-content\/uploads\/2023\/01\/ligaargentinalgbt.png\",\"keywords\":[\"CR\u00cdTICAS A MEDIOS Y AL PRO\"],\"articleSection\":[\"Bloque inferior - 5\"],\"inLanguage\":\"es\"},{\"@type\":\"WebPage\",\"@id\":\"https:\/\/infoecos.com.ar\/index.php\/comunicado-de-la-federacion-argentina-lgbt-respaldando-la-compra-de-gel-intimo\/\",\"url\":\"https:\/\/infoecos.com.ar\/index.php\/comunicado-de-la-federacion-argentina-lgbt-respaldando-la-compra-de-gel-intimo\/\",\"name\":\"Comunicado de la Federaci\u00f3n Argentina LGBT respaldando la compra de gel \u00edntimo - Infoecos\",\"isPartOf\":{\"@id\":\"https:\/\/infoecos.com.ar\/#website\"},\"primaryImageOfPage\":{\"@id\":\"https:\/\/infoecos.com.ar\/index.php\/comunicado-de-la-federacion-argentina-lgbt-respaldando-la-compra-de-gel-intimo\/#primaryimage\"},\"image\":{\"@id\":\"https:\/\/infoecos.com.ar\/index.php\/comunicado-de-la-federacion-argentina-lgbt-respaldando-la-compra-de-gel-intimo\/#primaryimage\"},\"thumbnailUrl\":\"https:\/\/infoecos.com.ar\/wp-content\/uploads\/2023\/01\/ligaargentinalgbt.png\",\"datePublished\":\"2023-01-04T05:37:41+00:00\",\"dateModified\":\"2023-01-06T15:47:19+00:00\",\"breadcrumb\":{\"@id\":\"https:\/\/infoecos.com.ar\/index.php\/comunicado-de-la-federacion-argentina-lgbt-respaldando-la-compra-de-gel-intimo\/#breadcrumb\"},\"inLanguage\":\"es\",\"potentialAction\":[{\"@type\":\"ReadAction\",\"target\":[\"https:\/\/infoecos.com.ar\/index.php\/comunicado-de-la-federacion-argentina-lgbt-respaldando-la-compra-de-gel-intimo\/\"]}]},{\"@type\":\"ImageObject\",\"inLanguage\":\"es\",\"@id\":\"https:\/\/infoecos.com.ar\/index.php\/comunicado-de-la-federacion-argentina-lgbt-respaldando-la-compra-de-gel-intimo\/#primaryimage\",\"url\":\"https:\/\/infoecos.com.ar\/wp-content\/uploads\/2023\/01\/ligaargentinalgbt.png\",\"contentUrl\":\"https:\/\/infoecos.com.ar\/wp-content\/uploads\/2023\/01\/ligaargentinalgbt.png\",\"width\":838,\"height\":315},{\"@type\":\"BreadcrumbList\",\"@id\":\"https:\/\/infoecos.com.ar\/index.php\/comunicado-de-la-federacion-argentina-lgbt-respaldando-la-compra-de-gel-intimo\/#breadcrumb\",\"itemListElement\":[{\"@type\":\"ListItem\",\"position\":1,\"name\":\"Portada\",\"item\":\"https:\/\/infoecos.com.ar\/\"},{\"@type\":\"ListItem\",\"position\":2,\"name\":\"Comunicado de la Federaci\u00f3n Argentina LGBT respaldando la compra de gel \u00edntimo\"}]},{\"@type\":\"WebSite\",\"@id\":\"https:\/\/infoecos.com.ar\/#website\",\"url\":\"https:\/\/infoecos.com.ar\/\",\"name\":\"Infoecos\",\"description\":\"Noticias de trenque lauquen y la zona\",\"publisher\":{\"@id\":\"https:\/\/infoecos.com.ar\/#organization\"},\"alternateName\":\"Noticias\",\"potentialAction\":[{\"@type\":\"SearchAction\",\"target\":{\"@type\":\"EntryPoint\",\"urlTemplate\":\"https:\/\/infoecos.com.ar\/?s={search_term_string}\"},\"query-input\":{\"@type\":\"PropertyValueSpecification\",\"valueRequired\":true,\"valueName\":\"search_term_string\"}}],\"inLanguage\":\"es\"},{\"@type\":\"Organization\",\"@id\":\"https:\/\/infoecos.com.ar\/#organization\",\"name\":\"Infoecos\",\"alternateName\":\"Noticias\",\"url\":\"https:\/\/infoecos.com.ar\/\",\"logo\":{\"@type\":\"ImageObject\",\"inLanguage\":\"es\",\"@id\":\"https:\/\/infoecos.com.ar\/#\/schema\/logo\/image\/\",\"url\":\"https:\/\/infoecos.com.ar\/wp-content\/uploads\/2024\/03\/cropped-logo.png\",\"contentUrl\":\"https:\/\/infoecos.com.ar\/wp-content\/uploads\/2024\/03\/cropped-logo.png\",\"width\":374,\"height\":90,\"caption\":\"Infoecos\"},\"image\":{\"@id\":\"https:\/\/infoecos.com.ar\/#\/schema\/logo\/image\/\"},\"sameAs\":[\"https:\/\/www.facebook.com\/profile.php?id=100063200290284\",\"https:\/\/x.com\/infoecos\"]},{\"@type\":\"Person\",\"@id\":\"https:\/\/infoecos.com.ar\/#\/schema\/person\/8f5ace5ce73b4b4aac4b7245aee6f191\",\"name\":\"Jorge Matheus\",\"url\":\"https:\/\/infoecos.com.ar\/index.php\/author\/jomatheus\/\"}]}<\/script>\n<!-- \/ Yoast SEO plugin. -->","yoast_head_json":{"title":"Comunicado de la Federaci\u00f3n Argentina LGBT respaldando la compra de gel \u00edntimo - Infoecos","robots":{"index":"index","follow":"follow","max-snippet":"max-snippet:-1","max-image-preview":"max-image-preview:large","max-video-preview":"max-video-preview:-1"},"canonical":"https:\/\/infoecos.com.ar\/index.php\/comunicado-de-la-federacion-argentina-lgbt-respaldando-la-compra-de-gel-intimo\/","og_locale":"es_ES","og_type":"article","og_title":"Comunicado de la Federaci\u00f3n Argentina LGBT respaldando la compra de gel \u00edntimo - Infoecos","og_description":"El gel lubricante es una herramienta de prevenci\u00f3n del vih y otras infecciones de transmisi\u00f3n sexual utilizada en todo el mundo, se se\u00f1ala","og_url":"https:\/\/infoecos.com.ar\/index.php\/comunicado-de-la-federacion-argentina-lgbt-respaldando-la-compra-de-gel-intimo\/","og_site_name":"Infoecos","article_publisher":"https:\/\/www.facebook.com\/profile.php?id=100063200290284","article_published_time":"2023-01-04T05:37:41+00:00","article_modified_time":"2023-01-06T15:47:19+00:00","og_image":[{"width":838,"height":315,"url":"https:\/\/infoecos.com.ar\/wp-content\/uploads\/2023\/01\/ligaargentinalgbt.png","type":"image\/png"}],"author":"Jorge Matheus","twitter_card":"summary_large_image","twitter_creator":"@infoecos","twitter_site":"@infoecos","twitter_misc":{"Escrito por":"Jorge Matheus","Tiempo de lectura":"3 minutos"},"schema":{"@context":"https:\/\/schema.org","@graph":[{"@type":"Article","@id":"https:\/\/infoecos.com.ar\/index.php\/comunicado-de-la-federacion-argentina-lgbt-respaldando-la-compra-de-gel-intimo\/#article","isPartOf":{"@id":"https:\/\/infoecos.com.ar\/index.php\/comunicado-de-la-federacion-argentina-lgbt-respaldando-la-compra-de-gel-intimo\/"},"author":{"name":"Jorge Matheus","@id":"https:\/\/infoecos.com.ar\/#\/schema\/person\/8f5ace5ce73b4b4aac4b7245aee6f191"},"headline":"Comunicado de la Federaci\u00f3n Argentina LGBT respaldando la compra de gel \u00edntimo","datePublished":"2023-01-04T05:37:41+00:00","dateModified":"2023-01-06T15:47:19+00:00","mainEntityOfPage":{"@id":"https:\/\/infoecos.com.ar\/index.php\/comunicado-de-la-federacion-argentina-lgbt-respaldando-la-compra-de-gel-intimo\/"},"wordCount":464,"publisher":{"@id":"https:\/\/infoecos.com.ar\/#organization"},"image":{"@id":"https:\/\/infoecos.com.ar\/index.php\/comunicado-de-la-federacion-argentina-lgbt-respaldando-la-compra-de-gel-intimo\/#primaryimage"},"thumbnailUrl":"https:\/\/infoecos.com.ar\/wp-content\/uploads\/2023\/01\/ligaargentinalgbt.png","keywords":["CR\u00cdTICAS A MEDIOS Y AL PRO"],"articleSection":["Bloque inferior - 5"],"inLanguage":"es"},{"@type":"WebPage","@id":"https:\/\/infoecos.com.ar\/index.php\/comunicado-de-la-federacion-argentina-lgbt-respaldando-la-compra-de-gel-intimo\/","url":"https:\/\/infoecos.com.ar\/index.php\/comunicado-de-la-federacion-argentina-lgbt-respaldando-la-compra-de-gel-intimo\/","name":"Comunicado de la Federaci\u00f3n Argentina LGBT respaldando la compra de gel \u00edntimo - Infoecos","isPartOf":{"@id":"https:\/\/infoecos.com.ar\/#website"},"primaryImageOfPage":{"@id":"https:\/\/infoecos.com.ar\/index.php\/comunicado-de-la-federacion-argentina-lgbt-respaldando-la-compra-de-gel-intimo\/#primaryimage"},"image":{"@id":"https:\/\/infoecos.com.ar\/index.php\/comunicado-de-la-federacion-argentina-lgbt-respaldando-la-compra-de-gel-intimo\/#primaryimage"},"thumbnailUrl":"https:\/\/infoecos.com.ar\/wp-content\/uploads\/2023\/01\/ligaargentinalgbt.png","datePublished":"2023-01-04T05:37:41+00:00","dateModified":"2023-01-06T15:47:19+00:00","breadcrumb":{"@id":"https:\/\/infoecos.com.ar\/index.php\/comunicado-de-la-federacion-argentina-lgbt-respaldando-la-compra-de-gel-intimo\/#breadcrumb"},"inLanguage":"es","potentialAction":[{"@type":"ReadAction","target":["https:\/\/infoecos.com.ar\/index.php\/comunicado-de-la-federacion-argentina-lgbt-respaldando-la-compra-de-gel-intimo\/"]}]},{"@type":"ImageObject","inLanguage":"es","@id":"https:\/\/infoecos.com.ar\/index.php\/comunicado-de-la-federacion-argentina-lgbt-respaldando-la-compra-de-gel-intimo\/#primaryimage","url":"https:\/\/infoecos.com.ar\/wp-content\/uploads\/2023\/01\/ligaargentinalgbt.png","contentUrl":"https:\/\/infoecos.com.ar\/wp-content\/uploads\/2023\/01\/ligaargentinalgbt.png","width":838,"height":315},{"@type":"BreadcrumbList","@id":"https:\/\/infoecos.com.ar\/index.php\/comunicado-de-la-federacion-argentina-lgbt-respaldando-la-compra-de-gel-intimo\/#breadcrumb","itemListElement":[{"@type":"ListItem","position":1,"name":"Portada","item":"https:\/\/infoecos.com.ar\/"},{"@type":"ListItem","position":2,"name":"Comunicado de la Federaci\u00f3n Argentina LGBT respaldando la compra de gel \u00edntimo"}]},{"@type":"WebSite","@id":"https:\/\/infoecos.com.ar\/#website","url":"https:\/\/infoecos.com.ar\/","name":"Infoecos","description":"Noticias de trenque lauquen y la zona","publisher":{"@id":"https:\/\/infoecos.com.ar\/#organization"},"alternateName":"Noticias","potentialAction":[{"@type":"SearchAction","target":{"@type":"EntryPoint","urlTemplate":"https:\/\/infoecos.com.ar\/?s={search_term_string}"},"query-input":{"@type":"PropertyValueSpecification","valueRequired":true,"valueName":"search_term_string"}}],"inLanguage":"es"},{"@type":"Organization","@id":"https:\/\/infoecos.com.ar\/#organization","name":"Infoecos","alternateName":"Noticias","url":"https:\/\/infoecos.com.ar\/","logo":{"@type":"ImageObject","inLanguage":"es","@id":"https:\/\/infoecos.com.ar\/#\/schema\/logo\/image\/","url":"https:\/\/infoecos.com.ar\/wp-content\/uploads\/2024\/03\/cropped-logo.png","contentUrl":"https:\/\/infoecos.com.ar\/wp-content\/uploads\/2024\/03\/cropped-logo.png","width":374,"height":90,"caption":"Infoecos"},"image":{"@id":"https:\/\/infoecos.com.ar\/#\/schema\/logo\/image\/"},"sameAs":["https:\/\/www.facebook.com\/profile.php?id=100063200290284","https:\/\/x.com\/infoecos"]},{"@type":"Person","@id":"https:\/\/infoecos.com.ar\/#\/schema\/person\/8f5ace5ce73b4b4aac4b7245aee6f191","name":"Jorge Matheus","url":"https:\/\/infoecos.com.ar\/index.php\/author\/jomatheus\/"}]}},"featured_image_urls":{"full":["https:\/\/infoecos.com.ar\/wp-content\/uploads\/2023\/01\/ligaargentinalgbt.png",838,315,false],"thumbnail":["https:\/\/infoecos.com.ar\/wp-content\/uploads\/2023\/01\/ligaargentinalgbt-300x150.png",300,150,true],"medium":["https:\/\/infoecos.com.ar\/wp-content\/uploads\/2023\/01\/ligaargentinalgbt-800x301.png",800,301,true],"medium_large":["https:\/\/infoecos.com.ar\/wp-content\/uploads\/2023\/01\/ligaargentinalgbt-768x289.png",640,241,true],"large":["https:\/\/infoecos.com.ar\/wp-content\/uploads\/2023\/01\/ligaargentinalgbt.png",640,241,false],"1536x1536":["https:\/\/infoecos.com.ar\/wp-content\/uploads\/2023\/01\/ligaargentinalgbt.png",838,315,false],"2048x2048":["https:\/\/infoecos.com.ar\/wp-content\/uploads\/2023\/01\/ligaargentinalgbt.png",838,315,false],"covernews-slider-full":["https:\/\/infoecos.com.ar\/wp-content\/uploads\/2023\/01\/ligaargentinalgbt.png",838,315,false],"covernews-slider-center":["https:\/\/infoecos.com.ar\/wp-content\/uploads\/2023\/01\/ligaargentinalgbt.png",800,301,false],"covernews-featured":["https:\/\/infoecos.com.ar\/wp-content\/uploads\/2023\/01\/ligaargentinalgbt.png",838,315,false],"covernews-medium":["https:\/\/infoecos.com.ar\/wp-content\/uploads\/2023\/01\/ligaargentinalgbt-720x315.png",540,236,true],"covernews-medium-square":["https:\/\/infoecos.com.ar\/wp-content\/uploads\/2023\/01\/ligaargentinalgbt-675x315.png",400,187,true]},"author_info":{"info":["Jorge Matheus"]},"category_info":"<a href=\"https:\/\/infoecos.com.ar\/index.php\/category\/inferior5\/\" rel=\"category tag\">Bloque inferior - 5<\/a>","tag_info":"Bloque inferior - 5","comment_count":"0","_links":{"self":[{"href":"https:\/\/infoecos.com.ar\/index.php\/wp-json\/wp\/v2\/posts\/99576"}],"collection":[{"href":"https:\/\/infoecos.com.ar\/index.php\/wp-json\/wp\/v2\/posts"}],"about":[{"href":"https:\/\/infoecos.com.ar\/index.php\/wp-json\/wp\/v2\/types\/post"}],"author":[{"embeddable":true,"href":"https:\/\/infoecos.com.ar\/index.php\/wp-json\/wp\/v2\/users\/2"}],"replies":[{"embeddable":true,"href":"https:\/\/infoecos.com.ar\/index.php\/wp-json\/wp\/v2\/comments?post=99576"}],"version-history":[{"count":1,"href":"https:\/\/infoecos.com.ar\/index.php\/wp-json\/wp\/v2\/posts\/99576\/revisions"}],"predecessor-version":[{"id":99578,"href":"https:\/\/infoecos.com.ar\/index.php\/wp-json\/wp\/v2\/posts\/99576\/revisions\/99578"}],"wp:featuredmedia":[{"embeddable":true,"href":"https:\/\/infoecos.com.ar\/index.php\/wp-json\/wp\/v2\/media\/99577"}],"wp:attachment":[{"href":"https:\/\/infoecos.com.ar\/index.php\/wp-json\/wp\/v2\/media?parent=99576"}],"wp:term":[{"taxonomy":"category","embeddable":true,"href":"https:\/\/infoecos.com.ar\/index.php\/wp-json\/wp\/v2\/categories?post=99576"},{"taxonomy":"post_tag","embeddable":true,"href":"https:\/\/infoecos.com.ar\/index.php\/wp-json\/wp\/v2\/tags?post=99576"}],"curies":[{"name":"wp","href":"https:\/\/api.w.org\/{rel}","templated":true}]}}