{"id":99595,"date":"2023-01-04T10:44:24","date_gmt":"2023-01-04T13:44:24","guid":{"rendered":"https:\/\/infoecos.com.ar\/?p=99595"},"modified":"2023-01-05T04:00:39","modified_gmt":"2023-01-05T07:00:39","slug":"se-inicia-manana-la-fiesta-nacional-de-la-cebada-cervecera-en-puan","status":"publish","type":"post","link":"https:\/\/infoecos.com.ar\/index.php\/se-inicia-manana-la-fiesta-nacional-de-la-cebada-cervecera-en-puan\/","title":{"rendered":"Se inicia hoy la Fiesta Nacional de la Cebada Cervecera en Pu\u00e1n"},"content":{"rendered":"\n<p>Desde ma\u00f1ana se desarrollar\u00e1 en Pu\u00e1n la Fiesta Nacional de la Cebada Cervecera. Se extender\u00e1 hasta el 8 del corriente. <\/p>\n\n\n\n<figure class=\"wp-block-image aligncenter size-full\"><img loading=\"lazy\" decoding=\"async\" width=\"1280\" height=\"474\" src=\"https:\/\/infoecos.com.ar\/wp-content\/uploads\/2023\/01\/puan.jpeg\" alt=\"\" class=\"wp-image-99596\" srcset=\"https:\/\/infoecos.com.ar\/wp-content\/uploads\/2023\/01\/puan.jpeg 1280w, https:\/\/infoecos.com.ar\/wp-content\/uploads\/2023\/01\/puan-800x296.jpeg 800w, https:\/\/infoecos.com.ar\/wp-content\/uploads\/2023\/01\/puan-768x284.jpeg 768w, https:\/\/infoecos.com.ar\/wp-content\/uploads\/2023\/01\/puan-1024x379.jpeg 1024w\" sizes=\"(max-width: 1280px) 100vw, 1280px\" \/><\/figure>\n\n\n\n<p>\u201cLos esperamos a todos que quieran disfrutar de este hermoso evento y lugar\u201d, dijo el intendente Facundo Castelli, en declaraciones que publica <strong>diarioderivera.com.ar<\/strong> quien detall\u00f3 que todo se desarrollar\u00e1 en un predio de 20 hect\u00e1reas a orillas de la laguna con camping, todas las comodidades y destinos espect\u00e1culos.<\/p>\n\n\n\n<p>El programa incluye la presentaci\u00f3n de los Llokallas el jueves, El Polaco el viernes, La Konga el s\u00e1bado y el domingo Coti. El precio del abono para disfrutar todos los d\u00edas es de $15 mil pesos e incluye el derecho al camping, estar en la laguna, practicar alg\u00fan deporte acu\u00e1tico, entre otras actividades y la participaci\u00f3n en el sorteo final por un premio de $2 millones.<\/p>\n\n\n\n<p>En tanto, el valor de la entrada por d\u00eda es de $2 mil para el jueves, $4 mil el viernes y de $6 mil el s\u00e1bado y domingo.<\/p>\n","protected":false},"excerpt":{"rendered":"<p>El programa incluye la presentaci\u00f3n de los Llokallas el jueves, El Polaco el viernes, La Konga el s\u00e1bado y el domingo Coti<\/p>\n","protected":false},"author":2,"featured_media":99596,"comment_status":"closed","ping_status":"open","sticky":false,"template":"","format":"standard","meta":{"footnotes":""},"categories":[1341],"tags":[2916],"class_list":["post-99595","post","type-post","status-publish","format-standard","has-post-thumbnail","hentry","category-c1nota7","tag-intensa-actividad"],"yoast_head":"<!-- This site is optimized with the Yoast SEO plugin v23.4 - https:\/\/yoast.com\/wordpress\/plugins\/seo\/ -->\n<title>Se inicia hoy la Fiesta Nacional de la Cebada Cervecera en Pu\u00e1n - Infoecos<\/title>\n<meta name=\"robots\" content=\"index, follow, max-snippet:-1, max-image-preview:large, max-video-preview:-1\" \/>\n<link rel=\"canonical\" href=\"https:\/\/infoecos.com.ar\/index.php\/se-inicia-manana-la-fiesta-nacional-de-la-cebada-cervecera-en-puan\/\" \/>\n<meta property=\"og:locale\" content=\"es_ES\" \/>\n<meta property=\"og:type\" content=\"article\" \/>\n<meta property=\"og:title\" content=\"Se inicia hoy la Fiesta Nacional de la Cebada Cervecera en Pu\u00e1n - Infoecos\" \/>\n<meta property=\"og:description\" content=\"El programa incluye la presentaci\u00f3n de los Llokallas el jueves, El Polaco el viernes, La Konga el s\u00e1bado y el domingo Coti\" \/>\n<meta property=\"og:url\" content=\"https:\/\/infoecos.com.ar\/index.php\/se-inicia-manana-la-fiesta-nacional-de-la-cebada-cervecera-en-puan\/\" \/>\n<meta property=\"og:site_name\" content=\"Infoecos\" \/>\n<meta property=\"article:publisher\" content=\"https:\/\/www.facebook.com\/profile.php?id=100063200290284\" \/>\n<meta property=\"article:published_time\" content=\"2023-01-04T13:44:24+00:00\" \/>\n<meta property=\"article:modified_time\" content=\"2023-01-05T07:00:39+00:00\" \/>\n<meta property=\"og:image\" content=\"https:\/\/infoecos.com.ar\/wp-content\/uploads\/2023\/01\/puan.jpeg\" \/>\n\t<meta property=\"og:image:width\" content=\"1280\" \/>\n\t<meta property=\"og:image:height\" content=\"474\" \/>\n\t<meta property=\"og:image:type\" content=\"image\/jpeg\" \/>\n<meta name=\"author\" content=\"Jorge Matheus\" \/>\n<meta name=\"twitter:card\" content=\"summary_large_image\" \/>\n<meta name=\"twitter:creator\" content=\"@infoecos\" \/>\n<meta name=\"twitter:site\" content=\"@infoecos\" \/>\n<meta name=\"twitter:label1\" content=\"Escrito por\" \/>\n\t<meta name=\"twitter:data1\" content=\"Jorge Matheus\" \/>\n\t<meta name=\"twitter:label2\" content=\"Tiempo de lectura\" \/>\n\t<meta name=\"twitter:data2\" content=\"1 minuto\" \/>\n<script type=\"application\/ld+json\" class=\"yoast-schema-graph\">{\"@context\":\"https:\/\/schema.org\",\"@graph\":[{\"@type\":\"Article\",\"@id\":\"https:\/\/infoecos.com.ar\/index.php\/se-inicia-manana-la-fiesta-nacional-de-la-cebada-cervecera-en-puan\/#article\",\"isPartOf\":{\"@id\":\"https:\/\/infoecos.com.ar\/index.php\/se-inicia-manana-la-fiesta-nacional-de-la-cebada-cervecera-en-puan\/\"},\"author\":{\"name\":\"Jorge Matheus\",\"@id\":\"https:\/\/infoecos.com.ar\/#\/schema\/person\/8f5ace5ce73b4b4aac4b7245aee6f191\"},\"headline\":\"Se inicia hoy la Fiesta Nacional de la Cebada Cervecera en Pu\u00e1n\",\"datePublished\":\"2023-01-04T13:44:24+00:00\",\"dateModified\":\"2023-01-05T07:00:39+00:00\",\"mainEntityOfPage\":{\"@id\":\"https:\/\/infoecos.com.ar\/index.php\/se-inicia-manana-la-fiesta-nacional-de-la-cebada-cervecera-en-puan\/\"},\"wordCount\":182,\"publisher\":{\"@id\":\"https:\/\/infoecos.com.ar\/#organization\"},\"image\":{\"@id\":\"https:\/\/infoecos.com.ar\/index.php\/se-inicia-manana-la-fiesta-nacional-de-la-cebada-cervecera-en-puan\/#primaryimage\"},\"thumbnailUrl\":\"https:\/\/infoecos.com.ar\/wp-content\/uploads\/2023\/01\/puan.jpeg\",\"keywords\":[\"INTENSA ACTIVIDAD\"],\"articleSection\":[\"C1 nota 7\"],\"inLanguage\":\"es\"},{\"@type\":\"WebPage\",\"@id\":\"https:\/\/infoecos.com.ar\/index.php\/se-inicia-manana-la-fiesta-nacional-de-la-cebada-cervecera-en-puan\/\",\"url\":\"https:\/\/infoecos.com.ar\/index.php\/se-inicia-manana-la-fiesta-nacional-de-la-cebada-cervecera-en-puan\/\",\"name\":\"Se inicia hoy la Fiesta Nacional de la Cebada Cervecera en Pu\u00e1n - Infoecos\",\"isPartOf\":{\"@id\":\"https:\/\/infoecos.com.ar\/#website\"},\"primaryImageOfPage\":{\"@id\":\"https:\/\/infoecos.com.ar\/index.php\/se-inicia-manana-la-fiesta-nacional-de-la-cebada-cervecera-en-puan\/#primaryimage\"},\"image\":{\"@id\":\"https:\/\/infoecos.com.ar\/index.php\/se-inicia-manana-la-fiesta-nacional-de-la-cebada-cervecera-en-puan\/#primaryimage\"},\"thumbnailUrl\":\"https:\/\/infoecos.com.ar\/wp-content\/uploads\/2023\/01\/puan.jpeg\",\"datePublished\":\"2023-01-04T13:44:24+00:00\",\"dateModified\":\"2023-01-05T07:00:39+00:00\",\"breadcrumb\":{\"@id\":\"https:\/\/infoecos.com.ar\/index.php\/se-inicia-manana-la-fiesta-nacional-de-la-cebada-cervecera-en-puan\/#breadcrumb\"},\"inLanguage\":\"es\",\"potentialAction\":[{\"@type\":\"ReadAction\",\"target\":[\"https:\/\/infoecos.com.ar\/index.php\/se-inicia-manana-la-fiesta-nacional-de-la-cebada-cervecera-en-puan\/\"]}]},{\"@type\":\"ImageObject\",\"inLanguage\":\"es\",\"@id\":\"https:\/\/infoecos.com.ar\/index.php\/se-inicia-manana-la-fiesta-nacional-de-la-cebada-cervecera-en-puan\/#primaryimage\",\"url\":\"https:\/\/infoecos.com.ar\/wp-content\/uploads\/2023\/01\/puan.jpeg\",\"contentUrl\":\"https:\/\/infoecos.com.ar\/wp-content\/uploads\/2023\/01\/puan.jpeg\",\"width\":1280,\"height\":474},{\"@type\":\"BreadcrumbList\",\"@id\":\"https:\/\/infoecos.com.ar\/index.php\/se-inicia-manana-la-fiesta-nacional-de-la-cebada-cervecera-en-puan\/#breadcrumb\",\"itemListElement\":[{\"@type\":\"ListItem\",\"position\":1,\"name\":\"Portada\",\"item\":\"https:\/\/infoecos.com.ar\/\"},{\"@type\":\"ListItem\",\"position\":2,\"name\":\"Se inicia hoy la Fiesta Nacional de la Cebada Cervecera en Pu\u00e1n\"}]},{\"@type\":\"WebSite\",\"@id\":\"https:\/\/infoecos.com.ar\/#website\",\"url\":\"https:\/\/infoecos.com.ar\/\",\"name\":\"Infoecos\",\"description\":\"Noticias de trenque lauquen y la zona\",\"publisher\":{\"@id\":\"https:\/\/infoecos.com.ar\/#organization\"},\"alternateName\":\"Noticias\",\"potentialAction\":[{\"@type\":\"SearchAction\",\"target\":{\"@type\":\"EntryPoint\",\"urlTemplate\":\"https:\/\/infoecos.com.ar\/?s={search_term_string}\"},\"query-input\":{\"@type\":\"PropertyValueSpecification\",\"valueRequired\":true,\"valueName\":\"search_term_string\"}}],\"inLanguage\":\"es\"},{\"@type\":\"Organization\",\"@id\":\"https:\/\/infoecos.com.ar\/#organization\",\"name\":\"Infoecos\",\"alternateName\":\"Noticias\",\"url\":\"https:\/\/infoecos.com.ar\/\",\"logo\":{\"@type\":\"ImageObject\",\"inLanguage\":\"es\",\"@id\":\"https:\/\/infoecos.com.ar\/#\/schema\/logo\/image\/\",\"url\":\"https:\/\/infoecos.com.ar\/wp-content\/uploads\/2024\/03\/cropped-logo.png\",\"contentUrl\":\"https:\/\/infoecos.com.ar\/wp-content\/uploads\/2024\/03\/cropped-logo.png\",\"width\":374,\"height\":90,\"caption\":\"Infoecos\"},\"image\":{\"@id\":\"https:\/\/infoecos.com.ar\/#\/schema\/logo\/image\/\"},\"sameAs\":[\"https:\/\/www.facebook.com\/profile.php?id=100063200290284\",\"https:\/\/x.com\/infoecos\"]},{\"@type\":\"Person\",\"@id\":\"https:\/\/infoecos.com.ar\/#\/schema\/person\/8f5ace5ce73b4b4aac4b7245aee6f191\",\"name\":\"Jorge Matheus\",\"url\":\"https:\/\/infoecos.com.ar\/index.php\/author\/jomatheus\/\"}]}<\/script>\n<!-- \/ Yoast SEO plugin. -->","yoast_head_json":{"title":"Se inicia hoy la Fiesta Nacional de la Cebada Cervecera en Pu\u00e1n - Infoecos","robots":{"index":"index","follow":"follow","max-snippet":"max-snippet:-1","max-image-preview":"max-image-preview:large","max-video-preview":"max-video-preview:-1"},"canonical":"https:\/\/infoecos.com.ar\/index.php\/se-inicia-manana-la-fiesta-nacional-de-la-cebada-cervecera-en-puan\/","og_locale":"es_ES","og_type":"article","og_title":"Se inicia hoy la Fiesta Nacional de la Cebada Cervecera en Pu\u00e1n - Infoecos","og_description":"El programa incluye la presentaci\u00f3n de los Llokallas el jueves, El Polaco el viernes, La Konga el s\u00e1bado y el domingo Coti","og_url":"https:\/\/infoecos.com.ar\/index.php\/se-inicia-manana-la-fiesta-nacional-de-la-cebada-cervecera-en-puan\/","og_site_name":"Infoecos","article_publisher":"https:\/\/www.facebook.com\/profile.php?id=100063200290284","article_published_time":"2023-01-04T13:44:24+00:00","article_modified_time":"2023-01-05T07:00:39+00:00","og_image":[{"width":1280,"height":474,"url":"https:\/\/infoecos.com.ar\/wp-content\/uploads\/2023\/01\/puan.jpeg","type":"image\/jpeg"}],"author":"Jorge Matheus","twitter_card":"summary_large_image","twitter_creator":"@infoecos","twitter_site":"@infoecos","twitter_misc":{"Escrito por":"Jorge Matheus","Tiempo de lectura":"1 minuto"},"schema":{"@context":"https:\/\/schema.org","@graph":[{"@type":"Article","@id":"https:\/\/infoecos.com.ar\/index.php\/se-inicia-manana-la-fiesta-nacional-de-la-cebada-cervecera-en-puan\/#article","isPartOf":{"@id":"https:\/\/infoecos.com.ar\/index.php\/se-inicia-manana-la-fiesta-nacional-de-la-cebada-cervecera-en-puan\/"},"author":{"name":"Jorge Matheus","@id":"https:\/\/infoecos.com.ar\/#\/schema\/person\/8f5ace5ce73b4b4aac4b7245aee6f191"},"headline":"Se inicia hoy la Fiesta Nacional de la Cebada Cervecera en Pu\u00e1n","datePublished":"2023-01-04T13:44:24+00:00","dateModified":"2023-01-05T07:00:39+00:00","mainEntityOfPage":{"@id":"https:\/\/infoecos.com.ar\/index.php\/se-inicia-manana-la-fiesta-nacional-de-la-cebada-cervecera-en-puan\/"},"wordCount":182,"publisher":{"@id":"https:\/\/infoecos.com.ar\/#organization"},"image":{"@id":"https:\/\/infoecos.com.ar\/index.php\/se-inicia-manana-la-fiesta-nacional-de-la-cebada-cervecera-en-puan\/#primaryimage"},"thumbnailUrl":"https:\/\/infoecos.com.ar\/wp-content\/uploads\/2023\/01\/puan.jpeg","keywords":["INTENSA ACTIVIDAD"],"articleSection":["C1 nota 7"],"inLanguage":"es"},{"@type":"WebPage","@id":"https:\/\/infoecos.com.ar\/index.php\/se-inicia-manana-la-fiesta-nacional-de-la-cebada-cervecera-en-puan\/","url":"https:\/\/infoecos.com.ar\/index.php\/se-inicia-manana-la-fiesta-nacional-de-la-cebada-cervecera-en-puan\/","name":"Se inicia hoy la Fiesta Nacional de la Cebada Cervecera en Pu\u00e1n - Infoecos","isPartOf":{"@id":"https:\/\/infoecos.com.ar\/#website"},"primaryImageOfPage":{"@id":"https:\/\/infoecos.com.ar\/index.php\/se-inicia-manana-la-fiesta-nacional-de-la-cebada-cervecera-en-puan\/#primaryimage"},"image":{"@id":"https:\/\/infoecos.com.ar\/index.php\/se-inicia-manana-la-fiesta-nacional-de-la-cebada-cervecera-en-puan\/#primaryimage"},"thumbnailUrl":"https:\/\/infoecos.com.ar\/wp-content\/uploads\/2023\/01\/puan.jpeg","datePublished":"2023-01-04T13:44:24+00:00","dateModified":"2023-01-05T07:00:39+00:00","breadcrumb":{"@id":"https:\/\/infoecos.com.ar\/index.php\/se-inicia-manana-la-fiesta-nacional-de-la-cebada-cervecera-en-puan\/#breadcrumb"},"inLanguage":"es","potentialAction":[{"@type":"ReadAction","target":["https:\/\/infoecos.com.ar\/index.php\/se-inicia-manana-la-fiesta-nacional-de-la-cebada-cervecera-en-puan\/"]}]},{"@type":"ImageObject","inLanguage":"es","@id":"https:\/\/infoecos.com.ar\/index.php\/se-inicia-manana-la-fiesta-nacional-de-la-cebada-cervecera-en-puan\/#primaryimage","url":"https:\/\/infoecos.com.ar\/wp-content\/uploads\/2023\/01\/puan.jpeg","contentUrl":"https:\/\/infoecos.com.ar\/wp-content\/uploads\/2023\/01\/puan.jpeg","width":1280,"height":474},{"@type":"BreadcrumbList","@id":"https:\/\/infoecos.com.ar\/index.php\/se-inicia-manana-la-fiesta-nacional-de-la-cebada-cervecera-en-puan\/#breadcrumb","itemListElement":[{"@type":"ListItem","position":1,"name":"Portada","item":"https:\/\/infoecos.com.ar\/"},{"@type":"ListItem","position":2,"name":"Se inicia hoy la Fiesta Nacional de la Cebada Cervecera en Pu\u00e1n"}]},{"@type":"WebSite","@id":"https:\/\/infoecos.com.ar\/#website","url":"https:\/\/infoecos.com.ar\/","name":"Infoecos","description":"Noticias de trenque lauquen y la zona","publisher":{"@id":"https:\/\/infoecos.com.ar\/#organization"},"alternateName":"Noticias","potentialAction":[{"@type":"SearchAction","target":{"@type":"EntryPoint","urlTemplate":"https:\/\/infoecos.com.ar\/?s={search_term_string}"},"query-input":{"@type":"PropertyValueSpecification","valueRequired":true,"valueName":"search_term_string"}}],"inLanguage":"es"},{"@type":"Organization","@id":"https:\/\/infoecos.com.ar\/#organization","name":"Infoecos","alternateName":"Noticias","url":"https:\/\/infoecos.com.ar\/","logo":{"@type":"ImageObject","inLanguage":"es","@id":"https:\/\/infoecos.com.ar\/#\/schema\/logo\/image\/","url":"https:\/\/infoecos.com.ar\/wp-content\/uploads\/2024\/03\/cropped-logo.png","contentUrl":"https:\/\/infoecos.com.ar\/wp-content\/uploads\/2024\/03\/cropped-logo.png","width":374,"height":90,"caption":"Infoecos"},"image":{"@id":"https:\/\/infoecos.com.ar\/#\/schema\/logo\/image\/"},"sameAs":["https:\/\/www.facebook.com\/profile.php?id=100063200290284","https:\/\/x.com\/infoecos"]},{"@type":"Person","@id":"https:\/\/infoecos.com.ar\/#\/schema\/person\/8f5ace5ce73b4b4aac4b7245aee6f191","name":"Jorge Matheus","url":"https:\/\/infoecos.com.ar\/index.php\/author\/jomatheus\/"}]}},"featured_image_urls":{"full":["https:\/\/infoecos.com.ar\/wp-content\/uploads\/2023\/01\/puan.jpeg",1280,474,false],"thumbnail":["https:\/\/infoecos.com.ar\/wp-content\/uploads\/2023\/01\/puan-300x150.jpeg",300,150,true],"medium":["https:\/\/infoecos.com.ar\/wp-content\/uploads\/2023\/01\/puan-800x296.jpeg",800,296,true],"medium_large":["https:\/\/infoecos.com.ar\/wp-content\/uploads\/2023\/01\/puan-768x284.jpeg",640,237,true],"large":["https:\/\/infoecos.com.ar\/wp-content\/uploads\/2023\/01\/puan.jpeg",640,237,false],"1536x1536":["https:\/\/infoecos.com.ar\/wp-content\/uploads\/2023\/01\/puan.jpeg",1280,474,false],"2048x2048":["https:\/\/infoecos.com.ar\/wp-content\/uploads\/2023\/01\/puan.jpeg",1280,474,false],"covernews-slider-full":["https:\/\/infoecos.com.ar\/wp-content\/uploads\/2023\/01\/puan.jpeg",1115,413,false],"covernews-slider-center":["https:\/\/infoecos.com.ar\/wp-content\/uploads\/2023\/01\/puan-936x474.jpeg",800,405,true],"covernews-featured":["https:\/\/infoecos.com.ar\/wp-content\/uploads\/2023\/01\/puan-1024x379.jpeg",1024,379,true],"covernews-medium":["https:\/\/infoecos.com.ar\/wp-content\/uploads\/2023\/01\/puan-720x380.jpeg",540,285,true],"covernews-medium-square":["https:\/\/infoecos.com.ar\/wp-content\/uploads\/2023\/01\/puan-675x450.jpeg",375,250,true]},"author_info":{"info":["Jorge Matheus"]},"category_info":"<a href=\"https:\/\/infoecos.com.ar\/index.php\/category\/c1nota7\/\" rel=\"category tag\">C1 nota 7<\/a>","tag_info":"C1 nota 7","comment_count":"0","_links":{"self":[{"href":"https:\/\/infoecos.com.ar\/index.php\/wp-json\/wp\/v2\/posts\/99595"}],"collection":[{"href":"https:\/\/infoecos.com.ar\/index.php\/wp-json\/wp\/v2\/posts"}],"about":[{"href":"https:\/\/infoecos.com.ar\/index.php\/wp-json\/wp\/v2\/types\/post"}],"author":[{"embeddable":true,"href":"https:\/\/infoecos.com.ar\/index.php\/wp-json\/wp\/v2\/users\/2"}],"replies":[{"embeddable":true,"href":"https:\/\/infoecos.com.ar\/index.php\/wp-json\/wp\/v2\/comments?post=99595"}],"version-history":[{"count":2,"href":"https:\/\/infoecos.com.ar\/index.php\/wp-json\/wp\/v2\/posts\/99595\/revisions"}],"predecessor-version":[{"id":99634,"href":"https:\/\/infoecos.com.ar\/index.php\/wp-json\/wp\/v2\/posts\/99595\/revisions\/99634"}],"wp:featuredmedia":[{"embeddable":true,"href":"https:\/\/infoecos.com.ar\/index.php\/wp-json\/wp\/v2\/media\/99596"}],"wp:attachment":[{"href":"https:\/\/infoecos.com.ar\/index.php\/wp-json\/wp\/v2\/media?parent=99595"}],"wp:term":[{"taxonomy":"category","embeddable":true,"href":"https:\/\/infoecos.com.ar\/index.php\/wp-json\/wp\/v2\/categories?post=99595"},{"taxonomy":"post_tag","embeddable":true,"href":"https:\/\/infoecos.com.ar\/index.php\/wp-json\/wp\/v2\/tags?post=99595"}],"curies":[{"name":"wp","href":"https:\/\/api.w.org\/{rel}","templated":true}]}}