{"id":99600,"date":"2023-01-05T02:12:44","date_gmt":"2023-01-05T05:12:44","guid":{"rendered":"https:\/\/infoecos.com.ar\/?p=99600"},"modified":"2023-01-11T02:11:55","modified_gmt":"2023-01-11T05:11:55","slug":"alta-carga-politica-e-ironia-de-leticia-badino-en-mensaje-dirigido-a-fernandez-y-concejales","status":"publish","type":"post","link":"https:\/\/infoecos.com.ar\/index.php\/alta-carga-politica-e-ironia-de-leticia-badino-en-mensaje-dirigido-a-fernandez-y-concejales\/","title":{"rendered":"Carga pol\u00edtica e iron\u00edas de Leticia Badino, en mensaje dirigido a Fern\u00e1ndez y concejales"},"content":{"rendered":"\n<p>La concejal trenquelauquense del Frente de Todos, Leticia Badino, con una publicaci\u00f3n realizada en la red Facebook dese\u00f3 que el intendente de Trenque Lauquen y los concejales oficialistas (UCR y PRO) <strong>puedan hablar con sus diputados para que aprueben la moratoria jubilatoria<\/strong>. Se\u00f1ala la edil que tambi\u00e9n se desempe\u00f1a al frente de la oficina del ANSES en el distrito que, <strong>esperan la aprobaci\u00f3n de esa prerrogativa  800 mil argentinas\/os, entre ellas\/os, muchas y muchos trenquelauquenses<\/strong>. <\/p>\n\n\n\n<figure class=\"wp-block-image aligncenter size-large is-resized\"><img loading=\"lazy\" decoding=\"async\" src=\"https:\/\/infoecos.com.ar\/wp-content\/uploads\/2022\/05\/badinoleticia-920x690.jpg\" alt=\"\" class=\"wp-image-92904\" width=\"721\" height=\"541\" srcset=\"https:\/\/infoecos.com.ar\/wp-content\/uploads\/2022\/05\/badinoleticia-920x690.jpg 920w, https:\/\/infoecos.com.ar\/wp-content\/uploads\/2022\/05\/badinoleticia-460x345.jpg 460w, https:\/\/infoecos.com.ar\/wp-content\/uploads\/2022\/05\/badinoleticia-768x576.jpg 768w, https:\/\/infoecos.com.ar\/wp-content\/uploads\/2022\/05\/badinoleticia-1024x768.jpg 1024w, https:\/\/infoecos.com.ar\/wp-content\/uploads\/2022\/05\/badinoleticia.jpg 1173w\" sizes=\"(max-width: 721px) 100vw, 721px\" \/><figcaption class=\"wp-element-caption\">Leticia Badino en el Concejo Deliberante<\/figcaption><\/figure>\n\n\n\n<p>En el mismo post, Badino apunta dirigi\u00e9ndose al mandatario comunal y los ediles que <strong>es importante le hagan entender a los legisladores la creaci\u00f3n de Universidades e involucra a la ex mandataria bonaerense, Mar\u00eda Eugenia Vidal<\/strong>. Se\u00f1ala en este sentido que <strong>\u00abSabemos que ni Miguel Fern\u00e1ndez ni los concejales locales creen en lo que dijo su gobernadora respecto a que \u00ablos pobres no llegan a la Universidad\u00bb<\/strong>.<\/p>\n\n\n\n<p>La edil y funcionaria va m\u00e1s all\u00e1 al requerir de Fern\u00e1ndez y sus colaboradores en el legislativo que \u00abOjal\u00e1 repudien la proscripcion de Cristina y el atropello que el Poder Judicial est\u00e1 llevando adelante sobre el Congreso y la Constituci\u00f3n\u00bb. <\/p>\n\n\n\n<p>En lo que constituye una clara respuesta a los dichos del intendente en el encuentro con los periodistas sobre la necesidad de contar con el apoyo de la oposici\u00f3n para realizar gestiones en distintos niveles, cierra el escrito indicando que <strong>Solas y Solos, no podemo<\/strong>s, enviando antes un estiletazo pol\u00edtico muy duro, <strong>\u00abOjal\u00e1 hablen con sus funcionarios y referentes para que puedan respetar el sistema democr\u00e1tico<\/strong>\u00ab.<\/p>\n\n\n\n<p><\/p>\n","protected":false},"excerpt":{"rendered":"<p>En lo que constituye una clara respuesta a los dichos del intendente en el encuentro con los periodistas sobre la necesidad de contar con el apoyo de la oposici\u00f3n para realizar gestiones en distintos niveles, cierra el escrito indicando que Solas y Solos, no podemos, enviando antes un estiletazo pol\u00edtico muy duro, \u00abOjal\u00e1 hablen con sus funcionarios y referentes para que puedan respetar el sistema democr\u00e1tico\u00bb<\/p>\n","protected":false},"author":2,"featured_media":92904,"comment_status":"closed","ping_status":"open","sticky":false,"template":"","format":"standard","meta":{"footnotes":""},"categories":[44],"tags":[7012],"class_list":["post-99600","post","type-post","status-publish","format-standard","has-post-thumbnail","hentry","category-inferior5","tag-moratoria-jubilatoria-y-mas"],"yoast_head":"<!-- This site is optimized with the Yoast SEO plugin v23.4 - https:\/\/yoast.com\/wordpress\/plugins\/seo\/ -->\n<title>Carga pol\u00edtica e iron\u00edas de Leticia Badino, en mensaje dirigido a Fern\u00e1ndez y concejales - Infoecos<\/title>\n<meta name=\"robots\" content=\"index, follow, max-snippet:-1, max-image-preview:large, max-video-preview:-1\" \/>\n<link rel=\"canonical\" href=\"https:\/\/infoecos.com.ar\/index.php\/alta-carga-politica-e-ironia-de-leticia-badino-en-mensaje-dirigido-a-fernandez-y-concejales\/\" \/>\n<meta property=\"og:locale\" content=\"es_ES\" \/>\n<meta property=\"og:type\" content=\"article\" \/>\n<meta property=\"og:title\" content=\"Carga pol\u00edtica e iron\u00edas de Leticia Badino, en mensaje dirigido a Fern\u00e1ndez y concejales - Infoecos\" \/>\n<meta property=\"og:description\" content=\"En lo que constituye una clara respuesta a los dichos del intendente en el encuentro con los periodistas sobre la necesidad de contar con el apoyo de la oposici\u00f3n para realizar gestiones en distintos niveles, cierra el escrito indicando que Solas y Solos, no podemos, enviando antes un estiletazo pol\u00edtico muy duro, &quot;Ojal\u00e1 hablen con sus funcionarios y referentes para que puedan respetar el sistema democr\u00e1tico&quot;\" \/>\n<meta property=\"og:url\" content=\"https:\/\/infoecos.com.ar\/index.php\/alta-carga-politica-e-ironia-de-leticia-badino-en-mensaje-dirigido-a-fernandez-y-concejales\/\" \/>\n<meta property=\"og:site_name\" content=\"Infoecos\" \/>\n<meta property=\"article:publisher\" content=\"https:\/\/www.facebook.com\/profile.php?id=100063200290284\" \/>\n<meta property=\"article:published_time\" content=\"2023-01-05T05:12:44+00:00\" \/>\n<meta property=\"article:modified_time\" content=\"2023-01-11T05:11:55+00:00\" \/>\n<meta property=\"og:image\" content=\"https:\/\/infoecos.com.ar\/wp-content\/uploads\/2022\/05\/badinoleticia.jpg\" \/>\n\t<meta property=\"og:image:width\" content=\"1173\" \/>\n\t<meta property=\"og:image:height\" content=\"880\" \/>\n\t<meta property=\"og:image:type\" content=\"image\/jpeg\" \/>\n<meta name=\"author\" content=\"Jorge Matheus\" \/>\n<meta name=\"twitter:card\" content=\"summary_large_image\" \/>\n<meta name=\"twitter:creator\" content=\"@infoecos\" \/>\n<meta name=\"twitter:site\" content=\"@infoecos\" \/>\n<meta name=\"twitter:label1\" content=\"Escrito por\" \/>\n\t<meta name=\"twitter:data1\" content=\"Jorge Matheus\" \/>\n\t<meta name=\"twitter:label2\" content=\"Tiempo de lectura\" \/>\n\t<meta name=\"twitter:data2\" content=\"2 minutos\" \/>\n<script type=\"application\/ld+json\" class=\"yoast-schema-graph\">{\"@context\":\"https:\/\/schema.org\",\"@graph\":[{\"@type\":\"Article\",\"@id\":\"https:\/\/infoecos.com.ar\/index.php\/alta-carga-politica-e-ironia-de-leticia-badino-en-mensaje-dirigido-a-fernandez-y-concejales\/#article\",\"isPartOf\":{\"@id\":\"https:\/\/infoecos.com.ar\/index.php\/alta-carga-politica-e-ironia-de-leticia-badino-en-mensaje-dirigido-a-fernandez-y-concejales\/\"},\"author\":{\"name\":\"Jorge Matheus\",\"@id\":\"https:\/\/infoecos.com.ar\/#\/schema\/person\/8f5ace5ce73b4b4aac4b7245aee6f191\"},\"headline\":\"Carga pol\u00edtica e iron\u00edas de Leticia Badino, en mensaje dirigido a Fern\u00e1ndez y concejales\",\"datePublished\":\"2023-01-05T05:12:44+00:00\",\"dateModified\":\"2023-01-11T05:11:55+00:00\",\"mainEntityOfPage\":{\"@id\":\"https:\/\/infoecos.com.ar\/index.php\/alta-carga-politica-e-ironia-de-leticia-badino-en-mensaje-dirigido-a-fernandez-y-concejales\/\"},\"wordCount\":288,\"publisher\":{\"@id\":\"https:\/\/infoecos.com.ar\/#organization\"},\"image\":{\"@id\":\"https:\/\/infoecos.com.ar\/index.php\/alta-carga-politica-e-ironia-de-leticia-badino-en-mensaje-dirigido-a-fernandez-y-concejales\/#primaryimage\"},\"thumbnailUrl\":\"https:\/\/infoecos.com.ar\/wp-content\/uploads\/2022\/05\/badinoleticia.jpg\",\"keywords\":[\"moratoria jubilatoria y m\u00e1s\"],\"articleSection\":[\"Bloque inferior - 5\"],\"inLanguage\":\"es\"},{\"@type\":\"WebPage\",\"@id\":\"https:\/\/infoecos.com.ar\/index.php\/alta-carga-politica-e-ironia-de-leticia-badino-en-mensaje-dirigido-a-fernandez-y-concejales\/\",\"url\":\"https:\/\/infoecos.com.ar\/index.php\/alta-carga-politica-e-ironia-de-leticia-badino-en-mensaje-dirigido-a-fernandez-y-concejales\/\",\"name\":\"Carga pol\u00edtica e iron\u00edas de Leticia Badino, en mensaje dirigido a Fern\u00e1ndez y concejales - Infoecos\",\"isPartOf\":{\"@id\":\"https:\/\/infoecos.com.ar\/#website\"},\"primaryImageOfPage\":{\"@id\":\"https:\/\/infoecos.com.ar\/index.php\/alta-carga-politica-e-ironia-de-leticia-badino-en-mensaje-dirigido-a-fernandez-y-concejales\/#primaryimage\"},\"image\":{\"@id\":\"https:\/\/infoecos.com.ar\/index.php\/alta-carga-politica-e-ironia-de-leticia-badino-en-mensaje-dirigido-a-fernandez-y-concejales\/#primaryimage\"},\"thumbnailUrl\":\"https:\/\/infoecos.com.ar\/wp-content\/uploads\/2022\/05\/badinoleticia.jpg\",\"datePublished\":\"2023-01-05T05:12:44+00:00\",\"dateModified\":\"2023-01-11T05:11:55+00:00\",\"breadcrumb\":{\"@id\":\"https:\/\/infoecos.com.ar\/index.php\/alta-carga-politica-e-ironia-de-leticia-badino-en-mensaje-dirigido-a-fernandez-y-concejales\/#breadcrumb\"},\"inLanguage\":\"es\",\"potentialAction\":[{\"@type\":\"ReadAction\",\"target\":[\"https:\/\/infoecos.com.ar\/index.php\/alta-carga-politica-e-ironia-de-leticia-badino-en-mensaje-dirigido-a-fernandez-y-concejales\/\"]}]},{\"@type\":\"ImageObject\",\"inLanguage\":\"es\",\"@id\":\"https:\/\/infoecos.com.ar\/index.php\/alta-carga-politica-e-ironia-de-leticia-badino-en-mensaje-dirigido-a-fernandez-y-concejales\/#primaryimage\",\"url\":\"https:\/\/infoecos.com.ar\/wp-content\/uploads\/2022\/05\/badinoleticia.jpg\",\"contentUrl\":\"https:\/\/infoecos.com.ar\/wp-content\/uploads\/2022\/05\/badinoleticia.jpg\",\"width\":1173,\"height\":880},{\"@type\":\"BreadcrumbList\",\"@id\":\"https:\/\/infoecos.com.ar\/index.php\/alta-carga-politica-e-ironia-de-leticia-badino-en-mensaje-dirigido-a-fernandez-y-concejales\/#breadcrumb\",\"itemListElement\":[{\"@type\":\"ListItem\",\"position\":1,\"name\":\"Portada\",\"item\":\"https:\/\/infoecos.com.ar\/\"},{\"@type\":\"ListItem\",\"position\":2,\"name\":\"Carga pol\u00edtica e iron\u00edas de Leticia Badino, en mensaje dirigido a Fern\u00e1ndez y concejales\"}]},{\"@type\":\"WebSite\",\"@id\":\"https:\/\/infoecos.com.ar\/#website\",\"url\":\"https:\/\/infoecos.com.ar\/\",\"name\":\"Infoecos\",\"description\":\"Noticias de trenque lauquen y la zona\",\"publisher\":{\"@id\":\"https:\/\/infoecos.com.ar\/#organization\"},\"alternateName\":\"Noticias\",\"potentialAction\":[{\"@type\":\"SearchAction\",\"target\":{\"@type\":\"EntryPoint\",\"urlTemplate\":\"https:\/\/infoecos.com.ar\/?s={search_term_string}\"},\"query-input\":{\"@type\":\"PropertyValueSpecification\",\"valueRequired\":true,\"valueName\":\"search_term_string\"}}],\"inLanguage\":\"es\"},{\"@type\":\"Organization\",\"@id\":\"https:\/\/infoecos.com.ar\/#organization\",\"name\":\"Infoecos\",\"alternateName\":\"Noticias\",\"url\":\"https:\/\/infoecos.com.ar\/\",\"logo\":{\"@type\":\"ImageObject\",\"inLanguage\":\"es\",\"@id\":\"https:\/\/infoecos.com.ar\/#\/schema\/logo\/image\/\",\"url\":\"https:\/\/infoecos.com.ar\/wp-content\/uploads\/2024\/03\/cropped-logo.png\",\"contentUrl\":\"https:\/\/infoecos.com.ar\/wp-content\/uploads\/2024\/03\/cropped-logo.png\",\"width\":374,\"height\":90,\"caption\":\"Infoecos\"},\"image\":{\"@id\":\"https:\/\/infoecos.com.ar\/#\/schema\/logo\/image\/\"},\"sameAs\":[\"https:\/\/www.facebook.com\/profile.php?id=100063200290284\",\"https:\/\/x.com\/infoecos\"]},{\"@type\":\"Person\",\"@id\":\"https:\/\/infoecos.com.ar\/#\/schema\/person\/8f5ace5ce73b4b4aac4b7245aee6f191\",\"name\":\"Jorge Matheus\",\"url\":\"https:\/\/infoecos.com.ar\/index.php\/author\/jomatheus\/\"}]}<\/script>\n<!-- \/ Yoast SEO plugin. -->","yoast_head_json":{"title":"Carga pol\u00edtica e iron\u00edas de Leticia Badino, en mensaje dirigido a Fern\u00e1ndez y concejales - Infoecos","robots":{"index":"index","follow":"follow","max-snippet":"max-snippet:-1","max-image-preview":"max-image-preview:large","max-video-preview":"max-video-preview:-1"},"canonical":"https:\/\/infoecos.com.ar\/index.php\/alta-carga-politica-e-ironia-de-leticia-badino-en-mensaje-dirigido-a-fernandez-y-concejales\/","og_locale":"es_ES","og_type":"article","og_title":"Carga pol\u00edtica e iron\u00edas de Leticia Badino, en mensaje dirigido a Fern\u00e1ndez y concejales - Infoecos","og_description":"En lo que constituye una clara respuesta a los dichos del intendente en el encuentro con los periodistas sobre la necesidad de contar con el apoyo de la oposici\u00f3n para realizar gestiones en distintos niveles, cierra el escrito indicando que Solas y Solos, no podemos, enviando antes un estiletazo pol\u00edtico muy duro, \"Ojal\u00e1 hablen con sus funcionarios y referentes para que puedan respetar el sistema democr\u00e1tico\"","og_url":"https:\/\/infoecos.com.ar\/index.php\/alta-carga-politica-e-ironia-de-leticia-badino-en-mensaje-dirigido-a-fernandez-y-concejales\/","og_site_name":"Infoecos","article_publisher":"https:\/\/www.facebook.com\/profile.php?id=100063200290284","article_published_time":"2023-01-05T05:12:44+00:00","article_modified_time":"2023-01-11T05:11:55+00:00","og_image":[{"width":1173,"height":880,"url":"https:\/\/infoecos.com.ar\/wp-content\/uploads\/2022\/05\/badinoleticia.jpg","type":"image\/jpeg"}],"author":"Jorge Matheus","twitter_card":"summary_large_image","twitter_creator":"@infoecos","twitter_site":"@infoecos","twitter_misc":{"Escrito por":"Jorge Matheus","Tiempo de lectura":"2 minutos"},"schema":{"@context":"https:\/\/schema.org","@graph":[{"@type":"Article","@id":"https:\/\/infoecos.com.ar\/index.php\/alta-carga-politica-e-ironia-de-leticia-badino-en-mensaje-dirigido-a-fernandez-y-concejales\/#article","isPartOf":{"@id":"https:\/\/infoecos.com.ar\/index.php\/alta-carga-politica-e-ironia-de-leticia-badino-en-mensaje-dirigido-a-fernandez-y-concejales\/"},"author":{"name":"Jorge Matheus","@id":"https:\/\/infoecos.com.ar\/#\/schema\/person\/8f5ace5ce73b4b4aac4b7245aee6f191"},"headline":"Carga pol\u00edtica e iron\u00edas de Leticia Badino, en mensaje dirigido a Fern\u00e1ndez y concejales","datePublished":"2023-01-05T05:12:44+00:00","dateModified":"2023-01-11T05:11:55+00:00","mainEntityOfPage":{"@id":"https:\/\/infoecos.com.ar\/index.php\/alta-carga-politica-e-ironia-de-leticia-badino-en-mensaje-dirigido-a-fernandez-y-concejales\/"},"wordCount":288,"publisher":{"@id":"https:\/\/infoecos.com.ar\/#organization"},"image":{"@id":"https:\/\/infoecos.com.ar\/index.php\/alta-carga-politica-e-ironia-de-leticia-badino-en-mensaje-dirigido-a-fernandez-y-concejales\/#primaryimage"},"thumbnailUrl":"https:\/\/infoecos.com.ar\/wp-content\/uploads\/2022\/05\/badinoleticia.jpg","keywords":["moratoria jubilatoria y m\u00e1s"],"articleSection":["Bloque inferior - 5"],"inLanguage":"es"},{"@type":"WebPage","@id":"https:\/\/infoecos.com.ar\/index.php\/alta-carga-politica-e-ironia-de-leticia-badino-en-mensaje-dirigido-a-fernandez-y-concejales\/","url":"https:\/\/infoecos.com.ar\/index.php\/alta-carga-politica-e-ironia-de-leticia-badino-en-mensaje-dirigido-a-fernandez-y-concejales\/","name":"Carga pol\u00edtica e iron\u00edas de Leticia Badino, en mensaje dirigido a Fern\u00e1ndez y concejales - Infoecos","isPartOf":{"@id":"https:\/\/infoecos.com.ar\/#website"},"primaryImageOfPage":{"@id":"https:\/\/infoecos.com.ar\/index.php\/alta-carga-politica-e-ironia-de-leticia-badino-en-mensaje-dirigido-a-fernandez-y-concejales\/#primaryimage"},"image":{"@id":"https:\/\/infoecos.com.ar\/index.php\/alta-carga-politica-e-ironia-de-leticia-badino-en-mensaje-dirigido-a-fernandez-y-concejales\/#primaryimage"},"thumbnailUrl":"https:\/\/infoecos.com.ar\/wp-content\/uploads\/2022\/05\/badinoleticia.jpg","datePublished":"2023-01-05T05:12:44+00:00","dateModified":"2023-01-11T05:11:55+00:00","breadcrumb":{"@id":"https:\/\/infoecos.com.ar\/index.php\/alta-carga-politica-e-ironia-de-leticia-badino-en-mensaje-dirigido-a-fernandez-y-concejales\/#breadcrumb"},"inLanguage":"es","potentialAction":[{"@type":"ReadAction","target":["https:\/\/infoecos.com.ar\/index.php\/alta-carga-politica-e-ironia-de-leticia-badino-en-mensaje-dirigido-a-fernandez-y-concejales\/"]}]},{"@type":"ImageObject","inLanguage":"es","@id":"https:\/\/infoecos.com.ar\/index.php\/alta-carga-politica-e-ironia-de-leticia-badino-en-mensaje-dirigido-a-fernandez-y-concejales\/#primaryimage","url":"https:\/\/infoecos.com.ar\/wp-content\/uploads\/2022\/05\/badinoleticia.jpg","contentUrl":"https:\/\/infoecos.com.ar\/wp-content\/uploads\/2022\/05\/badinoleticia.jpg","width":1173,"height":880},{"@type":"BreadcrumbList","@id":"https:\/\/infoecos.com.ar\/index.php\/alta-carga-politica-e-ironia-de-leticia-badino-en-mensaje-dirigido-a-fernandez-y-concejales\/#breadcrumb","itemListElement":[{"@type":"ListItem","position":1,"name":"Portada","item":"https:\/\/infoecos.com.ar\/"},{"@type":"ListItem","position":2,"name":"Carga pol\u00edtica e iron\u00edas de Leticia Badino, en mensaje dirigido a Fern\u00e1ndez y concejales"}]},{"@type":"WebSite","@id":"https:\/\/infoecos.com.ar\/#website","url":"https:\/\/infoecos.com.ar\/","name":"Infoecos","description":"Noticias de trenque lauquen y la zona","publisher":{"@id":"https:\/\/infoecos.com.ar\/#organization"},"alternateName":"Noticias","potentialAction":[{"@type":"SearchAction","target":{"@type":"EntryPoint","urlTemplate":"https:\/\/infoecos.com.ar\/?s={search_term_string}"},"query-input":{"@type":"PropertyValueSpecification","valueRequired":true,"valueName":"search_term_string"}}],"inLanguage":"es"},{"@type":"Organization","@id":"https:\/\/infoecos.com.ar\/#organization","name":"Infoecos","alternateName":"Noticias","url":"https:\/\/infoecos.com.ar\/","logo":{"@type":"ImageObject","inLanguage":"es","@id":"https:\/\/infoecos.com.ar\/#\/schema\/logo\/image\/","url":"https:\/\/infoecos.com.ar\/wp-content\/uploads\/2024\/03\/cropped-logo.png","contentUrl":"https:\/\/infoecos.com.ar\/wp-content\/uploads\/2024\/03\/cropped-logo.png","width":374,"height":90,"caption":"Infoecos"},"image":{"@id":"https:\/\/infoecos.com.ar\/#\/schema\/logo\/image\/"},"sameAs":["https:\/\/www.facebook.com\/profile.php?id=100063200290284","https:\/\/x.com\/infoecos"]},{"@type":"Person","@id":"https:\/\/infoecos.com.ar\/#\/schema\/person\/8f5ace5ce73b4b4aac4b7245aee6f191","name":"Jorge Matheus","url":"https:\/\/infoecos.com.ar\/index.php\/author\/jomatheus\/"}]}},"featured_image_urls":{"full":["https:\/\/infoecos.com.ar\/wp-content\/uploads\/2022\/05\/badinoleticia.jpg",1173,880,false],"thumbnail":["https:\/\/infoecos.com.ar\/wp-content\/uploads\/2022\/05\/badinoleticia-150x150.jpg",150,150,true],"medium":["https:\/\/infoecos.com.ar\/wp-content\/uploads\/2022\/05\/badinoleticia-460x345.jpg",460,345,true],"medium_large":["https:\/\/infoecos.com.ar\/wp-content\/uploads\/2022\/05\/badinoleticia-768x576.jpg",640,480,true],"large":["https:\/\/infoecos.com.ar\/wp-content\/uploads\/2022\/05\/badinoleticia-920x690.jpg",640,480,true],"1536x1536":["https:\/\/infoecos.com.ar\/wp-content\/uploads\/2022\/05\/badinoleticia.jpg",1173,880,false],"2048x2048":["https:\/\/infoecos.com.ar\/wp-content\/uploads\/2022\/05\/badinoleticia.jpg",1173,880,false],"covernews-slider-full":["https:\/\/infoecos.com.ar\/wp-content\/uploads\/2022\/05\/badinoleticia.jpg",953,715,false],"covernews-slider-center":["https:\/\/infoecos.com.ar\/wp-content\/uploads\/2022\/05\/badinoleticia-936x880.jpg",532,500,true],"covernews-featured":["https:\/\/infoecos.com.ar\/wp-content\/uploads\/2022\/05\/badinoleticia-1024x768.jpg",1024,768,true],"covernews-medium":["https:\/\/infoecos.com.ar\/wp-content\/uploads\/2022\/05\/badinoleticia-720x380.jpg",540,285,true],"covernews-medium-square":["https:\/\/infoecos.com.ar\/wp-content\/uploads\/2022\/05\/badinoleticia-675x450.jpg",375,250,true]},"author_info":{"info":["Jorge Matheus"]},"category_info":"<a href=\"https:\/\/infoecos.com.ar\/index.php\/category\/inferior5\/\" rel=\"category tag\">Bloque inferior - 5<\/a>","tag_info":"Bloque inferior - 5","comment_count":"0","_links":{"self":[{"href":"https:\/\/infoecos.com.ar\/index.php\/wp-json\/wp\/v2\/posts\/99600"}],"collection":[{"href":"https:\/\/infoecos.com.ar\/index.php\/wp-json\/wp\/v2\/posts"}],"about":[{"href":"https:\/\/infoecos.com.ar\/index.php\/wp-json\/wp\/v2\/types\/post"}],"author":[{"embeddable":true,"href":"https:\/\/infoecos.com.ar\/index.php\/wp-json\/wp\/v2\/users\/2"}],"replies":[{"embeddable":true,"href":"https:\/\/infoecos.com.ar\/index.php\/wp-json\/wp\/v2\/comments?post=99600"}],"version-history":[{"count":2,"href":"https:\/\/infoecos.com.ar\/index.php\/wp-json\/wp\/v2\/posts\/99600\/revisions"}],"predecessor-version":[{"id":99677,"href":"https:\/\/infoecos.com.ar\/index.php\/wp-json\/wp\/v2\/posts\/99600\/revisions\/99677"}],"wp:featuredmedia":[{"embeddable":true,"href":"https:\/\/infoecos.com.ar\/index.php\/wp-json\/wp\/v2\/media\/92904"}],"wp:attachment":[{"href":"https:\/\/infoecos.com.ar\/index.php\/wp-json\/wp\/v2\/media?parent=99600"}],"wp:term":[{"taxonomy":"category","embeddable":true,"href":"https:\/\/infoecos.com.ar\/index.php\/wp-json\/wp\/v2\/categories?post=99600"},{"taxonomy":"post_tag","embeddable":true,"href":"https:\/\/infoecos.com.ar\/index.php\/wp-json\/wp\/v2\/tags?post=99600"}],"curies":[{"name":"wp","href":"https:\/\/api.w.org\/{rel}","templated":true}]}}