{"id":99602,"date":"2023-01-05T02:27:37","date_gmt":"2023-01-05T05:27:37","guid":{"rendered":"https:\/\/infoecos.com.ar\/?p=99602"},"modified":"2023-01-09T02:14:13","modified_gmt":"2023-01-09T05:14:13","slug":"emilio-monzo-participo-de-una-reunion-y-cena-con-dirigentes-de-una-amplia-region","status":"publish","type":"post","link":"https:\/\/infoecos.com.ar\/index.php\/emilio-monzo-participo-de-una-reunion-y-cena-con-dirigentes-de-una-amplia-region\/","title":{"rendered":"Emilio Monz\u00f3 particip\u00f3 de una reuni\u00f3n y cena con dirigentes de amplia regi\u00f3n"},"content":{"rendered":"\n<figure class=\"wp-block-image size-large\"><img loading=\"lazy\" decoding=\"async\" width=\"1600\" height=\"900\" src=\"https:\/\/infoecos.com.ar\/wp-content\/uploads\/2023\/01\/image-6-1600x900.png\" alt=\"\" class=\"wp-image-99604\" srcset=\"https:\/\/infoecos.com.ar\/wp-content\/uploads\/2023\/01\/image-6-1600x900.png 1600w, https:\/\/infoecos.com.ar\/wp-content\/uploads\/2023\/01\/image-6-800x450.png 800w, https:\/\/infoecos.com.ar\/wp-content\/uploads\/2023\/01\/image-6-768x432.png 768w, https:\/\/infoecos.com.ar\/wp-content\/uploads\/2023\/01\/image-6-1536x864.png 1536w, https:\/\/infoecos.com.ar\/wp-content\/uploads\/2023\/01\/image-6-1024x576.png 1024w, https:\/\/infoecos.com.ar\/wp-content\/uploads\/2023\/01\/image-6.png 1920w\" sizes=\"(max-width: 1600px) 100vw, 1600px\" \/><\/figure>\n\n\n\n<p><strong>La informaci\u00f3n publicada por Buil en Instagram<\/strong> <strong>y Facebook<\/strong><\/p>\n\n\n\n<p>En la noche de este martes llevamos adelante en Am\u00e9rica una cena con dirigentes pol\u00edticos del interior bonaerense, con quienes compartimos el modelo de provincia y pa\u00eds que queremos, y por el que trabajaremos con el fin de producir transformaciones cuando volvamos a ser gobierno en diciembre de este a\u00f1o.<\/p>\n\n\n\n<p>Del encuentro, que es la continuidad de otros que llevamos adelante a\u00f1os anteriores, fueron parte el diputado nacional Emilio Monz\u00f3, los intendentes Javier Reynoso (Rivadavia), Franco Flexas (General Viamonte), Nahuel Mittelbach (Florentino Ameghino), Miguel Fern\u00e1ndez (Trenque Lauquen), Guillermo Pacheco (Pellegrini) y Mart\u00edn Randazzo (General La Madrid), la senadora y vicepresidenta de la UCR bonaerense, \u00c9rica Revilla, y el concejal y referente de la UCR en Nueve de Julio, Nacho Palacios. Tambi\u00e9n asisti\u00f3 el ex intendente de Florentino Ameghino, Calixto Tellechea, y dem\u00e1s referentes pol\u00edticos.<\/p>\n\n\n\n<p>Coincidimos en la importancia de profundizar el di\u00e1logo entre todas las fuerzas que componen Juntos, entendiendo que para solucionar los graves problemas que hoy tiene nuestro pa\u00eds se necesita de amplios consensos que garanticen la continuidad de las pol\u00edticas p\u00fablicas que se tomen. Para eso es fundamental el valor del territorio y el rol del radicalismo con la fuerza de sus intendentes.<\/p>\n\n\n\n<p>Les agradezco a Emilio que nunca pierde la relaci\u00f3n con lo local y a cada uno de los dirigentes que aceptaron la invitaci\u00f3n y se acercaron hasta Am\u00e9rica. Seguiremos dialogando comprometi\u00e9ndonos a realizar acciones conjuntas que nos permitan estar m\u00e1s cerca de los vecinos y generar cambios virtuosos.<\/p>\n","protected":false},"excerpt":{"rendered":"<p>Esltuvieron los intendentes Javier Reynoso (Rivadavia), Franco Flexas (General Viamonte), Nahuel Mittelbach (Florentino Ameghino), Miguel Fern\u00e1ndez (Trenque Lauquen), Guillermo Pacheco (Pellegrini) y Mart\u00edn Randazzo (General La Madrid), la senadora y vicepresidenta de la UCR bonaerense, \u00c9rica Revilla, y el concejal y referente de la UCR en Nueve de Julio, Nacho Palacios. Tambi\u00e9n asisti\u00f3 el ex intendente de Florentino Ameghino, Calixto Tellechea<\/p>\n","protected":false},"author":2,"featured_media":99605,"comment_status":"closed","ping_status":"open","sticky":false,"template":"","format":"standard","meta":{"footnotes":""},"categories":[44],"tags":[7014],"class_list":["post-99602","post","type-post","status-publish","format-standard","has-post-thumbnail","hentry","category-inferior5","tag-en-america"],"yoast_head":"<!-- This site is optimized with the Yoast SEO plugin v23.4 - https:\/\/yoast.com\/wordpress\/plugins\/seo\/ -->\n<title>Emilio Monz\u00f3 particip\u00f3 de una reuni\u00f3n y cena con dirigentes de amplia regi\u00f3n - Infoecos<\/title>\n<meta name=\"robots\" content=\"index, follow, max-snippet:-1, max-image-preview:large, max-video-preview:-1\" \/>\n<link rel=\"canonical\" href=\"https:\/\/infoecos.com.ar\/index.php\/emilio-monzo-participo-de-una-reunion-y-cena-con-dirigentes-de-una-amplia-region\/\" \/>\n<meta property=\"og:locale\" content=\"es_ES\" \/>\n<meta property=\"og:type\" content=\"article\" \/>\n<meta property=\"og:title\" content=\"Emilio Monz\u00f3 particip\u00f3 de una reuni\u00f3n y cena con dirigentes de amplia regi\u00f3n - Infoecos\" \/>\n<meta property=\"og:description\" content=\"Esltuvieron los intendentes Javier Reynoso (Rivadavia), Franco Flexas (General Viamonte), Nahuel Mittelbach (Florentino Ameghino), Miguel Fern\u00e1ndez (Trenque Lauquen), Guillermo Pacheco (Pellegrini) y Mart\u00edn Randazzo (General La Madrid), la senadora y vicepresidenta de la UCR bonaerense, \u00c9rica Revilla, y el concejal y referente de la UCR en Nueve de Julio, Nacho Palacios. Tambi\u00e9n asisti\u00f3 el ex intendente de Florentino Ameghino, Calixto Tellechea\" \/>\n<meta property=\"og:url\" content=\"https:\/\/infoecos.com.ar\/index.php\/emilio-monzo-participo-de-una-reunion-y-cena-con-dirigentes-de-una-amplia-region\/\" \/>\n<meta property=\"og:site_name\" content=\"Infoecos\" \/>\n<meta property=\"article:publisher\" content=\"https:\/\/www.facebook.com\/profile.php?id=100063200290284\" \/>\n<meta property=\"article:published_time\" content=\"2023-01-05T05:27:37+00:00\" \/>\n<meta property=\"article:modified_time\" content=\"2023-01-09T05:14:13+00:00\" \/>\n<meta property=\"og:image\" content=\"https:\/\/infoecos.com.ar\/wp-content\/uploads\/2023\/01\/321792361_1698106837253477_1045424978460106933_n.jpg\" \/>\n\t<meta property=\"og:image:width\" content=\"1024\" \/>\n\t<meta property=\"og:image:height\" content=\"768\" \/>\n\t<meta property=\"og:image:type\" content=\"image\/jpeg\" \/>\n<meta name=\"author\" content=\"Jorge Matheus\" \/>\n<meta name=\"twitter:card\" content=\"summary_large_image\" \/>\n<meta name=\"twitter:creator\" content=\"@infoecos\" \/>\n<meta name=\"twitter:site\" content=\"@infoecos\" \/>\n<meta name=\"twitter:label1\" content=\"Escrito por\" \/>\n\t<meta name=\"twitter:data1\" content=\"Jorge Matheus\" \/>\n\t<meta name=\"twitter:label2\" content=\"Tiempo de lectura\" \/>\n\t<meta name=\"twitter:data2\" content=\"2 minutos\" \/>\n<script type=\"application\/ld+json\" class=\"yoast-schema-graph\">{\"@context\":\"https:\/\/schema.org\",\"@graph\":[{\"@type\":\"Article\",\"@id\":\"https:\/\/infoecos.com.ar\/index.php\/emilio-monzo-participo-de-una-reunion-y-cena-con-dirigentes-de-una-amplia-region\/#article\",\"isPartOf\":{\"@id\":\"https:\/\/infoecos.com.ar\/index.php\/emilio-monzo-participo-de-una-reunion-y-cena-con-dirigentes-de-una-amplia-region\/\"},\"author\":{\"name\":\"Jorge Matheus\",\"@id\":\"https:\/\/infoecos.com.ar\/#\/schema\/person\/8f5ace5ce73b4b4aac4b7245aee6f191\"},\"headline\":\"Emilio Monz\u00f3 particip\u00f3 de una reuni\u00f3n y cena con dirigentes de amplia regi\u00f3n\",\"datePublished\":\"2023-01-05T05:27:37+00:00\",\"dateModified\":\"2023-01-09T05:14:13+00:00\",\"mainEntityOfPage\":{\"@id\":\"https:\/\/infoecos.com.ar\/index.php\/emilio-monzo-participo-de-una-reunion-y-cena-con-dirigentes-de-una-amplia-region\/\"},\"wordCount\":288,\"publisher\":{\"@id\":\"https:\/\/infoecos.com.ar\/#organization\"},\"image\":{\"@id\":\"https:\/\/infoecos.com.ar\/index.php\/emilio-monzo-participo-de-una-reunion-y-cena-con-dirigentes-de-una-amplia-region\/#primaryimage\"},\"thumbnailUrl\":\"https:\/\/infoecos.com.ar\/wp-content\/uploads\/2023\/01\/321792361_1698106837253477_1045424978460106933_n.jpg\",\"keywords\":[\"en am\u00e9rica\"],\"articleSection\":[\"Bloque inferior - 5\"],\"inLanguage\":\"es\"},{\"@type\":\"WebPage\",\"@id\":\"https:\/\/infoecos.com.ar\/index.php\/emilio-monzo-participo-de-una-reunion-y-cena-con-dirigentes-de-una-amplia-region\/\",\"url\":\"https:\/\/infoecos.com.ar\/index.php\/emilio-monzo-participo-de-una-reunion-y-cena-con-dirigentes-de-una-amplia-region\/\",\"name\":\"Emilio Monz\u00f3 particip\u00f3 de una reuni\u00f3n y cena con dirigentes de amplia regi\u00f3n - Infoecos\",\"isPartOf\":{\"@id\":\"https:\/\/infoecos.com.ar\/#website\"},\"primaryImageOfPage\":{\"@id\":\"https:\/\/infoecos.com.ar\/index.php\/emilio-monzo-participo-de-una-reunion-y-cena-con-dirigentes-de-una-amplia-region\/#primaryimage\"},\"image\":{\"@id\":\"https:\/\/infoecos.com.ar\/index.php\/emilio-monzo-participo-de-una-reunion-y-cena-con-dirigentes-de-una-amplia-region\/#primaryimage\"},\"thumbnailUrl\":\"https:\/\/infoecos.com.ar\/wp-content\/uploads\/2023\/01\/321792361_1698106837253477_1045424978460106933_n.jpg\",\"datePublished\":\"2023-01-05T05:27:37+00:00\",\"dateModified\":\"2023-01-09T05:14:13+00:00\",\"breadcrumb\":{\"@id\":\"https:\/\/infoecos.com.ar\/index.php\/emilio-monzo-participo-de-una-reunion-y-cena-con-dirigentes-de-una-amplia-region\/#breadcrumb\"},\"inLanguage\":\"es\",\"potentialAction\":[{\"@type\":\"ReadAction\",\"target\":[\"https:\/\/infoecos.com.ar\/index.php\/emilio-monzo-participo-de-una-reunion-y-cena-con-dirigentes-de-una-amplia-region\/\"]}]},{\"@type\":\"ImageObject\",\"inLanguage\":\"es\",\"@id\":\"https:\/\/infoecos.com.ar\/index.php\/emilio-monzo-participo-de-una-reunion-y-cena-con-dirigentes-de-una-amplia-region\/#primaryimage\",\"url\":\"https:\/\/infoecos.com.ar\/wp-content\/uploads\/2023\/01\/321792361_1698106837253477_1045424978460106933_n.jpg\",\"contentUrl\":\"https:\/\/infoecos.com.ar\/wp-content\/uploads\/2023\/01\/321792361_1698106837253477_1045424978460106933_n.jpg\",\"width\":1024,\"height\":768},{\"@type\":\"BreadcrumbList\",\"@id\":\"https:\/\/infoecos.com.ar\/index.php\/emilio-monzo-participo-de-una-reunion-y-cena-con-dirigentes-de-una-amplia-region\/#breadcrumb\",\"itemListElement\":[{\"@type\":\"ListItem\",\"position\":1,\"name\":\"Portada\",\"item\":\"https:\/\/infoecos.com.ar\/\"},{\"@type\":\"ListItem\",\"position\":2,\"name\":\"Emilio Monz\u00f3 particip\u00f3 de una reuni\u00f3n y cena con dirigentes de amplia regi\u00f3n\"}]},{\"@type\":\"WebSite\",\"@id\":\"https:\/\/infoecos.com.ar\/#website\",\"url\":\"https:\/\/infoecos.com.ar\/\",\"name\":\"Infoecos\",\"description\":\"Noticias de trenque lauquen y la zona\",\"publisher\":{\"@id\":\"https:\/\/infoecos.com.ar\/#organization\"},\"alternateName\":\"Noticias\",\"potentialAction\":[{\"@type\":\"SearchAction\",\"target\":{\"@type\":\"EntryPoint\",\"urlTemplate\":\"https:\/\/infoecos.com.ar\/?s={search_term_string}\"},\"query-input\":{\"@type\":\"PropertyValueSpecification\",\"valueRequired\":true,\"valueName\":\"search_term_string\"}}],\"inLanguage\":\"es\"},{\"@type\":\"Organization\",\"@id\":\"https:\/\/infoecos.com.ar\/#organization\",\"name\":\"Infoecos\",\"alternateName\":\"Noticias\",\"url\":\"https:\/\/infoecos.com.ar\/\",\"logo\":{\"@type\":\"ImageObject\",\"inLanguage\":\"es\",\"@id\":\"https:\/\/infoecos.com.ar\/#\/schema\/logo\/image\/\",\"url\":\"https:\/\/infoecos.com.ar\/wp-content\/uploads\/2024\/03\/cropped-logo.png\",\"contentUrl\":\"https:\/\/infoecos.com.ar\/wp-content\/uploads\/2024\/03\/cropped-logo.png\",\"width\":374,\"height\":90,\"caption\":\"Infoecos\"},\"image\":{\"@id\":\"https:\/\/infoecos.com.ar\/#\/schema\/logo\/image\/\"},\"sameAs\":[\"https:\/\/www.facebook.com\/profile.php?id=100063200290284\",\"https:\/\/x.com\/infoecos\"]},{\"@type\":\"Person\",\"@id\":\"https:\/\/infoecos.com.ar\/#\/schema\/person\/8f5ace5ce73b4b4aac4b7245aee6f191\",\"name\":\"Jorge Matheus\",\"url\":\"https:\/\/infoecos.com.ar\/index.php\/author\/jomatheus\/\"}]}<\/script>\n<!-- \/ Yoast SEO plugin. -->","yoast_head_json":{"title":"Emilio Monz\u00f3 particip\u00f3 de una reuni\u00f3n y cena con dirigentes de amplia regi\u00f3n - Infoecos","robots":{"index":"index","follow":"follow","max-snippet":"max-snippet:-1","max-image-preview":"max-image-preview:large","max-video-preview":"max-video-preview:-1"},"canonical":"https:\/\/infoecos.com.ar\/index.php\/emilio-monzo-participo-de-una-reunion-y-cena-con-dirigentes-de-una-amplia-region\/","og_locale":"es_ES","og_type":"article","og_title":"Emilio Monz\u00f3 particip\u00f3 de una reuni\u00f3n y cena con dirigentes de amplia regi\u00f3n - Infoecos","og_description":"Esltuvieron los intendentes Javier Reynoso (Rivadavia), Franco Flexas (General Viamonte), Nahuel Mittelbach (Florentino Ameghino), Miguel Fern\u00e1ndez (Trenque Lauquen), Guillermo Pacheco (Pellegrini) y Mart\u00edn Randazzo (General La Madrid), la senadora y vicepresidenta de la UCR bonaerense, \u00c9rica Revilla, y el concejal y referente de la UCR en Nueve de Julio, Nacho Palacios. Tambi\u00e9n asisti\u00f3 el ex intendente de Florentino Ameghino, Calixto Tellechea","og_url":"https:\/\/infoecos.com.ar\/index.php\/emilio-monzo-participo-de-una-reunion-y-cena-con-dirigentes-de-una-amplia-region\/","og_site_name":"Infoecos","article_publisher":"https:\/\/www.facebook.com\/profile.php?id=100063200290284","article_published_time":"2023-01-05T05:27:37+00:00","article_modified_time":"2023-01-09T05:14:13+00:00","og_image":[{"width":1024,"height":768,"url":"https:\/\/infoecos.com.ar\/wp-content\/uploads\/2023\/01\/321792361_1698106837253477_1045424978460106933_n.jpg","type":"image\/jpeg"}],"author":"Jorge Matheus","twitter_card":"summary_large_image","twitter_creator":"@infoecos","twitter_site":"@infoecos","twitter_misc":{"Escrito por":"Jorge Matheus","Tiempo de lectura":"2 minutos"},"schema":{"@context":"https:\/\/schema.org","@graph":[{"@type":"Article","@id":"https:\/\/infoecos.com.ar\/index.php\/emilio-monzo-participo-de-una-reunion-y-cena-con-dirigentes-de-una-amplia-region\/#article","isPartOf":{"@id":"https:\/\/infoecos.com.ar\/index.php\/emilio-monzo-participo-de-una-reunion-y-cena-con-dirigentes-de-una-amplia-region\/"},"author":{"name":"Jorge Matheus","@id":"https:\/\/infoecos.com.ar\/#\/schema\/person\/8f5ace5ce73b4b4aac4b7245aee6f191"},"headline":"Emilio Monz\u00f3 particip\u00f3 de una reuni\u00f3n y cena con dirigentes de amplia regi\u00f3n","datePublished":"2023-01-05T05:27:37+00:00","dateModified":"2023-01-09T05:14:13+00:00","mainEntityOfPage":{"@id":"https:\/\/infoecos.com.ar\/index.php\/emilio-monzo-participo-de-una-reunion-y-cena-con-dirigentes-de-una-amplia-region\/"},"wordCount":288,"publisher":{"@id":"https:\/\/infoecos.com.ar\/#organization"},"image":{"@id":"https:\/\/infoecos.com.ar\/index.php\/emilio-monzo-participo-de-una-reunion-y-cena-con-dirigentes-de-una-amplia-region\/#primaryimage"},"thumbnailUrl":"https:\/\/infoecos.com.ar\/wp-content\/uploads\/2023\/01\/321792361_1698106837253477_1045424978460106933_n.jpg","keywords":["en am\u00e9rica"],"articleSection":["Bloque inferior - 5"],"inLanguage":"es"},{"@type":"WebPage","@id":"https:\/\/infoecos.com.ar\/index.php\/emilio-monzo-participo-de-una-reunion-y-cena-con-dirigentes-de-una-amplia-region\/","url":"https:\/\/infoecos.com.ar\/index.php\/emilio-monzo-participo-de-una-reunion-y-cena-con-dirigentes-de-una-amplia-region\/","name":"Emilio Monz\u00f3 particip\u00f3 de una reuni\u00f3n y cena con dirigentes de amplia regi\u00f3n - Infoecos","isPartOf":{"@id":"https:\/\/infoecos.com.ar\/#website"},"primaryImageOfPage":{"@id":"https:\/\/infoecos.com.ar\/index.php\/emilio-monzo-participo-de-una-reunion-y-cena-con-dirigentes-de-una-amplia-region\/#primaryimage"},"image":{"@id":"https:\/\/infoecos.com.ar\/index.php\/emilio-monzo-participo-de-una-reunion-y-cena-con-dirigentes-de-una-amplia-region\/#primaryimage"},"thumbnailUrl":"https:\/\/infoecos.com.ar\/wp-content\/uploads\/2023\/01\/321792361_1698106837253477_1045424978460106933_n.jpg","datePublished":"2023-01-05T05:27:37+00:00","dateModified":"2023-01-09T05:14:13+00:00","breadcrumb":{"@id":"https:\/\/infoecos.com.ar\/index.php\/emilio-monzo-participo-de-una-reunion-y-cena-con-dirigentes-de-una-amplia-region\/#breadcrumb"},"inLanguage":"es","potentialAction":[{"@type":"ReadAction","target":["https:\/\/infoecos.com.ar\/index.php\/emilio-monzo-participo-de-una-reunion-y-cena-con-dirigentes-de-una-amplia-region\/"]}]},{"@type":"ImageObject","inLanguage":"es","@id":"https:\/\/infoecos.com.ar\/index.php\/emilio-monzo-participo-de-una-reunion-y-cena-con-dirigentes-de-una-amplia-region\/#primaryimage","url":"https:\/\/infoecos.com.ar\/wp-content\/uploads\/2023\/01\/321792361_1698106837253477_1045424978460106933_n.jpg","contentUrl":"https:\/\/infoecos.com.ar\/wp-content\/uploads\/2023\/01\/321792361_1698106837253477_1045424978460106933_n.jpg","width":1024,"height":768},{"@type":"BreadcrumbList","@id":"https:\/\/infoecos.com.ar\/index.php\/emilio-monzo-participo-de-una-reunion-y-cena-con-dirigentes-de-una-amplia-region\/#breadcrumb","itemListElement":[{"@type":"ListItem","position":1,"name":"Portada","item":"https:\/\/infoecos.com.ar\/"},{"@type":"ListItem","position":2,"name":"Emilio Monz\u00f3 particip\u00f3 de una reuni\u00f3n y cena con dirigentes de amplia regi\u00f3n"}]},{"@type":"WebSite","@id":"https:\/\/infoecos.com.ar\/#website","url":"https:\/\/infoecos.com.ar\/","name":"Infoecos","description":"Noticias de trenque lauquen y la zona","publisher":{"@id":"https:\/\/infoecos.com.ar\/#organization"},"alternateName":"Noticias","potentialAction":[{"@type":"SearchAction","target":{"@type":"EntryPoint","urlTemplate":"https:\/\/infoecos.com.ar\/?s={search_term_string}"},"query-input":{"@type":"PropertyValueSpecification","valueRequired":true,"valueName":"search_term_string"}}],"inLanguage":"es"},{"@type":"Organization","@id":"https:\/\/infoecos.com.ar\/#organization","name":"Infoecos","alternateName":"Noticias","url":"https:\/\/infoecos.com.ar\/","logo":{"@type":"ImageObject","inLanguage":"es","@id":"https:\/\/infoecos.com.ar\/#\/schema\/logo\/image\/","url":"https:\/\/infoecos.com.ar\/wp-content\/uploads\/2024\/03\/cropped-logo.png","contentUrl":"https:\/\/infoecos.com.ar\/wp-content\/uploads\/2024\/03\/cropped-logo.png","width":374,"height":90,"caption":"Infoecos"},"image":{"@id":"https:\/\/infoecos.com.ar\/#\/schema\/logo\/image\/"},"sameAs":["https:\/\/www.facebook.com\/profile.php?id=100063200290284","https:\/\/x.com\/infoecos"]},{"@type":"Person","@id":"https:\/\/infoecos.com.ar\/#\/schema\/person\/8f5ace5ce73b4b4aac4b7245aee6f191","name":"Jorge Matheus","url":"https:\/\/infoecos.com.ar\/index.php\/author\/jomatheus\/"}]}},"featured_image_urls":{"full":["https:\/\/infoecos.com.ar\/wp-content\/uploads\/2023\/01\/321792361_1698106837253477_1045424978460106933_n.jpg",1024,768,false],"thumbnail":["https:\/\/infoecos.com.ar\/wp-content\/uploads\/2023\/01\/321792361_1698106837253477_1045424978460106933_n-300x150.jpg",300,150,true],"medium":["https:\/\/infoecos.com.ar\/wp-content\/uploads\/2023\/01\/321792361_1698106837253477_1045424978460106933_n-800x600.jpg",800,600,true],"medium_large":["https:\/\/infoecos.com.ar\/wp-content\/uploads\/2023\/01\/321792361_1698106837253477_1045424978460106933_n-768x576.jpg",640,480,true],"large":["https:\/\/infoecos.com.ar\/wp-content\/uploads\/2023\/01\/321792361_1698106837253477_1045424978460106933_n.jpg",640,480,false],"1536x1536":["https:\/\/infoecos.com.ar\/wp-content\/uploads\/2023\/01\/321792361_1698106837253477_1045424978460106933_n.jpg",1024,768,false],"2048x2048":["https:\/\/infoecos.com.ar\/wp-content\/uploads\/2023\/01\/321792361_1698106837253477_1045424978460106933_n.jpg",1024,768,false],"covernews-slider-full":["https:\/\/infoecos.com.ar\/wp-content\/uploads\/2023\/01\/321792361_1698106837253477_1045424978460106933_n.jpg",953,715,false],"covernews-slider-center":["https:\/\/infoecos.com.ar\/wp-content\/uploads\/2023\/01\/321792361_1698106837253477_1045424978460106933_n-936x768.jpg",609,500,true],"covernews-featured":["https:\/\/infoecos.com.ar\/wp-content\/uploads\/2023\/01\/321792361_1698106837253477_1045424978460106933_n.jpg",1024,768,false],"covernews-medium":["https:\/\/infoecos.com.ar\/wp-content\/uploads\/2023\/01\/321792361_1698106837253477_1045424978460106933_n-720x380.jpg",540,285,true],"covernews-medium-square":["https:\/\/infoecos.com.ar\/wp-content\/uploads\/2023\/01\/321792361_1698106837253477_1045424978460106933_n-675x450.jpg",375,250,true]},"author_info":{"info":["Jorge Matheus"]},"category_info":"<a href=\"https:\/\/infoecos.com.ar\/index.php\/category\/inferior5\/\" rel=\"category tag\">Bloque inferior - 5<\/a>","tag_info":"Bloque inferior - 5","comment_count":"0","_links":{"self":[{"href":"https:\/\/infoecos.com.ar\/index.php\/wp-json\/wp\/v2\/posts\/99602"}],"collection":[{"href":"https:\/\/infoecos.com.ar\/index.php\/wp-json\/wp\/v2\/posts"}],"about":[{"href":"https:\/\/infoecos.com.ar\/index.php\/wp-json\/wp\/v2\/types\/post"}],"author":[{"embeddable":true,"href":"https:\/\/infoecos.com.ar\/index.php\/wp-json\/wp\/v2\/users\/2"}],"replies":[{"embeddable":true,"href":"https:\/\/infoecos.com.ar\/index.php\/wp-json\/wp\/v2\/comments?post=99602"}],"version-history":[{"count":2,"href":"https:\/\/infoecos.com.ar\/index.php\/wp-json\/wp\/v2\/posts\/99602\/revisions"}],"predecessor-version":[{"id":99624,"href":"https:\/\/infoecos.com.ar\/index.php\/wp-json\/wp\/v2\/posts\/99602\/revisions\/99624"}],"wp:featuredmedia":[{"embeddable":true,"href":"https:\/\/infoecos.com.ar\/index.php\/wp-json\/wp\/v2\/media\/99605"}],"wp:attachment":[{"href":"https:\/\/infoecos.com.ar\/index.php\/wp-json\/wp\/v2\/media?parent=99602"}],"wp:term":[{"taxonomy":"category","embeddable":true,"href":"https:\/\/infoecos.com.ar\/index.php\/wp-json\/wp\/v2\/categories?post=99602"},{"taxonomy":"post_tag","embeddable":true,"href":"https:\/\/infoecos.com.ar\/index.php\/wp-json\/wp\/v2\/tags?post=99602"}],"curies":[{"name":"wp","href":"https:\/\/api.w.org\/{rel}","templated":true}]}}