{"id":99607,"date":"2023-01-05T02:45:53","date_gmt":"2023-01-05T05:45:53","guid":{"rendered":"https:\/\/infoecos.com.ar\/?p=99607"},"modified":"2023-01-09T02:17:17","modified_gmt":"2023-01-09T05:17:17","slug":"ameghino-tiene-dos-intendentes-uno-de-licencia-y-el-otro-el-reemplazo","status":"publish","type":"post","link":"https:\/\/infoecos.com.ar\/index.php\/ameghino-tiene-dos-intendentes-uno-de-licencia-y-el-otro-el-reemplazo\/","title":{"rendered":"Ameghino tiene dos intendentes: Calixto Tellechea y Nahuel Mittelbach"},"content":{"rendered":"\n<p>Ameghino tiene dos intendentes: Calixto Tellechea que, al final, no se ha ido definitivamente del cargo como anunci\u00f3 oportunamente, y Nahuel Mittelbach que asumi\u00f3 en su reemplazo.<\/p>\n\n\n\n<figure class=\"wp-block-image aligncenter size-full\"><img loading=\"lazy\" decoding=\"async\" width=\"696\" height=\"463\" src=\"https:\/\/infoecos.com.ar\/wp-content\/uploads\/2022\/10\/e4a89a60-tellechea_y_nahuel-696x463-1.jpg\" alt=\"\" class=\"wp-image-98454\" srcset=\"https:\/\/infoecos.com.ar\/wp-content\/uploads\/2022\/10\/e4a89a60-tellechea_y_nahuel-696x463-1.jpg 696w, https:\/\/infoecos.com.ar\/wp-content\/uploads\/2022\/10\/e4a89a60-tellechea_y_nahuel-696x463-1-460x306.jpg 460w, https:\/\/infoecos.com.ar\/wp-content\/uploads\/2022\/10\/e4a89a60-tellechea_y_nahuel-696x463-1-675x450.jpg 675w\" sizes=\"(max-width: 696px) 100vw, 696px\" \/><\/figure>\n\n\n\n<p>Tellechea hab\u00eda dejado la funci\u00f3n con la solicitud de una licencia por tres meses. Ahora se sabe que no fue as\u00ed al pedir una extensi\u00f3n de la misma por 30 d\u00edas y gozando de los haberes.<\/p>\n\n\n\n<p>En el sitio labrujulaweb.com.ar se se\u00f1ala que \u00aben la primera sesi\u00f3n del a\u00f1o realizada este martes 3 de enero se presenta un nuevo pedido de licencia del intendente electo, Calixto Tellechea, por 30 d\u00edas m\u00e1s y con goce de sueldo, a\u00fan a sabiendas que el mandatario interino tambi\u00e9n cobra sus haberes\u00bb.<\/p>\n\n\n\n<p>\u201cNosotros no ponemos en tela de juicio la salud del intendente Tellechea ni la cirug\u00eda que debe realizarse, lo que no podemos entender es c\u00f3mo, si se despidi\u00f3 de la funci\u00f3n hasta fin de su mandato y habi\u00e9ndose cumplido la licencia de tres meses, hoy vuelve a solicitar otra. Entendemos \u2013por las expresiones oficiales- que Nahuel Mittelbach debe cumplir la gesti\u00f3n de Tellechea\u201d, expresaron en la sesi\u00f3n los concejales de la oposici\u00f3n.<\/p>\n\n\n\n<p>\u201cEstamos hablando de dos millones de pesos que le cuestan al pueblo de Florentino Ameghino, teniendo en cuenta el hecho de que dos intendentes est\u00e9n cobrando sueldo\u201d, agregaron.<\/p>\n","protected":false},"excerpt":{"rendered":"<p>En el sitio labrujulaweb.com.ar se se\u00f1ala que \u00aben la primera sesi\u00f3n del a\u00f1o realizada este martes 3 de enero se presenta un nuevo pedido de licencia del intendente electo, Calixto Tellechea, por 30 d\u00edas m\u00e1s y con goce de sueldo, a\u00fan a sabiendas que el mandatario interino tambi\u00e9n cobra sus haberes\u00bb<\/p>\n","protected":false},"author":2,"featured_media":98454,"comment_status":"closed","ping_status":"open","sticky":false,"template":"","format":"standard","meta":{"footnotes":""},"categories":[200],"tags":[7015],"class_list":["post-99607","post","type-post","status-publish","format-standard","has-post-thumbnail","hentry","category-inferior8","tag-los-dos-cobran-el-sueldo"],"yoast_head":"<!-- This site is optimized with the Yoast SEO plugin v23.4 - https:\/\/yoast.com\/wordpress\/plugins\/seo\/ -->\n<title>Ameghino tiene dos intendentes: Calixto Tellechea y Nahuel Mittelbach - Infoecos<\/title>\n<meta name=\"robots\" content=\"index, follow, max-snippet:-1, max-image-preview:large, max-video-preview:-1\" \/>\n<link rel=\"canonical\" href=\"https:\/\/infoecos.com.ar\/index.php\/ameghino-tiene-dos-intendentes-uno-de-licencia-y-el-otro-el-reemplazo\/\" \/>\n<meta property=\"og:locale\" content=\"es_ES\" \/>\n<meta property=\"og:type\" content=\"article\" \/>\n<meta property=\"og:title\" content=\"Ameghino tiene dos intendentes: Calixto Tellechea y Nahuel Mittelbach - Infoecos\" \/>\n<meta property=\"og:description\" content=\"En el sitio labrujulaweb.com.ar se se\u00f1ala que &quot;en la primera sesi\u00f3n del a\u00f1o realizada este martes 3 de enero se presenta un nuevo pedido de licencia del intendente electo, Calixto Tellechea, por 30 d\u00edas m\u00e1s y con goce de sueldo, a\u00fan a sabiendas que el mandatario interino tambi\u00e9n cobra sus haberes&quot;\" \/>\n<meta property=\"og:url\" content=\"https:\/\/infoecos.com.ar\/index.php\/ameghino-tiene-dos-intendentes-uno-de-licencia-y-el-otro-el-reemplazo\/\" \/>\n<meta property=\"og:site_name\" content=\"Infoecos\" \/>\n<meta property=\"article:publisher\" content=\"https:\/\/www.facebook.com\/profile.php?id=100063200290284\" \/>\n<meta property=\"article:published_time\" content=\"2023-01-05T05:45:53+00:00\" \/>\n<meta property=\"article:modified_time\" content=\"2023-01-09T05:17:17+00:00\" \/>\n<meta property=\"og:image\" content=\"https:\/\/infoecos.com.ar\/wp-content\/uploads\/2022\/10\/e4a89a60-tellechea_y_nahuel-696x463-1.jpg\" \/>\n\t<meta property=\"og:image:width\" content=\"696\" \/>\n\t<meta property=\"og:image:height\" content=\"463\" \/>\n\t<meta property=\"og:image:type\" content=\"image\/jpeg\" \/>\n<meta name=\"author\" content=\"Jorge Matheus\" \/>\n<meta name=\"twitter:card\" content=\"summary_large_image\" \/>\n<meta name=\"twitter:creator\" content=\"@infoecos\" \/>\n<meta name=\"twitter:site\" content=\"@infoecos\" \/>\n<meta name=\"twitter:label1\" content=\"Escrito por\" \/>\n\t<meta name=\"twitter:data1\" content=\"Jorge Matheus\" \/>\n\t<meta name=\"twitter:label2\" content=\"Tiempo de lectura\" \/>\n\t<meta name=\"twitter:data2\" content=\"2 minutos\" \/>\n<script type=\"application\/ld+json\" class=\"yoast-schema-graph\">{\"@context\":\"https:\/\/schema.org\",\"@graph\":[{\"@type\":\"Article\",\"@id\":\"https:\/\/infoecos.com.ar\/index.php\/ameghino-tiene-dos-intendentes-uno-de-licencia-y-el-otro-el-reemplazo\/#article\",\"isPartOf\":{\"@id\":\"https:\/\/infoecos.com.ar\/index.php\/ameghino-tiene-dos-intendentes-uno-de-licencia-y-el-otro-el-reemplazo\/\"},\"author\":{\"name\":\"Jorge Matheus\",\"@id\":\"https:\/\/infoecos.com.ar\/#\/schema\/person\/8f5ace5ce73b4b4aac4b7245aee6f191\"},\"headline\":\"Ameghino tiene dos intendentes: Calixto Tellechea y Nahuel Mittelbach\",\"datePublished\":\"2023-01-05T05:45:53+00:00\",\"dateModified\":\"2023-01-09T05:17:17+00:00\",\"mainEntityOfPage\":{\"@id\":\"https:\/\/infoecos.com.ar\/index.php\/ameghino-tiene-dos-intendentes-uno-de-licencia-y-el-otro-el-reemplazo\/\"},\"wordCount\":241,\"publisher\":{\"@id\":\"https:\/\/infoecos.com.ar\/#organization\"},\"image\":{\"@id\":\"https:\/\/infoecos.com.ar\/index.php\/ameghino-tiene-dos-intendentes-uno-de-licencia-y-el-otro-el-reemplazo\/#primaryimage\"},\"thumbnailUrl\":\"https:\/\/infoecos.com.ar\/wp-content\/uploads\/2022\/10\/e4a89a60-tellechea_y_nahuel-696x463-1.jpg\",\"keywords\":[\"LOS DOS COBRAN EL SUELDO\"],\"articleSection\":[\"Bloque inferior - 8\"],\"inLanguage\":\"es\"},{\"@type\":\"WebPage\",\"@id\":\"https:\/\/infoecos.com.ar\/index.php\/ameghino-tiene-dos-intendentes-uno-de-licencia-y-el-otro-el-reemplazo\/\",\"url\":\"https:\/\/infoecos.com.ar\/index.php\/ameghino-tiene-dos-intendentes-uno-de-licencia-y-el-otro-el-reemplazo\/\",\"name\":\"Ameghino tiene dos intendentes: Calixto Tellechea y Nahuel Mittelbach - Infoecos\",\"isPartOf\":{\"@id\":\"https:\/\/infoecos.com.ar\/#website\"},\"primaryImageOfPage\":{\"@id\":\"https:\/\/infoecos.com.ar\/index.php\/ameghino-tiene-dos-intendentes-uno-de-licencia-y-el-otro-el-reemplazo\/#primaryimage\"},\"image\":{\"@id\":\"https:\/\/infoecos.com.ar\/index.php\/ameghino-tiene-dos-intendentes-uno-de-licencia-y-el-otro-el-reemplazo\/#primaryimage\"},\"thumbnailUrl\":\"https:\/\/infoecos.com.ar\/wp-content\/uploads\/2022\/10\/e4a89a60-tellechea_y_nahuel-696x463-1.jpg\",\"datePublished\":\"2023-01-05T05:45:53+00:00\",\"dateModified\":\"2023-01-09T05:17:17+00:00\",\"breadcrumb\":{\"@id\":\"https:\/\/infoecos.com.ar\/index.php\/ameghino-tiene-dos-intendentes-uno-de-licencia-y-el-otro-el-reemplazo\/#breadcrumb\"},\"inLanguage\":\"es\",\"potentialAction\":[{\"@type\":\"ReadAction\",\"target\":[\"https:\/\/infoecos.com.ar\/index.php\/ameghino-tiene-dos-intendentes-uno-de-licencia-y-el-otro-el-reemplazo\/\"]}]},{\"@type\":\"ImageObject\",\"inLanguage\":\"es\",\"@id\":\"https:\/\/infoecos.com.ar\/index.php\/ameghino-tiene-dos-intendentes-uno-de-licencia-y-el-otro-el-reemplazo\/#primaryimage\",\"url\":\"https:\/\/infoecos.com.ar\/wp-content\/uploads\/2022\/10\/e4a89a60-tellechea_y_nahuel-696x463-1.jpg\",\"contentUrl\":\"https:\/\/infoecos.com.ar\/wp-content\/uploads\/2022\/10\/e4a89a60-tellechea_y_nahuel-696x463-1.jpg\",\"width\":696,\"height\":463},{\"@type\":\"BreadcrumbList\",\"@id\":\"https:\/\/infoecos.com.ar\/index.php\/ameghino-tiene-dos-intendentes-uno-de-licencia-y-el-otro-el-reemplazo\/#breadcrumb\",\"itemListElement\":[{\"@type\":\"ListItem\",\"position\":1,\"name\":\"Portada\",\"item\":\"https:\/\/infoecos.com.ar\/\"},{\"@type\":\"ListItem\",\"position\":2,\"name\":\"Ameghino tiene dos intendentes: Calixto Tellechea y Nahuel Mittelbach\"}]},{\"@type\":\"WebSite\",\"@id\":\"https:\/\/infoecos.com.ar\/#website\",\"url\":\"https:\/\/infoecos.com.ar\/\",\"name\":\"Infoecos\",\"description\":\"Noticias de trenque lauquen y la zona\",\"publisher\":{\"@id\":\"https:\/\/infoecos.com.ar\/#organization\"},\"alternateName\":\"Noticias\",\"potentialAction\":[{\"@type\":\"SearchAction\",\"target\":{\"@type\":\"EntryPoint\",\"urlTemplate\":\"https:\/\/infoecos.com.ar\/?s={search_term_string}\"},\"query-input\":{\"@type\":\"PropertyValueSpecification\",\"valueRequired\":true,\"valueName\":\"search_term_string\"}}],\"inLanguage\":\"es\"},{\"@type\":\"Organization\",\"@id\":\"https:\/\/infoecos.com.ar\/#organization\",\"name\":\"Infoecos\",\"alternateName\":\"Noticias\",\"url\":\"https:\/\/infoecos.com.ar\/\",\"logo\":{\"@type\":\"ImageObject\",\"inLanguage\":\"es\",\"@id\":\"https:\/\/infoecos.com.ar\/#\/schema\/logo\/image\/\",\"url\":\"https:\/\/infoecos.com.ar\/wp-content\/uploads\/2024\/03\/cropped-logo.png\",\"contentUrl\":\"https:\/\/infoecos.com.ar\/wp-content\/uploads\/2024\/03\/cropped-logo.png\",\"width\":374,\"height\":90,\"caption\":\"Infoecos\"},\"image\":{\"@id\":\"https:\/\/infoecos.com.ar\/#\/schema\/logo\/image\/\"},\"sameAs\":[\"https:\/\/www.facebook.com\/profile.php?id=100063200290284\",\"https:\/\/x.com\/infoecos\"]},{\"@type\":\"Person\",\"@id\":\"https:\/\/infoecos.com.ar\/#\/schema\/person\/8f5ace5ce73b4b4aac4b7245aee6f191\",\"name\":\"Jorge Matheus\",\"url\":\"https:\/\/infoecos.com.ar\/index.php\/author\/jomatheus\/\"}]}<\/script>\n<!-- \/ Yoast SEO plugin. -->","yoast_head_json":{"title":"Ameghino tiene dos intendentes: Calixto Tellechea y Nahuel Mittelbach - Infoecos","robots":{"index":"index","follow":"follow","max-snippet":"max-snippet:-1","max-image-preview":"max-image-preview:large","max-video-preview":"max-video-preview:-1"},"canonical":"https:\/\/infoecos.com.ar\/index.php\/ameghino-tiene-dos-intendentes-uno-de-licencia-y-el-otro-el-reemplazo\/","og_locale":"es_ES","og_type":"article","og_title":"Ameghino tiene dos intendentes: Calixto Tellechea y Nahuel Mittelbach - Infoecos","og_description":"En el sitio labrujulaweb.com.ar se se\u00f1ala que \"en la primera sesi\u00f3n del a\u00f1o realizada este martes 3 de enero se presenta un nuevo pedido de licencia del intendente electo, Calixto Tellechea, por 30 d\u00edas m\u00e1s y con goce de sueldo, a\u00fan a sabiendas que el mandatario interino tambi\u00e9n cobra sus haberes\"","og_url":"https:\/\/infoecos.com.ar\/index.php\/ameghino-tiene-dos-intendentes-uno-de-licencia-y-el-otro-el-reemplazo\/","og_site_name":"Infoecos","article_publisher":"https:\/\/www.facebook.com\/profile.php?id=100063200290284","article_published_time":"2023-01-05T05:45:53+00:00","article_modified_time":"2023-01-09T05:17:17+00:00","og_image":[{"width":696,"height":463,"url":"https:\/\/infoecos.com.ar\/wp-content\/uploads\/2022\/10\/e4a89a60-tellechea_y_nahuel-696x463-1.jpg","type":"image\/jpeg"}],"author":"Jorge Matheus","twitter_card":"summary_large_image","twitter_creator":"@infoecos","twitter_site":"@infoecos","twitter_misc":{"Escrito por":"Jorge Matheus","Tiempo de lectura":"2 minutos"},"schema":{"@context":"https:\/\/schema.org","@graph":[{"@type":"Article","@id":"https:\/\/infoecos.com.ar\/index.php\/ameghino-tiene-dos-intendentes-uno-de-licencia-y-el-otro-el-reemplazo\/#article","isPartOf":{"@id":"https:\/\/infoecos.com.ar\/index.php\/ameghino-tiene-dos-intendentes-uno-de-licencia-y-el-otro-el-reemplazo\/"},"author":{"name":"Jorge Matheus","@id":"https:\/\/infoecos.com.ar\/#\/schema\/person\/8f5ace5ce73b4b4aac4b7245aee6f191"},"headline":"Ameghino tiene dos intendentes: Calixto Tellechea y Nahuel Mittelbach","datePublished":"2023-01-05T05:45:53+00:00","dateModified":"2023-01-09T05:17:17+00:00","mainEntityOfPage":{"@id":"https:\/\/infoecos.com.ar\/index.php\/ameghino-tiene-dos-intendentes-uno-de-licencia-y-el-otro-el-reemplazo\/"},"wordCount":241,"publisher":{"@id":"https:\/\/infoecos.com.ar\/#organization"},"image":{"@id":"https:\/\/infoecos.com.ar\/index.php\/ameghino-tiene-dos-intendentes-uno-de-licencia-y-el-otro-el-reemplazo\/#primaryimage"},"thumbnailUrl":"https:\/\/infoecos.com.ar\/wp-content\/uploads\/2022\/10\/e4a89a60-tellechea_y_nahuel-696x463-1.jpg","keywords":["LOS DOS COBRAN EL SUELDO"],"articleSection":["Bloque inferior - 8"],"inLanguage":"es"},{"@type":"WebPage","@id":"https:\/\/infoecos.com.ar\/index.php\/ameghino-tiene-dos-intendentes-uno-de-licencia-y-el-otro-el-reemplazo\/","url":"https:\/\/infoecos.com.ar\/index.php\/ameghino-tiene-dos-intendentes-uno-de-licencia-y-el-otro-el-reemplazo\/","name":"Ameghino tiene dos intendentes: Calixto Tellechea y Nahuel Mittelbach - Infoecos","isPartOf":{"@id":"https:\/\/infoecos.com.ar\/#website"},"primaryImageOfPage":{"@id":"https:\/\/infoecos.com.ar\/index.php\/ameghino-tiene-dos-intendentes-uno-de-licencia-y-el-otro-el-reemplazo\/#primaryimage"},"image":{"@id":"https:\/\/infoecos.com.ar\/index.php\/ameghino-tiene-dos-intendentes-uno-de-licencia-y-el-otro-el-reemplazo\/#primaryimage"},"thumbnailUrl":"https:\/\/infoecos.com.ar\/wp-content\/uploads\/2022\/10\/e4a89a60-tellechea_y_nahuel-696x463-1.jpg","datePublished":"2023-01-05T05:45:53+00:00","dateModified":"2023-01-09T05:17:17+00:00","breadcrumb":{"@id":"https:\/\/infoecos.com.ar\/index.php\/ameghino-tiene-dos-intendentes-uno-de-licencia-y-el-otro-el-reemplazo\/#breadcrumb"},"inLanguage":"es","potentialAction":[{"@type":"ReadAction","target":["https:\/\/infoecos.com.ar\/index.php\/ameghino-tiene-dos-intendentes-uno-de-licencia-y-el-otro-el-reemplazo\/"]}]},{"@type":"ImageObject","inLanguage":"es","@id":"https:\/\/infoecos.com.ar\/index.php\/ameghino-tiene-dos-intendentes-uno-de-licencia-y-el-otro-el-reemplazo\/#primaryimage","url":"https:\/\/infoecos.com.ar\/wp-content\/uploads\/2022\/10\/e4a89a60-tellechea_y_nahuel-696x463-1.jpg","contentUrl":"https:\/\/infoecos.com.ar\/wp-content\/uploads\/2022\/10\/e4a89a60-tellechea_y_nahuel-696x463-1.jpg","width":696,"height":463},{"@type":"BreadcrumbList","@id":"https:\/\/infoecos.com.ar\/index.php\/ameghino-tiene-dos-intendentes-uno-de-licencia-y-el-otro-el-reemplazo\/#breadcrumb","itemListElement":[{"@type":"ListItem","position":1,"name":"Portada","item":"https:\/\/infoecos.com.ar\/"},{"@type":"ListItem","position":2,"name":"Ameghino tiene dos intendentes: Calixto Tellechea y Nahuel Mittelbach"}]},{"@type":"WebSite","@id":"https:\/\/infoecos.com.ar\/#website","url":"https:\/\/infoecos.com.ar\/","name":"Infoecos","description":"Noticias de trenque lauquen y la zona","publisher":{"@id":"https:\/\/infoecos.com.ar\/#organization"},"alternateName":"Noticias","potentialAction":[{"@type":"SearchAction","target":{"@type":"EntryPoint","urlTemplate":"https:\/\/infoecos.com.ar\/?s={search_term_string}"},"query-input":{"@type":"PropertyValueSpecification","valueRequired":true,"valueName":"search_term_string"}}],"inLanguage":"es"},{"@type":"Organization","@id":"https:\/\/infoecos.com.ar\/#organization","name":"Infoecos","alternateName":"Noticias","url":"https:\/\/infoecos.com.ar\/","logo":{"@type":"ImageObject","inLanguage":"es","@id":"https:\/\/infoecos.com.ar\/#\/schema\/logo\/image\/","url":"https:\/\/infoecos.com.ar\/wp-content\/uploads\/2024\/03\/cropped-logo.png","contentUrl":"https:\/\/infoecos.com.ar\/wp-content\/uploads\/2024\/03\/cropped-logo.png","width":374,"height":90,"caption":"Infoecos"},"image":{"@id":"https:\/\/infoecos.com.ar\/#\/schema\/logo\/image\/"},"sameAs":["https:\/\/www.facebook.com\/profile.php?id=100063200290284","https:\/\/x.com\/infoecos"]},{"@type":"Person","@id":"https:\/\/infoecos.com.ar\/#\/schema\/person\/8f5ace5ce73b4b4aac4b7245aee6f191","name":"Jorge Matheus","url":"https:\/\/infoecos.com.ar\/index.php\/author\/jomatheus\/"}]}},"featured_image_urls":{"full":["https:\/\/infoecos.com.ar\/wp-content\/uploads\/2022\/10\/e4a89a60-tellechea_y_nahuel-696x463-1.jpg",696,463,false],"thumbnail":["https:\/\/infoecos.com.ar\/wp-content\/uploads\/2022\/10\/e4a89a60-tellechea_y_nahuel-696x463-1-150x150.jpg",150,150,true],"medium":["https:\/\/infoecos.com.ar\/wp-content\/uploads\/2022\/10\/e4a89a60-tellechea_y_nahuel-696x463-1-460x306.jpg",460,306,true],"medium_large":["https:\/\/infoecos.com.ar\/wp-content\/uploads\/2022\/10\/e4a89a60-tellechea_y_nahuel-696x463-1.jpg",640,426,false],"large":["https:\/\/infoecos.com.ar\/wp-content\/uploads\/2022\/10\/e4a89a60-tellechea_y_nahuel-696x463-1.jpg",640,426,false],"1536x1536":["https:\/\/infoecos.com.ar\/wp-content\/uploads\/2022\/10\/e4a89a60-tellechea_y_nahuel-696x463-1.jpg",696,463,false],"2048x2048":["https:\/\/infoecos.com.ar\/wp-content\/uploads\/2022\/10\/e4a89a60-tellechea_y_nahuel-696x463-1.jpg",696,463,false],"covernews-slider-full":["https:\/\/infoecos.com.ar\/wp-content\/uploads\/2022\/10\/e4a89a60-tellechea_y_nahuel-696x463-1.jpg",696,463,false],"covernews-slider-center":["https:\/\/infoecos.com.ar\/wp-content\/uploads\/2022\/10\/e4a89a60-tellechea_y_nahuel-696x463-1.jpg",696,463,false],"covernews-featured":["https:\/\/infoecos.com.ar\/wp-content\/uploads\/2022\/10\/e4a89a60-tellechea_y_nahuel-696x463-1.jpg",696,463,false],"covernews-medium":["https:\/\/infoecos.com.ar\/wp-content\/uploads\/2022\/10\/e4a89a60-tellechea_y_nahuel-696x463-1-696x380.jpg",540,295,true],"covernews-medium-square":["https:\/\/infoecos.com.ar\/wp-content\/uploads\/2022\/10\/e4a89a60-tellechea_y_nahuel-696x463-1-675x450.jpg",375,250,true]},"author_info":{"info":["Jorge Matheus"]},"category_info":"<a href=\"https:\/\/infoecos.com.ar\/index.php\/category\/inferior8\/\" rel=\"category tag\">Bloque inferior - 8<\/a>","tag_info":"Bloque inferior - 8","comment_count":"0","_links":{"self":[{"href":"https:\/\/infoecos.com.ar\/index.php\/wp-json\/wp\/v2\/posts\/99607"}],"collection":[{"href":"https:\/\/infoecos.com.ar\/index.php\/wp-json\/wp\/v2\/posts"}],"about":[{"href":"https:\/\/infoecos.com.ar\/index.php\/wp-json\/wp\/v2\/types\/post"}],"author":[{"embeddable":true,"href":"https:\/\/infoecos.com.ar\/index.php\/wp-json\/wp\/v2\/users\/2"}],"replies":[{"embeddable":true,"href":"https:\/\/infoecos.com.ar\/index.php\/wp-json\/wp\/v2\/comments?post=99607"}],"version-history":[{"count":2,"href":"https:\/\/infoecos.com.ar\/index.php\/wp-json\/wp\/v2\/posts\/99607\/revisions"}],"predecessor-version":[{"id":99613,"href":"https:\/\/infoecos.com.ar\/index.php\/wp-json\/wp\/v2\/posts\/99607\/revisions\/99613"}],"wp:featuredmedia":[{"embeddable":true,"href":"https:\/\/infoecos.com.ar\/index.php\/wp-json\/wp\/v2\/media\/98454"}],"wp:attachment":[{"href":"https:\/\/infoecos.com.ar\/index.php\/wp-json\/wp\/v2\/media?parent=99607"}],"wp:term":[{"taxonomy":"category","embeddable":true,"href":"https:\/\/infoecos.com.ar\/index.php\/wp-json\/wp\/v2\/categories?post=99607"},{"taxonomy":"post_tag","embeddable":true,"href":"https:\/\/infoecos.com.ar\/index.php\/wp-json\/wp\/v2\/tags?post=99607"}],"curies":[{"name":"wp","href":"https:\/\/api.w.org\/{rel}","templated":true}]}}