{"id":99662,"date":"2023-01-06T10:27:10","date_gmt":"2023-01-06T13:27:10","guid":{"rendered":"https:\/\/infoecos.com.ar\/?p=99662"},"modified":"2023-01-11T02:10:21","modified_gmt":"2023-01-11T05:10:21","slug":"intiman-al-propietario-del-ex-hotel-el-faro-y-se-descartan-gestiones-de-expropiacion","status":"publish","type":"post","link":"https:\/\/infoecos.com.ar\/index.php\/intiman-al-propietario-del-ex-hotel-el-faro-y-se-descartan-gestiones-de-expropiacion\/","title":{"rendered":"Intiman al propietario del ex Hotel El Faro y se descartan gestiones de expropiaci\u00f3n"},"content":{"rendered":"\n<p>El intendente municipal de Trenque Lauquen, doctor Miguel Fern\u00e1ndez, se puso en contacto con el propietario del inmueble donde funcion\u00f3 el Hotel El Faro y le requiri\u00f3 se tomen medidas de seguridad. Lo hizo luego que se produjeran dos principios de incendio importantes, en los \u00faltimos d\u00edas, que obligaron a la concurrencia de Bomberos Voluntarios.<\/p>\n\n\n\n<figure class=\"wp-block-image aligncenter size-full\"><img loading=\"lazy\" decoding=\"async\" width=\"720\" height=\"408\" src=\"https:\/\/infoecos.com.ar\/wp-content\/uploads\/2023\/01\/elfaro.jpg\" alt=\"\" class=\"wp-image-99559\"\/><\/figure>\n\n\n\n<p>Seg\u00fan manifest\u00f3 el mandatario comunal en declaraciones que formul\u00f3 a AM 1280 y FM 88.5, se le manifest\u00f3 que se tomar\u00e1n medidas en lo inmediato, tendientes a llevar tranquilidad a la poblaci\u00f3n que en buen porcentaje se manifest\u00f3 preocupada por los problemas acontecidos, como as\u00ed tambi\u00e9n por el abandono que registra el lugar. Por otra parte, Fern\u00e1ndez descart\u00f3 ante los interrogantes planteados por oyentes de las emisoras la posibilidad de realizar gestiones para expropiar ese edificio.<\/p>\n\n\n\n<p>Con relaci\u00f3n a este tema, el secretario de Gobierno, Gustavo Marchabalo, confirm\u00f3 a Canal 12 el env\u00edo de una intimaci\u00f3n del municipio al propietario del ex hotel. <\/p>\n","protected":false},"excerpt":{"rendered":"<p>Fern\u00e1ndez descart\u00f3 ante  interrogantes planteados la posibilidad de realizar gestiones para expropiar ese edificio<\/p>\n","protected":false},"author":2,"featured_media":99559,"comment_status":"closed","ping_status":"open","sticky":false,"template":"","format":"standard","meta":{"footnotes":""},"categories":[42],"tags":[7025],"class_list":["post-99662","post","type-post","status-publish","format-standard","has-post-thumbnail","hentry","category-inferior3","tag-fernandez-y-marchabalo"],"yoast_head":"<!-- This site is optimized with the Yoast SEO plugin v23.4 - https:\/\/yoast.com\/wordpress\/plugins\/seo\/ -->\n<title>Intiman al propietario del ex Hotel El Faro y se descartan gestiones de expropiaci\u00f3n - Infoecos<\/title>\n<meta name=\"robots\" content=\"index, follow, max-snippet:-1, max-image-preview:large, max-video-preview:-1\" \/>\n<link rel=\"canonical\" href=\"https:\/\/infoecos.com.ar\/index.php\/intiman-al-propietario-del-ex-hotel-el-faro-y-se-descartan-gestiones-de-expropiacion\/\" \/>\n<meta property=\"og:locale\" content=\"es_ES\" \/>\n<meta property=\"og:type\" content=\"article\" \/>\n<meta property=\"og:title\" content=\"Intiman al propietario del ex Hotel El Faro y se descartan gestiones de expropiaci\u00f3n - Infoecos\" \/>\n<meta property=\"og:description\" content=\"Fern\u00e1ndez descart\u00f3 ante interrogantes planteados la posibilidad de realizar gestiones para expropiar ese edificio\" \/>\n<meta property=\"og:url\" content=\"https:\/\/infoecos.com.ar\/index.php\/intiman-al-propietario-del-ex-hotel-el-faro-y-se-descartan-gestiones-de-expropiacion\/\" \/>\n<meta property=\"og:site_name\" content=\"Infoecos\" \/>\n<meta property=\"article:publisher\" content=\"https:\/\/www.facebook.com\/profile.php?id=100063200290284\" \/>\n<meta property=\"article:published_time\" content=\"2023-01-06T13:27:10+00:00\" \/>\n<meta property=\"article:modified_time\" content=\"2023-01-11T05:10:21+00:00\" \/>\n<meta property=\"og:image\" content=\"https:\/\/infoecos.com.ar\/wp-content\/uploads\/2023\/01\/elfaro.jpg\" \/>\n\t<meta property=\"og:image:width\" content=\"720\" \/>\n\t<meta property=\"og:image:height\" content=\"408\" \/>\n\t<meta property=\"og:image:type\" content=\"image\/jpeg\" \/>\n<meta name=\"author\" content=\"Jorge Matheus\" \/>\n<meta name=\"twitter:card\" content=\"summary_large_image\" \/>\n<meta name=\"twitter:creator\" content=\"@infoecos\" \/>\n<meta name=\"twitter:site\" content=\"@infoecos\" \/>\n<meta name=\"twitter:label1\" content=\"Escrito por\" \/>\n\t<meta name=\"twitter:data1\" content=\"Jorge Matheus\" \/>\n\t<meta name=\"twitter:label2\" content=\"Tiempo de lectura\" \/>\n\t<meta name=\"twitter:data2\" content=\"1 minuto\" \/>\n<script type=\"application\/ld+json\" class=\"yoast-schema-graph\">{\"@context\":\"https:\/\/schema.org\",\"@graph\":[{\"@type\":\"Article\",\"@id\":\"https:\/\/infoecos.com.ar\/index.php\/intiman-al-propietario-del-ex-hotel-el-faro-y-se-descartan-gestiones-de-expropiacion\/#article\",\"isPartOf\":{\"@id\":\"https:\/\/infoecos.com.ar\/index.php\/intiman-al-propietario-del-ex-hotel-el-faro-y-se-descartan-gestiones-de-expropiacion\/\"},\"author\":{\"name\":\"Jorge Matheus\",\"@id\":\"https:\/\/infoecos.com.ar\/#\/schema\/person\/8f5ace5ce73b4b4aac4b7245aee6f191\"},\"headline\":\"Intiman al propietario del ex Hotel El Faro y se descartan gestiones de expropiaci\u00f3n\",\"datePublished\":\"2023-01-06T13:27:10+00:00\",\"dateModified\":\"2023-01-11T05:10:21+00:00\",\"mainEntityOfPage\":{\"@id\":\"https:\/\/infoecos.com.ar\/index.php\/intiman-al-propietario-del-ex-hotel-el-faro-y-se-descartan-gestiones-de-expropiacion\/\"},\"wordCount\":180,\"publisher\":{\"@id\":\"https:\/\/infoecos.com.ar\/#organization\"},\"image\":{\"@id\":\"https:\/\/infoecos.com.ar\/index.php\/intiman-al-propietario-del-ex-hotel-el-faro-y-se-descartan-gestiones-de-expropiacion\/#primaryimage\"},\"thumbnailUrl\":\"https:\/\/infoecos.com.ar\/wp-content\/uploads\/2023\/01\/elfaro.jpg\",\"keywords\":[\"FERN\u00c1NDEZ Y MARCHABALO\"],\"articleSection\":[\"Bloque inferior - 3\"],\"inLanguage\":\"es\"},{\"@type\":\"WebPage\",\"@id\":\"https:\/\/infoecos.com.ar\/index.php\/intiman-al-propietario-del-ex-hotel-el-faro-y-se-descartan-gestiones-de-expropiacion\/\",\"url\":\"https:\/\/infoecos.com.ar\/index.php\/intiman-al-propietario-del-ex-hotel-el-faro-y-se-descartan-gestiones-de-expropiacion\/\",\"name\":\"Intiman al propietario del ex Hotel El Faro y se descartan gestiones de expropiaci\u00f3n - Infoecos\",\"isPartOf\":{\"@id\":\"https:\/\/infoecos.com.ar\/#website\"},\"primaryImageOfPage\":{\"@id\":\"https:\/\/infoecos.com.ar\/index.php\/intiman-al-propietario-del-ex-hotel-el-faro-y-se-descartan-gestiones-de-expropiacion\/#primaryimage\"},\"image\":{\"@id\":\"https:\/\/infoecos.com.ar\/index.php\/intiman-al-propietario-del-ex-hotel-el-faro-y-se-descartan-gestiones-de-expropiacion\/#primaryimage\"},\"thumbnailUrl\":\"https:\/\/infoecos.com.ar\/wp-content\/uploads\/2023\/01\/elfaro.jpg\",\"datePublished\":\"2023-01-06T13:27:10+00:00\",\"dateModified\":\"2023-01-11T05:10:21+00:00\",\"breadcrumb\":{\"@id\":\"https:\/\/infoecos.com.ar\/index.php\/intiman-al-propietario-del-ex-hotel-el-faro-y-se-descartan-gestiones-de-expropiacion\/#breadcrumb\"},\"inLanguage\":\"es\",\"potentialAction\":[{\"@type\":\"ReadAction\",\"target\":[\"https:\/\/infoecos.com.ar\/index.php\/intiman-al-propietario-del-ex-hotel-el-faro-y-se-descartan-gestiones-de-expropiacion\/\"]}]},{\"@type\":\"ImageObject\",\"inLanguage\":\"es\",\"@id\":\"https:\/\/infoecos.com.ar\/index.php\/intiman-al-propietario-del-ex-hotel-el-faro-y-se-descartan-gestiones-de-expropiacion\/#primaryimage\",\"url\":\"https:\/\/infoecos.com.ar\/wp-content\/uploads\/2023\/01\/elfaro.jpg\",\"contentUrl\":\"https:\/\/infoecos.com.ar\/wp-content\/uploads\/2023\/01\/elfaro.jpg\",\"width\":720,\"height\":408},{\"@type\":\"BreadcrumbList\",\"@id\":\"https:\/\/infoecos.com.ar\/index.php\/intiman-al-propietario-del-ex-hotel-el-faro-y-se-descartan-gestiones-de-expropiacion\/#breadcrumb\",\"itemListElement\":[{\"@type\":\"ListItem\",\"position\":1,\"name\":\"Portada\",\"item\":\"https:\/\/infoecos.com.ar\/\"},{\"@type\":\"ListItem\",\"position\":2,\"name\":\"Intiman al propietario del ex Hotel El Faro y se descartan gestiones de expropiaci\u00f3n\"}]},{\"@type\":\"WebSite\",\"@id\":\"https:\/\/infoecos.com.ar\/#website\",\"url\":\"https:\/\/infoecos.com.ar\/\",\"name\":\"Infoecos\",\"description\":\"Noticias de trenque lauquen y la zona\",\"publisher\":{\"@id\":\"https:\/\/infoecos.com.ar\/#organization\"},\"alternateName\":\"Noticias\",\"potentialAction\":[{\"@type\":\"SearchAction\",\"target\":{\"@type\":\"EntryPoint\",\"urlTemplate\":\"https:\/\/infoecos.com.ar\/?s={search_term_string}\"},\"query-input\":{\"@type\":\"PropertyValueSpecification\",\"valueRequired\":true,\"valueName\":\"search_term_string\"}}],\"inLanguage\":\"es\"},{\"@type\":\"Organization\",\"@id\":\"https:\/\/infoecos.com.ar\/#organization\",\"name\":\"Infoecos\",\"alternateName\":\"Noticias\",\"url\":\"https:\/\/infoecos.com.ar\/\",\"logo\":{\"@type\":\"ImageObject\",\"inLanguage\":\"es\",\"@id\":\"https:\/\/infoecos.com.ar\/#\/schema\/logo\/image\/\",\"url\":\"https:\/\/infoecos.com.ar\/wp-content\/uploads\/2024\/03\/cropped-logo.png\",\"contentUrl\":\"https:\/\/infoecos.com.ar\/wp-content\/uploads\/2024\/03\/cropped-logo.png\",\"width\":374,\"height\":90,\"caption\":\"Infoecos\"},\"image\":{\"@id\":\"https:\/\/infoecos.com.ar\/#\/schema\/logo\/image\/\"},\"sameAs\":[\"https:\/\/www.facebook.com\/profile.php?id=100063200290284\",\"https:\/\/x.com\/infoecos\"]},{\"@type\":\"Person\",\"@id\":\"https:\/\/infoecos.com.ar\/#\/schema\/person\/8f5ace5ce73b4b4aac4b7245aee6f191\",\"name\":\"Jorge Matheus\",\"url\":\"https:\/\/infoecos.com.ar\/index.php\/author\/jomatheus\/\"}]}<\/script>\n<!-- \/ Yoast SEO plugin. -->","yoast_head_json":{"title":"Intiman al propietario del ex Hotel El Faro y se descartan gestiones de expropiaci\u00f3n - Infoecos","robots":{"index":"index","follow":"follow","max-snippet":"max-snippet:-1","max-image-preview":"max-image-preview:large","max-video-preview":"max-video-preview:-1"},"canonical":"https:\/\/infoecos.com.ar\/index.php\/intiman-al-propietario-del-ex-hotel-el-faro-y-se-descartan-gestiones-de-expropiacion\/","og_locale":"es_ES","og_type":"article","og_title":"Intiman al propietario del ex Hotel El Faro y se descartan gestiones de expropiaci\u00f3n - Infoecos","og_description":"Fern\u00e1ndez descart\u00f3 ante interrogantes planteados la posibilidad de realizar gestiones para expropiar ese edificio","og_url":"https:\/\/infoecos.com.ar\/index.php\/intiman-al-propietario-del-ex-hotel-el-faro-y-se-descartan-gestiones-de-expropiacion\/","og_site_name":"Infoecos","article_publisher":"https:\/\/www.facebook.com\/profile.php?id=100063200290284","article_published_time":"2023-01-06T13:27:10+00:00","article_modified_time":"2023-01-11T05:10:21+00:00","og_image":[{"width":720,"height":408,"url":"https:\/\/infoecos.com.ar\/wp-content\/uploads\/2023\/01\/elfaro.jpg","type":"image\/jpeg"}],"author":"Jorge Matheus","twitter_card":"summary_large_image","twitter_creator":"@infoecos","twitter_site":"@infoecos","twitter_misc":{"Escrito por":"Jorge Matheus","Tiempo de lectura":"1 minuto"},"schema":{"@context":"https:\/\/schema.org","@graph":[{"@type":"Article","@id":"https:\/\/infoecos.com.ar\/index.php\/intiman-al-propietario-del-ex-hotel-el-faro-y-se-descartan-gestiones-de-expropiacion\/#article","isPartOf":{"@id":"https:\/\/infoecos.com.ar\/index.php\/intiman-al-propietario-del-ex-hotel-el-faro-y-se-descartan-gestiones-de-expropiacion\/"},"author":{"name":"Jorge Matheus","@id":"https:\/\/infoecos.com.ar\/#\/schema\/person\/8f5ace5ce73b4b4aac4b7245aee6f191"},"headline":"Intiman al propietario del ex Hotel El Faro y se descartan gestiones de expropiaci\u00f3n","datePublished":"2023-01-06T13:27:10+00:00","dateModified":"2023-01-11T05:10:21+00:00","mainEntityOfPage":{"@id":"https:\/\/infoecos.com.ar\/index.php\/intiman-al-propietario-del-ex-hotel-el-faro-y-se-descartan-gestiones-de-expropiacion\/"},"wordCount":180,"publisher":{"@id":"https:\/\/infoecos.com.ar\/#organization"},"image":{"@id":"https:\/\/infoecos.com.ar\/index.php\/intiman-al-propietario-del-ex-hotel-el-faro-y-se-descartan-gestiones-de-expropiacion\/#primaryimage"},"thumbnailUrl":"https:\/\/infoecos.com.ar\/wp-content\/uploads\/2023\/01\/elfaro.jpg","keywords":["FERN\u00c1NDEZ Y MARCHABALO"],"articleSection":["Bloque inferior - 3"],"inLanguage":"es"},{"@type":"WebPage","@id":"https:\/\/infoecos.com.ar\/index.php\/intiman-al-propietario-del-ex-hotel-el-faro-y-se-descartan-gestiones-de-expropiacion\/","url":"https:\/\/infoecos.com.ar\/index.php\/intiman-al-propietario-del-ex-hotel-el-faro-y-se-descartan-gestiones-de-expropiacion\/","name":"Intiman al propietario del ex Hotel El Faro y se descartan gestiones de expropiaci\u00f3n - Infoecos","isPartOf":{"@id":"https:\/\/infoecos.com.ar\/#website"},"primaryImageOfPage":{"@id":"https:\/\/infoecos.com.ar\/index.php\/intiman-al-propietario-del-ex-hotel-el-faro-y-se-descartan-gestiones-de-expropiacion\/#primaryimage"},"image":{"@id":"https:\/\/infoecos.com.ar\/index.php\/intiman-al-propietario-del-ex-hotel-el-faro-y-se-descartan-gestiones-de-expropiacion\/#primaryimage"},"thumbnailUrl":"https:\/\/infoecos.com.ar\/wp-content\/uploads\/2023\/01\/elfaro.jpg","datePublished":"2023-01-06T13:27:10+00:00","dateModified":"2023-01-11T05:10:21+00:00","breadcrumb":{"@id":"https:\/\/infoecos.com.ar\/index.php\/intiman-al-propietario-del-ex-hotel-el-faro-y-se-descartan-gestiones-de-expropiacion\/#breadcrumb"},"inLanguage":"es","potentialAction":[{"@type":"ReadAction","target":["https:\/\/infoecos.com.ar\/index.php\/intiman-al-propietario-del-ex-hotel-el-faro-y-se-descartan-gestiones-de-expropiacion\/"]}]},{"@type":"ImageObject","inLanguage":"es","@id":"https:\/\/infoecos.com.ar\/index.php\/intiman-al-propietario-del-ex-hotel-el-faro-y-se-descartan-gestiones-de-expropiacion\/#primaryimage","url":"https:\/\/infoecos.com.ar\/wp-content\/uploads\/2023\/01\/elfaro.jpg","contentUrl":"https:\/\/infoecos.com.ar\/wp-content\/uploads\/2023\/01\/elfaro.jpg","width":720,"height":408},{"@type":"BreadcrumbList","@id":"https:\/\/infoecos.com.ar\/index.php\/intiman-al-propietario-del-ex-hotel-el-faro-y-se-descartan-gestiones-de-expropiacion\/#breadcrumb","itemListElement":[{"@type":"ListItem","position":1,"name":"Portada","item":"https:\/\/infoecos.com.ar\/"},{"@type":"ListItem","position":2,"name":"Intiman al propietario del ex Hotel El Faro y se descartan gestiones de expropiaci\u00f3n"}]},{"@type":"WebSite","@id":"https:\/\/infoecos.com.ar\/#website","url":"https:\/\/infoecos.com.ar\/","name":"Infoecos","description":"Noticias de trenque lauquen y la zona","publisher":{"@id":"https:\/\/infoecos.com.ar\/#organization"},"alternateName":"Noticias","potentialAction":[{"@type":"SearchAction","target":{"@type":"EntryPoint","urlTemplate":"https:\/\/infoecos.com.ar\/?s={search_term_string}"},"query-input":{"@type":"PropertyValueSpecification","valueRequired":true,"valueName":"search_term_string"}}],"inLanguage":"es"},{"@type":"Organization","@id":"https:\/\/infoecos.com.ar\/#organization","name":"Infoecos","alternateName":"Noticias","url":"https:\/\/infoecos.com.ar\/","logo":{"@type":"ImageObject","inLanguage":"es","@id":"https:\/\/infoecos.com.ar\/#\/schema\/logo\/image\/","url":"https:\/\/infoecos.com.ar\/wp-content\/uploads\/2024\/03\/cropped-logo.png","contentUrl":"https:\/\/infoecos.com.ar\/wp-content\/uploads\/2024\/03\/cropped-logo.png","width":374,"height":90,"caption":"Infoecos"},"image":{"@id":"https:\/\/infoecos.com.ar\/#\/schema\/logo\/image\/"},"sameAs":["https:\/\/www.facebook.com\/profile.php?id=100063200290284","https:\/\/x.com\/infoecos"]},{"@type":"Person","@id":"https:\/\/infoecos.com.ar\/#\/schema\/person\/8f5ace5ce73b4b4aac4b7245aee6f191","name":"Jorge Matheus","url":"https:\/\/infoecos.com.ar\/index.php\/author\/jomatheus\/"}]}},"featured_image_urls":{"full":["https:\/\/infoecos.com.ar\/wp-content\/uploads\/2023\/01\/elfaro.jpg",720,408,false],"thumbnail":["https:\/\/infoecos.com.ar\/wp-content\/uploads\/2023\/01\/elfaro-300x150.jpg",300,150,true],"medium":["https:\/\/infoecos.com.ar\/wp-content\/uploads\/2023\/01\/elfaro.jpg",720,408,false],"medium_large":["https:\/\/infoecos.com.ar\/wp-content\/uploads\/2023\/01\/elfaro.jpg",640,363,false],"large":["https:\/\/infoecos.com.ar\/wp-content\/uploads\/2023\/01\/elfaro.jpg",640,363,false],"1536x1536":["https:\/\/infoecos.com.ar\/wp-content\/uploads\/2023\/01\/elfaro.jpg",720,408,false],"2048x2048":["https:\/\/infoecos.com.ar\/wp-content\/uploads\/2023\/01\/elfaro.jpg",720,408,false],"covernews-slider-full":["https:\/\/infoecos.com.ar\/wp-content\/uploads\/2023\/01\/elfaro.jpg",720,408,false],"covernews-slider-center":["https:\/\/infoecos.com.ar\/wp-content\/uploads\/2023\/01\/elfaro.jpg",720,408,false],"covernews-featured":["https:\/\/infoecos.com.ar\/wp-content\/uploads\/2023\/01\/elfaro.jpg",720,408,false],"covernews-medium":["https:\/\/infoecos.com.ar\/wp-content\/uploads\/2023\/01\/elfaro-720x380.jpg",540,285,true],"covernews-medium-square":["https:\/\/infoecos.com.ar\/wp-content\/uploads\/2023\/01\/elfaro-675x408.jpg",400,242,true]},"author_info":{"info":["Jorge Matheus"]},"category_info":"<a href=\"https:\/\/infoecos.com.ar\/index.php\/category\/inferior3\/\" rel=\"category tag\">Bloque inferior - 3<\/a>","tag_info":"Bloque inferior - 3","comment_count":"0","_links":{"self":[{"href":"https:\/\/infoecos.com.ar\/index.php\/wp-json\/wp\/v2\/posts\/99662"}],"collection":[{"href":"https:\/\/infoecos.com.ar\/index.php\/wp-json\/wp\/v2\/posts"}],"about":[{"href":"https:\/\/infoecos.com.ar\/index.php\/wp-json\/wp\/v2\/types\/post"}],"author":[{"embeddable":true,"href":"https:\/\/infoecos.com.ar\/index.php\/wp-json\/wp\/v2\/users\/2"}],"replies":[{"embeddable":true,"href":"https:\/\/infoecos.com.ar\/index.php\/wp-json\/wp\/v2\/comments?post=99662"}],"version-history":[{"count":1,"href":"https:\/\/infoecos.com.ar\/index.php\/wp-json\/wp\/v2\/posts\/99662\/revisions"}],"predecessor-version":[{"id":99663,"href":"https:\/\/infoecos.com.ar\/index.php\/wp-json\/wp\/v2\/posts\/99662\/revisions\/99663"}],"wp:featuredmedia":[{"embeddable":true,"href":"https:\/\/infoecos.com.ar\/index.php\/wp-json\/wp\/v2\/media\/99559"}],"wp:attachment":[{"href":"https:\/\/infoecos.com.ar\/index.php\/wp-json\/wp\/v2\/media?parent=99662"}],"wp:term":[{"taxonomy":"category","embeddable":true,"href":"https:\/\/infoecos.com.ar\/index.php\/wp-json\/wp\/v2\/categories?post=99662"},{"taxonomy":"post_tag","embeddable":true,"href":"https:\/\/infoecos.com.ar\/index.php\/wp-json\/wp\/v2\/tags?post=99662"}],"curies":[{"name":"wp","href":"https:\/\/api.w.org\/{rel}","templated":true}]}}