{"id":99665,"date":"2023-01-06T10:51:25","date_gmt":"2023-01-06T13:51:25","guid":{"rendered":"https:\/\/infoecos.com.ar\/?p=99665"},"modified":"2023-01-06T10:51:26","modified_gmt":"2023-01-06T13:51:26","slug":"el-atleta-de-caruhe-cristian-cabrera-gano-la-65-maraton-de-reyes-en-bahia-blanca","status":"publish","type":"post","link":"https:\/\/infoecos.com.ar\/index.php\/el-atleta-de-caruhe-cristian-cabrera-gano-la-65-maraton-de-reyes-en-bahia-blanca\/","title":{"rendered":"El atleta de Caruh\u00e9, Cristian Cabrera, gan\u00f3 la 65\u00b0 Marat\u00f3n de Reyes en Bah\u00eda Blanca"},"content":{"rendered":"\n<p>El carhuense\u00a0Cristian Cabrera y la puntaltense Mar\u00eda de los \u00c1ngeles Pereyra se impusieron en la 65\u00aa edici\u00f3n del Circuito de Reyes, la tradicional\u00a0competencia de calle organizada por la Asociaci\u00f3n Alumni de Bah\u00eda Blanca.<\/p>\n\n\n\n<figure class=\"wp-block-image aligncenter size-full is-resized\"><img loading=\"lazy\" decoding=\"async\" src=\"https:\/\/infoecos.com.ar\/wp-content\/uploads\/2023\/01\/image-12.png\" alt=\"\" class=\"wp-image-99666\" width=\"466\" height=\"263\" srcset=\"https:\/\/infoecos.com.ar\/wp-content\/uploads\/2023\/01\/image-12.png 1121w, https:\/\/infoecos.com.ar\/wp-content\/uploads\/2023\/01\/image-12-800x452.png 800w, https:\/\/infoecos.com.ar\/wp-content\/uploads\/2023\/01\/image-12-768x434.png 768w, https:\/\/infoecos.com.ar\/wp-content\/uploads\/2023\/01\/image-12-1024x578.png 1024w\" sizes=\"(max-width: 466px) 100vw, 466px\" \/><figcaption class=\"wp-element-caption\">Cristian Cabrera<\/figcaption><\/figure>\n\n\n\n<p>Con un tiempo de\u00a026m 13s, Cabrera complet\u00f3 los 8,5 kil\u00f3metros de recorrido se alz\u00f3 por primera vez con la hist\u00f3rica competencia.<\/p>\n\n\n\n<p>Detr\u00e1s, con un registro de 26m 34, arrib\u00f3 el tresarroyense Ulises Sanguinetti, vencedor de dicha prueba en varias ocasiones, mientras que en el tercer puesto lo hizo el representante bahiense Lucas Machado, con 26m 59s.<\/p>\n\n\n\n<p>El carhuense\u00a0Cristian Cabrera y la puntaltense Mar\u00eda de los \u00c1ngeles Pereyra dieron la nota esta noche en la 65\u00aa edici\u00f3n del Circuito de Reyes, la tradicional\u00a0competencia de calle organizada por la Asociaci\u00f3n Alumni, y celebrada con punto de inicio y partida en el Teatro Municipal.<\/p>\n\n\n\n<figure class=\"wp-block-image aligncenter size-full is-resized\"><img loading=\"lazy\" decoding=\"async\" src=\"https:\/\/infoecos.com.ar\/wp-content\/uploads\/2023\/01\/image-13.png\" alt=\"\" class=\"wp-image-99667\" width=\"461\" height=\"260\" srcset=\"https:\/\/infoecos.com.ar\/wp-content\/uploads\/2023\/01\/image-13.png 807w, https:\/\/infoecos.com.ar\/wp-content\/uploads\/2023\/01\/image-13-800x450.png 800w, https:\/\/infoecos.com.ar\/wp-content\/uploads\/2023\/01\/image-13-768x432.png 768w\" sizes=\"(max-width: 461px) 100vw, 461px\" \/><figcaption class=\"wp-element-caption\">Mar\u00eda de los \u00c1ngeles Pereyra<\/figcaption><\/figure>\n\n\n\n<p>Entre las damas, la ganadora la ganadora fue Mar\u00eda de los \u00c1ngeles Pereyra de Punta Alta, con un tiempo de 32m 32s para completar el recorrido total. Detr\u00e1s, entre las principales posiciones, arribaron la tresarroyense Constanza Luj\u00e1n Garrido, empleando 32m 50s, y la atleta de Bah\u00eda Blanca M\u00f3nica Millam\u00e1n, con un tiempo de 33m 21s.<\/p>\n\n\n\n<p>Fuente: lanueva.com<\/p>\n","protected":false},"excerpt":{"rendered":"<p>Entre las damas, la ganadora la ganadora fue Mar\u00eda de los \u00c1ngeles Pereyra de Punta Alta, con un tiempo de 32m 32s para completar el recorrido total<\/p>\n","protected":false},"author":2,"featured_media":99666,"comment_status":"closed","ping_status":"open","sticky":false,"template":"","format":"standard","meta":{"footnotes":""},"categories":[24],"tags":[7026],"class_list":["post-99665","post","type-post","status-publish","format-standard","has-post-thumbnail","hentry","category-c1nota3","tag-atletismo"],"yoast_head":"<!-- This site is optimized with the Yoast SEO plugin v23.4 - https:\/\/yoast.com\/wordpress\/plugins\/seo\/ -->\n<title>El atleta de Caruh\u00e9, Cristian Cabrera, gan\u00f3 la 65\u00b0 Marat\u00f3n de Reyes en Bah\u00eda Blanca - Infoecos<\/title>\n<meta name=\"robots\" content=\"index, follow, max-snippet:-1, max-image-preview:large, max-video-preview:-1\" \/>\n<link rel=\"canonical\" href=\"https:\/\/infoecos.com.ar\/index.php\/el-atleta-de-caruhe-cristian-cabrera-gano-la-65-maraton-de-reyes-en-bahia-blanca\/\" \/>\n<meta property=\"og:locale\" content=\"es_ES\" \/>\n<meta property=\"og:type\" content=\"article\" \/>\n<meta property=\"og:title\" content=\"El atleta de Caruh\u00e9, Cristian Cabrera, gan\u00f3 la 65\u00b0 Marat\u00f3n de Reyes en Bah\u00eda Blanca - Infoecos\" \/>\n<meta property=\"og:description\" content=\"Entre las damas, la ganadora la ganadora fue Mar\u00eda de los \u00c1ngeles Pereyra de Punta Alta, con un tiempo de 32m 32s para completar el recorrido total\" \/>\n<meta property=\"og:url\" content=\"https:\/\/infoecos.com.ar\/index.php\/el-atleta-de-caruhe-cristian-cabrera-gano-la-65-maraton-de-reyes-en-bahia-blanca\/\" \/>\n<meta property=\"og:site_name\" content=\"Infoecos\" \/>\n<meta property=\"article:publisher\" content=\"https:\/\/www.facebook.com\/profile.php?id=100063200290284\" \/>\n<meta property=\"article:published_time\" content=\"2023-01-06T13:51:25+00:00\" \/>\n<meta property=\"article:modified_time\" content=\"2023-01-06T13:51:26+00:00\" \/>\n<meta property=\"og:image\" content=\"https:\/\/infoecos.com.ar\/wp-content\/uploads\/2023\/01\/image-12.png\" \/>\n\t<meta property=\"og:image:width\" content=\"1121\" \/>\n\t<meta property=\"og:image:height\" content=\"633\" \/>\n\t<meta property=\"og:image:type\" content=\"image\/png\" \/>\n<meta name=\"author\" content=\"Jorge Matheus\" \/>\n<meta name=\"twitter:card\" content=\"summary_large_image\" \/>\n<meta name=\"twitter:creator\" content=\"@infoecos\" \/>\n<meta name=\"twitter:site\" content=\"@infoecos\" \/>\n<meta name=\"twitter:label1\" content=\"Escrito por\" \/>\n\t<meta name=\"twitter:data1\" content=\"Jorge Matheus\" \/>\n\t<meta name=\"twitter:label2\" content=\"Tiempo de lectura\" \/>\n\t<meta name=\"twitter:data2\" content=\"2 minutos\" \/>\n<script type=\"application\/ld+json\" class=\"yoast-schema-graph\">{\"@context\":\"https:\/\/schema.org\",\"@graph\":[{\"@type\":\"Article\",\"@id\":\"https:\/\/infoecos.com.ar\/index.php\/el-atleta-de-caruhe-cristian-cabrera-gano-la-65-maraton-de-reyes-en-bahia-blanca\/#article\",\"isPartOf\":{\"@id\":\"https:\/\/infoecos.com.ar\/index.php\/el-atleta-de-caruhe-cristian-cabrera-gano-la-65-maraton-de-reyes-en-bahia-blanca\/\"},\"author\":{\"name\":\"Jorge Matheus\",\"@id\":\"https:\/\/infoecos.com.ar\/#\/schema\/person\/8f5ace5ce73b4b4aac4b7245aee6f191\"},\"headline\":\"El atleta de Caruh\u00e9, Cristian Cabrera, gan\u00f3 la 65\u00b0 Marat\u00f3n de Reyes en Bah\u00eda Blanca\",\"datePublished\":\"2023-01-06T13:51:25+00:00\",\"dateModified\":\"2023-01-06T13:51:26+00:00\",\"mainEntityOfPage\":{\"@id\":\"https:\/\/infoecos.com.ar\/index.php\/el-atleta-de-caruhe-cristian-cabrera-gano-la-65-maraton-de-reyes-en-bahia-blanca\/\"},\"wordCount\":233,\"publisher\":{\"@id\":\"https:\/\/infoecos.com.ar\/#organization\"},\"image\":{\"@id\":\"https:\/\/infoecos.com.ar\/index.php\/el-atleta-de-caruhe-cristian-cabrera-gano-la-65-maraton-de-reyes-en-bahia-blanca\/#primaryimage\"},\"thumbnailUrl\":\"https:\/\/infoecos.com.ar\/wp-content\/uploads\/2023\/01\/image-12.png\",\"keywords\":[\"ATLETISMO\"],\"articleSection\":[\"C1 N3\"],\"inLanguage\":\"es\"},{\"@type\":\"WebPage\",\"@id\":\"https:\/\/infoecos.com.ar\/index.php\/el-atleta-de-caruhe-cristian-cabrera-gano-la-65-maraton-de-reyes-en-bahia-blanca\/\",\"url\":\"https:\/\/infoecos.com.ar\/index.php\/el-atleta-de-caruhe-cristian-cabrera-gano-la-65-maraton-de-reyes-en-bahia-blanca\/\",\"name\":\"El atleta de Caruh\u00e9, Cristian Cabrera, gan\u00f3 la 65\u00b0 Marat\u00f3n de Reyes en Bah\u00eda Blanca - Infoecos\",\"isPartOf\":{\"@id\":\"https:\/\/infoecos.com.ar\/#website\"},\"primaryImageOfPage\":{\"@id\":\"https:\/\/infoecos.com.ar\/index.php\/el-atleta-de-caruhe-cristian-cabrera-gano-la-65-maraton-de-reyes-en-bahia-blanca\/#primaryimage\"},\"image\":{\"@id\":\"https:\/\/infoecos.com.ar\/index.php\/el-atleta-de-caruhe-cristian-cabrera-gano-la-65-maraton-de-reyes-en-bahia-blanca\/#primaryimage\"},\"thumbnailUrl\":\"https:\/\/infoecos.com.ar\/wp-content\/uploads\/2023\/01\/image-12.png\",\"datePublished\":\"2023-01-06T13:51:25+00:00\",\"dateModified\":\"2023-01-06T13:51:26+00:00\",\"breadcrumb\":{\"@id\":\"https:\/\/infoecos.com.ar\/index.php\/el-atleta-de-caruhe-cristian-cabrera-gano-la-65-maraton-de-reyes-en-bahia-blanca\/#breadcrumb\"},\"inLanguage\":\"es\",\"potentialAction\":[{\"@type\":\"ReadAction\",\"target\":[\"https:\/\/infoecos.com.ar\/index.php\/el-atleta-de-caruhe-cristian-cabrera-gano-la-65-maraton-de-reyes-en-bahia-blanca\/\"]}]},{\"@type\":\"ImageObject\",\"inLanguage\":\"es\",\"@id\":\"https:\/\/infoecos.com.ar\/index.php\/el-atleta-de-caruhe-cristian-cabrera-gano-la-65-maraton-de-reyes-en-bahia-blanca\/#primaryimage\",\"url\":\"https:\/\/infoecos.com.ar\/wp-content\/uploads\/2023\/01\/image-12.png\",\"contentUrl\":\"https:\/\/infoecos.com.ar\/wp-content\/uploads\/2023\/01\/image-12.png\",\"width\":1121,\"height\":633},{\"@type\":\"BreadcrumbList\",\"@id\":\"https:\/\/infoecos.com.ar\/index.php\/el-atleta-de-caruhe-cristian-cabrera-gano-la-65-maraton-de-reyes-en-bahia-blanca\/#breadcrumb\",\"itemListElement\":[{\"@type\":\"ListItem\",\"position\":1,\"name\":\"Portada\",\"item\":\"https:\/\/infoecos.com.ar\/\"},{\"@type\":\"ListItem\",\"position\":2,\"name\":\"El atleta de Caruh\u00e9, Cristian Cabrera, gan\u00f3 la 65\u00b0 Marat\u00f3n de Reyes en Bah\u00eda Blanca\"}]},{\"@type\":\"WebSite\",\"@id\":\"https:\/\/infoecos.com.ar\/#website\",\"url\":\"https:\/\/infoecos.com.ar\/\",\"name\":\"Infoecos\",\"description\":\"Noticias de trenque lauquen y la zona\",\"publisher\":{\"@id\":\"https:\/\/infoecos.com.ar\/#organization\"},\"alternateName\":\"Noticias\",\"potentialAction\":[{\"@type\":\"SearchAction\",\"target\":{\"@type\":\"EntryPoint\",\"urlTemplate\":\"https:\/\/infoecos.com.ar\/?s={search_term_string}\"},\"query-input\":{\"@type\":\"PropertyValueSpecification\",\"valueRequired\":true,\"valueName\":\"search_term_string\"}}],\"inLanguage\":\"es\"},{\"@type\":\"Organization\",\"@id\":\"https:\/\/infoecos.com.ar\/#organization\",\"name\":\"Infoecos\",\"alternateName\":\"Noticias\",\"url\":\"https:\/\/infoecos.com.ar\/\",\"logo\":{\"@type\":\"ImageObject\",\"inLanguage\":\"es\",\"@id\":\"https:\/\/infoecos.com.ar\/#\/schema\/logo\/image\/\",\"url\":\"https:\/\/infoecos.com.ar\/wp-content\/uploads\/2024\/03\/cropped-logo.png\",\"contentUrl\":\"https:\/\/infoecos.com.ar\/wp-content\/uploads\/2024\/03\/cropped-logo.png\",\"width\":374,\"height\":90,\"caption\":\"Infoecos\"},\"image\":{\"@id\":\"https:\/\/infoecos.com.ar\/#\/schema\/logo\/image\/\"},\"sameAs\":[\"https:\/\/www.facebook.com\/profile.php?id=100063200290284\",\"https:\/\/x.com\/infoecos\"]},{\"@type\":\"Person\",\"@id\":\"https:\/\/infoecos.com.ar\/#\/schema\/person\/8f5ace5ce73b4b4aac4b7245aee6f191\",\"name\":\"Jorge Matheus\",\"url\":\"https:\/\/infoecos.com.ar\/index.php\/author\/jomatheus\/\"}]}<\/script>\n<!-- \/ Yoast SEO plugin. -->","yoast_head_json":{"title":"El atleta de Caruh\u00e9, Cristian Cabrera, gan\u00f3 la 65\u00b0 Marat\u00f3n de Reyes en Bah\u00eda Blanca - Infoecos","robots":{"index":"index","follow":"follow","max-snippet":"max-snippet:-1","max-image-preview":"max-image-preview:large","max-video-preview":"max-video-preview:-1"},"canonical":"https:\/\/infoecos.com.ar\/index.php\/el-atleta-de-caruhe-cristian-cabrera-gano-la-65-maraton-de-reyes-en-bahia-blanca\/","og_locale":"es_ES","og_type":"article","og_title":"El atleta de Caruh\u00e9, Cristian Cabrera, gan\u00f3 la 65\u00b0 Marat\u00f3n de Reyes en Bah\u00eda Blanca - Infoecos","og_description":"Entre las damas, la ganadora la ganadora fue Mar\u00eda de los \u00c1ngeles Pereyra de Punta Alta, con un tiempo de 32m 32s para completar el recorrido total","og_url":"https:\/\/infoecos.com.ar\/index.php\/el-atleta-de-caruhe-cristian-cabrera-gano-la-65-maraton-de-reyes-en-bahia-blanca\/","og_site_name":"Infoecos","article_publisher":"https:\/\/www.facebook.com\/profile.php?id=100063200290284","article_published_time":"2023-01-06T13:51:25+00:00","article_modified_time":"2023-01-06T13:51:26+00:00","og_image":[{"width":1121,"height":633,"url":"https:\/\/infoecos.com.ar\/wp-content\/uploads\/2023\/01\/image-12.png","type":"image\/png"}],"author":"Jorge Matheus","twitter_card":"summary_large_image","twitter_creator":"@infoecos","twitter_site":"@infoecos","twitter_misc":{"Escrito por":"Jorge Matheus","Tiempo de lectura":"2 minutos"},"schema":{"@context":"https:\/\/schema.org","@graph":[{"@type":"Article","@id":"https:\/\/infoecos.com.ar\/index.php\/el-atleta-de-caruhe-cristian-cabrera-gano-la-65-maraton-de-reyes-en-bahia-blanca\/#article","isPartOf":{"@id":"https:\/\/infoecos.com.ar\/index.php\/el-atleta-de-caruhe-cristian-cabrera-gano-la-65-maraton-de-reyes-en-bahia-blanca\/"},"author":{"name":"Jorge Matheus","@id":"https:\/\/infoecos.com.ar\/#\/schema\/person\/8f5ace5ce73b4b4aac4b7245aee6f191"},"headline":"El atleta de Caruh\u00e9, Cristian Cabrera, gan\u00f3 la 65\u00b0 Marat\u00f3n de Reyes en Bah\u00eda Blanca","datePublished":"2023-01-06T13:51:25+00:00","dateModified":"2023-01-06T13:51:26+00:00","mainEntityOfPage":{"@id":"https:\/\/infoecos.com.ar\/index.php\/el-atleta-de-caruhe-cristian-cabrera-gano-la-65-maraton-de-reyes-en-bahia-blanca\/"},"wordCount":233,"publisher":{"@id":"https:\/\/infoecos.com.ar\/#organization"},"image":{"@id":"https:\/\/infoecos.com.ar\/index.php\/el-atleta-de-caruhe-cristian-cabrera-gano-la-65-maraton-de-reyes-en-bahia-blanca\/#primaryimage"},"thumbnailUrl":"https:\/\/infoecos.com.ar\/wp-content\/uploads\/2023\/01\/image-12.png","keywords":["ATLETISMO"],"articleSection":["C1 N3"],"inLanguage":"es"},{"@type":"WebPage","@id":"https:\/\/infoecos.com.ar\/index.php\/el-atleta-de-caruhe-cristian-cabrera-gano-la-65-maraton-de-reyes-en-bahia-blanca\/","url":"https:\/\/infoecos.com.ar\/index.php\/el-atleta-de-caruhe-cristian-cabrera-gano-la-65-maraton-de-reyes-en-bahia-blanca\/","name":"El atleta de Caruh\u00e9, Cristian Cabrera, gan\u00f3 la 65\u00b0 Marat\u00f3n de Reyes en Bah\u00eda Blanca - Infoecos","isPartOf":{"@id":"https:\/\/infoecos.com.ar\/#website"},"primaryImageOfPage":{"@id":"https:\/\/infoecos.com.ar\/index.php\/el-atleta-de-caruhe-cristian-cabrera-gano-la-65-maraton-de-reyes-en-bahia-blanca\/#primaryimage"},"image":{"@id":"https:\/\/infoecos.com.ar\/index.php\/el-atleta-de-caruhe-cristian-cabrera-gano-la-65-maraton-de-reyes-en-bahia-blanca\/#primaryimage"},"thumbnailUrl":"https:\/\/infoecos.com.ar\/wp-content\/uploads\/2023\/01\/image-12.png","datePublished":"2023-01-06T13:51:25+00:00","dateModified":"2023-01-06T13:51:26+00:00","breadcrumb":{"@id":"https:\/\/infoecos.com.ar\/index.php\/el-atleta-de-caruhe-cristian-cabrera-gano-la-65-maraton-de-reyes-en-bahia-blanca\/#breadcrumb"},"inLanguage":"es","potentialAction":[{"@type":"ReadAction","target":["https:\/\/infoecos.com.ar\/index.php\/el-atleta-de-caruhe-cristian-cabrera-gano-la-65-maraton-de-reyes-en-bahia-blanca\/"]}]},{"@type":"ImageObject","inLanguage":"es","@id":"https:\/\/infoecos.com.ar\/index.php\/el-atleta-de-caruhe-cristian-cabrera-gano-la-65-maraton-de-reyes-en-bahia-blanca\/#primaryimage","url":"https:\/\/infoecos.com.ar\/wp-content\/uploads\/2023\/01\/image-12.png","contentUrl":"https:\/\/infoecos.com.ar\/wp-content\/uploads\/2023\/01\/image-12.png","width":1121,"height":633},{"@type":"BreadcrumbList","@id":"https:\/\/infoecos.com.ar\/index.php\/el-atleta-de-caruhe-cristian-cabrera-gano-la-65-maraton-de-reyes-en-bahia-blanca\/#breadcrumb","itemListElement":[{"@type":"ListItem","position":1,"name":"Portada","item":"https:\/\/infoecos.com.ar\/"},{"@type":"ListItem","position":2,"name":"El atleta de Caruh\u00e9, Cristian Cabrera, gan\u00f3 la 65\u00b0 Marat\u00f3n de Reyes en Bah\u00eda Blanca"}]},{"@type":"WebSite","@id":"https:\/\/infoecos.com.ar\/#website","url":"https:\/\/infoecos.com.ar\/","name":"Infoecos","description":"Noticias de trenque lauquen y la zona","publisher":{"@id":"https:\/\/infoecos.com.ar\/#organization"},"alternateName":"Noticias","potentialAction":[{"@type":"SearchAction","target":{"@type":"EntryPoint","urlTemplate":"https:\/\/infoecos.com.ar\/?s={search_term_string}"},"query-input":{"@type":"PropertyValueSpecification","valueRequired":true,"valueName":"search_term_string"}}],"inLanguage":"es"},{"@type":"Organization","@id":"https:\/\/infoecos.com.ar\/#organization","name":"Infoecos","alternateName":"Noticias","url":"https:\/\/infoecos.com.ar\/","logo":{"@type":"ImageObject","inLanguage":"es","@id":"https:\/\/infoecos.com.ar\/#\/schema\/logo\/image\/","url":"https:\/\/infoecos.com.ar\/wp-content\/uploads\/2024\/03\/cropped-logo.png","contentUrl":"https:\/\/infoecos.com.ar\/wp-content\/uploads\/2024\/03\/cropped-logo.png","width":374,"height":90,"caption":"Infoecos"},"image":{"@id":"https:\/\/infoecos.com.ar\/#\/schema\/logo\/image\/"},"sameAs":["https:\/\/www.facebook.com\/profile.php?id=100063200290284","https:\/\/x.com\/infoecos"]},{"@type":"Person","@id":"https:\/\/infoecos.com.ar\/#\/schema\/person\/8f5ace5ce73b4b4aac4b7245aee6f191","name":"Jorge Matheus","url":"https:\/\/infoecos.com.ar\/index.php\/author\/jomatheus\/"}]}},"featured_image_urls":{"full":["https:\/\/infoecos.com.ar\/wp-content\/uploads\/2023\/01\/image-12.png",1121,633,false],"thumbnail":["https:\/\/infoecos.com.ar\/wp-content\/uploads\/2023\/01\/image-12-300x150.png",300,150,true],"medium":["https:\/\/infoecos.com.ar\/wp-content\/uploads\/2023\/01\/image-12-800x452.png",800,452,true],"medium_large":["https:\/\/infoecos.com.ar\/wp-content\/uploads\/2023\/01\/image-12-768x434.png",640,362,true],"large":["https:\/\/infoecos.com.ar\/wp-content\/uploads\/2023\/01\/image-12.png",640,361,false],"1536x1536":["https:\/\/infoecos.com.ar\/wp-content\/uploads\/2023\/01\/image-12.png",1121,633,false],"2048x2048":["https:\/\/infoecos.com.ar\/wp-content\/uploads\/2023\/01\/image-12.png",1121,633,false],"covernews-slider-full":["https:\/\/infoecos.com.ar\/wp-content\/uploads\/2023\/01\/image-12.png",1115,630,false],"covernews-slider-center":["https:\/\/infoecos.com.ar\/wp-content\/uploads\/2023\/01\/image-12-936x633.png",739,500,true],"covernews-featured":["https:\/\/infoecos.com.ar\/wp-content\/uploads\/2023\/01\/image-12-1024x578.png",1024,578,true],"covernews-medium":["https:\/\/infoecos.com.ar\/wp-content\/uploads\/2023\/01\/image-12-720x380.png",540,285,true],"covernews-medium-square":["https:\/\/infoecos.com.ar\/wp-content\/uploads\/2023\/01\/image-12-675x450.png",375,250,true]},"author_info":{"info":["Jorge Matheus"]},"category_info":"<a href=\"https:\/\/infoecos.com.ar\/index.php\/category\/c1nota3\/\" rel=\"category tag\">C1 N3<\/a>","tag_info":"C1 N3","comment_count":"0","_links":{"self":[{"href":"https:\/\/infoecos.com.ar\/index.php\/wp-json\/wp\/v2\/posts\/99665"}],"collection":[{"href":"https:\/\/infoecos.com.ar\/index.php\/wp-json\/wp\/v2\/posts"}],"about":[{"href":"https:\/\/infoecos.com.ar\/index.php\/wp-json\/wp\/v2\/types\/post"}],"author":[{"embeddable":true,"href":"https:\/\/infoecos.com.ar\/index.php\/wp-json\/wp\/v2\/users\/2"}],"replies":[{"embeddable":true,"href":"https:\/\/infoecos.com.ar\/index.php\/wp-json\/wp\/v2\/comments?post=99665"}],"version-history":[{"count":1,"href":"https:\/\/infoecos.com.ar\/index.php\/wp-json\/wp\/v2\/posts\/99665\/revisions"}],"predecessor-version":[{"id":99668,"href":"https:\/\/infoecos.com.ar\/index.php\/wp-json\/wp\/v2\/posts\/99665\/revisions\/99668"}],"wp:featuredmedia":[{"embeddable":true,"href":"https:\/\/infoecos.com.ar\/index.php\/wp-json\/wp\/v2\/media\/99666"}],"wp:attachment":[{"href":"https:\/\/infoecos.com.ar\/index.php\/wp-json\/wp\/v2\/media?parent=99665"}],"wp:term":[{"taxonomy":"category","embeddable":true,"href":"https:\/\/infoecos.com.ar\/index.php\/wp-json\/wp\/v2\/categories?post=99665"},{"taxonomy":"post_tag","embeddable":true,"href":"https:\/\/infoecos.com.ar\/index.php\/wp-json\/wp\/v2\/tags?post=99665"}],"curies":[{"name":"wp","href":"https:\/\/api.w.org\/{rel}","templated":true}]}}